{"id":68612,"date":"2022-02-23T17:15:12","date_gmt":"2022-02-23T17:15:12","guid":{"rendered":"http:\/\/www.noticiasradioreflejos.com.ar\/2021\/?p=68612"},"modified":"2022-02-23T17:15:12","modified_gmt":"2022-02-23T17:15:12","slug":"abuelos-de-dos-hogares-de-tornquist-tuvieron-un-dia-de-equinoterapia","status":"publish","type":"post","link":"https:\/\/www.noticiasradioreflejos.com.ar\/2021\/abuelos-de-dos-hogares-de-tornquist-tuvieron-un-dia-de-equinoterapia\/","title":{"rendered":"Abuelos de dos hogares de Tornquist tuvieron un d\u00eda de equinoterapia"},"content":{"rendered":"<p>El pasado martes 15, unos 25 abuelos de los hogares Adella Frizza y \u2018Un buen lugar\u2019 de Tornquist fueron llevados al Centro Ecuestre \u2018La Ib\u00e9rica\u2019, donde recibieron est\u00edmulos de Equinoterapia.<!--more--><\/p>\n<p><a title=\"Equinoterapia La Iberica (7)\" href=\"https:\/\/www.flickr.com\/photos\/182279889@N02\/51899689998\/in\/dateposted-public\/\" data-flickr-embed=\"true\"><img loading=\"lazy\" decoding=\"async\" src=\"https:\/\/live.staticflickr.com\/65535\/51899689998_cc102c3af9_z.jpg\" alt=\"Equinoterapia La Iberica (7)\" width=\"640\" height=\"480\" \/><\/a><script async src=\"\/\/embedr.flickr.com\/assets\/client-code.js\" charset=\"utf-8\"><\/script><\/p>\n<p>&nbsp;<\/p>\n<p>La actividad se da gracias al convenio que el intendente Sergio Bordoni renov\u00f3 con el mencionado centro, de Fernando Mir\u00e1s, mediante el cual adultos mayores de distintos hogares, concurrentes al Centro de D\u00eda y ni\u00f1as, ni\u00f1os y j\u00f3venes del distrito con vulnerabilidad econ\u00f3mica y\/o social, como as\u00ed tambi\u00e9n con discapacidad, reciban gratuitamente tratamientos de Equinoterapia.<\/p>\n<p>El servicio se suma a la atenci\u00f3n que brinda el equipo interdisciplinario de la Subdirecci\u00f3n de Discapacidad y Tercera Edad, a cargo de Liliana Lugones y conformado por una psic\u00f3loga, una fonoaudi\u00f3loga, una psicopedagoga y una kinesi\u00f3loga.<\/p>\n<p><a data-flickr-embed=\"true\" href=\"https:\/\/www.flickr.com\/photos\/182279889@N02\/51898646267\/in\/dateposted-public\/\" title=\"Equinoterapia La Iberica (10)\"><img loading=\"lazy\" decoding=\"async\" src=\"https:\/\/live.staticflickr.com\/65535\/51898646267_47284aeda5_z.jpg\" width=\"640\" height=\"480\" alt=\"Equinoterapia La Iberica (10)\"><\/a><script async src=\"\/\/embedr.flickr.com\/assets\/client-code.js\" charset=\"utf-8\"><\/script><\/p>\n<p>Uno de los principales objetivos trazados por la mencionada \u00e1rea municipal, perteneciente a la Secretar\u00eda de Desarrollo, se enfoca en la salud mental de personas de la tercera edad residentes en hogares, impulsando diferentes actividades l\u00fadicas, culturales y de turismo local, en busca de recuperar la sociabilizaci\u00f3n perdida durante la pandemia.<\/p>\n<p>&nbsp;<\/p>\n","protected":false},"excerpt":{"rendered":"<p>El pasado martes 15, unos 25 abuelos de los hogares Adella Frizza y \u2018Un buen lugar\u2019 de Tornquist fueron llevados al Centro Ecuestre \u2018La Ib\u00e9rica\u2019, donde recibieron est\u00edmulos de Equinoterapia.<\/p>\n","protected":false},"author":3,"featured_media":0,"comment_status":"closed","ping_status":"closed","sticky":false,"template":"","format":"standard","meta":{"footnotes":""},"categories":[1],"tags":[],"class_list":["post-68612","post","type-post","status-publish","format-standard","hentry","category-sin-categoria"],"yoast_head":"<!-- This site is optimized with the Yoast SEO plugin v25.9 - https:\/\/yoast.com\/wordpress\/plugins\/seo\/ -->\n<title>Abuelos de dos hogares de Tornquist tuvieron un d\u00eda de equinoterapia - Noticias Radio Reflejos<\/title>\n<meta name=\"robots\" content=\"index, follow, max-snippet:-1, max-image-preview:large, max-video-preview:-1\" \/>\n<link rel=\"canonical\" href=\"https:\/\/www.noticiasradioreflejos.com.ar\/2021\/abuelos-de-dos-hogares-de-tornquist-tuvieron-un-dia-de-equinoterapia\/\" \/>\n<meta property=\"og:locale\" content=\"es_ES\" \/>\n<meta property=\"og:type\" content=\"article\" \/>\n<meta property=\"og:title\" content=\"Abuelos de dos hogares de Tornquist tuvieron un d\u00eda de equinoterapia - Noticias Radio Reflejos\" \/>\n<meta property=\"og:description\" content=\"El pasado martes 15, unos 25 abuelos de los hogares Adella Frizza y \u2018Un buen lugar\u2019 de Tornquist fueron llevados al Centro Ecuestre \u2018La Ib\u00e9rica\u2019, donde recibieron est\u00edmulos de Equinoterapia.\" \/>\n<meta property=\"og:url\" content=\"https:\/\/www.noticiasradioreflejos.com.ar\/2021\/abuelos-de-dos-hogares-de-tornquist-tuvieron-un-dia-de-equinoterapia\/\" \/>\n<meta property=\"og:site_name\" content=\"Noticias Radio Reflejos\" \/>\n<meta property=\"article:published_time\" content=\"2022-02-23T17:15:12+00:00\" \/>\n<meta property=\"og:image\" content=\"https:\/\/live.staticflickr.com\/65535\/51899689998_cc102c3af9_z.jpg\" \/>\n<meta name=\"author\" content=\"Arnaldo Botto\" \/>\n<meta name=\"twitter:card\" content=\"summary_large_image\" \/>\n<script type=\"application\/ld+json\" class=\"yoast-schema-graph\">{\"@context\":\"https:\/\/schema.org\",\"@graph\":[{\"@type\":\"WebPage\",\"@id\":\"https:\/\/www.noticiasradioreflejos.com.ar\/2021\/abuelos-de-dos-hogares-de-tornquist-tuvieron-un-dia-de-equinoterapia\/\",\"url\":\"https:\/\/www.noticiasradioreflejos.com.ar\/2021\/abuelos-de-dos-hogares-de-tornquist-tuvieron-un-dia-de-equinoterapia\/\",\"name\":\"Abuelos de dos hogares de Tornquist tuvieron un d\u00eda de equinoterapia - Noticias Radio Reflejos\",\"isPartOf\":{\"@id\":\"https:\/\/www.noticiasradioreflejos.com.ar\/2021\/#website\"},\"primaryImageOfPage\":{\"@id\":\"https:\/\/www.noticiasradioreflejos.com.ar\/2021\/abuelos-de-dos-hogares-de-tornquist-tuvieron-un-dia-de-equinoterapia\/#primaryimage\"},\"image\":{\"@id\":\"https:\/\/www.noticiasradioreflejos.com.ar\/2021\/abuelos-de-dos-hogares-de-tornquist-tuvieron-un-dia-de-equinoterapia\/#primaryimage\"},\"thumbnailUrl\":\"https:\/\/live.staticflickr.com\/65535\/51899689998_cc102c3af9_z.jpg\",\"datePublished\":\"2022-02-23T17:15:12+00:00\",\"author\":{\"@id\":\"https:\/\/www.noticiasradioreflejos.com.ar\/2021\/#\/schema\/person\/ad82545263dcc5ec0996818884fd5fb1\"},\"breadcrumb\":{\"@id\":\"https:\/\/www.noticiasradioreflejos.com.ar\/2021\/abuelos-de-dos-hogares-de-tornquist-tuvieron-un-dia-de-equinoterapia\/#breadcrumb\"},\"inLanguage\":\"es\",\"potentialAction\":[{\"@type\":\"ReadAction\",\"target\":[\"https:\/\/www.noticiasradioreflejos.com.ar\/2021\/abuelos-de-dos-hogares-de-tornquist-tuvieron-un-dia-de-equinoterapia\/\"]}]},{\"@type\":\"ImageObject\",\"inLanguage\":\"es\",\"@id\":\"https:\/\/www.noticiasradioreflejos.com.ar\/2021\/abuelos-de-dos-hogares-de-tornquist-tuvieron-un-dia-de-equinoterapia\/#primaryimage\",\"url\":\"https:\/\/live.staticflickr.com\/65535\/51899689998_cc102c3af9_z.jpg\",\"contentUrl\":\"https:\/\/live.staticflickr.com\/65535\/51899689998_cc102c3af9_z.jpg\"},{\"@type\":\"BreadcrumbList\",\"@id\":\"https:\/\/www.noticiasradioreflejos.com.ar\/2021\/abuelos-de-dos-hogares-de-tornquist-tuvieron-un-dia-de-equinoterapia\/#breadcrumb\",\"itemListElement\":[{\"@type\":\"ListItem\",\"position\":1,\"name\":\"Portada\",\"item\":\"https:\/\/www.noticiasradioreflejos.com.ar\/2021\/\"},{\"@type\":\"ListItem\",\"position\":2,\"name\":\"Abuelos de dos hogares de Tornquist tuvieron un d\u00eda de equinoterapia\"}]},{\"@type\":\"WebSite\",\"@id\":\"https:\/\/www.noticiasradioreflejos.com.ar\/2021\/#website\",\"url\":\"https:\/\/www.noticiasradioreflejos.com.ar\/2021\/\",\"name\":\"Noticias Radio Reflejos\",\"description\":\"Las noticias de mi comarca\",\"potentialAction\":[{\"@type\":\"SearchAction\",\"target\":{\"@type\":\"EntryPoint\",\"urlTemplate\":\"https:\/\/www.noticiasradioreflejos.com.ar\/2021\/?s={search_term_string}\"},\"query-input\":{\"@type\":\"PropertyValueSpecification\",\"valueRequired\":true,\"valueName\":\"search_term_string\"}}],\"inLanguage\":\"es\"},{\"@type\":\"Person\",\"@id\":\"https:\/\/www.noticiasradioreflejos.com.ar\/2021\/#\/schema\/person\/ad82545263dcc5ec0996818884fd5fb1\",\"name\":\"Arnaldo Botto\",\"image\":{\"@type\":\"ImageObject\",\"inLanguage\":\"es\",\"@id\":\"https:\/\/www.noticiasradioreflejos.com.ar\/2021\/#\/schema\/person\/image\/\",\"url\":\"https:\/\/secure.gravatar.com\/avatar\/55cb5e37c1efa326397366e6974cb338056df65cb50e7d64d1cf314e87504837?s=96&d=mm&r=g\",\"contentUrl\":\"https:\/\/secure.gravatar.com\/avatar\/55cb5e37c1efa326397366e6974cb338056df65cb50e7d64d1cf314e87504837?s=96&d=mm&r=g\",\"caption\":\"Arnaldo Botto\"},\"url\":\"https:\/\/www.noticiasradioreflejos.com.ar\/2021\/author\/arnaldo\/\"}]}<\/script>\n<!-- \/ Yoast SEO plugin. -->","yoast_head_json":{"title":"Abuelos de dos hogares de Tornquist tuvieron un d\u00eda de equinoterapia - Noticias Radio Reflejos","robots":{"index":"index","follow":"follow","max-snippet":"max-snippet:-1","max-image-preview":"max-image-preview:large","max-video-preview":"max-video-preview:-1"},"canonical":"https:\/\/www.noticiasradioreflejos.com.ar\/2021\/abuelos-de-dos-hogares-de-tornquist-tuvieron-un-dia-de-equinoterapia\/","og_locale":"es_ES","og_type":"article","og_title":"Abuelos de dos hogares de Tornquist tuvieron un d\u00eda de equinoterapia - Noticias Radio Reflejos","og_description":"El pasado martes 15, unos 25 abuelos de los hogares Adella Frizza y \u2018Un buen lugar\u2019 de Tornquist fueron llevados al Centro Ecuestre \u2018La Ib\u00e9rica\u2019, donde recibieron est\u00edmulos de Equinoterapia.","og_url":"https:\/\/www.noticiasradioreflejos.com.ar\/2021\/abuelos-de-dos-hogares-de-tornquist-tuvieron-un-dia-de-equinoterapia\/","og_site_name":"Noticias Radio Reflejos","article_published_time":"2022-02-23T17:15:12+00:00","og_image":[{"url":"https:\/\/live.staticflickr.com\/65535\/51899689998_cc102c3af9_z.jpg","type":"","width":"","height":""}],"author":"Arnaldo Botto","twitter_card":"summary_large_image","schema":{"@context":"https:\/\/schema.org","@graph":[{"@type":"WebPage","@id":"https:\/\/www.noticiasradioreflejos.com.ar\/2021\/abuelos-de-dos-hogares-de-tornquist-tuvieron-un-dia-de-equinoterapia\/","url":"https:\/\/www.noticiasradioreflejos.com.ar\/2021\/abuelos-de-dos-hogares-de-tornquist-tuvieron-un-dia-de-equinoterapia\/","name":"Abuelos de dos hogares de Tornquist tuvieron un d\u00eda de equinoterapia - Noticias Radio Reflejos","isPartOf":{"@id":"https:\/\/www.noticiasradioreflejos.com.ar\/2021\/#website"},"primaryImageOfPage":{"@id":"https:\/\/www.noticiasradioreflejos.com.ar\/2021\/abuelos-de-dos-hogares-de-tornquist-tuvieron-un-dia-de-equinoterapia\/#primaryimage"},"image":{"@id":"https:\/\/www.noticiasradioreflejos.com.ar\/2021\/abuelos-de-dos-hogares-de-tornquist-tuvieron-un-dia-de-equinoterapia\/#primaryimage"},"thumbnailUrl":"https:\/\/live.staticflickr.com\/65535\/51899689998_cc102c3af9_z.jpg","datePublished":"2022-02-23T17:15:12+00:00","author":{"@id":"https:\/\/www.noticiasradioreflejos.com.ar\/2021\/#\/schema\/person\/ad82545263dcc5ec0996818884fd5fb1"},"breadcrumb":{"@id":"https:\/\/www.noticiasradioreflejos.com.ar\/2021\/abuelos-de-dos-hogares-de-tornquist-tuvieron-un-dia-de-equinoterapia\/#breadcrumb"},"inLanguage":"es","potentialAction":[{"@type":"ReadAction","target":["https:\/\/www.noticiasradioreflejos.com.ar\/2021\/abuelos-de-dos-hogares-de-tornquist-tuvieron-un-dia-de-equinoterapia\/"]}]},{"@type":"ImageObject","inLanguage":"es","@id":"https:\/\/www.noticiasradioreflejos.com.ar\/2021\/abuelos-de-dos-hogares-de-tornquist-tuvieron-un-dia-de-equinoterapia\/#primaryimage","url":"https:\/\/live.staticflickr.com\/65535\/51899689998_cc102c3af9_z.jpg","contentUrl":"https:\/\/live.staticflickr.com\/65535\/51899689998_cc102c3af9_z.jpg"},{"@type":"BreadcrumbList","@id":"https:\/\/www.noticiasradioreflejos.com.ar\/2021\/abuelos-de-dos-hogares-de-tornquist-tuvieron-un-dia-de-equinoterapia\/#breadcrumb","itemListElement":[{"@type":"ListItem","position":1,"name":"Portada","item":"https:\/\/www.noticiasradioreflejos.com.ar\/2021\/"},{"@type":"ListItem","position":2,"name":"Abuelos de dos hogares de Tornquist tuvieron un d\u00eda de equinoterapia"}]},{"@type":"WebSite","@id":"https:\/\/www.noticiasradioreflejos.com.ar\/2021\/#website","url":"https:\/\/www.noticiasradioreflejos.com.ar\/2021\/","name":"Noticias Radio Reflejos","description":"Las noticias de mi comarca","potentialAction":[{"@type":"SearchAction","target":{"@type":"EntryPoint","urlTemplate":"https:\/\/www.noticiasradioreflejos.com.ar\/2021\/?s={search_term_string}"},"query-input":{"@type":"PropertyValueSpecification","valueRequired":true,"valueName":"search_term_string"}}],"inLanguage":"es"},{"@type":"Person","@id":"https:\/\/www.noticiasradioreflejos.com.ar\/2021\/#\/schema\/person\/ad82545263dcc5ec0996818884fd5fb1","name":"Arnaldo Botto","image":{"@type":"ImageObject","inLanguage":"es","@id":"https:\/\/www.noticiasradioreflejos.com.ar\/2021\/#\/schema\/person\/image\/","url":"https:\/\/secure.gravatar.com\/avatar\/55cb5e37c1efa326397366e6974cb338056df65cb50e7d64d1cf314e87504837?s=96&d=mm&r=g","contentUrl":"https:\/\/secure.gravatar.com\/avatar\/55cb5e37c1efa326397366e6974cb338056df65cb50e7d64d1cf314e87504837?s=96&d=mm&r=g","caption":"Arnaldo Botto"},"url":"https:\/\/www.noticiasradioreflejos.com.ar\/2021\/author\/arnaldo\/"}]}},"_links":{"self":[{"href":"https:\/\/www.noticiasradioreflejos.com.ar\/2021\/wp-json\/wp\/v2\/posts\/68612","targetHints":{"allow":["GET"]}}],"collection":[{"href":"https:\/\/www.noticiasradioreflejos.com.ar\/2021\/wp-json\/wp\/v2\/posts"}],"about":[{"href":"https:\/\/www.noticiasradioreflejos.com.ar\/2021\/wp-json\/wp\/v2\/types\/post"}],"author":[{"embeddable":true,"href":"https:\/\/www.noticiasradioreflejos.com.ar\/2021\/wp-json\/wp\/v2\/users\/3"}],"replies":[{"embeddable":true,"href":"https:\/\/www.noticiasradioreflejos.com.ar\/2021\/wp-json\/wp\/v2\/comments?post=68612"}],"version-history":[{"count":1,"href":"https:\/\/www.noticiasradioreflejos.com.ar\/2021\/wp-json\/wp\/v2\/posts\/68612\/revisions"}],"predecessor-version":[{"id":68614,"href":"https:\/\/www.noticiasradioreflejos.com.ar\/2021\/wp-json\/wp\/v2\/posts\/68612\/revisions\/68614"}],"wp:attachment":[{"href":"https:\/\/www.noticiasradioreflejos.com.ar\/2021\/wp-json\/wp\/v2\/media?parent=68612"}],"wp:term":[{"taxonomy":"category","embeddable":true,"href":"https:\/\/www.noticiasradioreflejos.com.ar\/2021\/wp-json\/wp\/v2\/categories?post=68612"},{"taxonomy":"post_tag","embeddable":true,"href":"https:\/\/www.noticiasradioreflejos.com.ar\/2021\/wp-json\/wp\/v2\/tags?post=68612"}],"curies":[{"name":"wp","href":"https:\/\/api.w.org\/{rel}","templated":true}]}}