{"id":68483,"date":"2022-02-21T11:54:21","date_gmt":"2022-02-21T11:54:21","guid":{"rendered":"http:\/\/www.noticiasradioreflejos.com.ar\/2021\/?p=68483"},"modified":"2022-02-21T11:54:21","modified_gmt":"2022-02-21T11:54:21","slug":"en-2021-argentina-exporto-el-mayor-volumen-de-granos-en-su-historia","status":"publish","type":"post","link":"https:\/\/www.noticiasradioreflejos.com.ar\/2021\/en-2021-argentina-exporto-el-mayor-volumen-de-granos-en-su-historia\/","title":{"rendered":"En 2021 Argentina export\u00f3 el mayor volumen de granos en su historia"},"content":{"rendered":"<p>Tras un 2020 signado por el golpe de la pandemia sobre el consumo, el a\u00f1o pasado se registr\u00f3 una fuerte recuperaci\u00f3n de la actividad econ\u00f3mica y los embarques de granos desde puertos argentinos totalizaron 60,66 millones de toneladas, alcanzando un r\u00e9cord hist\u00f3rico.<!--more--><\/p>\n<p>Bolsa de Comercio de Rosario\u00a0(BCR) inform\u00f3 que durante 2021 los embarques de granos desde puertos argentinos totalizaron\u00a0<strong>60,66 millones de toneladas<\/strong>\u00a0(Mt), alcanzando un\u00a0<strong>r\u00e9cord hist\u00f3rico<\/strong>\u00a0al superar la marca del 2019, a\u00f1o en el que se despacharon 60,3 Mt.<\/p>\n<p>Este desempe\u00f1o se advierte luego de un 2020 signado por el golpe de la pandemia sobre el consumo y las variables claves de la econom\u00eda nacional y global, a lo que sigui\u00f3 el\u00a0<a href=\"https:\/\/www.telam.com.ar\/notas\/202202\/582647-exportaciones-2021-us-77934-millones.html\" target=\"_blank\" rel=\"noopener\">2021 con una fuerte recuperaci\u00f3n de la actividad econ\u00f3mica<\/a>\u00a0mundial y la normalizaci\u00f3n del flujo de comercio internacional.<\/p>\n<p>Ese incremento del intercambio \u00abdecant\u00f3 en un fuerte aumento en la demanda de alimentos que impact\u00f3 tanto en los precios como en los vol\u00famenes de granos comercializados\u00bb, destac\u00f3 un informe de la BCR.<\/p>\n<p>\u00abEn este contexto, y a pesar de las dificultades que impuso el nivel del R\u00edo Paran\u00e1 y el rev\u00e9s productivo que sufrieron algunos de los principales cultivos durante la \u00faltima campa\u00f1a, el pa\u00eds despach\u00f3, desde todas sus terminales portuarias, granos por 60,66 Mt en el 2021, un\u00a0<strong>7% m\u00e1s que todo lo embarcado en 2020<\/strong>\u00a0y alcanzando un r\u00e9cord hist\u00f3rico al superar la marca del 2019&#8243;, precis\u00f3 el trabajo.<\/p>\n<figure class=\"mb-3\"><img decoding=\"async\" src=\"https:\/\/www.telam.com.ar\/thumbs\/bluesteel\/advf\/imagenes\/2020\/09\/5f57721985b73_900.jpg\" alt=\"En 2021 los embarques de granos desde puertos argentinos totalizaron 6066 millones de toneladas\" width=\"100%\" height=\"100%\" \/><\/p>\n<div class=\"media-icons\"><\/div><figcaption>En 2021, los embarques de granos desde puertos argentinos totalizaron 60,66 millones de toneladas.<\/figcaption><\/figure>\n<p>Desagregando por tipo de grano,\u00a0<strong>los despachos de ma\u00edz totalizaron 38,4 Mt,<\/strong>\u00a0m\u00e1s de 2 Mt m\u00e1s que lo embarcado durante el 2020 (\u21916%) y alcanzando as\u00ed el mayor volumen de la historia.<\/p>\n<p><strong>Los env\u00edos al exterior en buque de trigo pan sumaron 11,6 Mt<\/strong>, increment\u00e1ndose un 13% respecto del volumen embarcado en el 2020 y s\u00f3lo por debajo del r\u00e9cord del a\u00f1o 2017.<\/p>\n<p><strong>La soja, en tanto, totaliz\u00f3 embarques por 5,2 Mt<\/strong>, registrando una ca\u00edda de 22% respecto del guarismo alcanzado en el a\u00f1o previo.<\/p>\n<p><strong>Los despachos de cebada sumaron 2,95 Mt<\/strong>, una mejora de 14% con relaci\u00f3n a la marca del 2020, mientras que los embarques de Sorgo totalizaron 2,1 Mt, un r\u00e9cord desde el a\u00f1o 2013.<\/p>\n<p>Por \u00faltimo,<strong>\u00a00,1 Mt de Girasol<\/strong>\u00a0se embarcaron desde las terminales portuarias del pa\u00eds, un 26% por debajo de lo registrado el a\u00f1o anterior.<\/p>\n<figure class=\"mb-3\"><img decoding=\"async\" src=\"https:\/\/www.telam.com.ar\/thumbs\/bluesteel\/advf\/imagenes\/2021\/08\/6124eee091cc2_900.jpg\" alt=\"Telam SE\" width=\"100%\" height=\"100%\" \/><\/p>\n<div class=\"media-icons\"><\/div><figcaption><\/figcaption><\/figure>\n<p>Observando lo embarcado por zona portuaria, se observa que las terminales del Gran Rosario son las que mayor participaci\u00f3n tuvieron en el total del 2021, sin embargo, es la m\u00e1s baja desde el a\u00f1o 2012 y la segunda menor desde el 2006.<\/p>\n<p>En el \u00faltimo tiempo las terminales del Up-River (cuyo fuerte ha sido hist\u00f3ricamente el embarque de los productos obtenidos del procesamiento de granos, mayormente harinas y aceites, entre otros) se posicionaron como la mayor puerta de salida de los cereales y oleaginosos argentinos al mundo de la mano del crecimiento de la producci\u00f3n agr\u00edcola del centro y norte del pa\u00eds.<\/p>\n<p>Si bien este continu\u00f3 siendo el caso en el \u00faltimo a\u00f1o, los puertos de la regi\u00f3n cedieron importancia en el 2021, a costa de los puertos del sur bonaerense principalmente.<\/p>\n<p>Por otra parte, es la primera vez desde al menos el 2015 que una terminal del nodo portuario de Bah\u00eda Blanca se ubica en el podio de las que mayor volumen de granos despacharon en un mismo a\u00f1o.<\/p>\n<p>La hegemon\u00eda del Gran Rosario fue tal en los \u00faltimos a\u00f1os que entre 2015 y 2021 solamente una vez una terminal de otra zona portuaria se col\u00f3 en el podio: la Terminal Quequ\u00e9n en el a\u00f1o 2016.<\/p>\n<p>Por \u00faltimo, en lo que respecta a los destinos de los granos,<strong>\u00a0Asia fue nuevamente el principal destino de granos argentinos, recibiendo el 52% del total<\/strong>, equivalente a 31,8 Mt (\u2191 6% vs. 2020).<\/p>\n<p>En segundo lugar se ubic\u00f3 Am\u00e9rica, que represent\u00f3 el 26% del total de despachos (16,1 Mt, \u219118% vs. 2020). \u00c1frica se posicion\u00f3 en tercer lugar con env\u00edos por 12,2 Mt (\u2191 2% i.a.) y Europa qued\u00f3 en cuarta y \u00faltima ubicaci\u00f3n con 616.419 t (\u219328% i.a.).<\/p>\n","protected":false},"excerpt":{"rendered":"<p>Tras un 2020 signado por el golpe de la pandemia sobre el consumo, el a\u00f1o pasado se registr\u00f3 una fuerte recuperaci\u00f3n de la actividad econ\u00f3mica y los embarques de granos desde puertos argentinos totalizaron 60,66 millones de toneladas, alcanzando un r\u00e9cord hist\u00f3rico.<\/p>\n","protected":false},"author":3,"featured_media":0,"comment_status":"closed","ping_status":"closed","sticky":false,"template":"","format":"standard","meta":{"footnotes":""},"categories":[36,24],"tags":[],"class_list":["post-68483","post","type-post","status-publish","format-standard","hentry","category-economia","category-politica"],"yoast_head":"<!-- This site is optimized with the Yoast SEO plugin v25.9 - https:\/\/yoast.com\/wordpress\/plugins\/seo\/ -->\n<title>En 2021 Argentina export\u00f3 el mayor volumen de granos en su historia - Noticias Radio Reflejos<\/title>\n<meta name=\"robots\" content=\"index, follow, max-snippet:-1, max-image-preview:large, max-video-preview:-1\" \/>\n<link rel=\"canonical\" href=\"https:\/\/www.noticiasradioreflejos.com.ar\/2021\/en-2021-argentina-exporto-el-mayor-volumen-de-granos-en-su-historia\/\" \/>\n<meta property=\"og:locale\" content=\"es_ES\" \/>\n<meta property=\"og:type\" content=\"article\" \/>\n<meta property=\"og:title\" content=\"En 2021 Argentina export\u00f3 el mayor volumen de granos en su historia - Noticias Radio Reflejos\" \/>\n<meta property=\"og:description\" content=\"Tras un 2020 signado por el golpe de la pandemia sobre el consumo, el a\u00f1o pasado se registr\u00f3 una fuerte recuperaci\u00f3n de la actividad econ\u00f3mica y los embarques de granos desde puertos argentinos totalizaron 60,66 millones de toneladas, alcanzando un r\u00e9cord hist\u00f3rico.\" \/>\n<meta property=\"og:url\" content=\"https:\/\/www.noticiasradioreflejos.com.ar\/2021\/en-2021-argentina-exporto-el-mayor-volumen-de-granos-en-su-historia\/\" \/>\n<meta property=\"og:site_name\" content=\"Noticias Radio Reflejos\" \/>\n<meta property=\"article:published_time\" content=\"2022-02-21T11:54:21+00:00\" \/>\n<meta property=\"og:image\" content=\"https:\/\/www.telam.com.ar\/thumbs\/bluesteel\/advf\/imagenes\/2020\/09\/5f57721985b73_900.jpg\" \/>\n<meta name=\"author\" content=\"Arnaldo Botto\" \/>\n<meta name=\"twitter:card\" content=\"summary_large_image\" \/>\n<script type=\"application\/ld+json\" class=\"yoast-schema-graph\">{\"@context\":\"https:\/\/schema.org\",\"@graph\":[{\"@type\":\"WebPage\",\"@id\":\"https:\/\/www.noticiasradioreflejos.com.ar\/2021\/en-2021-argentina-exporto-el-mayor-volumen-de-granos-en-su-historia\/\",\"url\":\"https:\/\/www.noticiasradioreflejos.com.ar\/2021\/en-2021-argentina-exporto-el-mayor-volumen-de-granos-en-su-historia\/\",\"name\":\"En 2021 Argentina export\u00f3 el mayor volumen de granos en su historia - Noticias Radio Reflejos\",\"isPartOf\":{\"@id\":\"https:\/\/www.noticiasradioreflejos.com.ar\/2021\/#website\"},\"primaryImageOfPage\":{\"@id\":\"https:\/\/www.noticiasradioreflejos.com.ar\/2021\/en-2021-argentina-exporto-el-mayor-volumen-de-granos-en-su-historia\/#primaryimage\"},\"image\":{\"@id\":\"https:\/\/www.noticiasradioreflejos.com.ar\/2021\/en-2021-argentina-exporto-el-mayor-volumen-de-granos-en-su-historia\/#primaryimage\"},\"thumbnailUrl\":\"https:\/\/www.telam.com.ar\/thumbs\/bluesteel\/advf\/imagenes\/2020\/09\/5f57721985b73_900.jpg\",\"datePublished\":\"2022-02-21T11:54:21+00:00\",\"author\":{\"@id\":\"https:\/\/www.noticiasradioreflejos.com.ar\/2021\/#\/schema\/person\/ad82545263dcc5ec0996818884fd5fb1\"},\"breadcrumb\":{\"@id\":\"https:\/\/www.noticiasradioreflejos.com.ar\/2021\/en-2021-argentina-exporto-el-mayor-volumen-de-granos-en-su-historia\/#breadcrumb\"},\"inLanguage\":\"es\",\"potentialAction\":[{\"@type\":\"ReadAction\",\"target\":[\"https:\/\/www.noticiasradioreflejos.com.ar\/2021\/en-2021-argentina-exporto-el-mayor-volumen-de-granos-en-su-historia\/\"]}]},{\"@type\":\"ImageObject\",\"inLanguage\":\"es\",\"@id\":\"https:\/\/www.noticiasradioreflejos.com.ar\/2021\/en-2021-argentina-exporto-el-mayor-volumen-de-granos-en-su-historia\/#primaryimage\",\"url\":\"https:\/\/www.telam.com.ar\/thumbs\/bluesteel\/advf\/imagenes\/2020\/09\/5f57721985b73_900.jpg\",\"contentUrl\":\"https:\/\/www.telam.com.ar\/thumbs\/bluesteel\/advf\/imagenes\/2020\/09\/5f57721985b73_900.jpg\"},{\"@type\":\"BreadcrumbList\",\"@id\":\"https:\/\/www.noticiasradioreflejos.com.ar\/2021\/en-2021-argentina-exporto-el-mayor-volumen-de-granos-en-su-historia\/#breadcrumb\",\"itemListElement\":[{\"@type\":\"ListItem\",\"position\":1,\"name\":\"Portada\",\"item\":\"https:\/\/www.noticiasradioreflejos.com.ar\/2021\/\"},{\"@type\":\"ListItem\",\"position\":2,\"name\":\"En 2021 Argentina export\u00f3 el mayor volumen de granos en su historia\"}]},{\"@type\":\"WebSite\",\"@id\":\"https:\/\/www.noticiasradioreflejos.com.ar\/2021\/#website\",\"url\":\"https:\/\/www.noticiasradioreflejos.com.ar\/2021\/\",\"name\":\"Noticias Radio Reflejos\",\"description\":\"Las noticias de mi comarca\",\"potentialAction\":[{\"@type\":\"SearchAction\",\"target\":{\"@type\":\"EntryPoint\",\"urlTemplate\":\"https:\/\/www.noticiasradioreflejos.com.ar\/2021\/?s={search_term_string}\"},\"query-input\":{\"@type\":\"PropertyValueSpecification\",\"valueRequired\":true,\"valueName\":\"search_term_string\"}}],\"inLanguage\":\"es\"},{\"@type\":\"Person\",\"@id\":\"https:\/\/www.noticiasradioreflejos.com.ar\/2021\/#\/schema\/person\/ad82545263dcc5ec0996818884fd5fb1\",\"name\":\"Arnaldo Botto\",\"image\":{\"@type\":\"ImageObject\",\"inLanguage\":\"es\",\"@id\":\"https:\/\/www.noticiasradioreflejos.com.ar\/2021\/#\/schema\/person\/image\/\",\"url\":\"https:\/\/secure.gravatar.com\/avatar\/55cb5e37c1efa326397366e6974cb338056df65cb50e7d64d1cf314e87504837?s=96&d=mm&r=g\",\"contentUrl\":\"https:\/\/secure.gravatar.com\/avatar\/55cb5e37c1efa326397366e6974cb338056df65cb50e7d64d1cf314e87504837?s=96&d=mm&r=g\",\"caption\":\"Arnaldo Botto\"},\"url\":\"https:\/\/www.noticiasradioreflejos.com.ar\/2021\/author\/arnaldo\/\"}]}<\/script>\n<!-- \/ Yoast SEO plugin. -->","yoast_head_json":{"title":"En 2021 Argentina export\u00f3 el mayor volumen de granos en su historia - Noticias Radio Reflejos","robots":{"index":"index","follow":"follow","max-snippet":"max-snippet:-1","max-image-preview":"max-image-preview:large","max-video-preview":"max-video-preview:-1"},"canonical":"https:\/\/www.noticiasradioreflejos.com.ar\/2021\/en-2021-argentina-exporto-el-mayor-volumen-de-granos-en-su-historia\/","og_locale":"es_ES","og_type":"article","og_title":"En 2021 Argentina export\u00f3 el mayor volumen de granos en su historia - Noticias Radio Reflejos","og_description":"Tras un 2020 signado por el golpe de la pandemia sobre el consumo, el a\u00f1o pasado se registr\u00f3 una fuerte recuperaci\u00f3n de la actividad econ\u00f3mica y los embarques de granos desde puertos argentinos totalizaron 60,66 millones de toneladas, alcanzando un r\u00e9cord hist\u00f3rico.","og_url":"https:\/\/www.noticiasradioreflejos.com.ar\/2021\/en-2021-argentina-exporto-el-mayor-volumen-de-granos-en-su-historia\/","og_site_name":"Noticias Radio Reflejos","article_published_time":"2022-02-21T11:54:21+00:00","og_image":[{"url":"https:\/\/www.telam.com.ar\/thumbs\/bluesteel\/advf\/imagenes\/2020\/09\/5f57721985b73_900.jpg","type":"","width":"","height":""}],"author":"Arnaldo Botto","twitter_card":"summary_large_image","schema":{"@context":"https:\/\/schema.org","@graph":[{"@type":"WebPage","@id":"https:\/\/www.noticiasradioreflejos.com.ar\/2021\/en-2021-argentina-exporto-el-mayor-volumen-de-granos-en-su-historia\/","url":"https:\/\/www.noticiasradioreflejos.com.ar\/2021\/en-2021-argentina-exporto-el-mayor-volumen-de-granos-en-su-historia\/","name":"En 2021 Argentina export\u00f3 el mayor volumen de granos en su historia - Noticias Radio Reflejos","isPartOf":{"@id":"https:\/\/www.noticiasradioreflejos.com.ar\/2021\/#website"},"primaryImageOfPage":{"@id":"https:\/\/www.noticiasradioreflejos.com.ar\/2021\/en-2021-argentina-exporto-el-mayor-volumen-de-granos-en-su-historia\/#primaryimage"},"image":{"@id":"https:\/\/www.noticiasradioreflejos.com.ar\/2021\/en-2021-argentina-exporto-el-mayor-volumen-de-granos-en-su-historia\/#primaryimage"},"thumbnailUrl":"https:\/\/www.telam.com.ar\/thumbs\/bluesteel\/advf\/imagenes\/2020\/09\/5f57721985b73_900.jpg","datePublished":"2022-02-21T11:54:21+00:00","author":{"@id":"https:\/\/www.noticiasradioreflejos.com.ar\/2021\/#\/schema\/person\/ad82545263dcc5ec0996818884fd5fb1"},"breadcrumb":{"@id":"https:\/\/www.noticiasradioreflejos.com.ar\/2021\/en-2021-argentina-exporto-el-mayor-volumen-de-granos-en-su-historia\/#breadcrumb"},"inLanguage":"es","potentialAction":[{"@type":"ReadAction","target":["https:\/\/www.noticiasradioreflejos.com.ar\/2021\/en-2021-argentina-exporto-el-mayor-volumen-de-granos-en-su-historia\/"]}]},{"@type":"ImageObject","inLanguage":"es","@id":"https:\/\/www.noticiasradioreflejos.com.ar\/2021\/en-2021-argentina-exporto-el-mayor-volumen-de-granos-en-su-historia\/#primaryimage","url":"https:\/\/www.telam.com.ar\/thumbs\/bluesteel\/advf\/imagenes\/2020\/09\/5f57721985b73_900.jpg","contentUrl":"https:\/\/www.telam.com.ar\/thumbs\/bluesteel\/advf\/imagenes\/2020\/09\/5f57721985b73_900.jpg"},{"@type":"BreadcrumbList","@id":"https:\/\/www.noticiasradioreflejos.com.ar\/2021\/en-2021-argentina-exporto-el-mayor-volumen-de-granos-en-su-historia\/#breadcrumb","itemListElement":[{"@type":"ListItem","position":1,"name":"Portada","item":"https:\/\/www.noticiasradioreflejos.com.ar\/2021\/"},{"@type":"ListItem","position":2,"name":"En 2021 Argentina export\u00f3 el mayor volumen de granos en su historia"}]},{"@type":"WebSite","@id":"https:\/\/www.noticiasradioreflejos.com.ar\/2021\/#website","url":"https:\/\/www.noticiasradioreflejos.com.ar\/2021\/","name":"Noticias Radio Reflejos","description":"Las noticias de mi comarca","potentialAction":[{"@type":"SearchAction","target":{"@type":"EntryPoint","urlTemplate":"https:\/\/www.noticiasradioreflejos.com.ar\/2021\/?s={search_term_string}"},"query-input":{"@type":"PropertyValueSpecification","valueRequired":true,"valueName":"search_term_string"}}],"inLanguage":"es"},{"@type":"Person","@id":"https:\/\/www.noticiasradioreflejos.com.ar\/2021\/#\/schema\/person\/ad82545263dcc5ec0996818884fd5fb1","name":"Arnaldo Botto","image":{"@type":"ImageObject","inLanguage":"es","@id":"https:\/\/www.noticiasradioreflejos.com.ar\/2021\/#\/schema\/person\/image\/","url":"https:\/\/secure.gravatar.com\/avatar\/55cb5e37c1efa326397366e6974cb338056df65cb50e7d64d1cf314e87504837?s=96&d=mm&r=g","contentUrl":"https:\/\/secure.gravatar.com\/avatar\/55cb5e37c1efa326397366e6974cb338056df65cb50e7d64d1cf314e87504837?s=96&d=mm&r=g","caption":"Arnaldo Botto"},"url":"https:\/\/www.noticiasradioreflejos.com.ar\/2021\/author\/arnaldo\/"}]}},"_links":{"self":[{"href":"https:\/\/www.noticiasradioreflejos.com.ar\/2021\/wp-json\/wp\/v2\/posts\/68483","targetHints":{"allow":["GET"]}}],"collection":[{"href":"https:\/\/www.noticiasradioreflejos.com.ar\/2021\/wp-json\/wp\/v2\/posts"}],"about":[{"href":"https:\/\/www.noticiasradioreflejos.com.ar\/2021\/wp-json\/wp\/v2\/types\/post"}],"author":[{"embeddable":true,"href":"https:\/\/www.noticiasradioreflejos.com.ar\/2021\/wp-json\/wp\/v2\/users\/3"}],"replies":[{"embeddable":true,"href":"https:\/\/www.noticiasradioreflejos.com.ar\/2021\/wp-json\/wp\/v2\/comments?post=68483"}],"version-history":[{"count":1,"href":"https:\/\/www.noticiasradioreflejos.com.ar\/2021\/wp-json\/wp\/v2\/posts\/68483\/revisions"}],"predecessor-version":[{"id":68485,"href":"https:\/\/www.noticiasradioreflejos.com.ar\/2021\/wp-json\/wp\/v2\/posts\/68483\/revisions\/68485"}],"wp:attachment":[{"href":"https:\/\/www.noticiasradioreflejos.com.ar\/2021\/wp-json\/wp\/v2\/media?parent=68483"}],"wp:term":[{"taxonomy":"category","embeddable":true,"href":"https:\/\/www.noticiasradioreflejos.com.ar\/2021\/wp-json\/wp\/v2\/categories?post=68483"},{"taxonomy":"post_tag","embeddable":true,"href":"https:\/\/www.noticiasradioreflejos.com.ar\/2021\/wp-json\/wp\/v2\/tags?post=68483"}],"curies":[{"name":"wp","href":"https:\/\/api.w.org\/{rel}","templated":true}]}}