{"id":68480,"date":"2022-02-21T11:36:58","date_gmt":"2022-02-21T11:36:58","guid":{"rendered":"http:\/\/www.noticiasradioreflejos.com.ar\/2021\/?p=68480"},"modified":"2022-02-21T21:15:38","modified_gmt":"2022-02-21T21:15:38","slug":"disminuyeron-los-focos-de-incendios-en-corrientes-tras-la-llegada-de-la-lluvia","status":"publish","type":"post","link":"https:\/\/www.noticiasradioreflejos.com.ar\/2021\/disminuyeron-los-focos-de-incendios-en-corrientes-tras-la-llegada-de-la-lluvia\/","title":{"rendered":"Disminuyeron los focos de incendios en Corrientes, tras la llegada de la lluvia."},"content":{"rendered":"<p>Mientras el trabajo de los brigadistas contin\u00faa, la provincia recibi\u00f3 un alivio por las lluvias registradas en cuatro localidades y crece la expectativa de que el agua se prolongue hasta este lunes. Asimismo, el Gobierno nacional anunci\u00f3 el apoyo a los productores locales con cr\u00e9ditos.<!--more--><\/p>\n<p>La emergencia \u00edgnea en Corrientes, con una estimaci\u00f3n oficial de<strong>\u00a09 por ciento de la superficie provincial afectada<\/strong>\u00a0por el fuego, tuvo este domingo un alivio por las lluvias registradas en cuatro localidades, con la expectativa de que se extiendan a partir de este lunes, mientras se despliega m\u00e1s asistencia del Gobierno nacional y otros distritos y se anunciaron\u00a0<a href=\"https:\/\/www.telam.com.ar\/notas\/202202\/584107-gobierno-asistira-productores-incendios-en-corrientes.html\" target=\"_blank\" rel=\"noopener\">medidas de apoyo a los productos afectados con cr\u00e9ditos por 500 millones de pesos.<\/a><\/p>\n<p>El secretario de Coordinaci\u00f3n Militar de Asistencia en Emergencias del Ministerio de Defensa de la Naci\u00f3n, Roberto Corti, asegur\u00f3 a Telam que, desde esta semana,\u00a0<a href=\"https:\/\/www.telam.com.ar\/notas\/202202\/583924-cabandie-incendios-ambiente-lluvias.html\" target=\"_blank\" rel=\"noopener\">se aguardan lluvias m\u00e1s intensas que aplaquen los incendios rurales en Corrientes.<\/a><\/p>\n<p>Este domingo\u00a0<strong>llovi\u00f3 en las localidades de Ituzaing\u00f3, Villa Olivari, Concepci\u00f3n y Loreto<\/strong>, donde hab\u00eda focos activos de fuego rural.<\/p>\n<p>El gobernador\u00a0<strong>Gustavo Vald\u00e9s<\/strong>\u00a0indic\u00f3 en un mensaje de Twitter que, por la ma\u00f1ana, se registraron lluvias en el interior de la provincia, en las zonas norte, centro y sur.<\/p>\n<div class=\"twitter-tweet twitter-tweet-rendered\"><iframe id=\"twitter-widget-0\" class=\"\" title=\"Twitter Tweet\" src=\"https:\/\/platform.twitter.com\/embed\/Tweet.html?creatorScreenName=agenciatelam&amp;dnt=false&amp;embedId=twitter-widget-0&amp;features=eyJ0ZndfZXhwZXJpbWVudHNfY29va2llX2V4cGlyYXRpb24iOnsiYnVja2V0IjoxMjA5NjAwLCJ2ZXJzaW9uIjpudWxsfSwidGZ3X2hvcml6b25fdHdlZXRfZW1iZWRfOTU1NSI6eyJidWNrZXQiOiJodGUiLCJ2ZXJzaW9uIjpudWxsfSwidGZ3X3NwYWNlX2NhcmQiOnsiYnVja2V0Ijoib2ZmIiwidmVyc2lvbiI6bnVsbH19&amp;frame=false&amp;hideCard=false&amp;hideThread=false&amp;id=1495420501677813760&amp;lang=es&amp;origin=https%3A%2F%2Fwww.telam.com.ar%2Fnotas%2F202202%2F584110-disminuyen-incendios-corrientes-lluvias-esta-semana.html&amp;sessionId=92aff2bc7d994d398ed3b98382fa163a1f2a5ebd&amp;siteScreenName=agenciatelam&amp;theme=light&amp;widgetsVersion=2582c61%3A1645036219416&amp;width=550px\" frameborder=\"0\" scrolling=\"no\" allowfullscreen=\"allowfullscreen\" data-tweet-id=\"1495420501677813760\" data-mce-fragment=\"1\"><\/iframe><\/div>\n<p>\u00abEsperamos que el tiempo nos siga acompa\u00f1ando\u00bb, indic\u00f3 el mandatario, que este domingo recorri\u00f3 la localidad de Santo Tom\u00e9, en la costa del r\u00edo Uruguay, donde trabajan dotaciones de bomberos cordobeses, de Buenos Aires y Brasil.<\/p>\n<p>As\u00ed, Vald\u00e9s agradeci\u00f3 los aportes recibidos tanto de parte del presidente de Brasil, Jair Bolsonaro, como del senador Luis Carlos Heinze, el gobernador de Rio Grande Do Sul, Eduardo Leite y al alcalde de S\u00e3o Borja, Eduardo Bonotto.<\/p>\n<p>\u00abGracias (&#8230;) por ayudarnos con diversos recursos para enfrentar los incendios\u00bb, dijo Vald\u00e9s en Twitter.<\/p>\n<figure class=\"mb-3\"><img decoding=\"async\" src=\"https:\/\/www.telam.com.ar\/thumbs\/bluesteel\/advf\/imagenes\/editadas\/62128a536bacd_900.jpg\" alt=\"Foto Pepe Mateos\" width=\"100%\" height=\"100%\" \/><\/p>\n<div class=\"media-icons\"><\/div><figcaption>(Foto: Pepe Mateos)<\/figcaption><\/figure>\n<p>Sobre la evoluci\u00f3n de la emergencia, Corti confirm\u00f3 que \u00abhemos visto una disminuci\u00f3n de la cantidad de focos de fuego\u00bb, aunque aclar\u00f3: \u00abEso no significa necesariamente que estemos mejor\u00bb.<\/p>\n<p>Explic\u00f3 que \u00ab<strong>la ubicaci\u00f3n geogr\u00e1fica de esos incendios son la clave<\/strong>, pues tocan puntos urbanizados o poblados, vulnerables, por m\u00e1s que cuantitativamente la situaci\u00f3n muestre mejoras\u00bb.<\/p>\n<p>No obstante, repas\u00f3 que no se registraron da\u00f1os en la integridad f\u00edsica de pobladores ni de los brigadistas de la Naci\u00f3n y de la provincia, tanto como de otros distritos y hasta de Brasil llegados para atacar la emergencia.<\/p>\n<p>A su vez, el embajador argentino en Bolivia, Ariel Basteiro, inform\u00f3 que \u00ab<strong>70 brigadistas bolivianos parten ma\u00f1ana a Corrientes\u00a0<\/strong>y Misiones para ayudar a apagar los incendios en Argentina\u00bb.<\/p>\n<div class=\"twitter-tweet twitter-tweet-rendered\"><iframe id=\"twitter-widget-1\" class=\"\" title=\"Twitter Tweet\" src=\"https:\/\/platform.twitter.com\/embed\/Tweet.html?creatorScreenName=agenciatelam&amp;dnt=false&amp;embedId=twitter-widget-1&amp;features=eyJ0ZndfZXhwZXJpbWVudHNfY29va2llX2V4cGlyYXRpb24iOnsiYnVja2V0IjoxMjA5NjAwLCJ2ZXJzaW9uIjpudWxsfSwidGZ3X2hvcml6b25fdHdlZXRfZW1iZWRfOTU1NSI6eyJidWNrZXQiOiJodGUiLCJ2ZXJzaW9uIjpudWxsfSwidGZ3X3NwYWNlX2NhcmQiOnsiYnVja2V0Ijoib2ZmIiwidmVyc2lvbiI6bnVsbH19&amp;frame=false&amp;hideCard=false&amp;hideThread=false&amp;id=1495487560323416069&amp;lang=es&amp;origin=https%3A%2F%2Fwww.telam.com.ar%2Fnotas%2F202202%2F584110-disminuyen-incendios-corrientes-lluvias-esta-semana.html&amp;sessionId=92aff2bc7d994d398ed3b98382fa163a1f2a5ebd&amp;siteScreenName=agenciatelam&amp;theme=light&amp;widgetsVersion=2582c61%3A1645036219416&amp;width=550px\" frameborder=\"0\" scrolling=\"no\" allowfullscreen=\"allowfullscreen\" data-tweet-id=\"1495487560323416069\" data-mce-fragment=\"1\"><\/iframe><\/div>\n<p>\u00abSu traslado fue aprobado por el presidente (de Bolivia, Luis) Lucho Arce y ser\u00e1 tambi\u00e9n aprobado por el Parlamento\u00bb de ese pa\u00eds, dijo Basteiro en su cuenta de Twitter.<\/p>\n<p>Seg\u00fan el Ministerio de Defensa, en el marco de las operaciones que coordina el Centro Operativo del Servicio Nacional de Manejo del Fuego en distintas provincias del pa\u00eds, el Ej\u00e9rcito y la Fuerza A\u00e9rea ampliaron la colaboraci\u00f3n, sumando personal y medios, para combatir los incendios en Corrientes.<\/p>\n<p>Las tareas son supervisadas por el subsecretario Corti, junto a otras autoridades de la cartera.<\/p>\n<figure class=\"mb-3\"><img decoding=\"async\" src=\"https:\/\/www.telam.com.ar\/thumbs\/bluesteel\/advf\/imagenes\/2022\/02\/6212885b3044c_900.jpg\" alt=\"Foto Pepe Mateos\" width=\"100%\" height=\"100%\" \/><\/p>\n<div class=\"media-icons\"><\/div><figcaption>(Foto: Pepe Mateos)<\/figcaption><\/figure>\n<p>En tanto, fuentes oficiales indicaron que el presidente Alberto Fern\u00e1ndez \u00abhabla todos los d\u00edas con el gobernador de Corrientes, Gustavo Vald\u00e9s\u00bb, \u00abenviando todos los recursos posibles\u00bb, y est\u00e1 \u00aba disposici\u00f3n para viajar si es necesario\u00bb.<\/p>\n<p>\u00ab<strong>Es una tragedia ecol\u00f3gica sin precedentes y no es momento de disputas sino de cooperaci\u00f3n, esfuerzo y generosidad<\/strong>\u00ab, dijeron a T\u00e9lam las fuentes, quienes resaltaron el \u00abenorme reconocimiento a todos quienes est\u00e1n llevando adelante las tareas de lucha contra el fuego\u00bb.<\/p>\n<p>En tanto, el ministro de Agricultura, Ganader\u00eda y Pesca,\u00a0<a href=\"https:\/\/www.telam.com.ar\/notas\/202202\/584107-gobierno-asistira-productores-incendios-en-corrientes.html\" target=\"_blank\" rel=\"noopener\">Juli\u00e1n Dom\u00ednguez, y el vicejefe de Gabinete, Jorge Neme, viajaron este domingo a Corrientes para \u00abfortalecer las acciones del Gobierno nacional y articular junto con las autoridades provinciales la respuesta a la emergencia provocada por los incendios forestales\u00bb.<\/a><\/p>\n<p>Dom\u00ednguez y su par de Desarrollo Productivo,\u00a0<strong>Mat\u00edas Kulfas<\/strong>, anunciaron asimismo que destinar\u00e1n $ 500 millones en cr\u00e9ditos para asistir a productores afectados por los incendios, financiamiento que estar\u00e1 destinado a inversi\u00f3n y tambi\u00e9n a capital de trabajo.<\/p>\n<div class=\"twitter-tweet twitter-tweet-rendered\"><iframe id=\"twitter-widget-2\" class=\"\" title=\"Twitter Tweet\" src=\"https:\/\/platform.twitter.com\/embed\/Tweet.html?creatorScreenName=agenciatelam&amp;dnt=false&amp;embedId=twitter-widget-2&amp;features=eyJ0ZndfZXhwZXJpbWVudHNfY29va2llX2V4cGlyYXRpb24iOnsiYnVja2V0IjoxMjA5NjAwLCJ2ZXJzaW9uIjpudWxsfSwidGZ3X2hvcml6b25fdHdlZXRfZW1iZWRfOTU1NSI6eyJidWNrZXQiOiJodGUiLCJ2ZXJzaW9uIjpudWxsfSwidGZ3X3NwYWNlX2NhcmQiOnsiYnVja2V0Ijoib2ZmIiwidmVyc2lvbiI6bnVsbH19&amp;frame=false&amp;hideCard=false&amp;hideThread=false&amp;id=1495522445364715520&amp;lang=es&amp;origin=https%3A%2F%2Fwww.telam.com.ar%2Fnotas%2F202202%2F584110-disminuyen-incendios-corrientes-lluvias-esta-semana.html&amp;sessionId=92aff2bc7d994d398ed3b98382fa163a1f2a5ebd&amp;siteScreenName=agenciatelam&amp;theme=light&amp;widgetsVersion=2582c61%3A1645036219416&amp;width=550px\" frameborder=\"0\" scrolling=\"no\" allowfullscreen=\"allowfullscreen\" data-tweet-id=\"1495522445364715520\" data-mce-fragment=\"1\"><\/iframe><\/div>\n<p>Los cr\u00e9ditos podr\u00e1n solicitarse a trav\u00e9s del Banco de Corrientes, tendr\u00e1n una tasa del 0% durante el primer a\u00f1o, bonificada por el Fondo Nacional de Desarrollo Productivo (FONDEP) de la cartera que conduce el ministro Kulfas, y un periodo de gracia de 12 meses.<\/p>\n<p>La l\u00ednea tendr\u00e1 100% de garant\u00edas del Fondo Argentino de Garant\u00edas (Fogar), que administra la Secretar\u00eda de la Peque\u00f1a y Mediana Empresa y los Emprendedores de la Naci\u00f3n.<\/p>\n<p>El Gobierno nacional tambi\u00e9n trabaja con organismos financieros multilaterales para activar l\u00edneas de atenci\u00f3n a situaciones de desastre, que permitan colaborar de manera \u00e1gil con las regiones comprometidas, agregaron las fuentes oficiales.<\/p>\n<p>Respecto a los da\u00f1os econ\u00f3micos, los incendios rurales y la sequ\u00eda extrema en Corrientes ya causaron\u00a0<strong>p\u00e9rdidas por m\u00e1s de 26.000 millones de pesos\u00a0<\/strong>en el sistema productivo de la provincia.<\/p>\n<figure class=\"mb-3\"><img decoding=\"async\" src=\"https:\/\/www.telam.com.ar\/thumbs\/bluesteel\/advf\/imagenes\/2022\/02\/6212b685b6bd7_900.jpg\" alt=\"Kulfas y Domnguez anunciaron asistencia del Estado a productores correntinos Foto Prensa Ministerio de Agricultura\" width=\"100%\" height=\"100%\" \/><\/p>\n<div class=\"media-icons\"><\/div><figcaption>Kulfas y Dom\u00ednguez anunciaron asistencia del Estado a productores correntinos. (Foto Prensa Ministerio de Agricultura)<\/figcaption><\/figure>\n<p>Productores forestales, ganaderos, yerbateros, arroceros, citr\u00edcolas, apicultores, grandes, medianos, chicos y agricultores familiares, resumen el paso del fuego que ya arras\u00f3 con casi 800 mil hect\u00e1reas, con las mismas palabras: \u00abcat\u00e1strofe\u00bb, \u00abtragedia\u00bb, \u00abdolor\u00bb, \u00abimpotencia\u00bb y \u00abdesesperanza\u00bb.<\/p>\n<p>\u00ab<strong>Es una cat\u00e1strofe de la naturaleza<\/strong>, no s\u00e9 si la gente alcanza a dimensionar. Los esteros se est\u00e1n quemando, hay evacuaciones, much\u00edsimos da\u00f1os en la producci\u00f3n, tristeza y desesperanza\u00bb, expres\u00f3 a T\u00e9lam Pablo S\u00e1nchez, presidente de la Asociaci\u00f3n de Sociedades Rurales de Corrientes.<\/p>\n<p>Por otra parte, sobre la afectaci\u00f3n a la forestaci\u00f3n, el \u00faltimo informe del Instituto Nacional de Tecnolog\u00eda Agropecuaria (INTA), menciona que se quemaron 31.265 hect\u00e1reas de bosques cultivados y el vicepresidente de la Asociaci\u00f3n del Plan Estrat\u00e9gico de Forestaci\u00f3n, Juan Ram\u00f3n Sotelo, asegur\u00f3 a T\u00e9lam que las p\u00e9rdidas son \u00abmultimillonarias\u00bb.<\/p>\n<figure class=\"mb-3\"><img decoding=\"async\" src=\"https:\/\/www.telam.com.ar\/thumbs\/bluesteel\/advf\/imagenes\/2022\/02\/6211360c68a58_900.jpg\" alt=\"Foto Pepe Mateos\" width=\"100%\" height=\"100%\" \/><\/p>\n<div class=\"media-icons\"><\/div><figcaption>(Foto: Pepe Mateos)<\/figcaption><\/figure>\n<p>En similar sentido se expres\u00f3 Raymundo Meabe, presidente de Asociaci\u00f3n Forestal Argentina (AFOA), y se\u00f1al\u00f3 que las p\u00e9rdidas en el sector superan los 10 mil millones de pesos.<\/p>\n<p>El Instituto Nacional de Tecnolog\u00eda Agropecuaria (INTA) precis\u00f3 en su \u00faltimo reporte del s\u00e1bado por la tarde que un \u00e1rea equivalente al 9 por ciento del la superficie de la provincia ya fue atravesada por el fuego.<\/p>\n<p>Son 785.238 las hect\u00e1reas quemadas hasta el 16 de febrero \u00faltimo y que corresponden a superficies rurales, tanto productivas como pastizales, ba\u00f1ados y esteros.<\/p>\n<figure class=\"mb-3\"><img decoding=\"async\" src=\"https:\/\/www.telam.com.ar\/thumbs\/bluesteel\/advf\/imagenes\/2022\/02\/621101eb51c2e_900.jpg\" alt=\"Foto Pepe Mateos\" width=\"100%\" height=\"100%\" \/><\/p>\n<div class=\"media-icons\"><\/div><figcaption>(Foto: Pepe Mateos)<\/figcaption><\/figure>\n<p>Para coordinar las acciones de mitigaci\u00f3n de la cat\u00e1strofe, la Naci\u00f3n y el Gobierno provincial habilitaron un centro de comando y control conjunto que funciona en el Ministerio de Seguridad de Corrientes.<\/p>\n<p>Asimismo, el principal campamento de brigadistas fue montado en la Escuela de Familia Agr\u00edcola \u00ab\u00d1ande Roga\u00bb de la Colonia San Antonio, localidad de San Miguel, en el centro norte de la provincia, una zona de acceso a los esteros del Iber\u00e1.<\/p>\n<p>All\u00ed existe una dotaci\u00f3n de 100 brigadistas de Corrientes, la Naci\u00f3n y provincia de Buenos Aires, en tanto que fueron destinados a otros puntos los aportes profesionales y de equipamiento de Jujuy, Mendoza, C\u00f3rdoba, Entre R\u00edos, Chaco, Misiones, Santa Fe, San Juan, La Pampa, Ciudad de Buenos Aires y Tucum\u00e1n.<\/p>\n<p>Con respecto al pron\u00f3stico de lluvias que ayuden a mitigar el impacto de los incendios, la especialista agroclim\u00e1tica Mar\u00eda Alejandra Ojeda preci\u00f3 a Telam que \u00abse observan l\u00edneas de inestabilidad que podr\u00edan generar precipitaciones a partir de ma\u00f1ana, pero de muy pocos mil\u00edmetros\u00bb.<\/p>\n<figure class=\"mb-3\"><img decoding=\"async\" src=\"https:\/\/www.telam.com.ar\/thumbs\/bluesteel\/advf\/imagenes\/2022\/02\/621101eb3cc42_900.jpg\" alt=\"Foto Pepe Mateos\" width=\"100%\" height=\"100%\" \/><\/p>\n<div class=\"media-icons\"><\/div><figcaption>(Foto: Pepe Mateos)<\/figcaption><\/figure>\n<p>\u00abEl jueves y el viernes es posible que se desarrollen tormentas de mayor intensidad\u00bb, especific\u00f3 Ojeda, en coincidencia con el pron\u00f3stico del centro de comando y control ubicado en la capital.<\/p>\n<p>En tanto, se multiplican las campa\u00f1as de recolecci\u00f3n solidaria de recursos para asistir a los bomberos que trabajan en Corrientes.<\/p>\n<p>Adem\u00e1s del Gobierno correntino, que re\u00fane donaciones en la capital provincial tanto como en la Casa de Corrientes en Buenos Aires, diversas personalidades se sumaron a la acci\u00f3n de b\u00fasqueda de recursos aportados por la sociedad.<\/p>\n<p>El influencer Santiago Maratea recaud\u00f3 hasta este domingo por la tarde m\u00e1s de 100 millones de pesos con una colecta lanzada anoche en Instagram.<\/p>\n<p>Y el m\u00fasico l\u00edder de la banda Damas Gratis, Pablo Lescano, se ofreci\u00f3 a actuar en un espect\u00e1culo destinado a recolectar ayuda para Corrientes.<\/p>\n<p>\u00abSe quema Corrientes Por\u00e1. \u00bfAlguien que pueda dar una mano?\u00bb, dijo el artista en Twitter y propuso: \u00abArranco yo: Donde doy un show para\u00a0 recaudar fondos, alimentos no perecederos, medicaci\u00f3n para la fauna. A las autoridades chiflen que yo estoy como el dicho ese:<\/p>\n<p>Si ten\u00e9s un problema CORRIENTES te va a ayudar, as\u00ed viceversa chamigo\u00bb.<\/p>\n","protected":false},"excerpt":{"rendered":"<p>Mientras el trabajo de los brigadistas contin\u00faa, la provincia recibi\u00f3 un alivio por las lluvias registradas en cuatro localidades y crece la expectativa de que el agua se prolongue hasta este lunes. Asimismo, el Gobierno nacional anunci\u00f3 el apoyo a los productores locales con cr\u00e9ditos.<\/p>\n","protected":false},"author":3,"featured_media":0,"comment_status":"closed","ping_status":"closed","sticky":false,"template":"","format":"standard","meta":{"footnotes":""},"categories":[36,26],"tags":[],"class_list":["post-68480","post","type-post","status-publish","format-standard","hentry","category-economia","category-sociedad"],"yoast_head":"<!-- This site is optimized with the Yoast SEO plugin v25.9 - https:\/\/yoast.com\/wordpress\/plugins\/seo\/ -->\n<title>Disminuyeron los focos de incendios en Corrientes, tras la llegada de la lluvia. - Noticias Radio Reflejos<\/title>\n<meta name=\"robots\" content=\"index, follow, max-snippet:-1, max-image-preview:large, max-video-preview:-1\" \/>\n<link rel=\"canonical\" href=\"https:\/\/www.noticiasradioreflejos.com.ar\/2021\/disminuyeron-los-focos-de-incendios-en-corrientes-tras-la-llegada-de-la-lluvia\/\" \/>\n<meta property=\"og:locale\" content=\"es_ES\" \/>\n<meta property=\"og:type\" content=\"article\" \/>\n<meta property=\"og:title\" content=\"Disminuyeron los focos de incendios en Corrientes, tras la llegada de la lluvia. - Noticias Radio Reflejos\" \/>\n<meta property=\"og:description\" content=\"Mientras el trabajo de los brigadistas contin\u00faa, la provincia recibi\u00f3 un alivio por las lluvias registradas en cuatro localidades y crece la expectativa de que el agua se prolongue hasta este lunes. Asimismo, el Gobierno nacional anunci\u00f3 el apoyo a los productores locales con cr\u00e9ditos.\" \/>\n<meta property=\"og:url\" content=\"https:\/\/www.noticiasradioreflejos.com.ar\/2021\/disminuyeron-los-focos-de-incendios-en-corrientes-tras-la-llegada-de-la-lluvia\/\" \/>\n<meta property=\"og:site_name\" content=\"Noticias Radio Reflejos\" \/>\n<meta property=\"article:published_time\" content=\"2022-02-21T11:36:58+00:00\" \/>\n<meta property=\"article:modified_time\" content=\"2022-02-21T21:15:38+00:00\" \/>\n<meta property=\"og:image\" content=\"https:\/\/www.telam.com.ar\/thumbs\/bluesteel\/advf\/imagenes\/editadas\/62128a536bacd_900.jpg\" \/>\n<meta name=\"author\" content=\"Arnaldo Botto\" \/>\n<meta name=\"twitter:card\" content=\"summary_large_image\" \/>\n<script type=\"application\/ld+json\" class=\"yoast-schema-graph\">{\"@context\":\"https:\/\/schema.org\",\"@graph\":[{\"@type\":\"WebPage\",\"@id\":\"https:\/\/www.noticiasradioreflejos.com.ar\/2021\/disminuyeron-los-focos-de-incendios-en-corrientes-tras-la-llegada-de-la-lluvia\/\",\"url\":\"https:\/\/www.noticiasradioreflejos.com.ar\/2021\/disminuyeron-los-focos-de-incendios-en-corrientes-tras-la-llegada-de-la-lluvia\/\",\"name\":\"Disminuyeron los focos de incendios en Corrientes, tras la llegada de la lluvia. - Noticias Radio Reflejos\",\"isPartOf\":{\"@id\":\"https:\/\/www.noticiasradioreflejos.com.ar\/2021\/#website\"},\"primaryImageOfPage\":{\"@id\":\"https:\/\/www.noticiasradioreflejos.com.ar\/2021\/disminuyeron-los-focos-de-incendios-en-corrientes-tras-la-llegada-de-la-lluvia\/#primaryimage\"},\"image\":{\"@id\":\"https:\/\/www.noticiasradioreflejos.com.ar\/2021\/disminuyeron-los-focos-de-incendios-en-corrientes-tras-la-llegada-de-la-lluvia\/#primaryimage\"},\"thumbnailUrl\":\"https:\/\/www.telam.com.ar\/thumbs\/bluesteel\/advf\/imagenes\/editadas\/62128a536bacd_900.jpg\",\"datePublished\":\"2022-02-21T11:36:58+00:00\",\"dateModified\":\"2022-02-21T21:15:38+00:00\",\"author\":{\"@id\":\"https:\/\/www.noticiasradioreflejos.com.ar\/2021\/#\/schema\/person\/ad82545263dcc5ec0996818884fd5fb1\"},\"breadcrumb\":{\"@id\":\"https:\/\/www.noticiasradioreflejos.com.ar\/2021\/disminuyeron-los-focos-de-incendios-en-corrientes-tras-la-llegada-de-la-lluvia\/#breadcrumb\"},\"inLanguage\":\"es\",\"potentialAction\":[{\"@type\":\"ReadAction\",\"target\":[\"https:\/\/www.noticiasradioreflejos.com.ar\/2021\/disminuyeron-los-focos-de-incendios-en-corrientes-tras-la-llegada-de-la-lluvia\/\"]}]},{\"@type\":\"ImageObject\",\"inLanguage\":\"es\",\"@id\":\"https:\/\/www.noticiasradioreflejos.com.ar\/2021\/disminuyeron-los-focos-de-incendios-en-corrientes-tras-la-llegada-de-la-lluvia\/#primaryimage\",\"url\":\"https:\/\/www.telam.com.ar\/thumbs\/bluesteel\/advf\/imagenes\/editadas\/62128a536bacd_900.jpg\",\"contentUrl\":\"https:\/\/www.telam.com.ar\/thumbs\/bluesteel\/advf\/imagenes\/editadas\/62128a536bacd_900.jpg\"},{\"@type\":\"BreadcrumbList\",\"@id\":\"https:\/\/www.noticiasradioreflejos.com.ar\/2021\/disminuyeron-los-focos-de-incendios-en-corrientes-tras-la-llegada-de-la-lluvia\/#breadcrumb\",\"itemListElement\":[{\"@type\":\"ListItem\",\"position\":1,\"name\":\"Portada\",\"item\":\"https:\/\/www.noticiasradioreflejos.com.ar\/2021\/\"},{\"@type\":\"ListItem\",\"position\":2,\"name\":\"Disminuyeron los focos de incendios en Corrientes, tras la llegada de la lluvia.\"}]},{\"@type\":\"WebSite\",\"@id\":\"https:\/\/www.noticiasradioreflejos.com.ar\/2021\/#website\",\"url\":\"https:\/\/www.noticiasradioreflejos.com.ar\/2021\/\",\"name\":\"Noticias Radio Reflejos\",\"description\":\"Las noticias de mi comarca\",\"potentialAction\":[{\"@type\":\"SearchAction\",\"target\":{\"@type\":\"EntryPoint\",\"urlTemplate\":\"https:\/\/www.noticiasradioreflejos.com.ar\/2021\/?s={search_term_string}\"},\"query-input\":{\"@type\":\"PropertyValueSpecification\",\"valueRequired\":true,\"valueName\":\"search_term_string\"}}],\"inLanguage\":\"es\"},{\"@type\":\"Person\",\"@id\":\"https:\/\/www.noticiasradioreflejos.com.ar\/2021\/#\/schema\/person\/ad82545263dcc5ec0996818884fd5fb1\",\"name\":\"Arnaldo Botto\",\"image\":{\"@type\":\"ImageObject\",\"inLanguage\":\"es\",\"@id\":\"https:\/\/www.noticiasradioreflejos.com.ar\/2021\/#\/schema\/person\/image\/\",\"url\":\"https:\/\/secure.gravatar.com\/avatar\/55cb5e37c1efa326397366e6974cb338056df65cb50e7d64d1cf314e87504837?s=96&d=mm&r=g\",\"contentUrl\":\"https:\/\/secure.gravatar.com\/avatar\/55cb5e37c1efa326397366e6974cb338056df65cb50e7d64d1cf314e87504837?s=96&d=mm&r=g\",\"caption\":\"Arnaldo Botto\"},\"url\":\"https:\/\/www.noticiasradioreflejos.com.ar\/2021\/author\/arnaldo\/\"}]}<\/script>\n<!-- \/ Yoast SEO plugin. -->","yoast_head_json":{"title":"Disminuyeron los focos de incendios en Corrientes, tras la llegada de la lluvia. - Noticias Radio Reflejos","robots":{"index":"index","follow":"follow","max-snippet":"max-snippet:-1","max-image-preview":"max-image-preview:large","max-video-preview":"max-video-preview:-1"},"canonical":"https:\/\/www.noticiasradioreflejos.com.ar\/2021\/disminuyeron-los-focos-de-incendios-en-corrientes-tras-la-llegada-de-la-lluvia\/","og_locale":"es_ES","og_type":"article","og_title":"Disminuyeron los focos de incendios en Corrientes, tras la llegada de la lluvia. - Noticias Radio Reflejos","og_description":"Mientras el trabajo de los brigadistas contin\u00faa, la provincia recibi\u00f3 un alivio por las lluvias registradas en cuatro localidades y crece la expectativa de que el agua se prolongue hasta este lunes. Asimismo, el Gobierno nacional anunci\u00f3 el apoyo a los productores locales con cr\u00e9ditos.","og_url":"https:\/\/www.noticiasradioreflejos.com.ar\/2021\/disminuyeron-los-focos-de-incendios-en-corrientes-tras-la-llegada-de-la-lluvia\/","og_site_name":"Noticias Radio Reflejos","article_published_time":"2022-02-21T11:36:58+00:00","article_modified_time":"2022-02-21T21:15:38+00:00","og_image":[{"url":"https:\/\/www.telam.com.ar\/thumbs\/bluesteel\/advf\/imagenes\/editadas\/62128a536bacd_900.jpg","type":"","width":"","height":""}],"author":"Arnaldo Botto","twitter_card":"summary_large_image","schema":{"@context":"https:\/\/schema.org","@graph":[{"@type":"WebPage","@id":"https:\/\/www.noticiasradioreflejos.com.ar\/2021\/disminuyeron-los-focos-de-incendios-en-corrientes-tras-la-llegada-de-la-lluvia\/","url":"https:\/\/www.noticiasradioreflejos.com.ar\/2021\/disminuyeron-los-focos-de-incendios-en-corrientes-tras-la-llegada-de-la-lluvia\/","name":"Disminuyeron los focos de incendios en Corrientes, tras la llegada de la lluvia. - Noticias Radio Reflejos","isPartOf":{"@id":"https:\/\/www.noticiasradioreflejos.com.ar\/2021\/#website"},"primaryImageOfPage":{"@id":"https:\/\/www.noticiasradioreflejos.com.ar\/2021\/disminuyeron-los-focos-de-incendios-en-corrientes-tras-la-llegada-de-la-lluvia\/#primaryimage"},"image":{"@id":"https:\/\/www.noticiasradioreflejos.com.ar\/2021\/disminuyeron-los-focos-de-incendios-en-corrientes-tras-la-llegada-de-la-lluvia\/#primaryimage"},"thumbnailUrl":"https:\/\/www.telam.com.ar\/thumbs\/bluesteel\/advf\/imagenes\/editadas\/62128a536bacd_900.jpg","datePublished":"2022-02-21T11:36:58+00:00","dateModified":"2022-02-21T21:15:38+00:00","author":{"@id":"https:\/\/www.noticiasradioreflejos.com.ar\/2021\/#\/schema\/person\/ad82545263dcc5ec0996818884fd5fb1"},"breadcrumb":{"@id":"https:\/\/www.noticiasradioreflejos.com.ar\/2021\/disminuyeron-los-focos-de-incendios-en-corrientes-tras-la-llegada-de-la-lluvia\/#breadcrumb"},"inLanguage":"es","potentialAction":[{"@type":"ReadAction","target":["https:\/\/www.noticiasradioreflejos.com.ar\/2021\/disminuyeron-los-focos-de-incendios-en-corrientes-tras-la-llegada-de-la-lluvia\/"]}]},{"@type":"ImageObject","inLanguage":"es","@id":"https:\/\/www.noticiasradioreflejos.com.ar\/2021\/disminuyeron-los-focos-de-incendios-en-corrientes-tras-la-llegada-de-la-lluvia\/#primaryimage","url":"https:\/\/www.telam.com.ar\/thumbs\/bluesteel\/advf\/imagenes\/editadas\/62128a536bacd_900.jpg","contentUrl":"https:\/\/www.telam.com.ar\/thumbs\/bluesteel\/advf\/imagenes\/editadas\/62128a536bacd_900.jpg"},{"@type":"BreadcrumbList","@id":"https:\/\/www.noticiasradioreflejos.com.ar\/2021\/disminuyeron-los-focos-de-incendios-en-corrientes-tras-la-llegada-de-la-lluvia\/#breadcrumb","itemListElement":[{"@type":"ListItem","position":1,"name":"Portada","item":"https:\/\/www.noticiasradioreflejos.com.ar\/2021\/"},{"@type":"ListItem","position":2,"name":"Disminuyeron los focos de incendios en Corrientes, tras la llegada de la lluvia."}]},{"@type":"WebSite","@id":"https:\/\/www.noticiasradioreflejos.com.ar\/2021\/#website","url":"https:\/\/www.noticiasradioreflejos.com.ar\/2021\/","name":"Noticias Radio Reflejos","description":"Las noticias de mi comarca","potentialAction":[{"@type":"SearchAction","target":{"@type":"EntryPoint","urlTemplate":"https:\/\/www.noticiasradioreflejos.com.ar\/2021\/?s={search_term_string}"},"query-input":{"@type":"PropertyValueSpecification","valueRequired":true,"valueName":"search_term_string"}}],"inLanguage":"es"},{"@type":"Person","@id":"https:\/\/www.noticiasradioreflejos.com.ar\/2021\/#\/schema\/person\/ad82545263dcc5ec0996818884fd5fb1","name":"Arnaldo Botto","image":{"@type":"ImageObject","inLanguage":"es","@id":"https:\/\/www.noticiasradioreflejos.com.ar\/2021\/#\/schema\/person\/image\/","url":"https:\/\/secure.gravatar.com\/avatar\/55cb5e37c1efa326397366e6974cb338056df65cb50e7d64d1cf314e87504837?s=96&d=mm&r=g","contentUrl":"https:\/\/secure.gravatar.com\/avatar\/55cb5e37c1efa326397366e6974cb338056df65cb50e7d64d1cf314e87504837?s=96&d=mm&r=g","caption":"Arnaldo Botto"},"url":"https:\/\/www.noticiasradioreflejos.com.ar\/2021\/author\/arnaldo\/"}]}},"_links":{"self":[{"href":"https:\/\/www.noticiasradioreflejos.com.ar\/2021\/wp-json\/wp\/v2\/posts\/68480","targetHints":{"allow":["GET"]}}],"collection":[{"href":"https:\/\/www.noticiasradioreflejos.com.ar\/2021\/wp-json\/wp\/v2\/posts"}],"about":[{"href":"https:\/\/www.noticiasradioreflejos.com.ar\/2021\/wp-json\/wp\/v2\/types\/post"}],"author":[{"embeddable":true,"href":"https:\/\/www.noticiasradioreflejos.com.ar\/2021\/wp-json\/wp\/v2\/users\/3"}],"replies":[{"embeddable":true,"href":"https:\/\/www.noticiasradioreflejos.com.ar\/2021\/wp-json\/wp\/v2\/comments?post=68480"}],"version-history":[{"count":1,"href":"https:\/\/www.noticiasradioreflejos.com.ar\/2021\/wp-json\/wp\/v2\/posts\/68480\/revisions"}],"predecessor-version":[{"id":68482,"href":"https:\/\/www.noticiasradioreflejos.com.ar\/2021\/wp-json\/wp\/v2\/posts\/68480\/revisions\/68482"}],"wp:attachment":[{"href":"https:\/\/www.noticiasradioreflejos.com.ar\/2021\/wp-json\/wp\/v2\/media?parent=68480"}],"wp:term":[{"taxonomy":"category","embeddable":true,"href":"https:\/\/www.noticiasradioreflejos.com.ar\/2021\/wp-json\/wp\/v2\/categories?post=68480"},{"taxonomy":"post_tag","embeddable":true,"href":"https:\/\/www.noticiasradioreflejos.com.ar\/2021\/wp-json\/wp\/v2\/tags?post=68480"}],"curies":[{"name":"wp","href":"https:\/\/api.w.org\/{rel}","templated":true}]}}