{"id":68474,"date":"2022-02-21T11:15:53","date_gmt":"2022-02-21T11:15:53","guid":{"rendered":"http:\/\/www.noticiasradioreflejos.com.ar\/2021\/?p=68474"},"modified":"2022-02-21T11:15:53","modified_gmt":"2022-02-21T11:15:53","slug":"cerca-de-800-mil-alumnos-vuelven-a-las-aulas-desde-hoy-en-caba-y-mendoza","status":"publish","type":"post","link":"https:\/\/www.noticiasradioreflejos.com.ar\/2021\/cerca-de-800-mil-alumnos-vuelven-a-las-aulas-desde-hoy-en-caba-y-mendoza\/","title":{"rendered":"Cerca de 800 mil alumnos vuelven a las aulas desde hoy en CABA y Mendoza"},"content":{"rendered":"<p>Ser\u00e1n los primeros en regresar a clases en un ciclo lectivo 2022 que busca volver a la normalidad, con presencialidad plena y sin las burbujas que se implementaron durante las etapas m\u00e1s complicadas de la pandemia de coronavirus.<!--more--><\/p>\n<p>Unos 800 mil alumnos de la Ciudad de Buenos Aires y Mendoza ser\u00e1n los primeros en volver a las aulas este lunes, en un ciclo lectivo 2022 que busca volver a la normalidad en las escuelas, con presencialidad plena y sin burbujas, marcas de los efectos de la pandemia de coronavirus.<\/p>\n<p><strong>Cerca de 400 mil alumnos y alumnas de los niveles inicial y primaria de la Ciudad de Buenos Aires<\/strong>\u00a0arrancar\u00e1n el lunes las clases bajo una modalidad de presencialidad plena en las aulas y con la eliminaci\u00f3n de los protocolos aplicados el a\u00f1o pasado para evitar contagios de coronavirus,\u00a0<strong>a excepci\u00f3n del uso de barbijo, que ser\u00e1 obligatorio para estudiantes de cuarto grado en adelante.<\/strong><\/p>\n<p><strong>El arranque del ciclo lectivo 2022 en el distrito porte\u00f1o<\/strong>\u00a0diez d\u00edas antes de la mayor\u00eda de las provincias argentinas -que comienzan el 2 de marzo- fue anunciado por las autoridades locales, quienes adelantaron la intenci\u00f3n que \u00ablas escuelas vuelvan a la normalidad\u00bb\u00a0<strong>tras el esquema de educaci\u00f3n a distancia implementado por la pandemia.<\/strong><\/p>\n<p>\u00abLa evidencia cient\u00edfica demuestra que las clases presenciales no representan un mayor riesgo de contagio que el resto de las actividades\u00bb, indicaron desde el Gobierno de la Ciudad y agregaron que<strong>\u00a0el arranque escolar se dar\u00e1 en \u00abuna situaci\u00f3n epidemiol\u00f3gica que brinda la posibilidad de hacerlo con mayor normalidad\u00bb.<\/strong><\/p>\n<p>Puntualmente, desde este\u00a0 lunes\u00a0<strong>vuelven a las aulas 107.556 alumnos y alumnas del nivel inicial y 282.091 de la primaria;\u00a0<\/strong>en tanto que\u00a0<strong>el mi\u00e9rcoles 2 de marzo completar\u00e1n el cronograma de regreso a clases unos 198.836 estudiantes secundarios,<\/strong>\u00a0de acuerdo a datos proporcionados por el Ministerio de Educaci\u00f3n de la Ciudad.<\/p>\n<p>Para esta etapa,\u00a0<strong>los protocolos que estuvieron vigentes<\/strong>\u00a0durante el 2021 se eliminar\u00e1n y\u00a0<strong>\u00abse transformar\u00e1n en recomendaciones\u00bb,\u00a0<\/strong>al tiempo que continuar\u00e1 la obligatoriedad para los estudiantes de cuarto grado en adelante de utilizar barbijos cuando est\u00e9n dentro de las aulas.<\/p>\n<p>El jefe de gobierno porte\u00f1o, Horacio Rodr\u00edguez Larreta, encabezar\u00e1 el acto formal del inicio del ciclo lectivo en la escuela 21 del barrio de Nueva Pompeya, ubicada en Andr\u00e9s Ferreyra 3749.<\/p>\n<p>En tanto<strong>,\u00a0<\/strong><strong>El gremio docente Ademys anunci\u00f3 un paro de actividades en las escuelas porte\u00f1as al considerar que \u00abno est\u00e1n dadas las condiciones\u00bb para el comienzo de las clases.<\/strong><\/p>\n<p>En ese sentido, fuentes sindicales se\u00f1alaron que el\u00a0<strong>principal conflicto est\u00e1 vinculado a la falta de un acuerdo para un aumento salarial tras la reuni\u00f3n paritaria del sector.<\/strong><\/p>\n<figure class=\"mb-3\"><img decoding=\"async\" src=\"https:\/\/www.telam.com.ar\/thumbs\/bluesteel\/advf\/imagenes\/2022\/02\/621138b6bab07_900.jpg\" alt=\"En Mendoza 443701 alumnos de todos los niveles regresarn a las aulas este lunes FotoVictoria Gesualdi\" width=\"100%\" height=\"100%\" \/><\/p>\n<div class=\"media-icons\"><\/div><figcaption>En Mendoza, 443.701 alumnos de todos los niveles regresar\u00e1n a las aulas este lunes (Foto:Victoria Gesualdi).<\/figcaption><\/figure>\n<p>&nbsp;<\/p>\n<h2 class=\"\">Clases en Mendoza<\/h2>\n<p>En Mendoza,\u00a0<strong>443.701 alumnos de todos los niveles regresar\u00e1n a las aulas este lunes<\/strong>, tal como hab\u00eda informado el Gobierno mendocino a principios de diciembre del a\u00f1o pasado.<\/p>\n<p>El Calendario Escolar 2022 de Mendoza\u00a0<strong>tiende a cumplir con 190 d\u00edas de clases<\/strong>, seg\u00fan los acuerdos surgidos en el Consejo Federal de Educaci\u00f3n y en el marco de la ley que obliga a las jurisdicciones a garantizar 180 d\u00edas de clases.<\/p>\n<p>Esta semana, en declaraciones radiales,\u00a0<strong>el titular de la Direcci\u00f3n General de Escuelas (DGE), Jose Thomas,\u00a0<\/strong>asegur\u00f3 que \u00abhay muchos chicos que est\u00e1n contentos de volver a una escuela que ser\u00e1 similar a la que recordamos, -tras dos ciclos marcados por la pandemia-, pero una escuela en la que los alumnos realmente aprendan, con m\u00e1s libertades y con continuidad pedag\u00f3gica\u00bb.<\/p>\n<p>Ya desde principios de febrero, los docentes compartieron jornadas laborales donde se acord\u00f3 p<strong>oner especial foco \u00aben la jerarqu\u00eda de la alfabetizaci\u00f3n, enmarcada como la posibilidad de ofrecer oportunidades para gestar historias personales potentes y trayectorias reales exitosas\u00bb<\/strong>, se inform\u00f3 desde la DGE.<\/p>\n<p><strong>Thomas valor\u00f3 la importancia de continuar con la vacunaci\u00f3n<\/strong>\u00a0y asegur\u00f3 que, \u00abdado que cruzamos la base de datos de las vacunas dadas a los chicos con el Sistema GEM (Gesti\u00f3n Educativa Mendoza) se van a reforzar las dosis, con autorizaci\u00f3n de padres, en los lugares donde es m\u00e1s dif\u00edcil legar; y se asegurar\u00e1 la ventilaci\u00f3n y la limpieza de higiene de manos en forma permanente\u00bb.<\/p>\n<p>El funcionario asegur\u00f3 que Mendoza \u00abha quedado muy conforme con el protocolo nacional establecido\u00bb.<\/p>\n<p>En di\u00e1logo con T\u00e9lam,\u00a0<strong>la directora del Programa de la Inclusi\u00f3n y Equidad Educativa, Ana Martearena,<\/strong>\u00a0se refiri\u00f3 a los alumnos que interrumpieron su escolaridad durante la pandemia, y en ese sentido asegur\u00f3 que \u00ab<strong>alrededor de 25.000 estudiantes fueron alcanzados el a\u00f1o pasado por diferentes l\u00edneas de acci\u00f3n destinadas a estos chicos que interrump\u00edan de alguna manera su trayectoria pedag\u00f3gica\u00bb.<\/strong><\/p>\n<p>\u00abArrancamos el 2021 con unas 30.000 trayectorias debilitadas que necesitaban un fuerte apoyo pedag\u00f3gico. A lo largo del a\u00f1o pudimos alcanzar a 25.000 estudiantes con distintas l\u00edneas de acci\u00f3n y terminamos el a\u00f1o con una gran cantidad de chicos que segu\u00edan solicitando apoyo y con grandes resultados, por lo que continuaremos este 2022 en la misma direcci\u00f3n\u00bb, explic\u00f3 la funcionaria.<\/p>\n","protected":false},"excerpt":{"rendered":"<p>Ser\u00e1n los primeros en regresar a clases en un ciclo lectivo 2022 que busca volver a la normalidad, con presencialidad plena y sin las burbujas que se implementaron durante las etapas m\u00e1s complicadas de la pandemia de coronavirus.<\/p>\n","protected":false},"author":3,"featured_media":0,"comment_status":"closed","ping_status":"closed","sticky":false,"template":"","format":"standard","meta":{"footnotes":""},"categories":[34],"tags":[],"class_list":["post-68474","post","type-post","status-publish","format-standard","hentry","category-educacion"],"yoast_head":"<!-- This site is optimized with the Yoast SEO plugin v25.9 - https:\/\/yoast.com\/wordpress\/plugins\/seo\/ -->\n<title>Cerca de 800 mil alumnos vuelven a las aulas desde hoy en CABA y Mendoza - Noticias Radio Reflejos<\/title>\n<meta name=\"robots\" content=\"index, follow, max-snippet:-1, max-image-preview:large, max-video-preview:-1\" \/>\n<link rel=\"canonical\" href=\"https:\/\/www.noticiasradioreflejos.com.ar\/2021\/cerca-de-800-mil-alumnos-vuelven-a-las-aulas-desde-hoy-en-caba-y-mendoza\/\" \/>\n<meta property=\"og:locale\" content=\"es_ES\" \/>\n<meta property=\"og:type\" content=\"article\" \/>\n<meta property=\"og:title\" content=\"Cerca de 800 mil alumnos vuelven a las aulas desde hoy en CABA y Mendoza - Noticias Radio Reflejos\" \/>\n<meta property=\"og:description\" content=\"Ser\u00e1n los primeros en regresar a clases en un ciclo lectivo 2022 que busca volver a la normalidad, con presencialidad plena y sin las burbujas que se implementaron durante las etapas m\u00e1s complicadas de la pandemia de coronavirus.\" \/>\n<meta property=\"og:url\" content=\"https:\/\/www.noticiasradioreflejos.com.ar\/2021\/cerca-de-800-mil-alumnos-vuelven-a-las-aulas-desde-hoy-en-caba-y-mendoza\/\" \/>\n<meta property=\"og:site_name\" content=\"Noticias Radio Reflejos\" \/>\n<meta property=\"article:published_time\" content=\"2022-02-21T11:15:53+00:00\" \/>\n<meta property=\"og:image\" content=\"https:\/\/www.telam.com.ar\/thumbs\/bluesteel\/advf\/imagenes\/2022\/02\/621138b6bab07_900.jpg\" \/>\n<meta name=\"author\" content=\"Arnaldo Botto\" \/>\n<meta name=\"twitter:card\" content=\"summary_large_image\" \/>\n<script type=\"application\/ld+json\" class=\"yoast-schema-graph\">{\"@context\":\"https:\/\/schema.org\",\"@graph\":[{\"@type\":\"WebPage\",\"@id\":\"https:\/\/www.noticiasradioreflejos.com.ar\/2021\/cerca-de-800-mil-alumnos-vuelven-a-las-aulas-desde-hoy-en-caba-y-mendoza\/\",\"url\":\"https:\/\/www.noticiasradioreflejos.com.ar\/2021\/cerca-de-800-mil-alumnos-vuelven-a-las-aulas-desde-hoy-en-caba-y-mendoza\/\",\"name\":\"Cerca de 800 mil alumnos vuelven a las aulas desde hoy en CABA y Mendoza - Noticias Radio Reflejos\",\"isPartOf\":{\"@id\":\"https:\/\/www.noticiasradioreflejos.com.ar\/2021\/#website\"},\"primaryImageOfPage\":{\"@id\":\"https:\/\/www.noticiasradioreflejos.com.ar\/2021\/cerca-de-800-mil-alumnos-vuelven-a-las-aulas-desde-hoy-en-caba-y-mendoza\/#primaryimage\"},\"image\":{\"@id\":\"https:\/\/www.noticiasradioreflejos.com.ar\/2021\/cerca-de-800-mil-alumnos-vuelven-a-las-aulas-desde-hoy-en-caba-y-mendoza\/#primaryimage\"},\"thumbnailUrl\":\"https:\/\/www.telam.com.ar\/thumbs\/bluesteel\/advf\/imagenes\/2022\/02\/621138b6bab07_900.jpg\",\"datePublished\":\"2022-02-21T11:15:53+00:00\",\"author\":{\"@id\":\"https:\/\/www.noticiasradioreflejos.com.ar\/2021\/#\/schema\/person\/ad82545263dcc5ec0996818884fd5fb1\"},\"breadcrumb\":{\"@id\":\"https:\/\/www.noticiasradioreflejos.com.ar\/2021\/cerca-de-800-mil-alumnos-vuelven-a-las-aulas-desde-hoy-en-caba-y-mendoza\/#breadcrumb\"},\"inLanguage\":\"es\",\"potentialAction\":[{\"@type\":\"ReadAction\",\"target\":[\"https:\/\/www.noticiasradioreflejos.com.ar\/2021\/cerca-de-800-mil-alumnos-vuelven-a-las-aulas-desde-hoy-en-caba-y-mendoza\/\"]}]},{\"@type\":\"ImageObject\",\"inLanguage\":\"es\",\"@id\":\"https:\/\/www.noticiasradioreflejos.com.ar\/2021\/cerca-de-800-mil-alumnos-vuelven-a-las-aulas-desde-hoy-en-caba-y-mendoza\/#primaryimage\",\"url\":\"https:\/\/www.telam.com.ar\/thumbs\/bluesteel\/advf\/imagenes\/2022\/02\/621138b6bab07_900.jpg\",\"contentUrl\":\"https:\/\/www.telam.com.ar\/thumbs\/bluesteel\/advf\/imagenes\/2022\/02\/621138b6bab07_900.jpg\"},{\"@type\":\"BreadcrumbList\",\"@id\":\"https:\/\/www.noticiasradioreflejos.com.ar\/2021\/cerca-de-800-mil-alumnos-vuelven-a-las-aulas-desde-hoy-en-caba-y-mendoza\/#breadcrumb\",\"itemListElement\":[{\"@type\":\"ListItem\",\"position\":1,\"name\":\"Portada\",\"item\":\"https:\/\/www.noticiasradioreflejos.com.ar\/2021\/\"},{\"@type\":\"ListItem\",\"position\":2,\"name\":\"Cerca de 800 mil alumnos vuelven a las aulas desde hoy en CABA y Mendoza\"}]},{\"@type\":\"WebSite\",\"@id\":\"https:\/\/www.noticiasradioreflejos.com.ar\/2021\/#website\",\"url\":\"https:\/\/www.noticiasradioreflejos.com.ar\/2021\/\",\"name\":\"Noticias Radio Reflejos\",\"description\":\"Las noticias de mi comarca\",\"potentialAction\":[{\"@type\":\"SearchAction\",\"target\":{\"@type\":\"EntryPoint\",\"urlTemplate\":\"https:\/\/www.noticiasradioreflejos.com.ar\/2021\/?s={search_term_string}\"},\"query-input\":{\"@type\":\"PropertyValueSpecification\",\"valueRequired\":true,\"valueName\":\"search_term_string\"}}],\"inLanguage\":\"es\"},{\"@type\":\"Person\",\"@id\":\"https:\/\/www.noticiasradioreflejos.com.ar\/2021\/#\/schema\/person\/ad82545263dcc5ec0996818884fd5fb1\",\"name\":\"Arnaldo Botto\",\"image\":{\"@type\":\"ImageObject\",\"inLanguage\":\"es\",\"@id\":\"https:\/\/www.noticiasradioreflejos.com.ar\/2021\/#\/schema\/person\/image\/\",\"url\":\"https:\/\/secure.gravatar.com\/avatar\/55cb5e37c1efa326397366e6974cb338056df65cb50e7d64d1cf314e87504837?s=96&d=mm&r=g\",\"contentUrl\":\"https:\/\/secure.gravatar.com\/avatar\/55cb5e37c1efa326397366e6974cb338056df65cb50e7d64d1cf314e87504837?s=96&d=mm&r=g\",\"caption\":\"Arnaldo Botto\"},\"url\":\"https:\/\/www.noticiasradioreflejos.com.ar\/2021\/author\/arnaldo\/\"}]}<\/script>\n<!-- \/ Yoast SEO plugin. -->","yoast_head_json":{"title":"Cerca de 800 mil alumnos vuelven a las aulas desde hoy en CABA y Mendoza - Noticias Radio Reflejos","robots":{"index":"index","follow":"follow","max-snippet":"max-snippet:-1","max-image-preview":"max-image-preview:large","max-video-preview":"max-video-preview:-1"},"canonical":"https:\/\/www.noticiasradioreflejos.com.ar\/2021\/cerca-de-800-mil-alumnos-vuelven-a-las-aulas-desde-hoy-en-caba-y-mendoza\/","og_locale":"es_ES","og_type":"article","og_title":"Cerca de 800 mil alumnos vuelven a las aulas desde hoy en CABA y Mendoza - Noticias Radio Reflejos","og_description":"Ser\u00e1n los primeros en regresar a clases en un ciclo lectivo 2022 que busca volver a la normalidad, con presencialidad plena y sin las burbujas que se implementaron durante las etapas m\u00e1s complicadas de la pandemia de coronavirus.","og_url":"https:\/\/www.noticiasradioreflejos.com.ar\/2021\/cerca-de-800-mil-alumnos-vuelven-a-las-aulas-desde-hoy-en-caba-y-mendoza\/","og_site_name":"Noticias Radio Reflejos","article_published_time":"2022-02-21T11:15:53+00:00","og_image":[{"url":"https:\/\/www.telam.com.ar\/thumbs\/bluesteel\/advf\/imagenes\/2022\/02\/621138b6bab07_900.jpg","type":"","width":"","height":""}],"author":"Arnaldo Botto","twitter_card":"summary_large_image","schema":{"@context":"https:\/\/schema.org","@graph":[{"@type":"WebPage","@id":"https:\/\/www.noticiasradioreflejos.com.ar\/2021\/cerca-de-800-mil-alumnos-vuelven-a-las-aulas-desde-hoy-en-caba-y-mendoza\/","url":"https:\/\/www.noticiasradioreflejos.com.ar\/2021\/cerca-de-800-mil-alumnos-vuelven-a-las-aulas-desde-hoy-en-caba-y-mendoza\/","name":"Cerca de 800 mil alumnos vuelven a las aulas desde hoy en CABA y Mendoza - Noticias Radio Reflejos","isPartOf":{"@id":"https:\/\/www.noticiasradioreflejos.com.ar\/2021\/#website"},"primaryImageOfPage":{"@id":"https:\/\/www.noticiasradioreflejos.com.ar\/2021\/cerca-de-800-mil-alumnos-vuelven-a-las-aulas-desde-hoy-en-caba-y-mendoza\/#primaryimage"},"image":{"@id":"https:\/\/www.noticiasradioreflejos.com.ar\/2021\/cerca-de-800-mil-alumnos-vuelven-a-las-aulas-desde-hoy-en-caba-y-mendoza\/#primaryimage"},"thumbnailUrl":"https:\/\/www.telam.com.ar\/thumbs\/bluesteel\/advf\/imagenes\/2022\/02\/621138b6bab07_900.jpg","datePublished":"2022-02-21T11:15:53+00:00","author":{"@id":"https:\/\/www.noticiasradioreflejos.com.ar\/2021\/#\/schema\/person\/ad82545263dcc5ec0996818884fd5fb1"},"breadcrumb":{"@id":"https:\/\/www.noticiasradioreflejos.com.ar\/2021\/cerca-de-800-mil-alumnos-vuelven-a-las-aulas-desde-hoy-en-caba-y-mendoza\/#breadcrumb"},"inLanguage":"es","potentialAction":[{"@type":"ReadAction","target":["https:\/\/www.noticiasradioreflejos.com.ar\/2021\/cerca-de-800-mil-alumnos-vuelven-a-las-aulas-desde-hoy-en-caba-y-mendoza\/"]}]},{"@type":"ImageObject","inLanguage":"es","@id":"https:\/\/www.noticiasradioreflejos.com.ar\/2021\/cerca-de-800-mil-alumnos-vuelven-a-las-aulas-desde-hoy-en-caba-y-mendoza\/#primaryimage","url":"https:\/\/www.telam.com.ar\/thumbs\/bluesteel\/advf\/imagenes\/2022\/02\/621138b6bab07_900.jpg","contentUrl":"https:\/\/www.telam.com.ar\/thumbs\/bluesteel\/advf\/imagenes\/2022\/02\/621138b6bab07_900.jpg"},{"@type":"BreadcrumbList","@id":"https:\/\/www.noticiasradioreflejos.com.ar\/2021\/cerca-de-800-mil-alumnos-vuelven-a-las-aulas-desde-hoy-en-caba-y-mendoza\/#breadcrumb","itemListElement":[{"@type":"ListItem","position":1,"name":"Portada","item":"https:\/\/www.noticiasradioreflejos.com.ar\/2021\/"},{"@type":"ListItem","position":2,"name":"Cerca de 800 mil alumnos vuelven a las aulas desde hoy en CABA y Mendoza"}]},{"@type":"WebSite","@id":"https:\/\/www.noticiasradioreflejos.com.ar\/2021\/#website","url":"https:\/\/www.noticiasradioreflejos.com.ar\/2021\/","name":"Noticias Radio Reflejos","description":"Las noticias de mi comarca","potentialAction":[{"@type":"SearchAction","target":{"@type":"EntryPoint","urlTemplate":"https:\/\/www.noticiasradioreflejos.com.ar\/2021\/?s={search_term_string}"},"query-input":{"@type":"PropertyValueSpecification","valueRequired":true,"valueName":"search_term_string"}}],"inLanguage":"es"},{"@type":"Person","@id":"https:\/\/www.noticiasradioreflejos.com.ar\/2021\/#\/schema\/person\/ad82545263dcc5ec0996818884fd5fb1","name":"Arnaldo Botto","image":{"@type":"ImageObject","inLanguage":"es","@id":"https:\/\/www.noticiasradioreflejos.com.ar\/2021\/#\/schema\/person\/image\/","url":"https:\/\/secure.gravatar.com\/avatar\/55cb5e37c1efa326397366e6974cb338056df65cb50e7d64d1cf314e87504837?s=96&d=mm&r=g","contentUrl":"https:\/\/secure.gravatar.com\/avatar\/55cb5e37c1efa326397366e6974cb338056df65cb50e7d64d1cf314e87504837?s=96&d=mm&r=g","caption":"Arnaldo Botto"},"url":"https:\/\/www.noticiasradioreflejos.com.ar\/2021\/author\/arnaldo\/"}]}},"_links":{"self":[{"href":"https:\/\/www.noticiasradioreflejos.com.ar\/2021\/wp-json\/wp\/v2\/posts\/68474","targetHints":{"allow":["GET"]}}],"collection":[{"href":"https:\/\/www.noticiasradioreflejos.com.ar\/2021\/wp-json\/wp\/v2\/posts"}],"about":[{"href":"https:\/\/www.noticiasradioreflejos.com.ar\/2021\/wp-json\/wp\/v2\/types\/post"}],"author":[{"embeddable":true,"href":"https:\/\/www.noticiasradioreflejos.com.ar\/2021\/wp-json\/wp\/v2\/users\/3"}],"replies":[{"embeddable":true,"href":"https:\/\/www.noticiasradioreflejos.com.ar\/2021\/wp-json\/wp\/v2\/comments?post=68474"}],"version-history":[{"count":1,"href":"https:\/\/www.noticiasradioreflejos.com.ar\/2021\/wp-json\/wp\/v2\/posts\/68474\/revisions"}],"predecessor-version":[{"id":68476,"href":"https:\/\/www.noticiasradioreflejos.com.ar\/2021\/wp-json\/wp\/v2\/posts\/68474\/revisions\/68476"}],"wp:attachment":[{"href":"https:\/\/www.noticiasradioreflejos.com.ar\/2021\/wp-json\/wp\/v2\/media?parent=68474"}],"wp:term":[{"taxonomy":"category","embeddable":true,"href":"https:\/\/www.noticiasradioreflejos.com.ar\/2021\/wp-json\/wp\/v2\/categories?post=68474"},{"taxonomy":"post_tag","embeddable":true,"href":"https:\/\/www.noticiasradioreflejos.com.ar\/2021\/wp-json\/wp\/v2\/tags?post=68474"}],"curies":[{"name":"wp","href":"https:\/\/api.w.org\/{rel}","templated":true}]}}