{"id":68465,"date":"2022-02-19T22:47:10","date_gmt":"2022-02-19T22:47:10","guid":{"rendered":"http:\/\/www.noticiasradioreflejos.com.ar\/2021\/?p=68465"},"modified":"2022-02-21T11:40:25","modified_gmt":"2022-02-21T11:40:25","slug":"situacion-de-los-brigadistas-de-saldungaray-en-los-incendios-de-corrientes","status":"publish","type":"post","link":"https:\/\/www.noticiasradioreflejos.com.ar\/2021\/situacion-de-los-brigadistas-de-saldungaray-en-los-incendios-de-corrientes\/","title":{"rendered":"Situaci\u00f3n de los Brigadistas de Saldungaray en los incendios de Corrientes"},"content":{"rendered":"<div class=\"listenDetails__partialInfo sc-px-2x sc-py-1x\">\n<div class=\"truncatedAudioInfo m-collapsed\">\n<div class=\"truncatedAudioInfo__wrapper\">\n<div class=\"truncatedAudioInfo__content\">\n<div class=\"sc-type-small sc-text-body\">\n<div>\n<p>El Jefe de Bomberos Voluntarios de Saldungaray informa que la dotaci\u00f3n que esta en Corrientes se encentra trabajando en<strong> Santo Tome<\/strong> junto a Cuarteles de diferentes distritos de la provincia de Bs As.<\/p>\n<\/div>\n<\/div>\n<\/div>\n<\/div>\n<\/div>\n<\/div>\n<p><!--more--><\/p>\n<p>En horas de la tarde de este s\u00e1bado 19 de febrero, la situaci\u00f3n en la provincia de Corrientes <strong>\u00abse encuentra fuera de control\u00bb, <\/strong>seg\u00fan lo describe en un informe el Jefe del Cuartel de Saldungaray.<\/p>\n<p><a title=\"WhatsApp Image 2022-02-19 at 18.56.07\" href=\"https:\/\/www.flickr.com\/photos\/182279889@N02\/51892290565\/in\/dateposted-public\/\" data-flickr-embed=\"true\"><img loading=\"lazy\" decoding=\"async\" src=\"https:\/\/live.staticflickr.com\/65535\/51892290565_446dccef4d_c.jpg\" alt=\"WhatsApp Image 2022-02-19 at 18.56.07\" width=\"800\" height=\"450\" \/><\/a><script async src=\"\/\/embedr.flickr.com\/assets\/client-code.js\" charset=\"utf-8\"><\/script><\/p>\n<p>Los integrantes de la brigada que viaj\u00f3 a colaborar en la lucha contra el fuego se encuentran bien, se desempe\u00f1an en\u00a0 desarrollar contrafuegos para poder parar las extensas lineas de fuego que consumen pastizales naturales y campos agr\u00edcolas.<\/p>\n<p>Andersen explica que:\u00a0 <strong>\u00abla dotaci\u00f3n de Saldungaray esta trabajando sobre la ruta 14 a la altura del Km 680 afuera de la localidad de Santo Tom\u00e9, en un casco de estancia para poder salvarlo\u00bb<\/strong><\/p>\n<p><strong><span style=\"color: #993300;\"><em>Audio del informe<\/em><\/span><\/strong><\/p>\n<p><iframe loading=\"lazy\" src=\"https:\/\/w.soundcloud.com\/player\/?url=https%3A\/\/api.soundcloud.com\/tracks\/1219055134&amp;color=%23ff5500&amp;auto_play=false&amp;hide_related=false&amp;show_comments=true&amp;show_user=true&amp;show_reposts=false&amp;show_teaser=true\" width=\"100%\" height=\"166\" frameborder=\"no\" scrolling=\"no\"><\/iframe><\/p>\n<div style=\"font-size: 10px; color: #cccccc; line-break: anywhere; word-break: normal; overflow: hidden; white-space: nowrap; text-overflow: ellipsis; font-family: Interstate,Lucida Grande,Lucida Sans Unicode,Lucida Sans,Garuda,Verdana,Tahoma,sans-serif; font-weight: 100;\"><a style=\"color: #cccccc; text-decoration: none;\" title=\"fmreflejos 103.7\" href=\"https:\/\/soundcloud.com\/fmreflejos-103-7\" target=\"_blank\" rel=\"noopener\">fmreflejos 103.7<\/a> \u00b7 <a style=\"color: #cccccc; text-decoration: none;\" title=\"Jos\u00e9 Mar\u00eda Andersen Santo Tom\u00e9\" href=\"https:\/\/soundcloud.com\/fmreflejos-103-7\/jose-maria-andersen-santo-tome\" target=\"_blank\" rel=\"noopener\">Jos\u00e9 Mar\u00eda Andersen Santo Tom\u00e9<\/a><\/div>\n","protected":false},"excerpt":{"rendered":"<p>El Jefe de Bomberos Voluntarios de Saldungaray informa que la dotaci\u00f3n que esta en Corrientes se encentra trabajando en Santo Tome junto a Cuarteles de diferentes distritos de la provincia de Bs As.<\/p>\n","protected":false},"author":3,"featured_media":0,"comment_status":"closed","ping_status":"closed","sticky":false,"template":"","format":"standard","meta":{"footnotes":""},"categories":[26],"tags":[],"class_list":["post-68465","post","type-post","status-publish","format-standard","hentry","category-sociedad"],"yoast_head":"<!-- This site is optimized with the Yoast SEO plugin v25.9 - https:\/\/yoast.com\/wordpress\/plugins\/seo\/ -->\n<title>Situaci\u00f3n de los Brigadistas de Saldungaray en los incendios de Corrientes - Noticias Radio Reflejos<\/title>\n<meta name=\"robots\" content=\"index, follow, max-snippet:-1, max-image-preview:large, max-video-preview:-1\" \/>\n<link rel=\"canonical\" href=\"https:\/\/www.noticiasradioreflejos.com.ar\/2021\/situacion-de-los-brigadistas-de-saldungaray-en-los-incendios-de-corrientes\/\" \/>\n<meta property=\"og:locale\" content=\"es_ES\" \/>\n<meta property=\"og:type\" content=\"article\" \/>\n<meta property=\"og:title\" content=\"Situaci\u00f3n de los Brigadistas de Saldungaray en los incendios de Corrientes - Noticias Radio Reflejos\" \/>\n<meta property=\"og:description\" content=\"El Jefe de Bomberos Voluntarios de Saldungaray informa que la dotaci\u00f3n que esta en Corrientes se encentra trabajando en Santo Tome junto a Cuarteles de diferentes distritos de la provincia de Bs As.\" \/>\n<meta property=\"og:url\" content=\"https:\/\/www.noticiasradioreflejos.com.ar\/2021\/situacion-de-los-brigadistas-de-saldungaray-en-los-incendios-de-corrientes\/\" \/>\n<meta property=\"og:site_name\" content=\"Noticias Radio Reflejos\" \/>\n<meta property=\"article:published_time\" content=\"2022-02-19T22:47:10+00:00\" \/>\n<meta property=\"article:modified_time\" content=\"2022-02-21T11:40:25+00:00\" \/>\n<meta property=\"og:image\" content=\"https:\/\/live.staticflickr.com\/65535\/51892290565_446dccef4d_c.jpg\" \/>\n<meta name=\"author\" content=\"Arnaldo Botto\" \/>\n<meta name=\"twitter:card\" content=\"summary_large_image\" \/>\n<script type=\"application\/ld+json\" class=\"yoast-schema-graph\">{\"@context\":\"https:\/\/schema.org\",\"@graph\":[{\"@type\":\"WebPage\",\"@id\":\"https:\/\/www.noticiasradioreflejos.com.ar\/2021\/situacion-de-los-brigadistas-de-saldungaray-en-los-incendios-de-corrientes\/\",\"url\":\"https:\/\/www.noticiasradioreflejos.com.ar\/2021\/situacion-de-los-brigadistas-de-saldungaray-en-los-incendios-de-corrientes\/\",\"name\":\"Situaci\u00f3n de los Brigadistas de Saldungaray en los incendios de Corrientes - Noticias Radio Reflejos\",\"isPartOf\":{\"@id\":\"https:\/\/www.noticiasradioreflejos.com.ar\/2021\/#website\"},\"primaryImageOfPage\":{\"@id\":\"https:\/\/www.noticiasradioreflejos.com.ar\/2021\/situacion-de-los-brigadistas-de-saldungaray-en-los-incendios-de-corrientes\/#primaryimage\"},\"image\":{\"@id\":\"https:\/\/www.noticiasradioreflejos.com.ar\/2021\/situacion-de-los-brigadistas-de-saldungaray-en-los-incendios-de-corrientes\/#primaryimage\"},\"thumbnailUrl\":\"https:\/\/live.staticflickr.com\/65535\/51892290565_446dccef4d_c.jpg\",\"datePublished\":\"2022-02-19T22:47:10+00:00\",\"dateModified\":\"2022-02-21T11:40:25+00:00\",\"author\":{\"@id\":\"https:\/\/www.noticiasradioreflejos.com.ar\/2021\/#\/schema\/person\/ad82545263dcc5ec0996818884fd5fb1\"},\"breadcrumb\":{\"@id\":\"https:\/\/www.noticiasradioreflejos.com.ar\/2021\/situacion-de-los-brigadistas-de-saldungaray-en-los-incendios-de-corrientes\/#breadcrumb\"},\"inLanguage\":\"es\",\"potentialAction\":[{\"@type\":\"ReadAction\",\"target\":[\"https:\/\/www.noticiasradioreflejos.com.ar\/2021\/situacion-de-los-brigadistas-de-saldungaray-en-los-incendios-de-corrientes\/\"]}]},{\"@type\":\"ImageObject\",\"inLanguage\":\"es\",\"@id\":\"https:\/\/www.noticiasradioreflejos.com.ar\/2021\/situacion-de-los-brigadistas-de-saldungaray-en-los-incendios-de-corrientes\/#primaryimage\",\"url\":\"https:\/\/live.staticflickr.com\/65535\/51892290565_446dccef4d_c.jpg\",\"contentUrl\":\"https:\/\/live.staticflickr.com\/65535\/51892290565_446dccef4d_c.jpg\"},{\"@type\":\"BreadcrumbList\",\"@id\":\"https:\/\/www.noticiasradioreflejos.com.ar\/2021\/situacion-de-los-brigadistas-de-saldungaray-en-los-incendios-de-corrientes\/#breadcrumb\",\"itemListElement\":[{\"@type\":\"ListItem\",\"position\":1,\"name\":\"Portada\",\"item\":\"https:\/\/www.noticiasradioreflejos.com.ar\/2021\/\"},{\"@type\":\"ListItem\",\"position\":2,\"name\":\"Situaci\u00f3n de los Brigadistas de Saldungaray en los incendios de Corrientes\"}]},{\"@type\":\"WebSite\",\"@id\":\"https:\/\/www.noticiasradioreflejos.com.ar\/2021\/#website\",\"url\":\"https:\/\/www.noticiasradioreflejos.com.ar\/2021\/\",\"name\":\"Noticias Radio Reflejos\",\"description\":\"Las noticias de mi comarca\",\"potentialAction\":[{\"@type\":\"SearchAction\",\"target\":{\"@type\":\"EntryPoint\",\"urlTemplate\":\"https:\/\/www.noticiasradioreflejos.com.ar\/2021\/?s={search_term_string}\"},\"query-input\":{\"@type\":\"PropertyValueSpecification\",\"valueRequired\":true,\"valueName\":\"search_term_string\"}}],\"inLanguage\":\"es\"},{\"@type\":\"Person\",\"@id\":\"https:\/\/www.noticiasradioreflejos.com.ar\/2021\/#\/schema\/person\/ad82545263dcc5ec0996818884fd5fb1\",\"name\":\"Arnaldo Botto\",\"image\":{\"@type\":\"ImageObject\",\"inLanguage\":\"es\",\"@id\":\"https:\/\/www.noticiasradioreflejos.com.ar\/2021\/#\/schema\/person\/image\/\",\"url\":\"https:\/\/secure.gravatar.com\/avatar\/55cb5e37c1efa326397366e6974cb338056df65cb50e7d64d1cf314e87504837?s=96&d=mm&r=g\",\"contentUrl\":\"https:\/\/secure.gravatar.com\/avatar\/55cb5e37c1efa326397366e6974cb338056df65cb50e7d64d1cf314e87504837?s=96&d=mm&r=g\",\"caption\":\"Arnaldo Botto\"},\"url\":\"https:\/\/www.noticiasradioreflejos.com.ar\/2021\/author\/arnaldo\/\"}]}<\/script>\n<!-- \/ Yoast SEO plugin. -->","yoast_head_json":{"title":"Situaci\u00f3n de los Brigadistas de Saldungaray en los incendios de Corrientes - Noticias Radio Reflejos","robots":{"index":"index","follow":"follow","max-snippet":"max-snippet:-1","max-image-preview":"max-image-preview:large","max-video-preview":"max-video-preview:-1"},"canonical":"https:\/\/www.noticiasradioreflejos.com.ar\/2021\/situacion-de-los-brigadistas-de-saldungaray-en-los-incendios-de-corrientes\/","og_locale":"es_ES","og_type":"article","og_title":"Situaci\u00f3n de los Brigadistas de Saldungaray en los incendios de Corrientes - Noticias Radio Reflejos","og_description":"El Jefe de Bomberos Voluntarios de Saldungaray informa que la dotaci\u00f3n que esta en Corrientes se encentra trabajando en Santo Tome junto a Cuarteles de diferentes distritos de la provincia de Bs As.","og_url":"https:\/\/www.noticiasradioreflejos.com.ar\/2021\/situacion-de-los-brigadistas-de-saldungaray-en-los-incendios-de-corrientes\/","og_site_name":"Noticias Radio Reflejos","article_published_time":"2022-02-19T22:47:10+00:00","article_modified_time":"2022-02-21T11:40:25+00:00","og_image":[{"url":"https:\/\/live.staticflickr.com\/65535\/51892290565_446dccef4d_c.jpg","type":"","width":"","height":""}],"author":"Arnaldo Botto","twitter_card":"summary_large_image","schema":{"@context":"https:\/\/schema.org","@graph":[{"@type":"WebPage","@id":"https:\/\/www.noticiasradioreflejos.com.ar\/2021\/situacion-de-los-brigadistas-de-saldungaray-en-los-incendios-de-corrientes\/","url":"https:\/\/www.noticiasradioreflejos.com.ar\/2021\/situacion-de-los-brigadistas-de-saldungaray-en-los-incendios-de-corrientes\/","name":"Situaci\u00f3n de los Brigadistas de Saldungaray en los incendios de Corrientes - Noticias Radio Reflejos","isPartOf":{"@id":"https:\/\/www.noticiasradioreflejos.com.ar\/2021\/#website"},"primaryImageOfPage":{"@id":"https:\/\/www.noticiasradioreflejos.com.ar\/2021\/situacion-de-los-brigadistas-de-saldungaray-en-los-incendios-de-corrientes\/#primaryimage"},"image":{"@id":"https:\/\/www.noticiasradioreflejos.com.ar\/2021\/situacion-de-los-brigadistas-de-saldungaray-en-los-incendios-de-corrientes\/#primaryimage"},"thumbnailUrl":"https:\/\/live.staticflickr.com\/65535\/51892290565_446dccef4d_c.jpg","datePublished":"2022-02-19T22:47:10+00:00","dateModified":"2022-02-21T11:40:25+00:00","author":{"@id":"https:\/\/www.noticiasradioreflejos.com.ar\/2021\/#\/schema\/person\/ad82545263dcc5ec0996818884fd5fb1"},"breadcrumb":{"@id":"https:\/\/www.noticiasradioreflejos.com.ar\/2021\/situacion-de-los-brigadistas-de-saldungaray-en-los-incendios-de-corrientes\/#breadcrumb"},"inLanguage":"es","potentialAction":[{"@type":"ReadAction","target":["https:\/\/www.noticiasradioreflejos.com.ar\/2021\/situacion-de-los-brigadistas-de-saldungaray-en-los-incendios-de-corrientes\/"]}]},{"@type":"ImageObject","inLanguage":"es","@id":"https:\/\/www.noticiasradioreflejos.com.ar\/2021\/situacion-de-los-brigadistas-de-saldungaray-en-los-incendios-de-corrientes\/#primaryimage","url":"https:\/\/live.staticflickr.com\/65535\/51892290565_446dccef4d_c.jpg","contentUrl":"https:\/\/live.staticflickr.com\/65535\/51892290565_446dccef4d_c.jpg"},{"@type":"BreadcrumbList","@id":"https:\/\/www.noticiasradioreflejos.com.ar\/2021\/situacion-de-los-brigadistas-de-saldungaray-en-los-incendios-de-corrientes\/#breadcrumb","itemListElement":[{"@type":"ListItem","position":1,"name":"Portada","item":"https:\/\/www.noticiasradioreflejos.com.ar\/2021\/"},{"@type":"ListItem","position":2,"name":"Situaci\u00f3n de los Brigadistas de Saldungaray en los incendios de Corrientes"}]},{"@type":"WebSite","@id":"https:\/\/www.noticiasradioreflejos.com.ar\/2021\/#website","url":"https:\/\/www.noticiasradioreflejos.com.ar\/2021\/","name":"Noticias Radio Reflejos","description":"Las noticias de mi comarca","potentialAction":[{"@type":"SearchAction","target":{"@type":"EntryPoint","urlTemplate":"https:\/\/www.noticiasradioreflejos.com.ar\/2021\/?s={search_term_string}"},"query-input":{"@type":"PropertyValueSpecification","valueRequired":true,"valueName":"search_term_string"}}],"inLanguage":"es"},{"@type":"Person","@id":"https:\/\/www.noticiasradioreflejos.com.ar\/2021\/#\/schema\/person\/ad82545263dcc5ec0996818884fd5fb1","name":"Arnaldo Botto","image":{"@type":"ImageObject","inLanguage":"es","@id":"https:\/\/www.noticiasradioreflejos.com.ar\/2021\/#\/schema\/person\/image\/","url":"https:\/\/secure.gravatar.com\/avatar\/55cb5e37c1efa326397366e6974cb338056df65cb50e7d64d1cf314e87504837?s=96&d=mm&r=g","contentUrl":"https:\/\/secure.gravatar.com\/avatar\/55cb5e37c1efa326397366e6974cb338056df65cb50e7d64d1cf314e87504837?s=96&d=mm&r=g","caption":"Arnaldo Botto"},"url":"https:\/\/www.noticiasradioreflejos.com.ar\/2021\/author\/arnaldo\/"}]}},"_links":{"self":[{"href":"https:\/\/www.noticiasradioreflejos.com.ar\/2021\/wp-json\/wp\/v2\/posts\/68465","targetHints":{"allow":["GET"]}}],"collection":[{"href":"https:\/\/www.noticiasradioreflejos.com.ar\/2021\/wp-json\/wp\/v2\/posts"}],"about":[{"href":"https:\/\/www.noticiasradioreflejos.com.ar\/2021\/wp-json\/wp\/v2\/types\/post"}],"author":[{"embeddable":true,"href":"https:\/\/www.noticiasradioreflejos.com.ar\/2021\/wp-json\/wp\/v2\/users\/3"}],"replies":[{"embeddable":true,"href":"https:\/\/www.noticiasradioreflejos.com.ar\/2021\/wp-json\/wp\/v2\/comments?post=68465"}],"version-history":[{"count":1,"href":"https:\/\/www.noticiasradioreflejos.com.ar\/2021\/wp-json\/wp\/v2\/posts\/68465\/revisions"}],"predecessor-version":[{"id":68467,"href":"https:\/\/www.noticiasradioreflejos.com.ar\/2021\/wp-json\/wp\/v2\/posts\/68465\/revisions\/68467"}],"wp:attachment":[{"href":"https:\/\/www.noticiasradioreflejos.com.ar\/2021\/wp-json\/wp\/v2\/media?parent=68465"}],"wp:term":[{"taxonomy":"category","embeddable":true,"href":"https:\/\/www.noticiasradioreflejos.com.ar\/2021\/wp-json\/wp\/v2\/categories?post=68465"},{"taxonomy":"post_tag","embeddable":true,"href":"https:\/\/www.noticiasradioreflejos.com.ar\/2021\/wp-json\/wp\/v2\/tags?post=68465"}],"curies":[{"name":"wp","href":"https:\/\/api.w.org\/{rel}","templated":true}]}}