{"id":68460,"date":"2022-02-19T22:21:59","date_gmt":"2022-02-19T22:21:59","guid":{"rendered":"http:\/\/www.noticiasradioreflejos.com.ar\/2021\/?p=68460"},"modified":"2022-02-19T22:21:59","modified_gmt":"2022-02-19T22:21:59","slug":"brigadistas-de-distintas-provincias-luchan-contra-el-fuego-en-corrientes","status":"publish","type":"post","link":"https:\/\/www.noticiasradioreflejos.com.ar\/2021\/brigadistas-de-distintas-provincias-luchan-contra-el-fuego-en-corrientes\/","title":{"rendered":"Brigadistas de distintas provincias luchan contra el fuego en Corrientes"},"content":{"rendered":"<p>Helic\u00f3pteros y aviones hidrantes enviados junto a maquinaria pesada por los Ministerios de Ambiente y Desarrollo Sostenible, de Defensa y de Seguridad, bajo la coordinaci\u00f3n del Centro Operativo del Servicio Nacional de Manejo del Fuego (SNMF) libran una batalla minuto a minuto.<!--more--><br \/>\nCubiertos con sus uniformes especiales de pies a cabeza, las unidades se reconocen entre s\u00ed por sus acentos y modismos. Foto: Pepe Mateos.<\/p>\n<p>Con gruesas prendas ign\u00edfugas y m\u00e1scaras que los protegen de las llamas pero los hacen sufrir temperaturas de m\u00e1s de 35 grados, brigadistas de media docena de provincias luchan en extensas jornadas para contener los incendios forestales que ya arrasaron el 9 por ciento de la superficie de Corrientes, coordinados por autoridades naciones en articulaci\u00f3n con las locales.<\/p>\n<p>Este s\u00e1bado eran 17 los focos \u00edgneos en esa provincia y en su combate trabajan brigadistas, helic\u00f3pteros y aviones hidrantes enviados junto a maquinaria pesada por los Ministerios de Ambiente y Desarrollo Sostenible, de Defensa y de Seguridad, bajo la coordinaci\u00f3n del Centro Operativo del Servicio Nacional de Manejo del Fuego (SNMF).<\/p>\n<figure class=\"mb-3\"><img decoding=\"async\" src=\"https:\/\/www.telam.com.ar\/thumbs\/bluesteel\/advf\/imagenes\/2022\/02\/621147df2d19d_900.jpg\" alt=\"Al final de la tarde se escuchan las sirenas y los faros de los transportes con brigadistas que regresan al campamento con uniformes ennegrecidos Foto Pepe Mateos \" width=\"100%\" height=\"100%\" \/><\/figure>\n<div class=\"media-icons\"><\/div>\n<p>Al final de la tarde, se escuchan las sirenas y los faros de los transportes con brigadistas que regresan al campamento con uniformes ennegrecidos. Foto: Pepe Mateos.<\/p>\n<p>Cubiertos con sus uniformes especiales de pies a cabeza, las unidades se reconocen entre s\u00ed por sus acentos y modismos, lo que hace que en la din\u00e1mica de trabajo de la fuerza conjunta que combate las llamas se escuchen indicaciones como \u00ablos cordobeses est\u00e1n combatiendo en tal finca\u00bb o \u00ablos mendocinos van en camino a aquel poblado\u00bb, seg\u00fan observ\u00f3 T\u00e9lam junto a las extensas hileras de fuego.<\/p>\n<p>Con sorprendente tranquilidad, los brigadistas entran caminando en los campos en llamas armados con un \u00abchicote\u00bb o herramientas con las que buscan controlar golpe a golpe y metro a metro focos de incendio que en muchos casos se miden en kil\u00f3metros.<\/p>\n<figure class=\"mb-3\"><img decoding=\"async\" src=\"https:\/\/www.telam.com.ar\/thumbs\/bluesteel\/advf\/imagenes\/2022\/02\/621147df1c53f_900.jpg\" alt=\"Los helicpteros que realizan los ltimos vuelos de cada jornada sobre el atardecer registran cmo mltiples focos de incendio iluminan los resecos esteros y baados como si fuesen las luces de centros urbanosFoto Pepe Mateos \" width=\"100%\" height=\"100%\" \/><\/p>\n<div class=\"media-icons\"><\/div><figcaption>Los helic\u00f3pteros que realizan los \u00faltimos vuelos de cada jornada sobre el atardecer registran c\u00f3mo m\u00faltiples focos de incendio iluminan los resecos esteros y ba\u00f1ados como si fuesen las luces de centros urbanos.Foto: Pepe Mateos.<\/figcaption><\/figure>\n<p>En silencio desaparecen dentro de los bancos de humo y vuelven a reaparecer decenas de metros m\u00e1s adelante, orient\u00e1ndose por el negro camino que les marcan los restos y las cenizas en la provincia declarada este jueves como \u00abzona de cat\u00e1strofe ecol\u00f3gica y ambiental\u00bb por el gobernador Gustavo Vald\u00e9s.<\/p>\n<p>\u00abEn incendios forestales de estas caracter\u00edsticas es muy poco lo que se puede hacer con agua, por eso las mejores herramientas son el &#8216;chicote&#8217; (una especie de rebenque largo y ancho) o los rastrillos que sirven para remover superficies y apagar brasas para tratar de ponerle l\u00edmite al avance del fuego\u00bb, cont\u00f3 a T\u00e9lam durante una pausa de su trabajo Javier, bombero voluntario cordob\u00e9s que integra las brigadas de esa provincia.<\/p>\n<figure class=\"mb-3\"><img decoding=\"async\" src=\"https:\/\/www.telam.com.ar\/thumbs\/bluesteel\/advf\/imagenes\/2022\/02\/621147c155b1d_900.jpg\" alt=\"Los brigadistas entran caminando en los campos en llamas armados con un chicote o herramientas con las que buscan controlar golpe a golpe y metro a metro focos de incendio que en muchos casos se miden en kilmetros Foto Pepe Mateos \" width=\"100%\" height=\"100%\" \/><\/p>\n<div class=\"media-icons\"><\/div><figcaption>Los brigadistas entran caminando en los campos en llamas armados con un \u00abchicote\u00bb o herramientas con las que buscan controlar golpe a golpe y metro a metro focos de incendio que en muchos casos se miden en kil\u00f3metros. Foto: Pepe Mateos.<\/figcaption><\/figure>\n<p>El brigadista explic\u00f3 que la sequ\u00eda hace que el fuego tenga mucho combustible disponible y dificulta el acceso al agua de aviones y autobombas.<\/p>\n<p>Justamente la sequ\u00eda, las altas temperaturas y algunas dificultades log\u00edsticas interfieren en el proceso del combate de los incendios, seg\u00fan indicaron autoridades provinciales y nacionales, que informaron que se espera para el lunes un frente de lluvias que se prolongar\u00e1 durante algunos d\u00edas de acuerdo al relevamiento de sat\u00e9lites meteorol\u00f3gicos.<\/p>\n<figure class=\"mb-3\"><img decoding=\"async\" src=\"https:\/\/www.telam.com.ar\/thumbs\/bluesteel\/advf\/imagenes\/2022\/02\/621147c14813d_900.jpg\" alt=\"La sequa las altas temperaturas y algunas dificultades logsticas interfieren en el proceso del combate de los incendios Foto Pepe Mateos \" width=\"100%\" height=\"100%\" \/><\/p>\n<div class=\"media-icons\"><\/div><figcaption>La sequ\u00eda, las altas temperaturas y algunas dificultades log\u00edsticas interfieren en el proceso del combate de los incendios. Foto: Pepe Mateos.<\/figcaption><\/figure>\n<p>En tanto, Javier, a quienes sus compa\u00f1eros llaman \u00abBurrito\u00bb, explic\u00f3 las dificultades del trabajo de los brigadistas. \u00abLa sequ\u00eda favorece la dispersi\u00f3n de las llamas por lo que cuando terminamos de trabajar sobre un foco levantamos la cabeza y a nuestro alrededor vemos otra decena de columnas de humo creciendo en todas las direcciones\u00bb, afirm\u00f3.<\/p>\n<p>Sobre el arribo de su equipo a Corrientes, dijo que C\u00f3rdoba \u00abtiene regularmente problemas con los incendios forestales y dispone de brigadas especiales\u00bb, por lo que son convocados habitualmente a otras provincias cuando hay incendios, como en este caso, por el Servicio Nacional del Manejo del Fuego (SNMF), dependiente del Ministerio de Ambiente y Desarrollo Sostenible.<\/p>\n<figure class=\"mb-3\"><img decoding=\"async\" src=\"https:\/\/www.telam.com.ar\/thumbs\/bluesteel\/advf\/imagenes\/2022\/02\/621147c139f26_900.jpg\" alt=\"Uno de los brigadistas seala que el viento a veces puede jugar malas pasadas Foto Pepe Mateos \" width=\"100%\" height=\"100%\" \/><\/p>\n<div class=\"media-icons\"><\/div><figcaption>Uno de los brigadistas se\u00f1ala que \u00abel viento a veces puede jugar malas pasadas. Foto: Pepe Mateos.<\/figcaption><\/figure>\n<p>\u00abEn Corrientes no hab\u00eda hasta ahora incendios como este y quiz\u00e1 es por eso que no tienen una unidad de estas caracter\u00edsticas\u00bb, a\u00f1adi\u00f3.<\/p>\n<p>Javier destac\u00f3 el espacio que les dieron en una escuela rural de San Miguel, donde se instal\u00f3 el comando de operaciones de emergencia y conviven 150 brigadistas con 15 veh\u00edculos, entre autobombas, m\u00f3viles de apoyo y un cami\u00f3n operativo del SNMF, adem\u00e1s de helic\u00f3pteros, equipamiento y maquinaria pesada, seg\u00fan la informaci\u00f3n del Gobierno nacional.<\/p>\n<p>\u00abNo es tan com\u00fan tener un espacio as\u00ed cuando salimos a combatir incendios en lugares alejados de grandes ciudades\u00bb, dijo Javier, quien en medio de las dificultades remarc\u00f3 \u00abla camarader\u00eda entre todas las brigadas de las provincias\u00bb que descansan en ese lugar.<\/p>\n<figure class=\"mb-3\"><img decoding=\"async\" src=\"https:\/\/www.telam.com.ar\/thumbs\/bluesteel\/advf\/imagenes\/2022\/02\/621147a173eca_900.jpg\" alt=\"Foto Pepe Mateos \" width=\"100%\" height=\"100%\" \/><\/p>\n<div class=\"media-icons\"><\/div><figcaption>Foto: Pepe Mateos.<\/figcaption><\/figure>\n<p>Con respecto al calor que sufren al enfrentar las llamas con el equipo ign\u00edfugo, con temperaturas superiores a los 35 a\u00f1os en el verano correntino, asegur\u00f3 que \u00abnos protegen del fuego y necesitamos usarlo siempre\u00bb, aunque en su caso el fuego le dejara un agujero sobre el brazo derecho del uniforme.<\/p>\n<p>\u00abEl viento a veces puede jugar malas pasadas y tambi\u00e9n hay situaciones en las que para frenar al fuego hay que enfrentarlo muy de cerca, nos toc\u00f3 combatir un foco que amenazaba con consumir una casa y en un cambi\u00f3 de direcci\u00f3n del viento se nos vino encima; gracias a Dios fue s\u00f3lo la prenda\u00bb, cont\u00f3 casi como una an\u00e9cdota.<\/p>\n<figure class=\"mb-3\"><img decoding=\"async\" src=\"https:\/\/www.telam.com.ar\/thumbs\/bluesteel\/advf\/imagenes\/2022\/02\/621147a1674cd_900.jpg\" alt=\"Foto Pepe Mateos \" width=\"100%\" height=\"100%\" \/><\/p>\n<div class=\"media-icons\"><\/div><figcaption>Foto: Pepe Mateos.<\/figcaption><\/figure>\n<p>En el centro de mando y base de operaciones que las autoridades de los ministerios de Ambiente y Defensa montaron en la escuela rural es com\u00fan ver a brigadistas compartir informaci\u00f3n sobre sus veh\u00edculos y herramientas, narraciones de despliegues anteriores y preocupaciones por las lluvias que todos ans\u00edan.<\/p>\n<p>Los helic\u00f3pteros que realizan los \u00faltimos vuelos de cada jornada sobre el atardecer registran c\u00f3mo m\u00faltiples focos de incendio iluminan los resecos esteros y ba\u00f1ados como si fuesen las luces de centros urbanos.<\/p>\n<p>Al final de la tarde, se escuchan las sirenas y los faros de los transportes con brigadistas que regresan al campamento con uniformes ennegrecidos, junto a sus voces que tratan de identificar la direcci\u00f3n del viento para saber cu\u00e1l ser\u00e1 el frente de batalla que deber\u00e1n enfrentar a la ma\u00f1ana siguiente.<\/p>\n<p>&nbsp;<\/p>\n<p><em><strong>POR JULIO MOSLE para Telam<\/strong><\/em><\/p>\n","protected":false},"excerpt":{"rendered":"<p>Helic\u00f3pteros y aviones hidrantes enviados junto a maquinaria pesada por los Ministerios de Ambiente y Desarrollo Sostenible, de Defensa y de Seguridad, bajo la coordinaci\u00f3n del Centro Operativo del Servicio Nacional de Manejo del Fuego (SNMF) libran una batalla minuto a minuto.<\/p>\n","protected":false},"author":3,"featured_media":0,"comment_status":"closed","ping_status":"closed","sticky":false,"template":"","format":"standard","meta":{"footnotes":""},"categories":[24,26],"tags":[],"class_list":["post-68460","post","type-post","status-publish","format-standard","hentry","category-politica","category-sociedad"],"yoast_head":"<!-- This site is optimized with the Yoast SEO plugin v25.9 - https:\/\/yoast.com\/wordpress\/plugins\/seo\/ -->\n<title>Brigadistas de distintas provincias luchan contra el fuego en Corrientes - Noticias Radio Reflejos<\/title>\n<meta name=\"robots\" content=\"index, follow, max-snippet:-1, max-image-preview:large, max-video-preview:-1\" \/>\n<link rel=\"canonical\" href=\"https:\/\/www.noticiasradioreflejos.com.ar\/2021\/brigadistas-de-distintas-provincias-luchan-contra-el-fuego-en-corrientes\/\" \/>\n<meta property=\"og:locale\" content=\"es_ES\" \/>\n<meta property=\"og:type\" content=\"article\" \/>\n<meta property=\"og:title\" content=\"Brigadistas de distintas provincias luchan contra el fuego en Corrientes - Noticias Radio Reflejos\" \/>\n<meta property=\"og:description\" content=\"Helic\u00f3pteros y aviones hidrantes enviados junto a maquinaria pesada por los Ministerios de Ambiente y Desarrollo Sostenible, de Defensa y de Seguridad, bajo la coordinaci\u00f3n del Centro Operativo del Servicio Nacional de Manejo del Fuego (SNMF) libran una batalla minuto a minuto.\" \/>\n<meta property=\"og:url\" content=\"https:\/\/www.noticiasradioreflejos.com.ar\/2021\/brigadistas-de-distintas-provincias-luchan-contra-el-fuego-en-corrientes\/\" \/>\n<meta property=\"og:site_name\" content=\"Noticias Radio Reflejos\" \/>\n<meta property=\"article:published_time\" content=\"2022-02-19T22:21:59+00:00\" \/>\n<meta property=\"og:image\" content=\"https:\/\/www.telam.com.ar\/thumbs\/bluesteel\/advf\/imagenes\/2022\/02\/621147df2d19d_900.jpg\" \/>\n<meta name=\"author\" content=\"Arnaldo Botto\" \/>\n<meta name=\"twitter:card\" content=\"summary_large_image\" \/>\n<script type=\"application\/ld+json\" class=\"yoast-schema-graph\">{\"@context\":\"https:\/\/schema.org\",\"@graph\":[{\"@type\":\"WebPage\",\"@id\":\"https:\/\/www.noticiasradioreflejos.com.ar\/2021\/brigadistas-de-distintas-provincias-luchan-contra-el-fuego-en-corrientes\/\",\"url\":\"https:\/\/www.noticiasradioreflejos.com.ar\/2021\/brigadistas-de-distintas-provincias-luchan-contra-el-fuego-en-corrientes\/\",\"name\":\"Brigadistas de distintas provincias luchan contra el fuego en Corrientes - Noticias Radio Reflejos\",\"isPartOf\":{\"@id\":\"https:\/\/www.noticiasradioreflejos.com.ar\/2021\/#website\"},\"primaryImageOfPage\":{\"@id\":\"https:\/\/www.noticiasradioreflejos.com.ar\/2021\/brigadistas-de-distintas-provincias-luchan-contra-el-fuego-en-corrientes\/#primaryimage\"},\"image\":{\"@id\":\"https:\/\/www.noticiasradioreflejos.com.ar\/2021\/brigadistas-de-distintas-provincias-luchan-contra-el-fuego-en-corrientes\/#primaryimage\"},\"thumbnailUrl\":\"https:\/\/www.telam.com.ar\/thumbs\/bluesteel\/advf\/imagenes\/2022\/02\/621147df2d19d_900.jpg\",\"datePublished\":\"2022-02-19T22:21:59+00:00\",\"author\":{\"@id\":\"https:\/\/www.noticiasradioreflejos.com.ar\/2021\/#\/schema\/person\/ad82545263dcc5ec0996818884fd5fb1\"},\"breadcrumb\":{\"@id\":\"https:\/\/www.noticiasradioreflejos.com.ar\/2021\/brigadistas-de-distintas-provincias-luchan-contra-el-fuego-en-corrientes\/#breadcrumb\"},\"inLanguage\":\"es\",\"potentialAction\":[{\"@type\":\"ReadAction\",\"target\":[\"https:\/\/www.noticiasradioreflejos.com.ar\/2021\/brigadistas-de-distintas-provincias-luchan-contra-el-fuego-en-corrientes\/\"]}]},{\"@type\":\"ImageObject\",\"inLanguage\":\"es\",\"@id\":\"https:\/\/www.noticiasradioreflejos.com.ar\/2021\/brigadistas-de-distintas-provincias-luchan-contra-el-fuego-en-corrientes\/#primaryimage\",\"url\":\"https:\/\/www.telam.com.ar\/thumbs\/bluesteel\/advf\/imagenes\/2022\/02\/621147df2d19d_900.jpg\",\"contentUrl\":\"https:\/\/www.telam.com.ar\/thumbs\/bluesteel\/advf\/imagenes\/2022\/02\/621147df2d19d_900.jpg\"},{\"@type\":\"BreadcrumbList\",\"@id\":\"https:\/\/www.noticiasradioreflejos.com.ar\/2021\/brigadistas-de-distintas-provincias-luchan-contra-el-fuego-en-corrientes\/#breadcrumb\",\"itemListElement\":[{\"@type\":\"ListItem\",\"position\":1,\"name\":\"Portada\",\"item\":\"https:\/\/www.noticiasradioreflejos.com.ar\/2021\/\"},{\"@type\":\"ListItem\",\"position\":2,\"name\":\"Brigadistas de distintas provincias luchan contra el fuego en Corrientes\"}]},{\"@type\":\"WebSite\",\"@id\":\"https:\/\/www.noticiasradioreflejos.com.ar\/2021\/#website\",\"url\":\"https:\/\/www.noticiasradioreflejos.com.ar\/2021\/\",\"name\":\"Noticias Radio Reflejos\",\"description\":\"Las noticias de mi comarca\",\"potentialAction\":[{\"@type\":\"SearchAction\",\"target\":{\"@type\":\"EntryPoint\",\"urlTemplate\":\"https:\/\/www.noticiasradioreflejos.com.ar\/2021\/?s={search_term_string}\"},\"query-input\":{\"@type\":\"PropertyValueSpecification\",\"valueRequired\":true,\"valueName\":\"search_term_string\"}}],\"inLanguage\":\"es\"},{\"@type\":\"Person\",\"@id\":\"https:\/\/www.noticiasradioreflejos.com.ar\/2021\/#\/schema\/person\/ad82545263dcc5ec0996818884fd5fb1\",\"name\":\"Arnaldo Botto\",\"image\":{\"@type\":\"ImageObject\",\"inLanguage\":\"es\",\"@id\":\"https:\/\/www.noticiasradioreflejos.com.ar\/2021\/#\/schema\/person\/image\/\",\"url\":\"https:\/\/secure.gravatar.com\/avatar\/55cb5e37c1efa326397366e6974cb338056df65cb50e7d64d1cf314e87504837?s=96&d=mm&r=g\",\"contentUrl\":\"https:\/\/secure.gravatar.com\/avatar\/55cb5e37c1efa326397366e6974cb338056df65cb50e7d64d1cf314e87504837?s=96&d=mm&r=g\",\"caption\":\"Arnaldo Botto\"},\"url\":\"https:\/\/www.noticiasradioreflejos.com.ar\/2021\/author\/arnaldo\/\"}]}<\/script>\n<!-- \/ Yoast SEO plugin. -->","yoast_head_json":{"title":"Brigadistas de distintas provincias luchan contra el fuego en Corrientes - Noticias Radio Reflejos","robots":{"index":"index","follow":"follow","max-snippet":"max-snippet:-1","max-image-preview":"max-image-preview:large","max-video-preview":"max-video-preview:-1"},"canonical":"https:\/\/www.noticiasradioreflejos.com.ar\/2021\/brigadistas-de-distintas-provincias-luchan-contra-el-fuego-en-corrientes\/","og_locale":"es_ES","og_type":"article","og_title":"Brigadistas de distintas provincias luchan contra el fuego en Corrientes - Noticias Radio Reflejos","og_description":"Helic\u00f3pteros y aviones hidrantes enviados junto a maquinaria pesada por los Ministerios de Ambiente y Desarrollo Sostenible, de Defensa y de Seguridad, bajo la coordinaci\u00f3n del Centro Operativo del Servicio Nacional de Manejo del Fuego (SNMF) libran una batalla minuto a minuto.","og_url":"https:\/\/www.noticiasradioreflejos.com.ar\/2021\/brigadistas-de-distintas-provincias-luchan-contra-el-fuego-en-corrientes\/","og_site_name":"Noticias Radio Reflejos","article_published_time":"2022-02-19T22:21:59+00:00","og_image":[{"url":"https:\/\/www.telam.com.ar\/thumbs\/bluesteel\/advf\/imagenes\/2022\/02\/621147df2d19d_900.jpg","type":"","width":"","height":""}],"author":"Arnaldo Botto","twitter_card":"summary_large_image","schema":{"@context":"https:\/\/schema.org","@graph":[{"@type":"WebPage","@id":"https:\/\/www.noticiasradioreflejos.com.ar\/2021\/brigadistas-de-distintas-provincias-luchan-contra-el-fuego-en-corrientes\/","url":"https:\/\/www.noticiasradioreflejos.com.ar\/2021\/brigadistas-de-distintas-provincias-luchan-contra-el-fuego-en-corrientes\/","name":"Brigadistas de distintas provincias luchan contra el fuego en Corrientes - Noticias Radio Reflejos","isPartOf":{"@id":"https:\/\/www.noticiasradioreflejos.com.ar\/2021\/#website"},"primaryImageOfPage":{"@id":"https:\/\/www.noticiasradioreflejos.com.ar\/2021\/brigadistas-de-distintas-provincias-luchan-contra-el-fuego-en-corrientes\/#primaryimage"},"image":{"@id":"https:\/\/www.noticiasradioreflejos.com.ar\/2021\/brigadistas-de-distintas-provincias-luchan-contra-el-fuego-en-corrientes\/#primaryimage"},"thumbnailUrl":"https:\/\/www.telam.com.ar\/thumbs\/bluesteel\/advf\/imagenes\/2022\/02\/621147df2d19d_900.jpg","datePublished":"2022-02-19T22:21:59+00:00","author":{"@id":"https:\/\/www.noticiasradioreflejos.com.ar\/2021\/#\/schema\/person\/ad82545263dcc5ec0996818884fd5fb1"},"breadcrumb":{"@id":"https:\/\/www.noticiasradioreflejos.com.ar\/2021\/brigadistas-de-distintas-provincias-luchan-contra-el-fuego-en-corrientes\/#breadcrumb"},"inLanguage":"es","potentialAction":[{"@type":"ReadAction","target":["https:\/\/www.noticiasradioreflejos.com.ar\/2021\/brigadistas-de-distintas-provincias-luchan-contra-el-fuego-en-corrientes\/"]}]},{"@type":"ImageObject","inLanguage":"es","@id":"https:\/\/www.noticiasradioreflejos.com.ar\/2021\/brigadistas-de-distintas-provincias-luchan-contra-el-fuego-en-corrientes\/#primaryimage","url":"https:\/\/www.telam.com.ar\/thumbs\/bluesteel\/advf\/imagenes\/2022\/02\/621147df2d19d_900.jpg","contentUrl":"https:\/\/www.telam.com.ar\/thumbs\/bluesteel\/advf\/imagenes\/2022\/02\/621147df2d19d_900.jpg"},{"@type":"BreadcrumbList","@id":"https:\/\/www.noticiasradioreflejos.com.ar\/2021\/brigadistas-de-distintas-provincias-luchan-contra-el-fuego-en-corrientes\/#breadcrumb","itemListElement":[{"@type":"ListItem","position":1,"name":"Portada","item":"https:\/\/www.noticiasradioreflejos.com.ar\/2021\/"},{"@type":"ListItem","position":2,"name":"Brigadistas de distintas provincias luchan contra el fuego en Corrientes"}]},{"@type":"WebSite","@id":"https:\/\/www.noticiasradioreflejos.com.ar\/2021\/#website","url":"https:\/\/www.noticiasradioreflejos.com.ar\/2021\/","name":"Noticias Radio Reflejos","description":"Las noticias de mi comarca","potentialAction":[{"@type":"SearchAction","target":{"@type":"EntryPoint","urlTemplate":"https:\/\/www.noticiasradioreflejos.com.ar\/2021\/?s={search_term_string}"},"query-input":{"@type":"PropertyValueSpecification","valueRequired":true,"valueName":"search_term_string"}}],"inLanguage":"es"},{"@type":"Person","@id":"https:\/\/www.noticiasradioreflejos.com.ar\/2021\/#\/schema\/person\/ad82545263dcc5ec0996818884fd5fb1","name":"Arnaldo Botto","image":{"@type":"ImageObject","inLanguage":"es","@id":"https:\/\/www.noticiasradioreflejos.com.ar\/2021\/#\/schema\/person\/image\/","url":"https:\/\/secure.gravatar.com\/avatar\/55cb5e37c1efa326397366e6974cb338056df65cb50e7d64d1cf314e87504837?s=96&d=mm&r=g","contentUrl":"https:\/\/secure.gravatar.com\/avatar\/55cb5e37c1efa326397366e6974cb338056df65cb50e7d64d1cf314e87504837?s=96&d=mm&r=g","caption":"Arnaldo Botto"},"url":"https:\/\/www.noticiasradioreflejos.com.ar\/2021\/author\/arnaldo\/"}]}},"_links":{"self":[{"href":"https:\/\/www.noticiasradioreflejos.com.ar\/2021\/wp-json\/wp\/v2\/posts\/68460","targetHints":{"allow":["GET"]}}],"collection":[{"href":"https:\/\/www.noticiasradioreflejos.com.ar\/2021\/wp-json\/wp\/v2\/posts"}],"about":[{"href":"https:\/\/www.noticiasradioreflejos.com.ar\/2021\/wp-json\/wp\/v2\/types\/post"}],"author":[{"embeddable":true,"href":"https:\/\/www.noticiasradioreflejos.com.ar\/2021\/wp-json\/wp\/v2\/users\/3"}],"replies":[{"embeddable":true,"href":"https:\/\/www.noticiasradioreflejos.com.ar\/2021\/wp-json\/wp\/v2\/comments?post=68460"}],"version-history":[{"count":1,"href":"https:\/\/www.noticiasradioreflejos.com.ar\/2021\/wp-json\/wp\/v2\/posts\/68460\/revisions"}],"predecessor-version":[{"id":68462,"href":"https:\/\/www.noticiasradioreflejos.com.ar\/2021\/wp-json\/wp\/v2\/posts\/68460\/revisions\/68462"}],"wp:attachment":[{"href":"https:\/\/www.noticiasradioreflejos.com.ar\/2021\/wp-json\/wp\/v2\/media?parent=68460"}],"wp:term":[{"taxonomy":"category","embeddable":true,"href":"https:\/\/www.noticiasradioreflejos.com.ar\/2021\/wp-json\/wp\/v2\/categories?post=68460"},{"taxonomy":"post_tag","embeddable":true,"href":"https:\/\/www.noticiasradioreflejos.com.ar\/2021\/wp-json\/wp\/v2\/tags?post=68460"}],"curies":[{"name":"wp","href":"https:\/\/api.w.org\/{rel}","templated":true}]}}