{"id":68457,"date":"2022-02-19T22:14:27","date_gmt":"2022-02-19T22:14:27","guid":{"rendered":"http:\/\/www.noticiasradioreflejos.com.ar\/2021\/?p=68457"},"modified":"2022-02-19T22:14:27","modified_gmt":"2022-02-19T22:14:27","slug":"el-gobierno-bonaerense-abre-lineas-de-respaldo-tecnico-y-economico-para-cooperativas","status":"publish","type":"post","link":"https:\/\/www.noticiasradioreflejos.com.ar\/2021\/el-gobierno-bonaerense-abre-lineas-de-respaldo-tecnico-y-economico-para-cooperativas\/","title":{"rendered":"El gobierno bonaerense abre l\u00edneas de respaldo t\u00e9cnico y econ\u00f3mico para Cooperativas"},"content":{"rendered":"<section class=\"elementor-section elementor-top-section elementor-element elementor-element-2d4a2987 elementor-section-full_width elementor-section-height-default elementor-section-height-default\" data-id=\"2d4a2987\" data-element_type=\"section\">\n<div class=\"elementor-container elementor-column-gap-default\">\n<div class=\"elementor-column elementor-col-100 elementor-top-column elementor-element elementor-element-7c8459b6\" data-id=\"7c8459b6\" data-element_type=\"column\">\n<div class=\"elementor-widget-wrap elementor-element-populated\">\n<div class=\"elementor-element elementor-element-f21cf74 elementor-widget elementor-widget-jet-listing-dynamic-field\" data-id=\"f21cf74\" data-element_type=\"widget\" data-widget_type=\"jet-listing-dynamic-field.default\">\n<div class=\"elementor-widget-container\">\n<div class=\"jet-listing jet-listing-dynamic-field display-inline\">\n<div class=\"jet-listing-dynamic-field__inline-wrap\">\n<div class=\"jet-listing-dynamic-field__content\"><\/div>\n<\/div>\n<\/div>\n<\/div>\n<\/div>\n<\/div>\n<\/div>\n<\/div>\n<\/section>\n<section class=\"elementor-section elementor-top-section elementor-element elementor-element-349061c elementor-section-full_width elementor-section-height-default elementor-section-height-default\" data-id=\"349061c\" data-element_type=\"section\">\n<div class=\"elementor-container elementor-column-gap-default\">\n<div class=\"elementor-column elementor-col-100 elementor-top-column elementor-element elementor-element-59997914\" data-id=\"59997914\" data-element_type=\"column\">\n<div class=\"elementor-widget-wrap elementor-element-populated\">\n<div class=\"elementor-element elementor-element-8b05934 elementor-widget elementor-widget-jet-listing-dynamic-field\" data-id=\"8b05934\" data-element_type=\"widget\" data-widget_type=\"jet-listing-dynamic-field.default\">\n<div class=\"elementor-widget-container\">\n<div class=\"jet-listing jet-listing-dynamic-field display-inline\">\n<div class=\"jet-listing-dynamic-field__inline-wrap\">\n<div class=\"jet-listing-dynamic-field__content\">La nueva convocatoria incluye l\u00edneas de cr\u00e9dito, capacitaciones y sellos de reconocimiento a la calidad seg\u00fan est\u00e1ndares sociales y productivos.<\/div>\n<\/div>\n<\/div>\n<\/div>\n<\/div>\n<\/div>\n<\/div>\n<\/div>\n<\/section>\n<p><!--more--><\/p>\n<section class=\"elementor-section elementor-top-section elementor-element elementor-element-cb3b66d elementor-section-full_width elementor-section-height-default elementor-section-height-default\" data-id=\"cb3b66d\" data-element_type=\"section\">\n<div class=\"elementor-container elementor-column-gap-default\">\n<div class=\"elementor-column elementor-col-100 elementor-top-column elementor-element elementor-element-c9f06a1\" data-id=\"c9f06a1\" data-element_type=\"column\">\n<div class=\"elementor-widget-wrap\"><\/div>\n<\/div>\n<\/div>\n<\/section>\n<section class=\"elementor-section elementor-top-section elementor-element elementor-element-0257341 elementor-section-full_width elementor-section-height-default elementor-section-height-default\" data-id=\"0257341\" data-element_type=\"section\">\n<div class=\"elementor-container elementor-column-gap-default\">\n<div class=\"elementor-column elementor-col-50 elementor-top-column elementor-element elementor-element-e60424b\" data-id=\"e60424b\" data-element_type=\"column\">\n<div class=\"elementor-widget-wrap elementor-element-populated\">\n<div class=\"elementor-element elementor-element-128aff1 elementor-widget elementor-widget-jet-listing-dynamic-image\" data-id=\"128aff1\" data-element_type=\"widget\" data-widget_type=\"jet-listing-dynamic-image.default\">\n<div class=\"elementor-widget-container\">\n<div class=\"jet-listing jet-listing-dynamic-image\"><img loading=\"lazy\" decoding=\"async\" class=\"attachment-medium_large size-medium_large wp-post-image\" src=\"https:\/\/i0.wp.com\/cooperativas.com.ar\/wp-content\/uploads\/2022\/02\/PBA-abre-lineas-de-respaldo-tecnico-y-economico-para-Cooperativas.jpeg?fit=768%2C513&amp;ssl=1\" sizes=\"auto, (max-width: 768px) 100vw, 768px\" srcset=\"https:\/\/i0.wp.com\/cooperativas.com.ar\/wp-content\/uploads\/2022\/02\/PBA-abre-lineas-de-respaldo-tecnico-y-economico-para-Cooperativas.jpeg?w=800&amp;ssl=1 800w, https:\/\/i0.wp.com\/cooperativas.com.ar\/wp-content\/uploads\/2022\/02\/PBA-abre-lineas-de-respaldo-tecnico-y-economico-para-Cooperativas.jpeg?resize=300%2C200&amp;ssl=1 300w, https:\/\/i0.wp.com\/cooperativas.com.ar\/wp-content\/uploads\/2022\/02\/PBA-abre-lineas-de-respaldo-tecnico-y-economico-para-Cooperativas.jpeg?resize=768%2C513&amp;ssl=1 768w\" alt=\"El gobierno bonaerense abre l\u00edneas de respaldo t\u00e9cnico y econ\u00f3mico para Cooperativas\" width=\"768\" height=\"513\" \/><\/div>\n<\/div>\n<\/div>\n<div class=\"elementor-element elementor-element-af3a2a0 elementor-widget elementor-widget-jet-listing-dynamic-terms\" data-id=\"af3a2a0\" data-element_type=\"widget\" data-widget_type=\"jet-listing-dynamic-terms.default\">\n<div class=\"elementor-widget-container\">\n<div class=\"jet-listing jet-listing-dynamic-terms\"><span class=\"jet-listing-dynamic-terms__prefix\">Categor\u00eda:\u00a0<\/span><a class=\"jet-listing-dynamic-terms__link\" href=\"https:\/\/cooperativas.com.ar\/category\/buenos-aires\/\">Buenos Aires<\/a><\/div>\n<\/div>\n<\/div>\n<div class=\"elementor-element elementor-element-019e5db elementor-widget elementor-widget-jet-listing-dynamic-field\" data-id=\"019e5db\" data-element_type=\"widget\" data-widget_type=\"jet-listing-dynamic-field.default\">\n<div class=\"elementor-widget-container\">\n<div class=\"jet-listing jet-listing-dynamic-field display-inline\">\n<div class=\"jet-listing-dynamic-field__inline-wrap\">\n<div class=\"jet-listing-dynamic-field__content\">\n<p>El Ministerio de Producci\u00f3n, Ciencia e Innovaci\u00f3n Tecnol\u00f3gica de la provincia de Buenos Aires reabre sus l\u00edneas de financiamiento, de est\u00edmulo y de asistencia t\u00e9cnica para cooperativas bonaerenses, como parte del programa provincial Cooperativas en Marcha, de incentivo y respaldo al movimiento cooperativo.<\/p>\n<p>En el contexto de las distintas pol\u00edticas productivas impulsadas por el gobernador Axel Kicillof, junto al ministro de Producci\u00f3n, Ciencia e Innovaci\u00f3n Tecnol\u00f3gica bonaerense, Augusto Costa, dos nuevas convocatorias permanecer\u00e1n abiertas hasta el 18 de marzo.<\/p>\n<p>Se trata de, por un lado, la tercera edici\u00f3n de Impulso Cooperativo, la l\u00ednea de financiamiento para proyectos productivos de cooperativas de trabajo, con tope de dos millones de pesos. Y por otro, de la tercera edici\u00f3n del sello de Reconocimiento a la Calidad Cooperativa (RECC), una certificaci\u00f3n de calidad provincial que se entrega a las cooperativas que alcancen determinados est\u00e1ndares productivos, sociales e institucionales, contando con el reconocimiento de sus clientes, socios y socias.<\/p>\n<p>En tanto, contin\u00faan disponibles de forma permanente las l\u00edneas de cr\u00e9ditos BACoope, con montos que este a\u00f1o ascienden hasta quince millones de pesos para capital de trabajo y proyectos de inversi\u00f3n de cooperativas, con tasas que pueden oscilar entre un 14% y 22%.<\/p>\n<p>Adem\u00e1s, todos los meses se lleva adelante Primeros Pasos Cooperativos, un programa de capacitaci\u00f3n y asesoramiento t\u00e9cnico para fortalecer la gesti\u00f3n de las cooperativas de trabajo.<\/p>\n<blockquote class=\"wp-block-quote\"><p>Toda la informaci\u00f3n sobre las distintas l\u00edneas del programa Cooperativas en Marcha y links de pre-inscripci\u00f3n se encuentra en el sitio del\u00a0<a href=\"https:\/\/www.gba.gob.ar\/produccion\/areas_de_trabajo\/cooperativas\" target=\"_blank\" rel=\"noreferrer noopener\">Ministerio de Producci\u00f3n, Ciencia e Innovaci\u00f3n Tecnol\u00f3gica bonaerense<\/a>.<\/p><\/blockquote>\n<p class=\"has-small-font-size\"><em>Fuente:\u00a0<a href=\"https:\/\/www.gba.gob.ar\/produccion\/noticias\/la_provincia_abre_l%C3%ADneas_de_respaldo_t%C3%A9cnico_y_econ%C3%B3mico_para_cooperativas\" target=\"_blank\" rel=\"noreferrer noopener\">Prensa Ministerio de Producci\u00f3n PBA<\/a>.<\/em><\/p>\n<\/div>\n<\/div>\n<\/div>\n<\/div>\n<\/div>\n<\/div>\n<\/div>\n<\/div>\n<\/section>\n","protected":false},"excerpt":{"rendered":"<p>La nueva convocatoria incluye l\u00edneas de cr\u00e9dito, capacitaciones y sellos de reconocimiento a la calidad seg\u00fan est\u00e1ndares sociales y productivos.<\/p>\n","protected":false},"author":3,"featured_media":0,"comment_status":"closed","ping_status":"closed","sticky":false,"template":"","format":"standard","meta":{"footnotes":""},"categories":[36,24],"tags":[],"class_list":["post-68457","post","type-post","status-publish","format-standard","hentry","category-economia","category-politica"],"yoast_head":"<!-- This site is optimized with the Yoast SEO plugin v25.9 - https:\/\/yoast.com\/wordpress\/plugins\/seo\/ -->\n<title>El gobierno bonaerense abre l\u00edneas de respaldo t\u00e9cnico y econ\u00f3mico para Cooperativas - Noticias Radio Reflejos<\/title>\n<meta name=\"robots\" content=\"index, follow, max-snippet:-1, max-image-preview:large, max-video-preview:-1\" \/>\n<link rel=\"canonical\" href=\"https:\/\/www.noticiasradioreflejos.com.ar\/2021\/el-gobierno-bonaerense-abre-lineas-de-respaldo-tecnico-y-economico-para-cooperativas\/\" \/>\n<meta property=\"og:locale\" content=\"es_ES\" \/>\n<meta property=\"og:type\" content=\"article\" \/>\n<meta property=\"og:title\" content=\"El gobierno bonaerense abre l\u00edneas de respaldo t\u00e9cnico y econ\u00f3mico para Cooperativas - Noticias Radio Reflejos\" \/>\n<meta property=\"og:description\" content=\"La nueva convocatoria incluye l\u00edneas de cr\u00e9dito, capacitaciones y sellos de reconocimiento a la calidad seg\u00fan est\u00e1ndares sociales y productivos.\" \/>\n<meta property=\"og:url\" content=\"https:\/\/www.noticiasradioreflejos.com.ar\/2021\/el-gobierno-bonaerense-abre-lineas-de-respaldo-tecnico-y-economico-para-cooperativas\/\" \/>\n<meta property=\"og:site_name\" content=\"Noticias Radio Reflejos\" \/>\n<meta property=\"article:published_time\" content=\"2022-02-19T22:14:27+00:00\" \/>\n<meta property=\"og:image\" content=\"https:\/\/i0.wp.com\/cooperativas.com.ar\/wp-content\/uploads\/2022\/02\/PBA-abre-lineas-de-respaldo-tecnico-y-economico-para-Cooperativas.jpeg?fit=768%2C513&amp;ssl=1\" \/>\n<meta name=\"author\" content=\"Arnaldo Botto\" \/>\n<meta name=\"twitter:card\" content=\"summary_large_image\" \/>\n<script type=\"application\/ld+json\" class=\"yoast-schema-graph\">{\"@context\":\"https:\/\/schema.org\",\"@graph\":[{\"@type\":\"WebPage\",\"@id\":\"https:\/\/www.noticiasradioreflejos.com.ar\/2021\/el-gobierno-bonaerense-abre-lineas-de-respaldo-tecnico-y-economico-para-cooperativas\/\",\"url\":\"https:\/\/www.noticiasradioreflejos.com.ar\/2021\/el-gobierno-bonaerense-abre-lineas-de-respaldo-tecnico-y-economico-para-cooperativas\/\",\"name\":\"El gobierno bonaerense abre l\u00edneas de respaldo t\u00e9cnico y econ\u00f3mico para Cooperativas - Noticias Radio Reflejos\",\"isPartOf\":{\"@id\":\"https:\/\/www.noticiasradioreflejos.com.ar\/2021\/#website\"},\"primaryImageOfPage\":{\"@id\":\"https:\/\/www.noticiasradioreflejos.com.ar\/2021\/el-gobierno-bonaerense-abre-lineas-de-respaldo-tecnico-y-economico-para-cooperativas\/#primaryimage\"},\"image\":{\"@id\":\"https:\/\/www.noticiasradioreflejos.com.ar\/2021\/el-gobierno-bonaerense-abre-lineas-de-respaldo-tecnico-y-economico-para-cooperativas\/#primaryimage\"},\"thumbnailUrl\":\"https:\/\/i0.wp.com\/cooperativas.com.ar\/wp-content\/uploads\/2022\/02\/PBA-abre-lineas-de-respaldo-tecnico-y-economico-para-Cooperativas.jpeg?fit=768%2C513&amp;ssl=1\",\"datePublished\":\"2022-02-19T22:14:27+00:00\",\"author\":{\"@id\":\"https:\/\/www.noticiasradioreflejos.com.ar\/2021\/#\/schema\/person\/ad82545263dcc5ec0996818884fd5fb1\"},\"breadcrumb\":{\"@id\":\"https:\/\/www.noticiasradioreflejos.com.ar\/2021\/el-gobierno-bonaerense-abre-lineas-de-respaldo-tecnico-y-economico-para-cooperativas\/#breadcrumb\"},\"inLanguage\":\"es\",\"potentialAction\":[{\"@type\":\"ReadAction\",\"target\":[\"https:\/\/www.noticiasradioreflejos.com.ar\/2021\/el-gobierno-bonaerense-abre-lineas-de-respaldo-tecnico-y-economico-para-cooperativas\/\"]}]},{\"@type\":\"ImageObject\",\"inLanguage\":\"es\",\"@id\":\"https:\/\/www.noticiasradioreflejos.com.ar\/2021\/el-gobierno-bonaerense-abre-lineas-de-respaldo-tecnico-y-economico-para-cooperativas\/#primaryimage\",\"url\":\"https:\/\/i0.wp.com\/cooperativas.com.ar\/wp-content\/uploads\/2022\/02\/PBA-abre-lineas-de-respaldo-tecnico-y-economico-para-Cooperativas.jpeg?fit=768%2C513&amp;ssl=1\",\"contentUrl\":\"https:\/\/i0.wp.com\/cooperativas.com.ar\/wp-content\/uploads\/2022\/02\/PBA-abre-lineas-de-respaldo-tecnico-y-economico-para-Cooperativas.jpeg?fit=768%2C513&amp;ssl=1\"},{\"@type\":\"BreadcrumbList\",\"@id\":\"https:\/\/www.noticiasradioreflejos.com.ar\/2021\/el-gobierno-bonaerense-abre-lineas-de-respaldo-tecnico-y-economico-para-cooperativas\/#breadcrumb\",\"itemListElement\":[{\"@type\":\"ListItem\",\"position\":1,\"name\":\"Portada\",\"item\":\"https:\/\/www.noticiasradioreflejos.com.ar\/2021\/\"},{\"@type\":\"ListItem\",\"position\":2,\"name\":\"El gobierno bonaerense abre l\u00edneas de respaldo t\u00e9cnico y econ\u00f3mico para Cooperativas\"}]},{\"@type\":\"WebSite\",\"@id\":\"https:\/\/www.noticiasradioreflejos.com.ar\/2021\/#website\",\"url\":\"https:\/\/www.noticiasradioreflejos.com.ar\/2021\/\",\"name\":\"Noticias Radio Reflejos\",\"description\":\"Las noticias de mi comarca\",\"potentialAction\":[{\"@type\":\"SearchAction\",\"target\":{\"@type\":\"EntryPoint\",\"urlTemplate\":\"https:\/\/www.noticiasradioreflejos.com.ar\/2021\/?s={search_term_string}\"},\"query-input\":{\"@type\":\"PropertyValueSpecification\",\"valueRequired\":true,\"valueName\":\"search_term_string\"}}],\"inLanguage\":\"es\"},{\"@type\":\"Person\",\"@id\":\"https:\/\/www.noticiasradioreflejos.com.ar\/2021\/#\/schema\/person\/ad82545263dcc5ec0996818884fd5fb1\",\"name\":\"Arnaldo Botto\",\"image\":{\"@type\":\"ImageObject\",\"inLanguage\":\"es\",\"@id\":\"https:\/\/www.noticiasradioreflejos.com.ar\/2021\/#\/schema\/person\/image\/\",\"url\":\"https:\/\/secure.gravatar.com\/avatar\/55cb5e37c1efa326397366e6974cb338056df65cb50e7d64d1cf314e87504837?s=96&d=mm&r=g\",\"contentUrl\":\"https:\/\/secure.gravatar.com\/avatar\/55cb5e37c1efa326397366e6974cb338056df65cb50e7d64d1cf314e87504837?s=96&d=mm&r=g\",\"caption\":\"Arnaldo Botto\"},\"url\":\"https:\/\/www.noticiasradioreflejos.com.ar\/2021\/author\/arnaldo\/\"}]}<\/script>\n<!-- \/ Yoast SEO plugin. -->","yoast_head_json":{"title":"El gobierno bonaerense abre l\u00edneas de respaldo t\u00e9cnico y econ\u00f3mico para Cooperativas - Noticias Radio Reflejos","robots":{"index":"index","follow":"follow","max-snippet":"max-snippet:-1","max-image-preview":"max-image-preview:large","max-video-preview":"max-video-preview:-1"},"canonical":"https:\/\/www.noticiasradioreflejos.com.ar\/2021\/el-gobierno-bonaerense-abre-lineas-de-respaldo-tecnico-y-economico-para-cooperativas\/","og_locale":"es_ES","og_type":"article","og_title":"El gobierno bonaerense abre l\u00edneas de respaldo t\u00e9cnico y econ\u00f3mico para Cooperativas - Noticias Radio Reflejos","og_description":"La nueva convocatoria incluye l\u00edneas de cr\u00e9dito, capacitaciones y sellos de reconocimiento a la calidad seg\u00fan est\u00e1ndares sociales y productivos.","og_url":"https:\/\/www.noticiasradioreflejos.com.ar\/2021\/el-gobierno-bonaerense-abre-lineas-de-respaldo-tecnico-y-economico-para-cooperativas\/","og_site_name":"Noticias Radio Reflejos","article_published_time":"2022-02-19T22:14:27+00:00","og_image":[{"url":"https:\/\/i0.wp.com\/cooperativas.com.ar\/wp-content\/uploads\/2022\/02\/PBA-abre-lineas-de-respaldo-tecnico-y-economico-para-Cooperativas.jpeg?fit=768%2C513&amp;ssl=1","type":"","width":"","height":""}],"author":"Arnaldo Botto","twitter_card":"summary_large_image","schema":{"@context":"https:\/\/schema.org","@graph":[{"@type":"WebPage","@id":"https:\/\/www.noticiasradioreflejos.com.ar\/2021\/el-gobierno-bonaerense-abre-lineas-de-respaldo-tecnico-y-economico-para-cooperativas\/","url":"https:\/\/www.noticiasradioreflejos.com.ar\/2021\/el-gobierno-bonaerense-abre-lineas-de-respaldo-tecnico-y-economico-para-cooperativas\/","name":"El gobierno bonaerense abre l\u00edneas de respaldo t\u00e9cnico y econ\u00f3mico para Cooperativas - Noticias Radio Reflejos","isPartOf":{"@id":"https:\/\/www.noticiasradioreflejos.com.ar\/2021\/#website"},"primaryImageOfPage":{"@id":"https:\/\/www.noticiasradioreflejos.com.ar\/2021\/el-gobierno-bonaerense-abre-lineas-de-respaldo-tecnico-y-economico-para-cooperativas\/#primaryimage"},"image":{"@id":"https:\/\/www.noticiasradioreflejos.com.ar\/2021\/el-gobierno-bonaerense-abre-lineas-de-respaldo-tecnico-y-economico-para-cooperativas\/#primaryimage"},"thumbnailUrl":"https:\/\/i0.wp.com\/cooperativas.com.ar\/wp-content\/uploads\/2022\/02\/PBA-abre-lineas-de-respaldo-tecnico-y-economico-para-Cooperativas.jpeg?fit=768%2C513&amp;ssl=1","datePublished":"2022-02-19T22:14:27+00:00","author":{"@id":"https:\/\/www.noticiasradioreflejos.com.ar\/2021\/#\/schema\/person\/ad82545263dcc5ec0996818884fd5fb1"},"breadcrumb":{"@id":"https:\/\/www.noticiasradioreflejos.com.ar\/2021\/el-gobierno-bonaerense-abre-lineas-de-respaldo-tecnico-y-economico-para-cooperativas\/#breadcrumb"},"inLanguage":"es","potentialAction":[{"@type":"ReadAction","target":["https:\/\/www.noticiasradioreflejos.com.ar\/2021\/el-gobierno-bonaerense-abre-lineas-de-respaldo-tecnico-y-economico-para-cooperativas\/"]}]},{"@type":"ImageObject","inLanguage":"es","@id":"https:\/\/www.noticiasradioreflejos.com.ar\/2021\/el-gobierno-bonaerense-abre-lineas-de-respaldo-tecnico-y-economico-para-cooperativas\/#primaryimage","url":"https:\/\/i0.wp.com\/cooperativas.com.ar\/wp-content\/uploads\/2022\/02\/PBA-abre-lineas-de-respaldo-tecnico-y-economico-para-Cooperativas.jpeg?fit=768%2C513&amp;ssl=1","contentUrl":"https:\/\/i0.wp.com\/cooperativas.com.ar\/wp-content\/uploads\/2022\/02\/PBA-abre-lineas-de-respaldo-tecnico-y-economico-para-Cooperativas.jpeg?fit=768%2C513&amp;ssl=1"},{"@type":"BreadcrumbList","@id":"https:\/\/www.noticiasradioreflejos.com.ar\/2021\/el-gobierno-bonaerense-abre-lineas-de-respaldo-tecnico-y-economico-para-cooperativas\/#breadcrumb","itemListElement":[{"@type":"ListItem","position":1,"name":"Portada","item":"https:\/\/www.noticiasradioreflejos.com.ar\/2021\/"},{"@type":"ListItem","position":2,"name":"El gobierno bonaerense abre l\u00edneas de respaldo t\u00e9cnico y econ\u00f3mico para Cooperativas"}]},{"@type":"WebSite","@id":"https:\/\/www.noticiasradioreflejos.com.ar\/2021\/#website","url":"https:\/\/www.noticiasradioreflejos.com.ar\/2021\/","name":"Noticias Radio Reflejos","description":"Las noticias de mi comarca","potentialAction":[{"@type":"SearchAction","target":{"@type":"EntryPoint","urlTemplate":"https:\/\/www.noticiasradioreflejos.com.ar\/2021\/?s={search_term_string}"},"query-input":{"@type":"PropertyValueSpecification","valueRequired":true,"valueName":"search_term_string"}}],"inLanguage":"es"},{"@type":"Person","@id":"https:\/\/www.noticiasradioreflejos.com.ar\/2021\/#\/schema\/person\/ad82545263dcc5ec0996818884fd5fb1","name":"Arnaldo Botto","image":{"@type":"ImageObject","inLanguage":"es","@id":"https:\/\/www.noticiasradioreflejos.com.ar\/2021\/#\/schema\/person\/image\/","url":"https:\/\/secure.gravatar.com\/avatar\/55cb5e37c1efa326397366e6974cb338056df65cb50e7d64d1cf314e87504837?s=96&d=mm&r=g","contentUrl":"https:\/\/secure.gravatar.com\/avatar\/55cb5e37c1efa326397366e6974cb338056df65cb50e7d64d1cf314e87504837?s=96&d=mm&r=g","caption":"Arnaldo Botto"},"url":"https:\/\/www.noticiasradioreflejos.com.ar\/2021\/author\/arnaldo\/"}]}},"_links":{"self":[{"href":"https:\/\/www.noticiasradioreflejos.com.ar\/2021\/wp-json\/wp\/v2\/posts\/68457","targetHints":{"allow":["GET"]}}],"collection":[{"href":"https:\/\/www.noticiasradioreflejos.com.ar\/2021\/wp-json\/wp\/v2\/posts"}],"about":[{"href":"https:\/\/www.noticiasradioreflejos.com.ar\/2021\/wp-json\/wp\/v2\/types\/post"}],"author":[{"embeddable":true,"href":"https:\/\/www.noticiasradioreflejos.com.ar\/2021\/wp-json\/wp\/v2\/users\/3"}],"replies":[{"embeddable":true,"href":"https:\/\/www.noticiasradioreflejos.com.ar\/2021\/wp-json\/wp\/v2\/comments?post=68457"}],"version-history":[{"count":1,"href":"https:\/\/www.noticiasradioreflejos.com.ar\/2021\/wp-json\/wp\/v2\/posts\/68457\/revisions"}],"predecessor-version":[{"id":68459,"href":"https:\/\/www.noticiasradioreflejos.com.ar\/2021\/wp-json\/wp\/v2\/posts\/68457\/revisions\/68459"}],"wp:attachment":[{"href":"https:\/\/www.noticiasradioreflejos.com.ar\/2021\/wp-json\/wp\/v2\/media?parent=68457"}],"wp:term":[{"taxonomy":"category","embeddable":true,"href":"https:\/\/www.noticiasradioreflejos.com.ar\/2021\/wp-json\/wp\/v2\/categories?post=68457"},{"taxonomy":"post_tag","embeddable":true,"href":"https:\/\/www.noticiasradioreflejos.com.ar\/2021\/wp-json\/wp\/v2\/tags?post=68457"}],"curies":[{"name":"wp","href":"https:\/\/api.w.org\/{rel}","templated":true}]}}