{"id":68391,"date":"2022-02-18T00:21:41","date_gmt":"2022-02-18T00:21:41","guid":{"rendered":"http:\/\/www.noticiasradioreflejos.com.ar\/2021\/?p=68391"},"modified":"2022-02-18T00:21:41","modified_gmt":"2022-02-18T00:21:41","slug":"tarifas-energia-propuso-un-aumento-de-entre-el-17-y-el-20","status":"publish","type":"post","link":"https:\/\/www.noticiasradioreflejos.com.ar\/2021\/tarifas-energia-propuso-un-aumento-de-entre-el-17-y-el-20\/","title":{"rendered":"Tarifas: Energ\u00eda propuso un aumento de \u00abentre el 17% y el 20%\u00bb"},"content":{"rendered":"<div class=\"wrapper-header\">\n<div class=\"container-xl\">\n<div class=\"row\">\n<div class=\"col-12\">\n<div class=\"head-content mb-4\">\n<div class=\"my-3\">\n<div class=\"social mt-3\">Por su parte los representantes de las empresas Edenor y Edesur expusieron una necesidad adicional de recursos de $ 100.000 millones para continuar operando en 2022.<\/div>\n<\/div>\n<\/div>\n<\/div>\n<\/div>\n<\/div>\n<\/div>\n<p><!--more--><\/p>\n<div class=\"wrapper-editable-content\">\n<div>\n<div class=\"wrapper-editable-content\">\n<div>\n<div class=\"container-md\">\n<div class=\"row\">\n<div class=\"col-md-12 speak\">\n<div class=\"paragraph\">\n<figure class=\"mb-3\"><img decoding=\"async\" src=\"https:\/\/www.telam.com.ar\/thumbs\/bluesteel\/advf\/imagenes\/2018\/02\/5a7af48657367_900.jpg\" alt=\"Foto archivo\" width=\"100%\" height=\"100%\" \/><\/p>\n<div class=\"media-icons\"><\/div><figcaption>Foto: archivo.<\/figcaption><\/figure>\n<p>La\u00a0<strong>Secretar\u00eda de Energ\u00eda plante\u00f3 este jueves ajustes en las distintas etapas de transporte y distribuci\u00f3n de electricidad\u00a0<\/strong>para que se reflejen en un<strong>\u00a0incremento de \u00abentre el 17% y el 20%\u00bb en la tarifa establecida en la factura de los usuarios<\/strong>, en tanto los representantes de Edenor y Edesur expusieron una necesidad adicional de recursos de $ 100.000 millones para continuar operando en 2022.<\/p>\n<p>Las posturas fueron expresadas en el marco de la<strong>\u00a0audiencia p\u00fablica convocada por el Ente Nacional Regulador de la Electricidad<\/strong>\u00a0(ENRE), que comenz\u00f3 este jueves a la ma\u00f1ana y cuenta con 142 participantes inscriptos.<\/p>\n<p>El encuentro virtual es\u00a0<strong>presidido por la interventora del ENRE, Soledad Man\u00edn<\/strong>, y comenz\u00f3 con una breve intervenci\u00f3n del secretario de Energ\u00eda, Dar\u00edo Mart\u00ednez, quien expres\u00f3 el \u00abcompromiso\u00bb del Gobierno para que \u00ablos aumentos tarifarios siempre sean inferiores a la evoluci\u00f3n de los salarios\u00bb.<\/p>\n<p>Al respecto, el director nacional de\u00a0<strong>Regulaci\u00f3n del Mercado El\u00e9ctrico Mayorista, Marcelo Positino<\/strong>, plante\u00f3 \u00abla fijaci\u00f3n de precios se defina de forma tal cuyo impacto final en las facturas de los usuarios oscile entre el 17% y el 20%\u00bb.<\/p>\n<p>Positino se\u00f1al\u00f3 en su exposici\u00f3n que en 2021, en un contexto de crecimiento de la demanda y la generaci\u00f3n, hubo una emergencia h\u00eddrica caracterizada por la bajante m\u00e1s aguda del caudal del r\u00edo Paran\u00e1 en 77 a\u00f1os.<\/p>\n<p>En consecuencia, la generaci\u00f3n de energ\u00eda hidroel\u00e9ctrica cay\u00f3 17,1% y debi\u00f3 recurrirse a una mayor generaci\u00f3n t\u00e9rmica (con un mayor consumo de combustibles, que en el caso del gasoil creci\u00f3 un 137%) y, en menor medida, por energ\u00edas renovables.<\/p>\n<p>\u00ab<strong>Por estas circunstancias se prev\u00e9 que los costos aumenten en 2022 respecto de 2021<\/strong>\u00ab, advirti\u00f3 el funcionario.<\/p>\n<p>Asimismo, puntualiz\u00f3 que si los subsidios a la energ\u00eda el\u00e9ctrica aumentaron en 2021 fue \u00abprincipalmente por los costos de generaci\u00f3n, debido a la devaluaci\u00f3n y el precio de los combustibles\u00bb, que\u00a0<strong>representaron un valor adicional de $ 394.326 millones<\/strong>.<\/p>\n<p>En ese sentido, indic\u00f3 que para afrontar esos mayores costos \u00ablas 17 distribuidoras m\u00e1s grandes del pa\u00eds aumentaron en 2021 sus tarifas en un promedio del 23%\u00bb.<\/p>\n<p>Positino asegur\u00f3 que si en febrero de 2021 se hubiera otorgado un incremento del 40% en la tarifa final de los usuarios \u00ablos subsidios habr\u00edan disminuido un 16%\u00bb.<\/p>\n<h2 class=\"\">La postura de las empresas<\/h2>\n<p>En<strong>\u00a0representaci\u00f3n de Edesur, Jorge Lemos\u00a0<\/strong>indic\u00f3 que la empresa\u00a0<strong>solicita $ 43.236 millones para continuar con la operaci\u00f3n en 2022, en tanto Federico M\u00e9ndez, en nombre de Edenor, fij\u00f3 ese monto en $ 56.800 millones<\/strong>, lo que hace un total entre las dos compa\u00f1\u00edas de $ 100.036 millones.<\/p>\n<p>El financiamiento de esos recursos adicionales puede hacerse, indicaron, a trav\u00e9s de tres v\u00edas: aumento de tarifas, subsidios del Estado o bien una combinaci\u00f3n de ambas variables.<\/p>\n<p>\u00abCu\u00e1l adoptar es una decisi\u00f3n propia de la autoridad, no de la empresa\u00bb, se\u00f1al\u00f3 Lemos, quien asegur\u00f3 que el motivo de la audiencia no era el de fijar una nueva tarifa sino el de \u00abevaluar el impacto de la inflaci\u00f3n en los costos\u00bb.<\/p>\n<p>Al respecto, record\u00f3 que entre marzo de 2019 y diciembre de 2021 el ajuste tarifario concedido fue del 20,8%, contra una inflaci\u00f3n acumulada en el mismo per\u00edodo del 199%.<\/p>\n<p>Por su parte, M\u00e9ndez remarc\u00f3 que los subsidios no est\u00e1n destinados a las distribuidoras sino a los usuarios y a la generaci\u00f3n.<\/p>\n<p>Previo a la exposici\u00f3n de las distribuidoras, en la audiencia tuvo lugar la intervenci\u00f3n de representantes de las<strong>\u00a0compa\u00f1\u00edas transportadoras, de las que solamente Transener y Transba<\/strong>\u00a0presentaron una propuesta de ajuste tarifario porcentual determinado.<\/p>\n<p>Ambas empresas fueron<strong>\u00a0representadas por Pablo Tarca, quien plante\u00f3 un ajuste del 43% para Transener y 44% para Transba, con una incidencia en la tarifa de un usuario residencial del 0,68% y 0,74%, respectivamente<\/strong>.<\/p>\n<p>Las propuestas presentadas en la audiencia p\u00fablica corresponden a la adecuaci\u00f3n transitoria del cuadro tarifario, en\u00a0<strong>espera a la Revisi\u00f3n Tarifaria Integral (RTI) que se prev\u00e9 comenzar\u00e1 a regir en 2023<\/strong>.<\/p>\n<p>La tarifa final de la factura del servicio el\u00e9ctrico se compone de cuatro factores: el precio estacional, el del transporte, valor agregado de distribuci\u00f3n (VAD) y los impuestos, m\u00e1s los eventuales subsidios.<\/p>\n<p>En ese sentido, Lemos asegur\u00f3 que de\u00a0<strong>lo que paga un usuario, el 27% corresponde a impuestos en forma directa y que la carga impositiva total (directa e indirecta) se ubica entre el 46% y el 50% de la factura<\/strong>.<\/div>\n<\/div>\n<\/div>\n<\/div>\n<\/div>\n<\/div>\n<\/div>\n<\/div>\n","protected":false},"excerpt":{"rendered":"<p>Por su parte los representantes de las empresas Edenor y Edesur expusieron una necesidad adicional de recursos de $ 100.000 millones para continuar operando en 2022.<\/p>\n","protected":false},"author":3,"featured_media":0,"comment_status":"closed","ping_status":"closed","sticky":false,"template":"","format":"standard","meta":{"footnotes":""},"categories":[36,26],"tags":[],"class_list":["post-68391","post","type-post","status-publish","format-standard","hentry","category-economia","category-sociedad"],"yoast_head":"<!-- This site is optimized with the Yoast SEO plugin v25.9 - https:\/\/yoast.com\/wordpress\/plugins\/seo\/ -->\n<title>Tarifas: Energ\u00eda propuso un aumento de &quot;entre el 17% y el 20%&quot; - Noticias Radio Reflejos<\/title>\n<meta name=\"robots\" content=\"index, follow, max-snippet:-1, max-image-preview:large, max-video-preview:-1\" \/>\n<link rel=\"canonical\" href=\"https:\/\/www.noticiasradioreflejos.com.ar\/2021\/tarifas-energia-propuso-un-aumento-de-entre-el-17-y-el-20\/\" \/>\n<meta property=\"og:locale\" content=\"es_ES\" \/>\n<meta property=\"og:type\" content=\"article\" \/>\n<meta property=\"og:title\" content=\"Tarifas: Energ\u00eda propuso un aumento de &quot;entre el 17% y el 20%&quot; - Noticias Radio Reflejos\" \/>\n<meta property=\"og:description\" content=\"Por su parte los representantes de las empresas Edenor y Edesur expusieron una necesidad adicional de recursos de $ 100.000 millones para continuar operando en 2022.\" \/>\n<meta property=\"og:url\" content=\"https:\/\/www.noticiasradioreflejos.com.ar\/2021\/tarifas-energia-propuso-un-aumento-de-entre-el-17-y-el-20\/\" \/>\n<meta property=\"og:site_name\" content=\"Noticias Radio Reflejos\" \/>\n<meta property=\"article:published_time\" content=\"2022-02-18T00:21:41+00:00\" \/>\n<meta property=\"og:image\" content=\"https:\/\/www.telam.com.ar\/thumbs\/bluesteel\/advf\/imagenes\/2018\/02\/5a7af48657367_900.jpg\" \/>\n<meta name=\"author\" content=\"Arnaldo Botto\" \/>\n<meta name=\"twitter:card\" content=\"summary_large_image\" \/>\n<script type=\"application\/ld+json\" class=\"yoast-schema-graph\">{\"@context\":\"https:\/\/schema.org\",\"@graph\":[{\"@type\":\"WebPage\",\"@id\":\"https:\/\/www.noticiasradioreflejos.com.ar\/2021\/tarifas-energia-propuso-un-aumento-de-entre-el-17-y-el-20\/\",\"url\":\"https:\/\/www.noticiasradioreflejos.com.ar\/2021\/tarifas-energia-propuso-un-aumento-de-entre-el-17-y-el-20\/\",\"name\":\"Tarifas: Energ\u00eda propuso un aumento de \\\"entre el 17% y el 20%\\\" - Noticias Radio Reflejos\",\"isPartOf\":{\"@id\":\"https:\/\/www.noticiasradioreflejos.com.ar\/2021\/#website\"},\"primaryImageOfPage\":{\"@id\":\"https:\/\/www.noticiasradioreflejos.com.ar\/2021\/tarifas-energia-propuso-un-aumento-de-entre-el-17-y-el-20\/#primaryimage\"},\"image\":{\"@id\":\"https:\/\/www.noticiasradioreflejos.com.ar\/2021\/tarifas-energia-propuso-un-aumento-de-entre-el-17-y-el-20\/#primaryimage\"},\"thumbnailUrl\":\"https:\/\/www.telam.com.ar\/thumbs\/bluesteel\/advf\/imagenes\/2018\/02\/5a7af48657367_900.jpg\",\"datePublished\":\"2022-02-18T00:21:41+00:00\",\"author\":{\"@id\":\"https:\/\/www.noticiasradioreflejos.com.ar\/2021\/#\/schema\/person\/ad82545263dcc5ec0996818884fd5fb1\"},\"breadcrumb\":{\"@id\":\"https:\/\/www.noticiasradioreflejos.com.ar\/2021\/tarifas-energia-propuso-un-aumento-de-entre-el-17-y-el-20\/#breadcrumb\"},\"inLanguage\":\"es\",\"potentialAction\":[{\"@type\":\"ReadAction\",\"target\":[\"https:\/\/www.noticiasradioreflejos.com.ar\/2021\/tarifas-energia-propuso-un-aumento-de-entre-el-17-y-el-20\/\"]}]},{\"@type\":\"ImageObject\",\"inLanguage\":\"es\",\"@id\":\"https:\/\/www.noticiasradioreflejos.com.ar\/2021\/tarifas-energia-propuso-un-aumento-de-entre-el-17-y-el-20\/#primaryimage\",\"url\":\"https:\/\/www.telam.com.ar\/thumbs\/bluesteel\/advf\/imagenes\/2018\/02\/5a7af48657367_900.jpg\",\"contentUrl\":\"https:\/\/www.telam.com.ar\/thumbs\/bluesteel\/advf\/imagenes\/2018\/02\/5a7af48657367_900.jpg\"},{\"@type\":\"BreadcrumbList\",\"@id\":\"https:\/\/www.noticiasradioreflejos.com.ar\/2021\/tarifas-energia-propuso-un-aumento-de-entre-el-17-y-el-20\/#breadcrumb\",\"itemListElement\":[{\"@type\":\"ListItem\",\"position\":1,\"name\":\"Portada\",\"item\":\"https:\/\/www.noticiasradioreflejos.com.ar\/2021\/\"},{\"@type\":\"ListItem\",\"position\":2,\"name\":\"Tarifas: Energ\u00eda propuso un aumento de \u00abentre el 17% y el 20%\u00bb\"}]},{\"@type\":\"WebSite\",\"@id\":\"https:\/\/www.noticiasradioreflejos.com.ar\/2021\/#website\",\"url\":\"https:\/\/www.noticiasradioreflejos.com.ar\/2021\/\",\"name\":\"Noticias Radio Reflejos\",\"description\":\"Las noticias de mi comarca\",\"potentialAction\":[{\"@type\":\"SearchAction\",\"target\":{\"@type\":\"EntryPoint\",\"urlTemplate\":\"https:\/\/www.noticiasradioreflejos.com.ar\/2021\/?s={search_term_string}\"},\"query-input\":{\"@type\":\"PropertyValueSpecification\",\"valueRequired\":true,\"valueName\":\"search_term_string\"}}],\"inLanguage\":\"es\"},{\"@type\":\"Person\",\"@id\":\"https:\/\/www.noticiasradioreflejos.com.ar\/2021\/#\/schema\/person\/ad82545263dcc5ec0996818884fd5fb1\",\"name\":\"Arnaldo Botto\",\"image\":{\"@type\":\"ImageObject\",\"inLanguage\":\"es\",\"@id\":\"https:\/\/www.noticiasradioreflejos.com.ar\/2021\/#\/schema\/person\/image\/\",\"url\":\"https:\/\/secure.gravatar.com\/avatar\/55cb5e37c1efa326397366e6974cb338056df65cb50e7d64d1cf314e87504837?s=96&d=mm&r=g\",\"contentUrl\":\"https:\/\/secure.gravatar.com\/avatar\/55cb5e37c1efa326397366e6974cb338056df65cb50e7d64d1cf314e87504837?s=96&d=mm&r=g\",\"caption\":\"Arnaldo Botto\"},\"url\":\"https:\/\/www.noticiasradioreflejos.com.ar\/2021\/author\/arnaldo\/\"}]}<\/script>\n<!-- \/ Yoast SEO plugin. -->","yoast_head_json":{"title":"Tarifas: Energ\u00eda propuso un aumento de \"entre el 17% y el 20%\" - Noticias Radio Reflejos","robots":{"index":"index","follow":"follow","max-snippet":"max-snippet:-1","max-image-preview":"max-image-preview:large","max-video-preview":"max-video-preview:-1"},"canonical":"https:\/\/www.noticiasradioreflejos.com.ar\/2021\/tarifas-energia-propuso-un-aumento-de-entre-el-17-y-el-20\/","og_locale":"es_ES","og_type":"article","og_title":"Tarifas: Energ\u00eda propuso un aumento de \"entre el 17% y el 20%\" - Noticias Radio Reflejos","og_description":"Por su parte los representantes de las empresas Edenor y Edesur expusieron una necesidad adicional de recursos de $ 100.000 millones para continuar operando en 2022.","og_url":"https:\/\/www.noticiasradioreflejos.com.ar\/2021\/tarifas-energia-propuso-un-aumento-de-entre-el-17-y-el-20\/","og_site_name":"Noticias Radio Reflejos","article_published_time":"2022-02-18T00:21:41+00:00","og_image":[{"url":"https:\/\/www.telam.com.ar\/thumbs\/bluesteel\/advf\/imagenes\/2018\/02\/5a7af48657367_900.jpg","type":"","width":"","height":""}],"author":"Arnaldo Botto","twitter_card":"summary_large_image","schema":{"@context":"https:\/\/schema.org","@graph":[{"@type":"WebPage","@id":"https:\/\/www.noticiasradioreflejos.com.ar\/2021\/tarifas-energia-propuso-un-aumento-de-entre-el-17-y-el-20\/","url":"https:\/\/www.noticiasradioreflejos.com.ar\/2021\/tarifas-energia-propuso-un-aumento-de-entre-el-17-y-el-20\/","name":"Tarifas: Energ\u00eda propuso un aumento de \"entre el 17% y el 20%\" - Noticias Radio Reflejos","isPartOf":{"@id":"https:\/\/www.noticiasradioreflejos.com.ar\/2021\/#website"},"primaryImageOfPage":{"@id":"https:\/\/www.noticiasradioreflejos.com.ar\/2021\/tarifas-energia-propuso-un-aumento-de-entre-el-17-y-el-20\/#primaryimage"},"image":{"@id":"https:\/\/www.noticiasradioreflejos.com.ar\/2021\/tarifas-energia-propuso-un-aumento-de-entre-el-17-y-el-20\/#primaryimage"},"thumbnailUrl":"https:\/\/www.telam.com.ar\/thumbs\/bluesteel\/advf\/imagenes\/2018\/02\/5a7af48657367_900.jpg","datePublished":"2022-02-18T00:21:41+00:00","author":{"@id":"https:\/\/www.noticiasradioreflejos.com.ar\/2021\/#\/schema\/person\/ad82545263dcc5ec0996818884fd5fb1"},"breadcrumb":{"@id":"https:\/\/www.noticiasradioreflejos.com.ar\/2021\/tarifas-energia-propuso-un-aumento-de-entre-el-17-y-el-20\/#breadcrumb"},"inLanguage":"es","potentialAction":[{"@type":"ReadAction","target":["https:\/\/www.noticiasradioreflejos.com.ar\/2021\/tarifas-energia-propuso-un-aumento-de-entre-el-17-y-el-20\/"]}]},{"@type":"ImageObject","inLanguage":"es","@id":"https:\/\/www.noticiasradioreflejos.com.ar\/2021\/tarifas-energia-propuso-un-aumento-de-entre-el-17-y-el-20\/#primaryimage","url":"https:\/\/www.telam.com.ar\/thumbs\/bluesteel\/advf\/imagenes\/2018\/02\/5a7af48657367_900.jpg","contentUrl":"https:\/\/www.telam.com.ar\/thumbs\/bluesteel\/advf\/imagenes\/2018\/02\/5a7af48657367_900.jpg"},{"@type":"BreadcrumbList","@id":"https:\/\/www.noticiasradioreflejos.com.ar\/2021\/tarifas-energia-propuso-un-aumento-de-entre-el-17-y-el-20\/#breadcrumb","itemListElement":[{"@type":"ListItem","position":1,"name":"Portada","item":"https:\/\/www.noticiasradioreflejos.com.ar\/2021\/"},{"@type":"ListItem","position":2,"name":"Tarifas: Energ\u00eda propuso un aumento de \u00abentre el 17% y el 20%\u00bb"}]},{"@type":"WebSite","@id":"https:\/\/www.noticiasradioreflejos.com.ar\/2021\/#website","url":"https:\/\/www.noticiasradioreflejos.com.ar\/2021\/","name":"Noticias Radio Reflejos","description":"Las noticias de mi comarca","potentialAction":[{"@type":"SearchAction","target":{"@type":"EntryPoint","urlTemplate":"https:\/\/www.noticiasradioreflejos.com.ar\/2021\/?s={search_term_string}"},"query-input":{"@type":"PropertyValueSpecification","valueRequired":true,"valueName":"search_term_string"}}],"inLanguage":"es"},{"@type":"Person","@id":"https:\/\/www.noticiasradioreflejos.com.ar\/2021\/#\/schema\/person\/ad82545263dcc5ec0996818884fd5fb1","name":"Arnaldo Botto","image":{"@type":"ImageObject","inLanguage":"es","@id":"https:\/\/www.noticiasradioreflejos.com.ar\/2021\/#\/schema\/person\/image\/","url":"https:\/\/secure.gravatar.com\/avatar\/55cb5e37c1efa326397366e6974cb338056df65cb50e7d64d1cf314e87504837?s=96&d=mm&r=g","contentUrl":"https:\/\/secure.gravatar.com\/avatar\/55cb5e37c1efa326397366e6974cb338056df65cb50e7d64d1cf314e87504837?s=96&d=mm&r=g","caption":"Arnaldo Botto"},"url":"https:\/\/www.noticiasradioreflejos.com.ar\/2021\/author\/arnaldo\/"}]}},"_links":{"self":[{"href":"https:\/\/www.noticiasradioreflejos.com.ar\/2021\/wp-json\/wp\/v2\/posts\/68391","targetHints":{"allow":["GET"]}}],"collection":[{"href":"https:\/\/www.noticiasradioreflejos.com.ar\/2021\/wp-json\/wp\/v2\/posts"}],"about":[{"href":"https:\/\/www.noticiasradioreflejos.com.ar\/2021\/wp-json\/wp\/v2\/types\/post"}],"author":[{"embeddable":true,"href":"https:\/\/www.noticiasradioreflejos.com.ar\/2021\/wp-json\/wp\/v2\/users\/3"}],"replies":[{"embeddable":true,"href":"https:\/\/www.noticiasradioreflejos.com.ar\/2021\/wp-json\/wp\/v2\/comments?post=68391"}],"version-history":[{"count":1,"href":"https:\/\/www.noticiasradioreflejos.com.ar\/2021\/wp-json\/wp\/v2\/posts\/68391\/revisions"}],"predecessor-version":[{"id":68392,"href":"https:\/\/www.noticiasradioreflejos.com.ar\/2021\/wp-json\/wp\/v2\/posts\/68391\/revisions\/68392"}],"wp:attachment":[{"href":"https:\/\/www.noticiasradioreflejos.com.ar\/2021\/wp-json\/wp\/v2\/media?parent=68391"}],"wp:term":[{"taxonomy":"category","embeddable":true,"href":"https:\/\/www.noticiasradioreflejos.com.ar\/2021\/wp-json\/wp\/v2\/categories?post=68391"},{"taxonomy":"post_tag","embeddable":true,"href":"https:\/\/www.noticiasradioreflejos.com.ar\/2021\/wp-json\/wp\/v2\/tags?post=68391"}],"curies":[{"name":"wp","href":"https:\/\/api.w.org\/{rel}","templated":true}]}}