{"id":68388,"date":"2022-02-17T18:31:03","date_gmt":"2022-02-17T18:31:03","guid":{"rendered":"http:\/\/www.noticiasradioreflejos.com.ar\/2021\/?p=68388"},"modified":"2022-02-17T18:31:03","modified_gmt":"2022-02-17T18:31:03","slug":"ninos-seguros-en-el-auto-en-vacaciones-y-a-la-escuela","status":"publish","type":"post","link":"https:\/\/www.noticiasradioreflejos.com.ar\/2021\/ninos-seguros-en-el-auto-en-vacaciones-y-a-la-escuela\/","title":{"rendered":"Ni\u00f1os seguros en el auto en vacaciones y a la escuela"},"content":{"rendered":"<p>Terminan las vacaciones y pronto los ni\u00f1os comenzar\u00e1n a ir a la escuela en forma presencial. Es importante recordar que,\u00a0<strong>al trasladarlos en el auto es fundamental, para el cuidado de sus vidas, que los chicos viajen siempre, incluso en trayectos cortos, en los asientos traseros del veh\u00edculo, en sus butacas especiales (SRI), correctamente instaladas con el sistema de anclaje y sujeci\u00f3n o, si son mayores, con el cintur\u00f3n de seguridad del veh\u00edculo.<br \/>\n<\/strong><!--more--><\/p>\n<table id=\"m_3031791720258047253ml-block-188021372\" class=\"m_3031791720258047253mlContentTable\" border=\"0\" width=\"640\" cellspacing=\"0\" cellpadding=\"0\" align=\"center\" bgcolor=\"#FFFFFF\">\n<tbody>\n<tr>\n<td>\n<table class=\"m_3031791720258047253mlContentTable\" border=\"0\" width=\"640\" cellspacing=\"0\" cellpadding=\"0\" align=\"center\" bgcolor=\"#FFFFFF\">\n<tbody>\n<tr>\n<td class=\"m_3031791720258047253mlContentContainer m_3031791720258047253mlContentImage m_3031791720258047253mlContentHeight\" align=\"center\"><img decoding=\"async\" class=\"m_3031791720258047253mlContentImage CToWUd a6T\" tabindex=\"0\" src=\"https:\/\/ci4.googleusercontent.com\/proxy\/n5szXH5Q1uDBuLtma-BFsLQ_FFQdUXiWawQigQeZp_kOUWYT7PHvFO2HEdltmHc3a6r520KQRbyaGz_5TrjRXWohAdOGjE4RUriz_O1JXIfrqakvcnzueRHIMZtN0vFqYln5SBAyyu2Fbo0v-u5t1I0ak6mSI7pMUGX24jNlfNfc1RPcm5Oj-rhSr1KsQGZ9D5pXGl_WfcYvulP7=s0-d-e1-ft#https:\/\/bucket.mlcdn.com\/a\/487\/487743\/images\/dfca973ad5c52194cf9939b7a83435484cd986f9.jpeg\/9c4458198919d0a3c05aed3889b97fb0a20e23d8.jpeg\" width=\"540\" border=\"0\" \/><\/td>\n<\/tr>\n<\/tbody>\n<\/table>\n<\/td>\n<\/tr>\n<\/tbody>\n<\/table>\n<p>Hasta los 2 a\u00f1os de edad, o durante el mayor tiempo posible, es recomendable que las butacas infantiles se instalen en el sentido contrario a la marcha del veh\u00edculo, o sea, los ni\u00f1os viajan mirando hacia atr\u00e1s. Para los ni\u00f1os m\u00e1s grandes, la indicaci\u00f3n es usar una butaca o booster con o sin respaldo, que tiene la finalidad de elevar el cuerpo y permitir que el cintur\u00f3n se ajuste cruzando sobre el medio de la clav\u00edcula y que calce en la cadera baja (sobre los huesos) y no por la cintura ni sobre el abdomen blando.<\/p>\n<p>La Ley Nacional de Tr\u00e1nsito dispone que es obligatorio\u00a0los ni\u00f1os viajen ajustados al SRI, en los asientos traseros del veh\u00edculo, hasta los 10 a\u00f1os. El decreto reglamentario 32\/2018 puso en vigencia el art\u00edculo Art 40 g.1. de la Ley Nacional de Tr\u00e1nsito N\u00ba 24.449, que establece\u00a0<strong>que \u201clos menores de DIEZ (10) a\u00f1os deben viajar sujetos al asiento trasero, con el Sistema de Retenci\u00f3n Infantil homologado al efecto, en relaci\u00f3n a su peso y tama\u00f1o\u201d,\u00a0<\/strong>sin precisar<strong>\u00a0la relaci\u00f3n de la edad con la estatura, peso y desarrollo del ni\u00f1o, que son fundamentales para elegir el asiento infantil adecuado para que cada ni\u00f1o viaje seguro. En la Ciudad de Buenos Aires la legislaci\u00f3n establece la obligatoriedad de su uso hasta los 12 a\u00f1os de edad y 1,50 m de estatura.<\/strong><\/p>\n<p><strong>Frecuentes ideas err\u00f3neas<\/strong><\/p>\n<p>Si cre\u00e9s que no es para tus chicos el viajar seguros con su Sistema de Retenci\u00f3n Infantil, ten\u00e9 en cuenta la siguiente evidencia:<\/p>\n<ul>\n<li><strong>\u201cEl ni\u00f1o en los brazos de su mam\u00e1 va m\u00e1s seguro\u201d<\/strong><\/li>\n<\/ul>\n<p>La realidad indica que a\u00fan en caso de un choque a baja velocidad el adulto no puede evitar ser desplazado de su asiento, y tendr\u00e1 la inevitable tendencia a abrir sus brazos para sostenerse en el lugar. Adem\u00e1s, la fuerza que se genera en un choque frontal a 50 Km\/h equivale a la ca\u00edda de un cuarto piso. \u00bfCree usted que podr\u00eda amortiguar su ca\u00edda con los brazos?<\/p>\n<ul>\n<li><strong>\u201cLos chicos no soportan viajar atados\u201d<\/strong><\/li>\n<\/ul>\n<p>Los ni\u00f1os peque\u00f1os se habit\u00faan con facilidad y viajan m\u00e1s confortables en sus sillas o butacas especiales, debidamente ajustados con el cintur\u00f3n de seguridad. La \u00fanica condici\u00f3n es, en caso de viajes prolongados, hacer paradas cada 2 horas para que puedan bajar del auto y movilizarse.<\/p>\n<ul>\n<li><strong>\u201cLos sistemas de cinturones no son c\u00f3modos\u201d<\/strong><\/li>\n<\/ul>\n<p>Todos los asientos actuales est\u00e1n dise\u00f1ados para brindar el m\u00e1ximo confort para grandes y chicos y brindan especiales condiciones de comodidad: tienen apoyos laterales, los ni\u00f1os viajan sobreelevados y pueden ver m\u00e1s a su alrededor, sus piernitas descansan sobre formas adaptadas, etc.<\/p>\n<ul>\n<li><strong>\u201cLas sillitas son caras y se usan poco tiempo\u201d<\/strong><\/li>\n<\/ul>\n<p>Si bien es cierto que hay que hacer un gasto extra, cualquier lesi\u00f3n grave acarrea m\u00e1s gastos, y la vida de los hijos es invalorable.<\/p>\n<p>Muchos chicos mueren en siniestros de tr\u00e1nsito, cerca de sus hogares, en brazos de quienes m\u00e1s los quieren. Dentro de los veh\u00edculos, la mejor manera de demostrar el amor que se les tiene es:<br \/>\nNunca llevarlos en los asientos delanteros, ni en brazos del acompa\u00f1ante y menos a\u00fan sobre la falda del conductor.<br \/>\nLlevarlos siempre en los asientos traseros, correctamente ajustados con el cintur\u00f3n de seguridad, y si son menores de 10 a\u00f1os, ajustados en sus sillas especiales (SRI).<\/p>\n<p><strong>Para ampliar la informaci\u00f3n sobre <a href=\"http:\/\/luchemos.org.ar\/es\/sabermas\/recomendaciones-breves\/ninos-seguros-dentro-del-automovil\">\u00abNi\u00f1os Seguros en el Veh\u00edculo<\/a><\/strong>\u00ab<\/p>\n","protected":false},"excerpt":{"rendered":"<p>Terminan las vacaciones y pronto los ni\u00f1os comenzar\u00e1n a ir a la escuela en forma presencial. Es importante recordar que,\u00a0al trasladarlos en el auto es fundamental, para el cuidado de sus vidas, que los chicos viajen siempre, incluso en trayectos cortos, en los asientos traseros del veh\u00edculo, en sus butacas especiales (SRI), correctamente instaladas con [&hellip;]<\/p>\n","protected":false},"author":3,"featured_media":0,"comment_status":"closed","ping_status":"closed","sticky":false,"template":"","format":"standard","meta":{"footnotes":""},"categories":[30,26],"tags":[],"class_list":["post-68388","post","type-post","status-publish","format-standard","hentry","category-salud","category-sociedad"],"yoast_head":"<!-- This site is optimized with the Yoast SEO plugin v25.9 - https:\/\/yoast.com\/wordpress\/plugins\/seo\/ -->\n<title>Ni\u00f1os seguros en el auto en vacaciones y a la escuela - Noticias Radio Reflejos<\/title>\n<meta name=\"robots\" content=\"index, follow, max-snippet:-1, max-image-preview:large, max-video-preview:-1\" \/>\n<link rel=\"canonical\" href=\"https:\/\/www.noticiasradioreflejos.com.ar\/2021\/ninos-seguros-en-el-auto-en-vacaciones-y-a-la-escuela\/\" \/>\n<meta property=\"og:locale\" content=\"es_ES\" \/>\n<meta property=\"og:type\" content=\"article\" \/>\n<meta property=\"og:title\" content=\"Ni\u00f1os seguros en el auto en vacaciones y a la escuela - Noticias Radio Reflejos\" \/>\n<meta property=\"og:description\" content=\"Terminan las vacaciones y pronto los ni\u00f1os comenzar\u00e1n a ir a la escuela en forma presencial. Es importante recordar que,\u00a0al trasladarlos en el auto es fundamental, para el cuidado de sus vidas, que los chicos viajen siempre, incluso en trayectos cortos, en los asientos traseros del veh\u00edculo, en sus butacas especiales (SRI), correctamente instaladas con [&hellip;]\" \/>\n<meta property=\"og:url\" content=\"https:\/\/www.noticiasradioreflejos.com.ar\/2021\/ninos-seguros-en-el-auto-en-vacaciones-y-a-la-escuela\/\" \/>\n<meta property=\"og:site_name\" content=\"Noticias Radio Reflejos\" \/>\n<meta property=\"article:published_time\" content=\"2022-02-17T18:31:03+00:00\" \/>\n<meta property=\"og:image\" content=\"https:\/\/ci4.googleusercontent.com\/proxy\/n5szXH5Q1uDBuLtma-BFsLQ_FFQdUXiWawQigQeZp_kOUWYT7PHvFO2HEdltmHc3a6r520KQRbyaGz_5TrjRXWohAdOGjE4RUriz_O1JXIfrqakvcnzueRHIMZtN0vFqYln5SBAyyu2Fbo0v-u5t1I0ak6mSI7pMUGX24jNlfNfc1RPcm5Oj-rhSr1KsQGZ9D5pXGl_WfcYvulP7=s0-d-e1-ft#https:\/\/bucket.mlcdn.com\/a\/487\/487743\/images\/dfca973ad5c52194cf9939b7a83435484cd986f9.jpeg\/9c4458198919d0a3c05aed3889b97fb0a20e23d8.jpeg\" \/>\n<meta name=\"author\" content=\"Arnaldo Botto\" \/>\n<meta name=\"twitter:card\" content=\"summary_large_image\" \/>\n<script type=\"application\/ld+json\" class=\"yoast-schema-graph\">{\"@context\":\"https:\/\/schema.org\",\"@graph\":[{\"@type\":\"WebPage\",\"@id\":\"https:\/\/www.noticiasradioreflejos.com.ar\/2021\/ninos-seguros-en-el-auto-en-vacaciones-y-a-la-escuela\/\",\"url\":\"https:\/\/www.noticiasradioreflejos.com.ar\/2021\/ninos-seguros-en-el-auto-en-vacaciones-y-a-la-escuela\/\",\"name\":\"Ni\u00f1os seguros en el auto en vacaciones y a la escuela - Noticias Radio Reflejos\",\"isPartOf\":{\"@id\":\"https:\/\/www.noticiasradioreflejos.com.ar\/2021\/#website\"},\"primaryImageOfPage\":{\"@id\":\"https:\/\/www.noticiasradioreflejos.com.ar\/2021\/ninos-seguros-en-el-auto-en-vacaciones-y-a-la-escuela\/#primaryimage\"},\"image\":{\"@id\":\"https:\/\/www.noticiasradioreflejos.com.ar\/2021\/ninos-seguros-en-el-auto-en-vacaciones-y-a-la-escuela\/#primaryimage\"},\"thumbnailUrl\":\"https:\/\/ci4.googleusercontent.com\/proxy\/n5szXH5Q1uDBuLtma-BFsLQ_FFQdUXiWawQigQeZp_kOUWYT7PHvFO2HEdltmHc3a6r520KQRbyaGz_5TrjRXWohAdOGjE4RUriz_O1JXIfrqakvcnzueRHIMZtN0vFqYln5SBAyyu2Fbo0v-u5t1I0ak6mSI7pMUGX24jNlfNfc1RPcm5Oj-rhSr1KsQGZ9D5pXGl_WfcYvulP7=s0-d-e1-ft#https:\/\/bucket.mlcdn.com\/a\/487\/487743\/images\/dfca973ad5c52194cf9939b7a83435484cd986f9.jpeg\/9c4458198919d0a3c05aed3889b97fb0a20e23d8.jpeg\",\"datePublished\":\"2022-02-17T18:31:03+00:00\",\"author\":{\"@id\":\"https:\/\/www.noticiasradioreflejos.com.ar\/2021\/#\/schema\/person\/ad82545263dcc5ec0996818884fd5fb1\"},\"breadcrumb\":{\"@id\":\"https:\/\/www.noticiasradioreflejos.com.ar\/2021\/ninos-seguros-en-el-auto-en-vacaciones-y-a-la-escuela\/#breadcrumb\"},\"inLanguage\":\"es\",\"potentialAction\":[{\"@type\":\"ReadAction\",\"target\":[\"https:\/\/www.noticiasradioreflejos.com.ar\/2021\/ninos-seguros-en-el-auto-en-vacaciones-y-a-la-escuela\/\"]}]},{\"@type\":\"ImageObject\",\"inLanguage\":\"es\",\"@id\":\"https:\/\/www.noticiasradioreflejos.com.ar\/2021\/ninos-seguros-en-el-auto-en-vacaciones-y-a-la-escuela\/#primaryimage\",\"url\":\"https:\/\/ci4.googleusercontent.com\/proxy\/n5szXH5Q1uDBuLtma-BFsLQ_FFQdUXiWawQigQeZp_kOUWYT7PHvFO2HEdltmHc3a6r520KQRbyaGz_5TrjRXWohAdOGjE4RUriz_O1JXIfrqakvcnzueRHIMZtN0vFqYln5SBAyyu2Fbo0v-u5t1I0ak6mSI7pMUGX24jNlfNfc1RPcm5Oj-rhSr1KsQGZ9D5pXGl_WfcYvulP7=s0-d-e1-ft#https:\/\/bucket.mlcdn.com\/a\/487\/487743\/images\/dfca973ad5c52194cf9939b7a83435484cd986f9.jpeg\/9c4458198919d0a3c05aed3889b97fb0a20e23d8.jpeg\",\"contentUrl\":\"https:\/\/ci4.googleusercontent.com\/proxy\/n5szXH5Q1uDBuLtma-BFsLQ_FFQdUXiWawQigQeZp_kOUWYT7PHvFO2HEdltmHc3a6r520KQRbyaGz_5TrjRXWohAdOGjE4RUriz_O1JXIfrqakvcnzueRHIMZtN0vFqYln5SBAyyu2Fbo0v-u5t1I0ak6mSI7pMUGX24jNlfNfc1RPcm5Oj-rhSr1KsQGZ9D5pXGl_WfcYvulP7=s0-d-e1-ft#https:\/\/bucket.mlcdn.com\/a\/487\/487743\/images\/dfca973ad5c52194cf9939b7a83435484cd986f9.jpeg\/9c4458198919d0a3c05aed3889b97fb0a20e23d8.jpeg\"},{\"@type\":\"BreadcrumbList\",\"@id\":\"https:\/\/www.noticiasradioreflejos.com.ar\/2021\/ninos-seguros-en-el-auto-en-vacaciones-y-a-la-escuela\/#breadcrumb\",\"itemListElement\":[{\"@type\":\"ListItem\",\"position\":1,\"name\":\"Portada\",\"item\":\"https:\/\/www.noticiasradioreflejos.com.ar\/2021\/\"},{\"@type\":\"ListItem\",\"position\":2,\"name\":\"Ni\u00f1os seguros en el auto en vacaciones y a la escuela\"}]},{\"@type\":\"WebSite\",\"@id\":\"https:\/\/www.noticiasradioreflejos.com.ar\/2021\/#website\",\"url\":\"https:\/\/www.noticiasradioreflejos.com.ar\/2021\/\",\"name\":\"Noticias Radio Reflejos\",\"description\":\"Las noticias de mi comarca\",\"potentialAction\":[{\"@type\":\"SearchAction\",\"target\":{\"@type\":\"EntryPoint\",\"urlTemplate\":\"https:\/\/www.noticiasradioreflejos.com.ar\/2021\/?s={search_term_string}\"},\"query-input\":{\"@type\":\"PropertyValueSpecification\",\"valueRequired\":true,\"valueName\":\"search_term_string\"}}],\"inLanguage\":\"es\"},{\"@type\":\"Person\",\"@id\":\"https:\/\/www.noticiasradioreflejos.com.ar\/2021\/#\/schema\/person\/ad82545263dcc5ec0996818884fd5fb1\",\"name\":\"Arnaldo Botto\",\"image\":{\"@type\":\"ImageObject\",\"inLanguage\":\"es\",\"@id\":\"https:\/\/www.noticiasradioreflejos.com.ar\/2021\/#\/schema\/person\/image\/\",\"url\":\"https:\/\/secure.gravatar.com\/avatar\/55cb5e37c1efa326397366e6974cb338056df65cb50e7d64d1cf314e87504837?s=96&d=mm&r=g\",\"contentUrl\":\"https:\/\/secure.gravatar.com\/avatar\/55cb5e37c1efa326397366e6974cb338056df65cb50e7d64d1cf314e87504837?s=96&d=mm&r=g\",\"caption\":\"Arnaldo Botto\"},\"url\":\"https:\/\/www.noticiasradioreflejos.com.ar\/2021\/author\/arnaldo\/\"}]}<\/script>\n<!-- \/ Yoast SEO plugin. -->","yoast_head_json":{"title":"Ni\u00f1os seguros en el auto en vacaciones y a la escuela - Noticias Radio Reflejos","robots":{"index":"index","follow":"follow","max-snippet":"max-snippet:-1","max-image-preview":"max-image-preview:large","max-video-preview":"max-video-preview:-1"},"canonical":"https:\/\/www.noticiasradioreflejos.com.ar\/2021\/ninos-seguros-en-el-auto-en-vacaciones-y-a-la-escuela\/","og_locale":"es_ES","og_type":"article","og_title":"Ni\u00f1os seguros en el auto en vacaciones y a la escuela - Noticias Radio Reflejos","og_description":"Terminan las vacaciones y pronto los ni\u00f1os comenzar\u00e1n a ir a la escuela en forma presencial. Es importante recordar que,\u00a0al trasladarlos en el auto es fundamental, para el cuidado de sus vidas, que los chicos viajen siempre, incluso en trayectos cortos, en los asientos traseros del veh\u00edculo, en sus butacas especiales (SRI), correctamente instaladas con [&hellip;]","og_url":"https:\/\/www.noticiasradioreflejos.com.ar\/2021\/ninos-seguros-en-el-auto-en-vacaciones-y-a-la-escuela\/","og_site_name":"Noticias Radio Reflejos","article_published_time":"2022-02-17T18:31:03+00:00","og_image":[{"url":"https:\/\/ci4.googleusercontent.com\/proxy\/n5szXH5Q1uDBuLtma-BFsLQ_FFQdUXiWawQigQeZp_kOUWYT7PHvFO2HEdltmHc3a6r520KQRbyaGz_5TrjRXWohAdOGjE4RUriz_O1JXIfrqakvcnzueRHIMZtN0vFqYln5SBAyyu2Fbo0v-u5t1I0ak6mSI7pMUGX24jNlfNfc1RPcm5Oj-rhSr1KsQGZ9D5pXGl_WfcYvulP7=s0-d-e1-ft#https:\/\/bucket.mlcdn.com\/a\/487\/487743\/images\/dfca973ad5c52194cf9939b7a83435484cd986f9.jpeg\/9c4458198919d0a3c05aed3889b97fb0a20e23d8.jpeg","type":"","width":"","height":""}],"author":"Arnaldo Botto","twitter_card":"summary_large_image","schema":{"@context":"https:\/\/schema.org","@graph":[{"@type":"WebPage","@id":"https:\/\/www.noticiasradioreflejos.com.ar\/2021\/ninos-seguros-en-el-auto-en-vacaciones-y-a-la-escuela\/","url":"https:\/\/www.noticiasradioreflejos.com.ar\/2021\/ninos-seguros-en-el-auto-en-vacaciones-y-a-la-escuela\/","name":"Ni\u00f1os seguros en el auto en vacaciones y a la escuela - Noticias Radio Reflejos","isPartOf":{"@id":"https:\/\/www.noticiasradioreflejos.com.ar\/2021\/#website"},"primaryImageOfPage":{"@id":"https:\/\/www.noticiasradioreflejos.com.ar\/2021\/ninos-seguros-en-el-auto-en-vacaciones-y-a-la-escuela\/#primaryimage"},"image":{"@id":"https:\/\/www.noticiasradioreflejos.com.ar\/2021\/ninos-seguros-en-el-auto-en-vacaciones-y-a-la-escuela\/#primaryimage"},"thumbnailUrl":"https:\/\/ci4.googleusercontent.com\/proxy\/n5szXH5Q1uDBuLtma-BFsLQ_FFQdUXiWawQigQeZp_kOUWYT7PHvFO2HEdltmHc3a6r520KQRbyaGz_5TrjRXWohAdOGjE4RUriz_O1JXIfrqakvcnzueRHIMZtN0vFqYln5SBAyyu2Fbo0v-u5t1I0ak6mSI7pMUGX24jNlfNfc1RPcm5Oj-rhSr1KsQGZ9D5pXGl_WfcYvulP7=s0-d-e1-ft#https:\/\/bucket.mlcdn.com\/a\/487\/487743\/images\/dfca973ad5c52194cf9939b7a83435484cd986f9.jpeg\/9c4458198919d0a3c05aed3889b97fb0a20e23d8.jpeg","datePublished":"2022-02-17T18:31:03+00:00","author":{"@id":"https:\/\/www.noticiasradioreflejos.com.ar\/2021\/#\/schema\/person\/ad82545263dcc5ec0996818884fd5fb1"},"breadcrumb":{"@id":"https:\/\/www.noticiasradioreflejos.com.ar\/2021\/ninos-seguros-en-el-auto-en-vacaciones-y-a-la-escuela\/#breadcrumb"},"inLanguage":"es","potentialAction":[{"@type":"ReadAction","target":["https:\/\/www.noticiasradioreflejos.com.ar\/2021\/ninos-seguros-en-el-auto-en-vacaciones-y-a-la-escuela\/"]}]},{"@type":"ImageObject","inLanguage":"es","@id":"https:\/\/www.noticiasradioreflejos.com.ar\/2021\/ninos-seguros-en-el-auto-en-vacaciones-y-a-la-escuela\/#primaryimage","url":"https:\/\/ci4.googleusercontent.com\/proxy\/n5szXH5Q1uDBuLtma-BFsLQ_FFQdUXiWawQigQeZp_kOUWYT7PHvFO2HEdltmHc3a6r520KQRbyaGz_5TrjRXWohAdOGjE4RUriz_O1JXIfrqakvcnzueRHIMZtN0vFqYln5SBAyyu2Fbo0v-u5t1I0ak6mSI7pMUGX24jNlfNfc1RPcm5Oj-rhSr1KsQGZ9D5pXGl_WfcYvulP7=s0-d-e1-ft#https:\/\/bucket.mlcdn.com\/a\/487\/487743\/images\/dfca973ad5c52194cf9939b7a83435484cd986f9.jpeg\/9c4458198919d0a3c05aed3889b97fb0a20e23d8.jpeg","contentUrl":"https:\/\/ci4.googleusercontent.com\/proxy\/n5szXH5Q1uDBuLtma-BFsLQ_FFQdUXiWawQigQeZp_kOUWYT7PHvFO2HEdltmHc3a6r520KQRbyaGz_5TrjRXWohAdOGjE4RUriz_O1JXIfrqakvcnzueRHIMZtN0vFqYln5SBAyyu2Fbo0v-u5t1I0ak6mSI7pMUGX24jNlfNfc1RPcm5Oj-rhSr1KsQGZ9D5pXGl_WfcYvulP7=s0-d-e1-ft#https:\/\/bucket.mlcdn.com\/a\/487\/487743\/images\/dfca973ad5c52194cf9939b7a83435484cd986f9.jpeg\/9c4458198919d0a3c05aed3889b97fb0a20e23d8.jpeg"},{"@type":"BreadcrumbList","@id":"https:\/\/www.noticiasradioreflejos.com.ar\/2021\/ninos-seguros-en-el-auto-en-vacaciones-y-a-la-escuela\/#breadcrumb","itemListElement":[{"@type":"ListItem","position":1,"name":"Portada","item":"https:\/\/www.noticiasradioreflejos.com.ar\/2021\/"},{"@type":"ListItem","position":2,"name":"Ni\u00f1os seguros en el auto en vacaciones y a la escuela"}]},{"@type":"WebSite","@id":"https:\/\/www.noticiasradioreflejos.com.ar\/2021\/#website","url":"https:\/\/www.noticiasradioreflejos.com.ar\/2021\/","name":"Noticias Radio Reflejos","description":"Las noticias de mi comarca","potentialAction":[{"@type":"SearchAction","target":{"@type":"EntryPoint","urlTemplate":"https:\/\/www.noticiasradioreflejos.com.ar\/2021\/?s={search_term_string}"},"query-input":{"@type":"PropertyValueSpecification","valueRequired":true,"valueName":"search_term_string"}}],"inLanguage":"es"},{"@type":"Person","@id":"https:\/\/www.noticiasradioreflejos.com.ar\/2021\/#\/schema\/person\/ad82545263dcc5ec0996818884fd5fb1","name":"Arnaldo Botto","image":{"@type":"ImageObject","inLanguage":"es","@id":"https:\/\/www.noticiasradioreflejos.com.ar\/2021\/#\/schema\/person\/image\/","url":"https:\/\/secure.gravatar.com\/avatar\/55cb5e37c1efa326397366e6974cb338056df65cb50e7d64d1cf314e87504837?s=96&d=mm&r=g","contentUrl":"https:\/\/secure.gravatar.com\/avatar\/55cb5e37c1efa326397366e6974cb338056df65cb50e7d64d1cf314e87504837?s=96&d=mm&r=g","caption":"Arnaldo Botto"},"url":"https:\/\/www.noticiasradioreflejos.com.ar\/2021\/author\/arnaldo\/"}]}},"_links":{"self":[{"href":"https:\/\/www.noticiasradioreflejos.com.ar\/2021\/wp-json\/wp\/v2\/posts\/68388","targetHints":{"allow":["GET"]}}],"collection":[{"href":"https:\/\/www.noticiasradioreflejos.com.ar\/2021\/wp-json\/wp\/v2\/posts"}],"about":[{"href":"https:\/\/www.noticiasradioreflejos.com.ar\/2021\/wp-json\/wp\/v2\/types\/post"}],"author":[{"embeddable":true,"href":"https:\/\/www.noticiasradioreflejos.com.ar\/2021\/wp-json\/wp\/v2\/users\/3"}],"replies":[{"embeddable":true,"href":"https:\/\/www.noticiasradioreflejos.com.ar\/2021\/wp-json\/wp\/v2\/comments?post=68388"}],"version-history":[{"count":1,"href":"https:\/\/www.noticiasradioreflejos.com.ar\/2021\/wp-json\/wp\/v2\/posts\/68388\/revisions"}],"predecessor-version":[{"id":68390,"href":"https:\/\/www.noticiasradioreflejos.com.ar\/2021\/wp-json\/wp\/v2\/posts\/68388\/revisions\/68390"}],"wp:attachment":[{"href":"https:\/\/www.noticiasradioreflejos.com.ar\/2021\/wp-json\/wp\/v2\/media?parent=68388"}],"wp:term":[{"taxonomy":"category","embeddable":true,"href":"https:\/\/www.noticiasradioreflejos.com.ar\/2021\/wp-json\/wp\/v2\/categories?post=68388"},{"taxonomy":"post_tag","embeddable":true,"href":"https:\/\/www.noticiasradioreflejos.com.ar\/2021\/wp-json\/wp\/v2\/tags?post=68388"}],"curies":[{"name":"wp","href":"https:\/\/api.w.org\/{rel}","templated":true}]}}