{"id":68371,"date":"2022-02-17T17:46:56","date_gmt":"2022-02-17T17:46:56","guid":{"rendered":"http:\/\/www.noticiasradioreflejos.com.ar\/2021\/?p=68371"},"modified":"2022-02-17T17:46:56","modified_gmt":"2022-02-17T17:46:56","slug":"se-acercan-los-carnavales-de-tornquist-que-tendran-a-el-bahiano-y-tambo-tambo-sobre-el-escenario","status":"publish","type":"post","link":"https:\/\/www.noticiasradioreflejos.com.ar\/2021\/se-acercan-los-carnavales-de-tornquist-que-tendran-a-el-bahiano-y-tambo-tambo-sobre-el-escenario\/","title":{"rendered":"Se acercan los Carnavales de Tornquist, que tendr\u00e1n a El Bahiano y Tamb\u00f3 Tamb\u00f3 sobre el escenario"},"content":{"rendered":"<p>Avanza la organizaci\u00f3n de los Carnavales 2022 de Tornquist, que se desarrollar\u00e1n el lunes 28 de febrero y el martes 1 de marzo pr\u00f3ximos, sobre la Avenida Ernesto Tornquist.<!--more--><\/p>\n<p>Con importantes premios para los participantes y una destacada propuesta art\u00edstica sobre el escenario que se montar\u00e1 en la plaza \u2018Ernesto Tornquist\u2019, se vienen dos noches que vestir\u00e1n de fiesta a la localidad cabecera del distrito.<\/p>\n<p>La primera jornada, comenzar\u00e1 a las 20 hs con la presentaci\u00f3n y desfile de disfraces, carrozas y comparsas, para coronar el d\u00eda con el show en vivo de la banda local Media Pinta Rock y la presentaci\u00f3n estelar de El Bahiano.<\/p>\n<p>El martes, en tanto, luego del desfile de participantes (que iniciar\u00e1 tambi\u00e9n a las 20), se anunciar\u00e1n los ganadores de cada categor\u00eda y se entregar\u00e1n los premios para, posteriormente, dar paso al espect\u00e1culo de la murga uruguaya \u2018Permiso Precario\u2019 y culminar bailando al ritmo del popular grupo Tamb\u00f3 Tamb\u00f3.<\/p>\n<p>Cabe recordar que, los interesados en participar, puede inscribirse hasta el martes 22 en la Oficina de Informes Tur\u00edsticos, ubicada en Av. Ernesto Tornquist y Gral. Paz, de lunes a viernes de 13 a 18 hs.<\/p>\n<p>Categor\u00edas y premios:<\/p>\n<p>Carroza<\/p>\n<p>1\u00b0Premio $75.000<\/p>\n<p>2\u00b0Premio $50.000<\/p>\n<p>3\u00b0Premio $30.000<\/p>\n<p>Disfraz colectivo Mayor<\/p>\n<p>1\u00b0Premio $45.000<\/p>\n<p>2\u00b0Premio $30.000<\/p>\n<p>3\u00b0Premio $20.000<\/p>\n<p>Disfraz colectivo Menor<\/p>\n<p>1\u00b0Premio $30.000<\/p>\n<p>2\u00b0Premio $20.000<\/p>\n<p>3\u00b0Premio $10.000<\/p>\n<p>Disfraz Individual Mayor<\/p>\n<p>1\u00b0Premio $15.000<\/p>\n<p>2\u00b0Premio $7.000<\/p>\n<p>3\u00b0Premio $5.000<\/p>\n<p>Disfraz Individual Menor<\/p>\n<p>1\u00b0Premio $15.000<\/p>\n<p>2\u00b0Premio $7.000<\/p>\n<p>3\u00b0Premio $5.000<\/p>\n<p>&nbsp;<\/p>\n","protected":false},"excerpt":{"rendered":"<p>Avanza la organizaci\u00f3n de los Carnavales 2022 de Tornquist, que se desarrollar\u00e1n el lunes 28 de febrero y el martes 1 de marzo pr\u00f3ximos, sobre la Avenida Ernesto Tornquist.<\/p>\n","protected":false},"author":3,"featured_media":0,"comment_status":"closed","ping_status":"closed","sticky":false,"template":"","format":"standard","meta":{"footnotes":""},"categories":[28],"tags":[],"class_list":["post-68371","post","type-post","status-publish","format-standard","hentry","category-municipales"],"yoast_head":"<!-- This site is optimized with the Yoast SEO plugin v25.9 - https:\/\/yoast.com\/wordpress\/plugins\/seo\/ -->\n<title>Se acercan los Carnavales de Tornquist, que tendr\u00e1n a El Bahiano y Tamb\u00f3 Tamb\u00f3 sobre el escenario - Noticias Radio Reflejos<\/title>\n<meta name=\"robots\" content=\"index, follow, max-snippet:-1, max-image-preview:large, max-video-preview:-1\" \/>\n<link rel=\"canonical\" href=\"https:\/\/www.noticiasradioreflejos.com.ar\/2021\/se-acercan-los-carnavales-de-tornquist-que-tendran-a-el-bahiano-y-tambo-tambo-sobre-el-escenario\/\" \/>\n<meta property=\"og:locale\" content=\"es_ES\" \/>\n<meta property=\"og:type\" content=\"article\" \/>\n<meta property=\"og:title\" content=\"Se acercan los Carnavales de Tornquist, que tendr\u00e1n a El Bahiano y Tamb\u00f3 Tamb\u00f3 sobre el escenario - Noticias Radio Reflejos\" \/>\n<meta property=\"og:description\" content=\"Avanza la organizaci\u00f3n de los Carnavales 2022 de Tornquist, que se desarrollar\u00e1n el lunes 28 de febrero y el martes 1 de marzo pr\u00f3ximos, sobre la Avenida Ernesto Tornquist.\" \/>\n<meta property=\"og:url\" content=\"https:\/\/www.noticiasradioreflejos.com.ar\/2021\/se-acercan-los-carnavales-de-tornquist-que-tendran-a-el-bahiano-y-tambo-tambo-sobre-el-escenario\/\" \/>\n<meta property=\"og:site_name\" content=\"Noticias Radio Reflejos\" \/>\n<meta property=\"article:published_time\" content=\"2022-02-17T17:46:56+00:00\" \/>\n<meta property=\"og:image\" content=\"https:\/\/www.noticiasradioreflejos.com.ar\/2021\/wp-content\/uploads\/2021\/07\/logosol300x200.png\" \/>\n\t<meta property=\"og:image:width\" content=\"300\" \/>\n\t<meta property=\"og:image:height\" content=\"200\" \/>\n\t<meta property=\"og:image:type\" content=\"image\/png\" \/>\n<meta name=\"author\" content=\"Arnaldo Botto\" \/>\n<meta name=\"twitter:card\" content=\"summary_large_image\" \/>\n<script type=\"application\/ld+json\" class=\"yoast-schema-graph\">{\"@context\":\"https:\/\/schema.org\",\"@graph\":[{\"@type\":\"WebPage\",\"@id\":\"https:\/\/www.noticiasradioreflejos.com.ar\/2021\/se-acercan-los-carnavales-de-tornquist-que-tendran-a-el-bahiano-y-tambo-tambo-sobre-el-escenario\/\",\"url\":\"https:\/\/www.noticiasradioreflejos.com.ar\/2021\/se-acercan-los-carnavales-de-tornquist-que-tendran-a-el-bahiano-y-tambo-tambo-sobre-el-escenario\/\",\"name\":\"Se acercan los Carnavales de Tornquist, que tendr\u00e1n a El Bahiano y Tamb\u00f3 Tamb\u00f3 sobre el escenario - Noticias Radio Reflejos\",\"isPartOf\":{\"@id\":\"https:\/\/www.noticiasradioreflejos.com.ar\/2021\/#website\"},\"datePublished\":\"2022-02-17T17:46:56+00:00\",\"author\":{\"@id\":\"https:\/\/www.noticiasradioreflejos.com.ar\/2021\/#\/schema\/person\/ad82545263dcc5ec0996818884fd5fb1\"},\"breadcrumb\":{\"@id\":\"https:\/\/www.noticiasradioreflejos.com.ar\/2021\/se-acercan-los-carnavales-de-tornquist-que-tendran-a-el-bahiano-y-tambo-tambo-sobre-el-escenario\/#breadcrumb\"},\"inLanguage\":\"es\",\"potentialAction\":[{\"@type\":\"ReadAction\",\"target\":[\"https:\/\/www.noticiasradioreflejos.com.ar\/2021\/se-acercan-los-carnavales-de-tornquist-que-tendran-a-el-bahiano-y-tambo-tambo-sobre-el-escenario\/\"]}]},{\"@type\":\"BreadcrumbList\",\"@id\":\"https:\/\/www.noticiasradioreflejos.com.ar\/2021\/se-acercan-los-carnavales-de-tornquist-que-tendran-a-el-bahiano-y-tambo-tambo-sobre-el-escenario\/#breadcrumb\",\"itemListElement\":[{\"@type\":\"ListItem\",\"position\":1,\"name\":\"Portada\",\"item\":\"https:\/\/www.noticiasradioreflejos.com.ar\/2021\/\"},{\"@type\":\"ListItem\",\"position\":2,\"name\":\"Se acercan los Carnavales de Tornquist, que tendr\u00e1n a El Bahiano y Tamb\u00f3 Tamb\u00f3 sobre el escenario\"}]},{\"@type\":\"WebSite\",\"@id\":\"https:\/\/www.noticiasradioreflejos.com.ar\/2021\/#website\",\"url\":\"https:\/\/www.noticiasradioreflejos.com.ar\/2021\/\",\"name\":\"Noticias Radio Reflejos\",\"description\":\"Las noticias de mi comarca\",\"potentialAction\":[{\"@type\":\"SearchAction\",\"target\":{\"@type\":\"EntryPoint\",\"urlTemplate\":\"https:\/\/www.noticiasradioreflejos.com.ar\/2021\/?s={search_term_string}\"},\"query-input\":{\"@type\":\"PropertyValueSpecification\",\"valueRequired\":true,\"valueName\":\"search_term_string\"}}],\"inLanguage\":\"es\"},{\"@type\":\"Person\",\"@id\":\"https:\/\/www.noticiasradioreflejos.com.ar\/2021\/#\/schema\/person\/ad82545263dcc5ec0996818884fd5fb1\",\"name\":\"Arnaldo Botto\",\"image\":{\"@type\":\"ImageObject\",\"inLanguage\":\"es\",\"@id\":\"https:\/\/www.noticiasradioreflejos.com.ar\/2021\/#\/schema\/person\/image\/\",\"url\":\"https:\/\/secure.gravatar.com\/avatar\/55cb5e37c1efa326397366e6974cb338056df65cb50e7d64d1cf314e87504837?s=96&d=mm&r=g\",\"contentUrl\":\"https:\/\/secure.gravatar.com\/avatar\/55cb5e37c1efa326397366e6974cb338056df65cb50e7d64d1cf314e87504837?s=96&d=mm&r=g\",\"caption\":\"Arnaldo Botto\"},\"url\":\"https:\/\/www.noticiasradioreflejos.com.ar\/2021\/author\/arnaldo\/\"}]}<\/script>\n<!-- \/ Yoast SEO plugin. -->","yoast_head_json":{"title":"Se acercan los Carnavales de Tornquist, que tendr\u00e1n a El Bahiano y Tamb\u00f3 Tamb\u00f3 sobre el escenario - Noticias Radio Reflejos","robots":{"index":"index","follow":"follow","max-snippet":"max-snippet:-1","max-image-preview":"max-image-preview:large","max-video-preview":"max-video-preview:-1"},"canonical":"https:\/\/www.noticiasradioreflejos.com.ar\/2021\/se-acercan-los-carnavales-de-tornquist-que-tendran-a-el-bahiano-y-tambo-tambo-sobre-el-escenario\/","og_locale":"es_ES","og_type":"article","og_title":"Se acercan los Carnavales de Tornquist, que tendr\u00e1n a El Bahiano y Tamb\u00f3 Tamb\u00f3 sobre el escenario - Noticias Radio Reflejos","og_description":"Avanza la organizaci\u00f3n de los Carnavales 2022 de Tornquist, que se desarrollar\u00e1n el lunes 28 de febrero y el martes 1 de marzo pr\u00f3ximos, sobre la Avenida Ernesto Tornquist.","og_url":"https:\/\/www.noticiasradioreflejos.com.ar\/2021\/se-acercan-los-carnavales-de-tornquist-que-tendran-a-el-bahiano-y-tambo-tambo-sobre-el-escenario\/","og_site_name":"Noticias Radio Reflejos","article_published_time":"2022-02-17T17:46:56+00:00","og_image":[{"width":300,"height":200,"url":"https:\/\/www.noticiasradioreflejos.com.ar\/2021\/wp-content\/uploads\/2021\/07\/logosol300x200.png","type":"image\/png"}],"author":"Arnaldo Botto","twitter_card":"summary_large_image","schema":{"@context":"https:\/\/schema.org","@graph":[{"@type":"WebPage","@id":"https:\/\/www.noticiasradioreflejos.com.ar\/2021\/se-acercan-los-carnavales-de-tornquist-que-tendran-a-el-bahiano-y-tambo-tambo-sobre-el-escenario\/","url":"https:\/\/www.noticiasradioreflejos.com.ar\/2021\/se-acercan-los-carnavales-de-tornquist-que-tendran-a-el-bahiano-y-tambo-tambo-sobre-el-escenario\/","name":"Se acercan los Carnavales de Tornquist, que tendr\u00e1n a El Bahiano y Tamb\u00f3 Tamb\u00f3 sobre el escenario - Noticias Radio Reflejos","isPartOf":{"@id":"https:\/\/www.noticiasradioreflejos.com.ar\/2021\/#website"},"datePublished":"2022-02-17T17:46:56+00:00","author":{"@id":"https:\/\/www.noticiasradioreflejos.com.ar\/2021\/#\/schema\/person\/ad82545263dcc5ec0996818884fd5fb1"},"breadcrumb":{"@id":"https:\/\/www.noticiasradioreflejos.com.ar\/2021\/se-acercan-los-carnavales-de-tornquist-que-tendran-a-el-bahiano-y-tambo-tambo-sobre-el-escenario\/#breadcrumb"},"inLanguage":"es","potentialAction":[{"@type":"ReadAction","target":["https:\/\/www.noticiasradioreflejos.com.ar\/2021\/se-acercan-los-carnavales-de-tornquist-que-tendran-a-el-bahiano-y-tambo-tambo-sobre-el-escenario\/"]}]},{"@type":"BreadcrumbList","@id":"https:\/\/www.noticiasradioreflejos.com.ar\/2021\/se-acercan-los-carnavales-de-tornquist-que-tendran-a-el-bahiano-y-tambo-tambo-sobre-el-escenario\/#breadcrumb","itemListElement":[{"@type":"ListItem","position":1,"name":"Portada","item":"https:\/\/www.noticiasradioreflejos.com.ar\/2021\/"},{"@type":"ListItem","position":2,"name":"Se acercan los Carnavales de Tornquist, que tendr\u00e1n a El Bahiano y Tamb\u00f3 Tamb\u00f3 sobre el escenario"}]},{"@type":"WebSite","@id":"https:\/\/www.noticiasradioreflejos.com.ar\/2021\/#website","url":"https:\/\/www.noticiasradioreflejos.com.ar\/2021\/","name":"Noticias Radio Reflejos","description":"Las noticias de mi comarca","potentialAction":[{"@type":"SearchAction","target":{"@type":"EntryPoint","urlTemplate":"https:\/\/www.noticiasradioreflejos.com.ar\/2021\/?s={search_term_string}"},"query-input":{"@type":"PropertyValueSpecification","valueRequired":true,"valueName":"search_term_string"}}],"inLanguage":"es"},{"@type":"Person","@id":"https:\/\/www.noticiasradioreflejos.com.ar\/2021\/#\/schema\/person\/ad82545263dcc5ec0996818884fd5fb1","name":"Arnaldo Botto","image":{"@type":"ImageObject","inLanguage":"es","@id":"https:\/\/www.noticiasradioreflejos.com.ar\/2021\/#\/schema\/person\/image\/","url":"https:\/\/secure.gravatar.com\/avatar\/55cb5e37c1efa326397366e6974cb338056df65cb50e7d64d1cf314e87504837?s=96&d=mm&r=g","contentUrl":"https:\/\/secure.gravatar.com\/avatar\/55cb5e37c1efa326397366e6974cb338056df65cb50e7d64d1cf314e87504837?s=96&d=mm&r=g","caption":"Arnaldo Botto"},"url":"https:\/\/www.noticiasradioreflejos.com.ar\/2021\/author\/arnaldo\/"}]}},"_links":{"self":[{"href":"https:\/\/www.noticiasradioreflejos.com.ar\/2021\/wp-json\/wp\/v2\/posts\/68371","targetHints":{"allow":["GET"]}}],"collection":[{"href":"https:\/\/www.noticiasradioreflejos.com.ar\/2021\/wp-json\/wp\/v2\/posts"}],"about":[{"href":"https:\/\/www.noticiasradioreflejos.com.ar\/2021\/wp-json\/wp\/v2\/types\/post"}],"author":[{"embeddable":true,"href":"https:\/\/www.noticiasradioreflejos.com.ar\/2021\/wp-json\/wp\/v2\/users\/3"}],"replies":[{"embeddable":true,"href":"https:\/\/www.noticiasradioreflejos.com.ar\/2021\/wp-json\/wp\/v2\/comments?post=68371"}],"version-history":[{"count":1,"href":"https:\/\/www.noticiasradioreflejos.com.ar\/2021\/wp-json\/wp\/v2\/posts\/68371\/revisions"}],"predecessor-version":[{"id":68373,"href":"https:\/\/www.noticiasradioreflejos.com.ar\/2021\/wp-json\/wp\/v2\/posts\/68371\/revisions\/68373"}],"wp:attachment":[{"href":"https:\/\/www.noticiasradioreflejos.com.ar\/2021\/wp-json\/wp\/v2\/media?parent=68371"}],"wp:term":[{"taxonomy":"category","embeddable":true,"href":"https:\/\/www.noticiasradioreflejos.com.ar\/2021\/wp-json\/wp\/v2\/categories?post=68371"},{"taxonomy":"post_tag","embeddable":true,"href":"https:\/\/www.noticiasradioreflejos.com.ar\/2021\/wp-json\/wp\/v2\/tags?post=68371"}],"curies":[{"name":"wp","href":"https:\/\/api.w.org\/{rel}","templated":true}]}}