{"id":68368,"date":"2022-02-17T17:39:05","date_gmt":"2022-02-17T17:39:05","guid":{"rendered":"http:\/\/www.noticiasradioreflejos.com.ar\/2021\/?p=68368"},"modified":"2022-02-17T17:39:05","modified_gmt":"2022-02-17T17:39:05","slug":"el-gobierno-reflotaran-70-obras-publicas-abandonadas-por-el-macrismo","status":"publish","type":"post","link":"https:\/\/www.noticiasradioreflejos.com.ar\/2021\/el-gobierno-reflotaran-70-obras-publicas-abandonadas-por-el-macrismo\/","title":{"rendered":"El Gobierno reflotar\u00e1n 70 obras p\u00fablicas abandonadas por el macrismo"},"content":{"rendered":"<p>&gt;Se trata de proyectos presentados durante la gesti\u00f3n anterior bajo el sistema de participaci\u00f3n p\u00fablico privado que estaban suspendidos y ser\u00e1n retomados mediante licitaciones que llevar\u00e1 adelante Vialidad Nacional, con lo cual costar\u00e1n un tercio de lo presupuestado.<!--more--><\/p>\n<div>\n<div class=\"wrapper-editable-content\">\n<div>\n<div class=\"container-md\">\n<div class=\"row\">\n<div class=\"col-md-12 speak\">\n<div class=\"paragraph\">\n<figure class=\"mb-3\"><img decoding=\"async\" src=\"https:\/\/www.telam.com.ar\/thumbs\/bluesteel\/advf\/imagenes\/2021\/12\/61aa5899858d4_900.jpg\" alt=\"Katopodis enfatiz que el modelo PPP fracas \" width=\"100%\" height=\"100%\" \/><\/figure>\n<\/div>\n<\/div>\n<\/div>\n<\/div>\n<\/div>\n<\/div>\n<\/div>\n<p>Katopodis enfatiz\u00f3 que el modelo PPP fracas\u00f3.<\/p>\n<p>&nbsp;<\/p>\n<p>El Ministerio de Obras P\u00fablicas reflotar\u00e1 unas 70 obras programadas y discontinuadas durante el gobierno de Mauricio Macri bajo el\u00a0<strong>sistema de participaci\u00f3n p\u00fablico privado (PPP)<\/strong>, cuyas<strong>\u00a0licitaciones tienen un costo de un tercio de los valores proyectados<\/strong>\u00a0por la administraci\u00f3n precedente.<\/p>\n<p><strong>\u00abEsta semana estuve en (la localidad bonaerense de) Ca\u00f1uelas iniciando la primera obra ex PPP. Las estamos licitando y las ponemos en cabeza de Vialidad Nacional\u00bb<\/strong>, explic\u00f3 el ministro de Obras P\u00fablicas, Gabriel Katopodis, a T\u00e9lam.<\/p>\n<p>El ministro advirti\u00f3 que<strong>\u00a0las licitaciones bajo este formato de financiamiento \u00absale un tercio de lo que sal\u00eda con el gobierno macrista\u00bb.<\/strong><\/p>\n<p>En este sentido, aclar\u00f3 que\u00a0<strong>sobre un total de 70 obras proyectadas en su momento bajo la modalidad PPP,<\/strong>\u00a0apenas se avanz\u00f3 \u00abun 2%\u00bb.<\/p>\n<p>\u00abEstos trabajos van a beneficiar la log\u00edstica y el desarrollo de toda la zona productiva de la provincia de Buenos Aires\u00bb, puntualiz\u00f3 el funcionario.<\/p>\n<p>Katopodis record\u00f3 que \u00abfue una decisi\u00f3n del presidente Alberto Fern\u00e1ndez ponerle fin a un modelo que fracas\u00f3 y perjudic\u00f3 los intereses de los argentinos y argentinas\u201d, y remarc\u00f3 que se logr\u00f3 \u201crescindir los contratos PPP de los seis corredores viales y Vialidad Nacional va a ir completando estas obras\u201d.<\/p>\n<p>El proyecto en la\u00a0<strong>autopista Ezeiza-Ca\u00f1uelas<\/strong>\u00a0consiste en la reconstrucci\u00f3n de la calzada a lo largo de cinco kil\u00f3metros, en dos carriles con un ancho de 3,65 metros cada uno y banquinas pavimentadas.<\/p>\n<p><strong>Los trabajos incluyen tareas de excavaci\u00f3n, compactaci\u00f3n y colocaci\u00f3n de una nueva capa asf\u00e1ltica.<\/strong><\/p>\n<p>Adem\u00e1s, beneficiar\u00e1 el flujo de 13.100 veh\u00edculos que transitan diariamente para el traslado de productos agr\u00edcola-ganaderos, desde el centro de Buenos Aires hacia la zona metropolitana sur, como as\u00ed tambi\u00e9n al movimiento tur\u00edstico desde y hacia el Aeropuerto de Ezeiza.<\/p>\n<p>El Ministerio encabezado por Katopodis, a trav\u00e9s de Vialidad Nacional, t<strong>iene en carpeta la concreci\u00f3n de alrededor de 70 obras ex PPP que apenas avanzaron un 2% en el gobierno anterior.<\/strong><\/p>\n<p>Una de las m\u00e1s importantes es la\u00a0<strong>construcci\u00f3n del tramo final de la autopista en la localidad bonaerense de San Miguel del Monte,<\/strong>\u00a0que implica una inversi\u00f3n de $ 10.309 millones.<\/p>\n<p>Tambi\u00e9n\u00a0<strong>se prev\u00e9 la construcci\u00f3n de la autopista en el tramo Mercedes-Suipacha (provincia de Buenos Aires), con una inversi\u00f3n de $ 9.240 millones.<\/strong><\/p>\n<p>Adem\u00e1s se presupuest\u00f3 una inversi\u00f3n de $ 6.196 millones para el mantenimiento y repavimentaci\u00f3n para la autopista San Miguel del Monte sur, entre los kil\u00f3metros 104 y 113.<\/p>\n<p>Otras obras que avanzan en el proceso licitatorio son e<strong>l tramo interno del acceso a Ca\u00f1uelas por la calle Pellegrini, con una inversi\u00f3n de $ 5.092 millones.<\/strong><\/p>\n<p>Tambi\u00e9n se repavimentar\u00e1 el tramo entre General Villegas y Rufino, con un costo estimado de $ 4.568 millones, a la vez que invertir\u00e1n $ 485 millones para mantener y repavimentar la autopista Buenos Aires-Rosario<\/p>\n<p>El listado se completa con la concreci\u00f3n de obras en el tramo final\u00a0<strong>del acceso a la localidad bonaerense de Las Flores, la repavimentaci\u00f3n del tramo Trenque Lauqu\u00e9n-Pellegrini, y la construcci\u00f3n del tramo Autopista 7-Carmen de Areco.<\/strong><\/p>\n<p>La inversi\u00f3n total estimada en este primer proceso licitatorio para las obras en jurisdicci\u00f3n bonaerense ronda los $ 46.000 millones, de acuerdo a las proyecciones de Obras P\u00fablicas<\/p>\n<p>En cuanto a la evoluci\u00f3n de la obra p\u00fablica en general, Katopodis subray\u00f3 que \u201cactualmente tenemos 3.700 obras en todo el pa\u00eds\u201d.<\/p>\n<p>\u201cHab\u00eda 370 cuando llegamos (al Gobierno), de las cuales el 70% estaban paralizadas desde el 2018, cuando fueron a tocar la puerta del FMI\u00bb, indic\u00f3 el ministro, quien afirm\u00f3 que \u201ceste momento de la Argentina, despu\u00e9s de haber resuelto la pesada deuda que nos dejaron, nos sentimos obligados a gobernar con una consigna muy clara, que se sienta que el Estado y el Gobierno se ocupan de la gente\u00bb.<\/p>\n","protected":false},"excerpt":{"rendered":"<p>&gt;Se trata de proyectos presentados durante la gesti\u00f3n anterior bajo el sistema de participaci\u00f3n p\u00fablico privado que estaban suspendidos y ser\u00e1n retomados mediante licitaciones que llevar\u00e1 adelante Vialidad Nacional, con lo cual costar\u00e1n un tercio de lo presupuestado.<\/p>\n","protected":false},"author":3,"featured_media":0,"comment_status":"closed","ping_status":"closed","sticky":false,"template":"","format":"standard","meta":{"footnotes":""},"categories":[24],"tags":[],"class_list":["post-68368","post","type-post","status-publish","format-standard","hentry","category-politica"],"yoast_head":"<!-- This site is optimized with the Yoast SEO plugin v25.9 - https:\/\/yoast.com\/wordpress\/plugins\/seo\/ -->\n<title>El Gobierno reflotar\u00e1n 70 obras p\u00fablicas abandonadas por el macrismo - Noticias Radio Reflejos<\/title>\n<meta name=\"robots\" content=\"index, follow, max-snippet:-1, max-image-preview:large, max-video-preview:-1\" \/>\n<link rel=\"canonical\" href=\"https:\/\/www.noticiasradioreflejos.com.ar\/2021\/el-gobierno-reflotaran-70-obras-publicas-abandonadas-por-el-macrismo\/\" \/>\n<meta property=\"og:locale\" content=\"es_ES\" \/>\n<meta property=\"og:type\" content=\"article\" \/>\n<meta property=\"og:title\" content=\"El Gobierno reflotar\u00e1n 70 obras p\u00fablicas abandonadas por el macrismo - Noticias Radio Reflejos\" \/>\n<meta property=\"og:description\" content=\"&gt;Se trata de proyectos presentados durante la gesti\u00f3n anterior bajo el sistema de participaci\u00f3n p\u00fablico privado que estaban suspendidos y ser\u00e1n retomados mediante licitaciones que llevar\u00e1 adelante Vialidad Nacional, con lo cual costar\u00e1n un tercio de lo presupuestado.\" \/>\n<meta property=\"og:url\" content=\"https:\/\/www.noticiasradioreflejos.com.ar\/2021\/el-gobierno-reflotaran-70-obras-publicas-abandonadas-por-el-macrismo\/\" \/>\n<meta property=\"og:site_name\" content=\"Noticias Radio Reflejos\" \/>\n<meta property=\"article:published_time\" content=\"2022-02-17T17:39:05+00:00\" \/>\n<meta property=\"og:image\" content=\"https:\/\/www.telam.com.ar\/thumbs\/bluesteel\/advf\/imagenes\/2021\/12\/61aa5899858d4_900.jpg\" \/>\n<meta name=\"author\" content=\"Arnaldo Botto\" \/>\n<meta name=\"twitter:card\" content=\"summary_large_image\" \/>\n<script type=\"application\/ld+json\" class=\"yoast-schema-graph\">{\"@context\":\"https:\/\/schema.org\",\"@graph\":[{\"@type\":\"WebPage\",\"@id\":\"https:\/\/www.noticiasradioreflejos.com.ar\/2021\/el-gobierno-reflotaran-70-obras-publicas-abandonadas-por-el-macrismo\/\",\"url\":\"https:\/\/www.noticiasradioreflejos.com.ar\/2021\/el-gobierno-reflotaran-70-obras-publicas-abandonadas-por-el-macrismo\/\",\"name\":\"El Gobierno reflotar\u00e1n 70 obras p\u00fablicas abandonadas por el macrismo - Noticias Radio Reflejos\",\"isPartOf\":{\"@id\":\"https:\/\/www.noticiasradioreflejos.com.ar\/2021\/#website\"},\"primaryImageOfPage\":{\"@id\":\"https:\/\/www.noticiasradioreflejos.com.ar\/2021\/el-gobierno-reflotaran-70-obras-publicas-abandonadas-por-el-macrismo\/#primaryimage\"},\"image\":{\"@id\":\"https:\/\/www.noticiasradioreflejos.com.ar\/2021\/el-gobierno-reflotaran-70-obras-publicas-abandonadas-por-el-macrismo\/#primaryimage\"},\"thumbnailUrl\":\"https:\/\/www.telam.com.ar\/thumbs\/bluesteel\/advf\/imagenes\/2021\/12\/61aa5899858d4_900.jpg\",\"datePublished\":\"2022-02-17T17:39:05+00:00\",\"author\":{\"@id\":\"https:\/\/www.noticiasradioreflejos.com.ar\/2021\/#\/schema\/person\/ad82545263dcc5ec0996818884fd5fb1\"},\"breadcrumb\":{\"@id\":\"https:\/\/www.noticiasradioreflejos.com.ar\/2021\/el-gobierno-reflotaran-70-obras-publicas-abandonadas-por-el-macrismo\/#breadcrumb\"},\"inLanguage\":\"es\",\"potentialAction\":[{\"@type\":\"ReadAction\",\"target\":[\"https:\/\/www.noticiasradioreflejos.com.ar\/2021\/el-gobierno-reflotaran-70-obras-publicas-abandonadas-por-el-macrismo\/\"]}]},{\"@type\":\"ImageObject\",\"inLanguage\":\"es\",\"@id\":\"https:\/\/www.noticiasradioreflejos.com.ar\/2021\/el-gobierno-reflotaran-70-obras-publicas-abandonadas-por-el-macrismo\/#primaryimage\",\"url\":\"https:\/\/www.telam.com.ar\/thumbs\/bluesteel\/advf\/imagenes\/2021\/12\/61aa5899858d4_900.jpg\",\"contentUrl\":\"https:\/\/www.telam.com.ar\/thumbs\/bluesteel\/advf\/imagenes\/2021\/12\/61aa5899858d4_900.jpg\"},{\"@type\":\"BreadcrumbList\",\"@id\":\"https:\/\/www.noticiasradioreflejos.com.ar\/2021\/el-gobierno-reflotaran-70-obras-publicas-abandonadas-por-el-macrismo\/#breadcrumb\",\"itemListElement\":[{\"@type\":\"ListItem\",\"position\":1,\"name\":\"Portada\",\"item\":\"https:\/\/www.noticiasradioreflejos.com.ar\/2021\/\"},{\"@type\":\"ListItem\",\"position\":2,\"name\":\"El Gobierno reflotar\u00e1n 70 obras p\u00fablicas abandonadas por el macrismo\"}]},{\"@type\":\"WebSite\",\"@id\":\"https:\/\/www.noticiasradioreflejos.com.ar\/2021\/#website\",\"url\":\"https:\/\/www.noticiasradioreflejos.com.ar\/2021\/\",\"name\":\"Noticias Radio Reflejos\",\"description\":\"Las noticias de mi comarca\",\"potentialAction\":[{\"@type\":\"SearchAction\",\"target\":{\"@type\":\"EntryPoint\",\"urlTemplate\":\"https:\/\/www.noticiasradioreflejos.com.ar\/2021\/?s={search_term_string}\"},\"query-input\":{\"@type\":\"PropertyValueSpecification\",\"valueRequired\":true,\"valueName\":\"search_term_string\"}}],\"inLanguage\":\"es\"},{\"@type\":\"Person\",\"@id\":\"https:\/\/www.noticiasradioreflejos.com.ar\/2021\/#\/schema\/person\/ad82545263dcc5ec0996818884fd5fb1\",\"name\":\"Arnaldo Botto\",\"image\":{\"@type\":\"ImageObject\",\"inLanguage\":\"es\",\"@id\":\"https:\/\/www.noticiasradioreflejos.com.ar\/2021\/#\/schema\/person\/image\/\",\"url\":\"https:\/\/secure.gravatar.com\/avatar\/55cb5e37c1efa326397366e6974cb338056df65cb50e7d64d1cf314e87504837?s=96&d=mm&r=g\",\"contentUrl\":\"https:\/\/secure.gravatar.com\/avatar\/55cb5e37c1efa326397366e6974cb338056df65cb50e7d64d1cf314e87504837?s=96&d=mm&r=g\",\"caption\":\"Arnaldo Botto\"},\"url\":\"https:\/\/www.noticiasradioreflejos.com.ar\/2021\/author\/arnaldo\/\"}]}<\/script>\n<!-- \/ Yoast SEO plugin. -->","yoast_head_json":{"title":"El Gobierno reflotar\u00e1n 70 obras p\u00fablicas abandonadas por el macrismo - Noticias Radio Reflejos","robots":{"index":"index","follow":"follow","max-snippet":"max-snippet:-1","max-image-preview":"max-image-preview:large","max-video-preview":"max-video-preview:-1"},"canonical":"https:\/\/www.noticiasradioreflejos.com.ar\/2021\/el-gobierno-reflotaran-70-obras-publicas-abandonadas-por-el-macrismo\/","og_locale":"es_ES","og_type":"article","og_title":"El Gobierno reflotar\u00e1n 70 obras p\u00fablicas abandonadas por el macrismo - Noticias Radio Reflejos","og_description":"&gt;Se trata de proyectos presentados durante la gesti\u00f3n anterior bajo el sistema de participaci\u00f3n p\u00fablico privado que estaban suspendidos y ser\u00e1n retomados mediante licitaciones que llevar\u00e1 adelante Vialidad Nacional, con lo cual costar\u00e1n un tercio de lo presupuestado.","og_url":"https:\/\/www.noticiasradioreflejos.com.ar\/2021\/el-gobierno-reflotaran-70-obras-publicas-abandonadas-por-el-macrismo\/","og_site_name":"Noticias Radio Reflejos","article_published_time":"2022-02-17T17:39:05+00:00","og_image":[{"url":"https:\/\/www.telam.com.ar\/thumbs\/bluesteel\/advf\/imagenes\/2021\/12\/61aa5899858d4_900.jpg","type":"","width":"","height":""}],"author":"Arnaldo Botto","twitter_card":"summary_large_image","schema":{"@context":"https:\/\/schema.org","@graph":[{"@type":"WebPage","@id":"https:\/\/www.noticiasradioreflejos.com.ar\/2021\/el-gobierno-reflotaran-70-obras-publicas-abandonadas-por-el-macrismo\/","url":"https:\/\/www.noticiasradioreflejos.com.ar\/2021\/el-gobierno-reflotaran-70-obras-publicas-abandonadas-por-el-macrismo\/","name":"El Gobierno reflotar\u00e1n 70 obras p\u00fablicas abandonadas por el macrismo - Noticias Radio Reflejos","isPartOf":{"@id":"https:\/\/www.noticiasradioreflejos.com.ar\/2021\/#website"},"primaryImageOfPage":{"@id":"https:\/\/www.noticiasradioreflejos.com.ar\/2021\/el-gobierno-reflotaran-70-obras-publicas-abandonadas-por-el-macrismo\/#primaryimage"},"image":{"@id":"https:\/\/www.noticiasradioreflejos.com.ar\/2021\/el-gobierno-reflotaran-70-obras-publicas-abandonadas-por-el-macrismo\/#primaryimage"},"thumbnailUrl":"https:\/\/www.telam.com.ar\/thumbs\/bluesteel\/advf\/imagenes\/2021\/12\/61aa5899858d4_900.jpg","datePublished":"2022-02-17T17:39:05+00:00","author":{"@id":"https:\/\/www.noticiasradioreflejos.com.ar\/2021\/#\/schema\/person\/ad82545263dcc5ec0996818884fd5fb1"},"breadcrumb":{"@id":"https:\/\/www.noticiasradioreflejos.com.ar\/2021\/el-gobierno-reflotaran-70-obras-publicas-abandonadas-por-el-macrismo\/#breadcrumb"},"inLanguage":"es","potentialAction":[{"@type":"ReadAction","target":["https:\/\/www.noticiasradioreflejos.com.ar\/2021\/el-gobierno-reflotaran-70-obras-publicas-abandonadas-por-el-macrismo\/"]}]},{"@type":"ImageObject","inLanguage":"es","@id":"https:\/\/www.noticiasradioreflejos.com.ar\/2021\/el-gobierno-reflotaran-70-obras-publicas-abandonadas-por-el-macrismo\/#primaryimage","url":"https:\/\/www.telam.com.ar\/thumbs\/bluesteel\/advf\/imagenes\/2021\/12\/61aa5899858d4_900.jpg","contentUrl":"https:\/\/www.telam.com.ar\/thumbs\/bluesteel\/advf\/imagenes\/2021\/12\/61aa5899858d4_900.jpg"},{"@type":"BreadcrumbList","@id":"https:\/\/www.noticiasradioreflejos.com.ar\/2021\/el-gobierno-reflotaran-70-obras-publicas-abandonadas-por-el-macrismo\/#breadcrumb","itemListElement":[{"@type":"ListItem","position":1,"name":"Portada","item":"https:\/\/www.noticiasradioreflejos.com.ar\/2021\/"},{"@type":"ListItem","position":2,"name":"El Gobierno reflotar\u00e1n 70 obras p\u00fablicas abandonadas por el macrismo"}]},{"@type":"WebSite","@id":"https:\/\/www.noticiasradioreflejos.com.ar\/2021\/#website","url":"https:\/\/www.noticiasradioreflejos.com.ar\/2021\/","name":"Noticias Radio Reflejos","description":"Las noticias de mi comarca","potentialAction":[{"@type":"SearchAction","target":{"@type":"EntryPoint","urlTemplate":"https:\/\/www.noticiasradioreflejos.com.ar\/2021\/?s={search_term_string}"},"query-input":{"@type":"PropertyValueSpecification","valueRequired":true,"valueName":"search_term_string"}}],"inLanguage":"es"},{"@type":"Person","@id":"https:\/\/www.noticiasradioreflejos.com.ar\/2021\/#\/schema\/person\/ad82545263dcc5ec0996818884fd5fb1","name":"Arnaldo Botto","image":{"@type":"ImageObject","inLanguage":"es","@id":"https:\/\/www.noticiasradioreflejos.com.ar\/2021\/#\/schema\/person\/image\/","url":"https:\/\/secure.gravatar.com\/avatar\/55cb5e37c1efa326397366e6974cb338056df65cb50e7d64d1cf314e87504837?s=96&d=mm&r=g","contentUrl":"https:\/\/secure.gravatar.com\/avatar\/55cb5e37c1efa326397366e6974cb338056df65cb50e7d64d1cf314e87504837?s=96&d=mm&r=g","caption":"Arnaldo Botto"},"url":"https:\/\/www.noticiasradioreflejos.com.ar\/2021\/author\/arnaldo\/"}]}},"_links":{"self":[{"href":"https:\/\/www.noticiasradioreflejos.com.ar\/2021\/wp-json\/wp\/v2\/posts\/68368","targetHints":{"allow":["GET"]}}],"collection":[{"href":"https:\/\/www.noticiasradioreflejos.com.ar\/2021\/wp-json\/wp\/v2\/posts"}],"about":[{"href":"https:\/\/www.noticiasradioreflejos.com.ar\/2021\/wp-json\/wp\/v2\/types\/post"}],"author":[{"embeddable":true,"href":"https:\/\/www.noticiasradioreflejos.com.ar\/2021\/wp-json\/wp\/v2\/users\/3"}],"replies":[{"embeddable":true,"href":"https:\/\/www.noticiasradioreflejos.com.ar\/2021\/wp-json\/wp\/v2\/comments?post=68368"}],"version-history":[{"count":1,"href":"https:\/\/www.noticiasradioreflejos.com.ar\/2021\/wp-json\/wp\/v2\/posts\/68368\/revisions"}],"predecessor-version":[{"id":68370,"href":"https:\/\/www.noticiasradioreflejos.com.ar\/2021\/wp-json\/wp\/v2\/posts\/68368\/revisions\/68370"}],"wp:attachment":[{"href":"https:\/\/www.noticiasradioreflejos.com.ar\/2021\/wp-json\/wp\/v2\/media?parent=68368"}],"wp:term":[{"taxonomy":"category","embeddable":true,"href":"https:\/\/www.noticiasradioreflejos.com.ar\/2021\/wp-json\/wp\/v2\/categories?post=68368"},{"taxonomy":"post_tag","embeddable":true,"href":"https:\/\/www.noticiasradioreflejos.com.ar\/2021\/wp-json\/wp\/v2\/tags?post=68368"}],"curies":[{"name":"wp","href":"https:\/\/api.w.org\/{rel}","templated":true}]}}