{"id":68365,"date":"2022-02-17T17:30:49","date_gmt":"2022-02-17T17:30:49","guid":{"rendered":"http:\/\/www.noticiasradioreflejos.com.ar\/2021\/?p=68365"},"modified":"2022-02-17T17:30:49","modified_gmt":"2022-02-17T17:30:49","slug":"pidieron-el-desafuero-y-la-detencion-de-vidal-en-la-causa-por-la-mesa-judicial","status":"publish","type":"post","link":"https:\/\/www.noticiasradioreflejos.com.ar\/2021\/pidieron-el-desafuero-y-la-detencion-de-vidal-en-la-causa-por-la-mesa-judicial\/","title":{"rendered":"Pidieron el desafuero y la detenci\u00f3n de Vidal en la causa por la mesa judicial"},"content":{"rendered":"<p>El abogado del sindicalista de la Uocra Juan Pablo &#8216;Pata&#8217; Medina solicit\u00f3 tambi\u00e9n el arresto del exministro de Trabajo bonaerense, Marcelo Villegas y del intendente de La Plata, Julio Garro.<!--more--><\/p>\n<div>\n<div class=\"wrapper-editable-content\">\n<div>\n<div class=\"container-md\">\n<div class=\"row\">\n<div class=\"col-md-12 speak\">\n<div class=\"paragraph\">\n<figure class=\"mb-3\"><img decoding=\"async\" src=\"https:\/\/www.telam.com.ar\/thumbs\/bluesteel\/advf\/imagenes\/2021\/12\/61afb080b1675.12.2021%20foto%20leo%20vaca%20565_900.jpg\" alt=\"Foto archivo Leo Vaca\" width=\"100%\" height=\"100%\" \/><\/figure>\n<\/div>\n<\/div>\n<\/div>\n<\/div>\n<\/div>\n<\/div>\n<\/div>\n<div class=\"media-icons\"><\/div>\n<p>Foto archivo: Leo Vaca.<\/p>\n<p><strong>C\u00e9sar Albarrac\u00edn, abogado del sindicalista de la Uocra Juan Pablo &#8216;Pata&#8217; Medina<\/strong>, pidi\u00f3 el\u00a0<strong>desafuero y la detenci\u00f3n de la diputada nacional de Juntos por el Cambio y exgobernadora Mar\u00eda Eugenia Vidal\u00a0<\/strong>en el marco de la causa que se sigue por la mesa judicial bonaerense, al considerar que la exmandataria posee \u00abuna posici\u00f3n de poder\u00bb que podr\u00eda permitirle \u00abmanipular pruebas\u00bb en la investigaci\u00f3n a cargo de la Justicia federal de La Plata.<\/p>\n<p>\u00abConsideramos que existen a esta altura sobrados elementos de prueba como para convocar a indagatoria a la ex gobernadora Vidal, as\u00ed como al resto de los intervinientes en la\u00a0<strong>presunta asociaci\u00f3n il\u00edcita destinada a armar causas a dirigentes sindicales<\/strong>\u00ab, se\u00f1al\u00f3 Albarrac\u00edn en declaraciones a T\u00e9lam.<\/p>\n<p>En ese sentido, el letrado consider\u00f3 que \u00abla naturaleza de los hechos evidencia una enorme capacidad para manipular pruebas y condicionar a funcionarios judiciales\u00bb.<\/p>\n<p>\u00abLa posici\u00f3n de poder que conservan alguno de los imputados, tornan a<strong>\u00a0nuestro criterio necesario que se adopten medidas de coerci\u00f3n destinadas a garantizar los fines del proceso<\/strong>\u00ab, subray\u00f3 el titular de la querella que representa a Medina en esta causa.<\/p>\n<p>Este martes, Albarrac\u00edn formul\u00f3 esta presentaci\u00f3n ante el juez federal Ernesto Kreplak, a cargo de la instrucci\u00f3n del expediente de la mesa judicial bonaerense y\u00a0<strong>solicit\u00f3 que el pedido de detenci\u00f3n se extiende adem\u00e1s al exministro de Trabajo bonaerense, Marcelo Villegas y al intendente de La Plata, Julio Garro<\/strong>.<\/p>\n<h2 class=\"\">La investigaci\u00f3n<\/h2>\n<p>Inici\u00f3 luego de una\u00a0<strong>denuncia presentada por la interventora de la Agencia Federal de Inteligencia (AFI), Cristina Caama\u00f1o<\/strong>, luego de\u00a0<strong>hallar en las instalaciones del organismo un video de una reuni\u00f3n celebrada en junio de 2017 en la sede porte\u00f1a del Banco Provincia<\/strong>.<\/p>\n<p>En ese encuentro, estuvieron reunidos, adem\u00e1s de Villegas y Garro, otros exfuncionarios bonaerenses con agentes de la AFI y empresarios platenses, y se discuti\u00f3 la\u00a0<strong>forma en la cual deb\u00edan presentarse denuncias contra algunos dirigentes sindicales<\/strong>.<\/p>\n<p>En el video, Villegas afirma que le gustar\u00eda contar con una \u00abGestapo\u00bb-la polic\u00eda pol\u00edtica del r\u00e9gimen nazi- para perseguir a los gremios, y asegura que la Procuraci\u00f3n bonaerense conoce las maniobras que deben llevarse a cabo contra sindicalistas.<\/p>\n<p>En el escrito se solicita tambi\u00e9n la indagatoria de los exfuncionarios provinciales Adri\u00e1n Grassi, Roberto Gigante, el senador Juan Pablo Allan, el exdirector de jur\u00eddicos de la AFI macrista Juan Sebasti\u00e1n De Stefano, y los exagentes Dar\u00edo Alberto Biorci, y Diego Luis Dalmau Pereyra y empresarios que participaron de la reuni\u00f3n en el Banco Provincia.<\/p>\n<p>El pasado mes de enero, Albarrac\u00edn present\u00f3 en la causa un audio en el que presuntamente se escucha a Villegas decir que ten\u00edan que \u00abterminar\u00bb con Medina y que ese tema \u00ablo hab\u00eda hablado con el Presidente (Mauricio) Macri en tres oportunidades\u00bb.<\/p>\n<p>Albarrac\u00edn ofreci\u00f3 un registro extra\u00eddo judicialmente del celular de Dar\u00edo Nieto, secretario del expresidente Mauricio Macri, en el que consta un pedido de Villegas \u00abpara transmitir una solicitud de audiencia en privado \u00abdel juez de Quilmes\u00bb (en posible referencia a Luis Armella) con el exmandatario.<\/p>\n","protected":false},"excerpt":{"rendered":"<p>El abogado del sindicalista de la Uocra Juan Pablo &#8216;Pata&#8217; Medina solicit\u00f3 tambi\u00e9n el arresto del exministro de Trabajo bonaerense, Marcelo Villegas y del intendente de La Plata, Julio Garro.<\/p>\n","protected":false},"author":3,"featured_media":0,"comment_status":"closed","ping_status":"closed","sticky":false,"template":"","format":"standard","meta":{"footnotes":""},"categories":[24],"tags":[],"class_list":["post-68365","post","type-post","status-publish","format-standard","hentry","category-politica"],"yoast_head":"<!-- This site is optimized with the Yoast SEO plugin v25.9 - https:\/\/yoast.com\/wordpress\/plugins\/seo\/ -->\n<title>Pidieron el desafuero y la detenci\u00f3n de Vidal en la causa por la mesa judicial - Noticias Radio Reflejos<\/title>\n<meta name=\"robots\" content=\"index, follow, max-snippet:-1, max-image-preview:large, max-video-preview:-1\" \/>\n<link rel=\"canonical\" href=\"https:\/\/www.noticiasradioreflejos.com.ar\/2021\/pidieron-el-desafuero-y-la-detencion-de-vidal-en-la-causa-por-la-mesa-judicial\/\" \/>\n<meta property=\"og:locale\" content=\"es_ES\" \/>\n<meta property=\"og:type\" content=\"article\" \/>\n<meta property=\"og:title\" content=\"Pidieron el desafuero y la detenci\u00f3n de Vidal en la causa por la mesa judicial - Noticias Radio Reflejos\" \/>\n<meta property=\"og:description\" content=\"El abogado del sindicalista de la Uocra Juan Pablo &#8216;Pata&#8217; Medina solicit\u00f3 tambi\u00e9n el arresto del exministro de Trabajo bonaerense, Marcelo Villegas y del intendente de La Plata, Julio Garro.\" \/>\n<meta property=\"og:url\" content=\"https:\/\/www.noticiasradioreflejos.com.ar\/2021\/pidieron-el-desafuero-y-la-detencion-de-vidal-en-la-causa-por-la-mesa-judicial\/\" \/>\n<meta property=\"og:site_name\" content=\"Noticias Radio Reflejos\" \/>\n<meta property=\"article:published_time\" content=\"2022-02-17T17:30:49+00:00\" \/>\n<meta property=\"og:image\" content=\"https:\/\/www.telam.com.ar\/thumbs\/bluesteel\/advf\/imagenes\/2021\/12\/61afb080b1675.12.2021%20foto%20leo%20vaca%20565_900.jpg\" \/>\n<meta name=\"author\" content=\"Arnaldo Botto\" \/>\n<meta name=\"twitter:card\" content=\"summary_large_image\" \/>\n<script type=\"application\/ld+json\" class=\"yoast-schema-graph\">{\"@context\":\"https:\/\/schema.org\",\"@graph\":[{\"@type\":\"WebPage\",\"@id\":\"https:\/\/www.noticiasradioreflejos.com.ar\/2021\/pidieron-el-desafuero-y-la-detencion-de-vidal-en-la-causa-por-la-mesa-judicial\/\",\"url\":\"https:\/\/www.noticiasradioreflejos.com.ar\/2021\/pidieron-el-desafuero-y-la-detencion-de-vidal-en-la-causa-por-la-mesa-judicial\/\",\"name\":\"Pidieron el desafuero y la detenci\u00f3n de Vidal en la causa por la mesa judicial - Noticias Radio Reflejos\",\"isPartOf\":{\"@id\":\"https:\/\/www.noticiasradioreflejos.com.ar\/2021\/#website\"},\"primaryImageOfPage\":{\"@id\":\"https:\/\/www.noticiasradioreflejos.com.ar\/2021\/pidieron-el-desafuero-y-la-detencion-de-vidal-en-la-causa-por-la-mesa-judicial\/#primaryimage\"},\"image\":{\"@id\":\"https:\/\/www.noticiasradioreflejos.com.ar\/2021\/pidieron-el-desafuero-y-la-detencion-de-vidal-en-la-causa-por-la-mesa-judicial\/#primaryimage\"},\"thumbnailUrl\":\"https:\/\/www.telam.com.ar\/thumbs\/bluesteel\/advf\/imagenes\/2021\/12\/61afb080b1675.12.2021%20foto%20leo%20vaca%20565_900.jpg\",\"datePublished\":\"2022-02-17T17:30:49+00:00\",\"author\":{\"@id\":\"https:\/\/www.noticiasradioreflejos.com.ar\/2021\/#\/schema\/person\/ad82545263dcc5ec0996818884fd5fb1\"},\"breadcrumb\":{\"@id\":\"https:\/\/www.noticiasradioreflejos.com.ar\/2021\/pidieron-el-desafuero-y-la-detencion-de-vidal-en-la-causa-por-la-mesa-judicial\/#breadcrumb\"},\"inLanguage\":\"es\",\"potentialAction\":[{\"@type\":\"ReadAction\",\"target\":[\"https:\/\/www.noticiasradioreflejos.com.ar\/2021\/pidieron-el-desafuero-y-la-detencion-de-vidal-en-la-causa-por-la-mesa-judicial\/\"]}]},{\"@type\":\"ImageObject\",\"inLanguage\":\"es\",\"@id\":\"https:\/\/www.noticiasradioreflejos.com.ar\/2021\/pidieron-el-desafuero-y-la-detencion-de-vidal-en-la-causa-por-la-mesa-judicial\/#primaryimage\",\"url\":\"https:\/\/www.telam.com.ar\/thumbs\/bluesteel\/advf\/imagenes\/2021\/12\/61afb080b1675.12.2021%20foto%20leo%20vaca%20565_900.jpg\",\"contentUrl\":\"https:\/\/www.telam.com.ar\/thumbs\/bluesteel\/advf\/imagenes\/2021\/12\/61afb080b1675.12.2021%20foto%20leo%20vaca%20565_900.jpg\"},{\"@type\":\"BreadcrumbList\",\"@id\":\"https:\/\/www.noticiasradioreflejos.com.ar\/2021\/pidieron-el-desafuero-y-la-detencion-de-vidal-en-la-causa-por-la-mesa-judicial\/#breadcrumb\",\"itemListElement\":[{\"@type\":\"ListItem\",\"position\":1,\"name\":\"Portada\",\"item\":\"https:\/\/www.noticiasradioreflejos.com.ar\/2021\/\"},{\"@type\":\"ListItem\",\"position\":2,\"name\":\"Pidieron el desafuero y la detenci\u00f3n de Vidal en la causa por la mesa judicial\"}]},{\"@type\":\"WebSite\",\"@id\":\"https:\/\/www.noticiasradioreflejos.com.ar\/2021\/#website\",\"url\":\"https:\/\/www.noticiasradioreflejos.com.ar\/2021\/\",\"name\":\"Noticias Radio Reflejos\",\"description\":\"Las noticias de mi comarca\",\"potentialAction\":[{\"@type\":\"SearchAction\",\"target\":{\"@type\":\"EntryPoint\",\"urlTemplate\":\"https:\/\/www.noticiasradioreflejos.com.ar\/2021\/?s={search_term_string}\"},\"query-input\":{\"@type\":\"PropertyValueSpecification\",\"valueRequired\":true,\"valueName\":\"search_term_string\"}}],\"inLanguage\":\"es\"},{\"@type\":\"Person\",\"@id\":\"https:\/\/www.noticiasradioreflejos.com.ar\/2021\/#\/schema\/person\/ad82545263dcc5ec0996818884fd5fb1\",\"name\":\"Arnaldo Botto\",\"image\":{\"@type\":\"ImageObject\",\"inLanguage\":\"es\",\"@id\":\"https:\/\/www.noticiasradioreflejos.com.ar\/2021\/#\/schema\/person\/image\/\",\"url\":\"https:\/\/secure.gravatar.com\/avatar\/55cb5e37c1efa326397366e6974cb338056df65cb50e7d64d1cf314e87504837?s=96&d=mm&r=g\",\"contentUrl\":\"https:\/\/secure.gravatar.com\/avatar\/55cb5e37c1efa326397366e6974cb338056df65cb50e7d64d1cf314e87504837?s=96&d=mm&r=g\",\"caption\":\"Arnaldo Botto\"},\"url\":\"https:\/\/www.noticiasradioreflejos.com.ar\/2021\/author\/arnaldo\/\"}]}<\/script>\n<!-- \/ Yoast SEO plugin. -->","yoast_head_json":{"title":"Pidieron el desafuero y la detenci\u00f3n de Vidal en la causa por la mesa judicial - Noticias Radio Reflejos","robots":{"index":"index","follow":"follow","max-snippet":"max-snippet:-1","max-image-preview":"max-image-preview:large","max-video-preview":"max-video-preview:-1"},"canonical":"https:\/\/www.noticiasradioreflejos.com.ar\/2021\/pidieron-el-desafuero-y-la-detencion-de-vidal-en-la-causa-por-la-mesa-judicial\/","og_locale":"es_ES","og_type":"article","og_title":"Pidieron el desafuero y la detenci\u00f3n de Vidal en la causa por la mesa judicial - Noticias Radio Reflejos","og_description":"El abogado del sindicalista de la Uocra Juan Pablo &#8216;Pata&#8217; Medina solicit\u00f3 tambi\u00e9n el arresto del exministro de Trabajo bonaerense, Marcelo Villegas y del intendente de La Plata, Julio Garro.","og_url":"https:\/\/www.noticiasradioreflejos.com.ar\/2021\/pidieron-el-desafuero-y-la-detencion-de-vidal-en-la-causa-por-la-mesa-judicial\/","og_site_name":"Noticias Radio Reflejos","article_published_time":"2022-02-17T17:30:49+00:00","og_image":[{"url":"https:\/\/www.telam.com.ar\/thumbs\/bluesteel\/advf\/imagenes\/2021\/12\/61afb080b1675.12.2021%20foto%20leo%20vaca%20565_900.jpg","type":"","width":"","height":""}],"author":"Arnaldo Botto","twitter_card":"summary_large_image","schema":{"@context":"https:\/\/schema.org","@graph":[{"@type":"WebPage","@id":"https:\/\/www.noticiasradioreflejos.com.ar\/2021\/pidieron-el-desafuero-y-la-detencion-de-vidal-en-la-causa-por-la-mesa-judicial\/","url":"https:\/\/www.noticiasradioreflejos.com.ar\/2021\/pidieron-el-desafuero-y-la-detencion-de-vidal-en-la-causa-por-la-mesa-judicial\/","name":"Pidieron el desafuero y la detenci\u00f3n de Vidal en la causa por la mesa judicial - Noticias Radio Reflejos","isPartOf":{"@id":"https:\/\/www.noticiasradioreflejos.com.ar\/2021\/#website"},"primaryImageOfPage":{"@id":"https:\/\/www.noticiasradioreflejos.com.ar\/2021\/pidieron-el-desafuero-y-la-detencion-de-vidal-en-la-causa-por-la-mesa-judicial\/#primaryimage"},"image":{"@id":"https:\/\/www.noticiasradioreflejos.com.ar\/2021\/pidieron-el-desafuero-y-la-detencion-de-vidal-en-la-causa-por-la-mesa-judicial\/#primaryimage"},"thumbnailUrl":"https:\/\/www.telam.com.ar\/thumbs\/bluesteel\/advf\/imagenes\/2021\/12\/61afb080b1675.12.2021%20foto%20leo%20vaca%20565_900.jpg","datePublished":"2022-02-17T17:30:49+00:00","author":{"@id":"https:\/\/www.noticiasradioreflejos.com.ar\/2021\/#\/schema\/person\/ad82545263dcc5ec0996818884fd5fb1"},"breadcrumb":{"@id":"https:\/\/www.noticiasradioreflejos.com.ar\/2021\/pidieron-el-desafuero-y-la-detencion-de-vidal-en-la-causa-por-la-mesa-judicial\/#breadcrumb"},"inLanguage":"es","potentialAction":[{"@type":"ReadAction","target":["https:\/\/www.noticiasradioreflejos.com.ar\/2021\/pidieron-el-desafuero-y-la-detencion-de-vidal-en-la-causa-por-la-mesa-judicial\/"]}]},{"@type":"ImageObject","inLanguage":"es","@id":"https:\/\/www.noticiasradioreflejos.com.ar\/2021\/pidieron-el-desafuero-y-la-detencion-de-vidal-en-la-causa-por-la-mesa-judicial\/#primaryimage","url":"https:\/\/www.telam.com.ar\/thumbs\/bluesteel\/advf\/imagenes\/2021\/12\/61afb080b1675.12.2021%20foto%20leo%20vaca%20565_900.jpg","contentUrl":"https:\/\/www.telam.com.ar\/thumbs\/bluesteel\/advf\/imagenes\/2021\/12\/61afb080b1675.12.2021%20foto%20leo%20vaca%20565_900.jpg"},{"@type":"BreadcrumbList","@id":"https:\/\/www.noticiasradioreflejos.com.ar\/2021\/pidieron-el-desafuero-y-la-detencion-de-vidal-en-la-causa-por-la-mesa-judicial\/#breadcrumb","itemListElement":[{"@type":"ListItem","position":1,"name":"Portada","item":"https:\/\/www.noticiasradioreflejos.com.ar\/2021\/"},{"@type":"ListItem","position":2,"name":"Pidieron el desafuero y la detenci\u00f3n de Vidal en la causa por la mesa judicial"}]},{"@type":"WebSite","@id":"https:\/\/www.noticiasradioreflejos.com.ar\/2021\/#website","url":"https:\/\/www.noticiasradioreflejos.com.ar\/2021\/","name":"Noticias Radio Reflejos","description":"Las noticias de mi comarca","potentialAction":[{"@type":"SearchAction","target":{"@type":"EntryPoint","urlTemplate":"https:\/\/www.noticiasradioreflejos.com.ar\/2021\/?s={search_term_string}"},"query-input":{"@type":"PropertyValueSpecification","valueRequired":true,"valueName":"search_term_string"}}],"inLanguage":"es"},{"@type":"Person","@id":"https:\/\/www.noticiasradioreflejos.com.ar\/2021\/#\/schema\/person\/ad82545263dcc5ec0996818884fd5fb1","name":"Arnaldo Botto","image":{"@type":"ImageObject","inLanguage":"es","@id":"https:\/\/www.noticiasradioreflejos.com.ar\/2021\/#\/schema\/person\/image\/","url":"https:\/\/secure.gravatar.com\/avatar\/55cb5e37c1efa326397366e6974cb338056df65cb50e7d64d1cf314e87504837?s=96&d=mm&r=g","contentUrl":"https:\/\/secure.gravatar.com\/avatar\/55cb5e37c1efa326397366e6974cb338056df65cb50e7d64d1cf314e87504837?s=96&d=mm&r=g","caption":"Arnaldo Botto"},"url":"https:\/\/www.noticiasradioreflejos.com.ar\/2021\/author\/arnaldo\/"}]}},"_links":{"self":[{"href":"https:\/\/www.noticiasradioreflejos.com.ar\/2021\/wp-json\/wp\/v2\/posts\/68365","targetHints":{"allow":["GET"]}}],"collection":[{"href":"https:\/\/www.noticiasradioreflejos.com.ar\/2021\/wp-json\/wp\/v2\/posts"}],"about":[{"href":"https:\/\/www.noticiasradioreflejos.com.ar\/2021\/wp-json\/wp\/v2\/types\/post"}],"author":[{"embeddable":true,"href":"https:\/\/www.noticiasradioreflejos.com.ar\/2021\/wp-json\/wp\/v2\/users\/3"}],"replies":[{"embeddable":true,"href":"https:\/\/www.noticiasradioreflejos.com.ar\/2021\/wp-json\/wp\/v2\/comments?post=68365"}],"version-history":[{"count":1,"href":"https:\/\/www.noticiasradioreflejos.com.ar\/2021\/wp-json\/wp\/v2\/posts\/68365\/revisions"}],"predecessor-version":[{"id":68366,"href":"https:\/\/www.noticiasradioreflejos.com.ar\/2021\/wp-json\/wp\/v2\/posts\/68365\/revisions\/68366"}],"wp:attachment":[{"href":"https:\/\/www.noticiasradioreflejos.com.ar\/2021\/wp-json\/wp\/v2\/media?parent=68365"}],"wp:term":[{"taxonomy":"category","embeddable":true,"href":"https:\/\/www.noticiasradioreflejos.com.ar\/2021\/wp-json\/wp\/v2\/categories?post=68365"},{"taxonomy":"post_tag","embeddable":true,"href":"https:\/\/www.noticiasradioreflejos.com.ar\/2021\/wp-json\/wp\/v2\/tags?post=68365"}],"curies":[{"name":"wp","href":"https:\/\/api.w.org\/{rel}","templated":true}]}}