{"id":68361,"date":"2022-02-17T15:59:45","date_gmt":"2022-02-17T15:59:45","guid":{"rendered":"http:\/\/www.noticiasradioreflejos.com.ar\/2021\/?p=68361"},"modified":"2022-02-17T15:59:45","modified_gmt":"2022-02-17T15:59:45","slug":"bomberos-voluntarios-de-saldungaray-desplego-un-movil-liviano-4x4-con-kit-forestal-a-los-incendios-de-corrientes","status":"publish","type":"post","link":"https:\/\/www.noticiasradioreflejos.com.ar\/2021\/bomberos-voluntarios-de-saldungaray-desplego-un-movil-liviano-4x4-con-kit-forestal-a-los-incendios-de-corrientes\/","title":{"rendered":"Bomberos Voluntarios de Saldungaray despleg\u00f3 un m\u00f3vil liviano 4&#215;4 con kit forestal a los incendios de Corrientes"},"content":{"rendered":"<p>La Asociaci\u00f3n de Bomberos Voluntarios de Saldungaray\u00a0 informa que esta ma\u00f1ana fueron convocados a prestar servicios en la Provincia de Corrientes.<!--more--><\/p>\n<p>El\u00a0<strong>ministro de Ambiente y Desarrollo Sostenible de la Naci\u00f3n, Juan Cabandi\u00e9<\/strong>, afirm\u00f3 este jueves que en el marco de la emergencia nacional por los intensos incendios que se desarrollan:\u00a0 \u00abha llevado a la provincia de Corrientes <strong>brigadistas de varios lugares de la Argentina y varias provincias, as\u00ed como medios a\u00e9reos provistos no solo por parte de este Ministerio<\/strong>, sino tambi\u00e9n por el Ministerio de Seguridad y el Ministerio de Defensa\u00bb.<\/p>\n<p><strong>La dotaci\u00f3n a cargo del Ayudante de Primera Esquivel Pablo y acompa\u00f1ados por los bomberos Escudero Facundo, Carabajal Luis, De Philippis Laura.<\/strong><\/p>\n<p><a title=\"Movil forestal Saldungaray\" href=\"https:\/\/www.flickr.com\/photos\/182279889@N02\/51886343987\/in\/dateposted-public\/\" data-flickr-embed=\"true\"><img loading=\"lazy\" decoding=\"async\" src=\"https:\/\/live.staticflickr.com\/65535\/51886343987_5dfb4375e3_c.jpg\" alt=\"Movil forestal Saldungaray\" width=\"771\" height=\"617\" \/><\/a><script async src=\"\/\/embedr.flickr.com\/assets\/client-code.js\" charset=\"utf-8\"><\/script><br \/>\n<em>El m\u00f3vil 4&#215;4 forestal de Saldungaray sin el kit forestal<\/em><\/p>\n<p>&nbsp;<\/p>\n<p>Salieron a las 7hs de este jueves y se juntan en la cede de la Federaci\u00f3n de Bomberos de la Pcia de Buenos Aires,\u00a0 ( FABVPBA) que se ubica en Av. Gaona de la CABA;\u00a0 a la cual pertenece la instituci\u00f3n y de ah\u00ed junto a otras dotaciones ser\u00e1n distribuidos a\u00a0 incendios activos en la Provincia de Corrientes.<\/p>\n","protected":false},"excerpt":{"rendered":"<p>La Asociaci\u00f3n de Bomberos Voluntarios de Saldungaray\u00a0 informa que esta ma\u00f1ana fueron convocados a prestar servicios en la Provincia de Corrientes.<\/p>\n","protected":false},"author":3,"featured_media":0,"comment_status":"closed","ping_status":"closed","sticky":false,"template":"","format":"standard","meta":{"footnotes":""},"categories":[26],"tags":[],"class_list":["post-68361","post","type-post","status-publish","format-standard","hentry","category-sociedad"],"yoast_head":"<!-- This site is optimized with the Yoast SEO plugin v25.9 - https:\/\/yoast.com\/wordpress\/plugins\/seo\/ -->\n<title>Bomberos Voluntarios de Saldungaray despleg\u00f3 un m\u00f3vil liviano 4x4 con kit forestal a los incendios de Corrientes - Noticias Radio Reflejos<\/title>\n<meta name=\"robots\" content=\"index, follow, max-snippet:-1, max-image-preview:large, max-video-preview:-1\" \/>\n<link rel=\"canonical\" href=\"https:\/\/www.noticiasradioreflejos.com.ar\/2021\/bomberos-voluntarios-de-saldungaray-desplego-un-movil-liviano-4x4-con-kit-forestal-a-los-incendios-de-corrientes\/\" \/>\n<meta property=\"og:locale\" content=\"es_ES\" \/>\n<meta property=\"og:type\" content=\"article\" \/>\n<meta property=\"og:title\" content=\"Bomberos Voluntarios de Saldungaray despleg\u00f3 un m\u00f3vil liviano 4x4 con kit forestal a los incendios de Corrientes - Noticias Radio Reflejos\" \/>\n<meta property=\"og:description\" content=\"La Asociaci\u00f3n de Bomberos Voluntarios de Saldungaray\u00a0 informa que esta ma\u00f1ana fueron convocados a prestar servicios en la Provincia de Corrientes.\" \/>\n<meta property=\"og:url\" content=\"https:\/\/www.noticiasradioreflejos.com.ar\/2021\/bomberos-voluntarios-de-saldungaray-desplego-un-movil-liviano-4x4-con-kit-forestal-a-los-incendios-de-corrientes\/\" \/>\n<meta property=\"og:site_name\" content=\"Noticias Radio Reflejos\" \/>\n<meta property=\"article:published_time\" content=\"2022-02-17T15:59:45+00:00\" \/>\n<meta property=\"og:image\" content=\"https:\/\/live.staticflickr.com\/65535\/51886343987_5dfb4375e3_c.jpg\" \/>\n<meta name=\"author\" content=\"Arnaldo Botto\" \/>\n<meta name=\"twitter:card\" content=\"summary_large_image\" \/>\n<script type=\"application\/ld+json\" class=\"yoast-schema-graph\">{\"@context\":\"https:\/\/schema.org\",\"@graph\":[{\"@type\":\"WebPage\",\"@id\":\"https:\/\/www.noticiasradioreflejos.com.ar\/2021\/bomberos-voluntarios-de-saldungaray-desplego-un-movil-liviano-4x4-con-kit-forestal-a-los-incendios-de-corrientes\/\",\"url\":\"https:\/\/www.noticiasradioreflejos.com.ar\/2021\/bomberos-voluntarios-de-saldungaray-desplego-un-movil-liviano-4x4-con-kit-forestal-a-los-incendios-de-corrientes\/\",\"name\":\"Bomberos Voluntarios de Saldungaray despleg\u00f3 un m\u00f3vil liviano 4x4 con kit forestal a los incendios de Corrientes - Noticias Radio Reflejos\",\"isPartOf\":{\"@id\":\"https:\/\/www.noticiasradioreflejos.com.ar\/2021\/#website\"},\"primaryImageOfPage\":{\"@id\":\"https:\/\/www.noticiasradioreflejos.com.ar\/2021\/bomberos-voluntarios-de-saldungaray-desplego-un-movil-liviano-4x4-con-kit-forestal-a-los-incendios-de-corrientes\/#primaryimage\"},\"image\":{\"@id\":\"https:\/\/www.noticiasradioreflejos.com.ar\/2021\/bomberos-voluntarios-de-saldungaray-desplego-un-movil-liviano-4x4-con-kit-forestal-a-los-incendios-de-corrientes\/#primaryimage\"},\"thumbnailUrl\":\"https:\/\/live.staticflickr.com\/65535\/51886343987_5dfb4375e3_c.jpg\",\"datePublished\":\"2022-02-17T15:59:45+00:00\",\"author\":{\"@id\":\"https:\/\/www.noticiasradioreflejos.com.ar\/2021\/#\/schema\/person\/ad82545263dcc5ec0996818884fd5fb1\"},\"breadcrumb\":{\"@id\":\"https:\/\/www.noticiasradioreflejos.com.ar\/2021\/bomberos-voluntarios-de-saldungaray-desplego-un-movil-liviano-4x4-con-kit-forestal-a-los-incendios-de-corrientes\/#breadcrumb\"},\"inLanguage\":\"es\",\"potentialAction\":[{\"@type\":\"ReadAction\",\"target\":[\"https:\/\/www.noticiasradioreflejos.com.ar\/2021\/bomberos-voluntarios-de-saldungaray-desplego-un-movil-liviano-4x4-con-kit-forestal-a-los-incendios-de-corrientes\/\"]}]},{\"@type\":\"ImageObject\",\"inLanguage\":\"es\",\"@id\":\"https:\/\/www.noticiasradioreflejos.com.ar\/2021\/bomberos-voluntarios-de-saldungaray-desplego-un-movil-liviano-4x4-con-kit-forestal-a-los-incendios-de-corrientes\/#primaryimage\",\"url\":\"https:\/\/live.staticflickr.com\/65535\/51886343987_5dfb4375e3_c.jpg\",\"contentUrl\":\"https:\/\/live.staticflickr.com\/65535\/51886343987_5dfb4375e3_c.jpg\"},{\"@type\":\"BreadcrumbList\",\"@id\":\"https:\/\/www.noticiasradioreflejos.com.ar\/2021\/bomberos-voluntarios-de-saldungaray-desplego-un-movil-liviano-4x4-con-kit-forestal-a-los-incendios-de-corrientes\/#breadcrumb\",\"itemListElement\":[{\"@type\":\"ListItem\",\"position\":1,\"name\":\"Portada\",\"item\":\"https:\/\/www.noticiasradioreflejos.com.ar\/2021\/\"},{\"@type\":\"ListItem\",\"position\":2,\"name\":\"Bomberos Voluntarios de Saldungaray despleg\u00f3 un m\u00f3vil liviano 4&#215;4 con kit forestal a los incendios de Corrientes\"}]},{\"@type\":\"WebSite\",\"@id\":\"https:\/\/www.noticiasradioreflejos.com.ar\/2021\/#website\",\"url\":\"https:\/\/www.noticiasradioreflejos.com.ar\/2021\/\",\"name\":\"Noticias Radio Reflejos\",\"description\":\"Las noticias de mi comarca\",\"potentialAction\":[{\"@type\":\"SearchAction\",\"target\":{\"@type\":\"EntryPoint\",\"urlTemplate\":\"https:\/\/www.noticiasradioreflejos.com.ar\/2021\/?s={search_term_string}\"},\"query-input\":{\"@type\":\"PropertyValueSpecification\",\"valueRequired\":true,\"valueName\":\"search_term_string\"}}],\"inLanguage\":\"es\"},{\"@type\":\"Person\",\"@id\":\"https:\/\/www.noticiasradioreflejos.com.ar\/2021\/#\/schema\/person\/ad82545263dcc5ec0996818884fd5fb1\",\"name\":\"Arnaldo Botto\",\"image\":{\"@type\":\"ImageObject\",\"inLanguage\":\"es\",\"@id\":\"https:\/\/www.noticiasradioreflejos.com.ar\/2021\/#\/schema\/person\/image\/\",\"url\":\"https:\/\/secure.gravatar.com\/avatar\/55cb5e37c1efa326397366e6974cb338056df65cb50e7d64d1cf314e87504837?s=96&d=mm&r=g\",\"contentUrl\":\"https:\/\/secure.gravatar.com\/avatar\/55cb5e37c1efa326397366e6974cb338056df65cb50e7d64d1cf314e87504837?s=96&d=mm&r=g\",\"caption\":\"Arnaldo Botto\"},\"url\":\"https:\/\/www.noticiasradioreflejos.com.ar\/2021\/author\/arnaldo\/\"}]}<\/script>\n<!-- \/ Yoast SEO plugin. -->","yoast_head_json":{"title":"Bomberos Voluntarios de Saldungaray despleg\u00f3 un m\u00f3vil liviano 4x4 con kit forestal a los incendios de Corrientes - Noticias Radio Reflejos","robots":{"index":"index","follow":"follow","max-snippet":"max-snippet:-1","max-image-preview":"max-image-preview:large","max-video-preview":"max-video-preview:-1"},"canonical":"https:\/\/www.noticiasradioreflejos.com.ar\/2021\/bomberos-voluntarios-de-saldungaray-desplego-un-movil-liviano-4x4-con-kit-forestal-a-los-incendios-de-corrientes\/","og_locale":"es_ES","og_type":"article","og_title":"Bomberos Voluntarios de Saldungaray despleg\u00f3 un m\u00f3vil liviano 4x4 con kit forestal a los incendios de Corrientes - Noticias Radio Reflejos","og_description":"La Asociaci\u00f3n de Bomberos Voluntarios de Saldungaray\u00a0 informa que esta ma\u00f1ana fueron convocados a prestar servicios en la Provincia de Corrientes.","og_url":"https:\/\/www.noticiasradioreflejos.com.ar\/2021\/bomberos-voluntarios-de-saldungaray-desplego-un-movil-liviano-4x4-con-kit-forestal-a-los-incendios-de-corrientes\/","og_site_name":"Noticias Radio Reflejos","article_published_time":"2022-02-17T15:59:45+00:00","og_image":[{"url":"https:\/\/live.staticflickr.com\/65535\/51886343987_5dfb4375e3_c.jpg","type":"","width":"","height":""}],"author":"Arnaldo Botto","twitter_card":"summary_large_image","schema":{"@context":"https:\/\/schema.org","@graph":[{"@type":"WebPage","@id":"https:\/\/www.noticiasradioreflejos.com.ar\/2021\/bomberos-voluntarios-de-saldungaray-desplego-un-movil-liviano-4x4-con-kit-forestal-a-los-incendios-de-corrientes\/","url":"https:\/\/www.noticiasradioreflejos.com.ar\/2021\/bomberos-voluntarios-de-saldungaray-desplego-un-movil-liviano-4x4-con-kit-forestal-a-los-incendios-de-corrientes\/","name":"Bomberos Voluntarios de Saldungaray despleg\u00f3 un m\u00f3vil liviano 4x4 con kit forestal a los incendios de Corrientes - Noticias Radio Reflejos","isPartOf":{"@id":"https:\/\/www.noticiasradioreflejos.com.ar\/2021\/#website"},"primaryImageOfPage":{"@id":"https:\/\/www.noticiasradioreflejos.com.ar\/2021\/bomberos-voluntarios-de-saldungaray-desplego-un-movil-liviano-4x4-con-kit-forestal-a-los-incendios-de-corrientes\/#primaryimage"},"image":{"@id":"https:\/\/www.noticiasradioreflejos.com.ar\/2021\/bomberos-voluntarios-de-saldungaray-desplego-un-movil-liviano-4x4-con-kit-forestal-a-los-incendios-de-corrientes\/#primaryimage"},"thumbnailUrl":"https:\/\/live.staticflickr.com\/65535\/51886343987_5dfb4375e3_c.jpg","datePublished":"2022-02-17T15:59:45+00:00","author":{"@id":"https:\/\/www.noticiasradioreflejos.com.ar\/2021\/#\/schema\/person\/ad82545263dcc5ec0996818884fd5fb1"},"breadcrumb":{"@id":"https:\/\/www.noticiasradioreflejos.com.ar\/2021\/bomberos-voluntarios-de-saldungaray-desplego-un-movil-liviano-4x4-con-kit-forestal-a-los-incendios-de-corrientes\/#breadcrumb"},"inLanguage":"es","potentialAction":[{"@type":"ReadAction","target":["https:\/\/www.noticiasradioreflejos.com.ar\/2021\/bomberos-voluntarios-de-saldungaray-desplego-un-movil-liviano-4x4-con-kit-forestal-a-los-incendios-de-corrientes\/"]}]},{"@type":"ImageObject","inLanguage":"es","@id":"https:\/\/www.noticiasradioreflejos.com.ar\/2021\/bomberos-voluntarios-de-saldungaray-desplego-un-movil-liviano-4x4-con-kit-forestal-a-los-incendios-de-corrientes\/#primaryimage","url":"https:\/\/live.staticflickr.com\/65535\/51886343987_5dfb4375e3_c.jpg","contentUrl":"https:\/\/live.staticflickr.com\/65535\/51886343987_5dfb4375e3_c.jpg"},{"@type":"BreadcrumbList","@id":"https:\/\/www.noticiasradioreflejos.com.ar\/2021\/bomberos-voluntarios-de-saldungaray-desplego-un-movil-liviano-4x4-con-kit-forestal-a-los-incendios-de-corrientes\/#breadcrumb","itemListElement":[{"@type":"ListItem","position":1,"name":"Portada","item":"https:\/\/www.noticiasradioreflejos.com.ar\/2021\/"},{"@type":"ListItem","position":2,"name":"Bomberos Voluntarios de Saldungaray despleg\u00f3 un m\u00f3vil liviano 4&#215;4 con kit forestal a los incendios de Corrientes"}]},{"@type":"WebSite","@id":"https:\/\/www.noticiasradioreflejos.com.ar\/2021\/#website","url":"https:\/\/www.noticiasradioreflejos.com.ar\/2021\/","name":"Noticias Radio Reflejos","description":"Las noticias de mi comarca","potentialAction":[{"@type":"SearchAction","target":{"@type":"EntryPoint","urlTemplate":"https:\/\/www.noticiasradioreflejos.com.ar\/2021\/?s={search_term_string}"},"query-input":{"@type":"PropertyValueSpecification","valueRequired":true,"valueName":"search_term_string"}}],"inLanguage":"es"},{"@type":"Person","@id":"https:\/\/www.noticiasradioreflejos.com.ar\/2021\/#\/schema\/person\/ad82545263dcc5ec0996818884fd5fb1","name":"Arnaldo Botto","image":{"@type":"ImageObject","inLanguage":"es","@id":"https:\/\/www.noticiasradioreflejos.com.ar\/2021\/#\/schema\/person\/image\/","url":"https:\/\/secure.gravatar.com\/avatar\/55cb5e37c1efa326397366e6974cb338056df65cb50e7d64d1cf314e87504837?s=96&d=mm&r=g","contentUrl":"https:\/\/secure.gravatar.com\/avatar\/55cb5e37c1efa326397366e6974cb338056df65cb50e7d64d1cf314e87504837?s=96&d=mm&r=g","caption":"Arnaldo Botto"},"url":"https:\/\/www.noticiasradioreflejos.com.ar\/2021\/author\/arnaldo\/"}]}},"_links":{"self":[{"href":"https:\/\/www.noticiasradioreflejos.com.ar\/2021\/wp-json\/wp\/v2\/posts\/68361","targetHints":{"allow":["GET"]}}],"collection":[{"href":"https:\/\/www.noticiasradioreflejos.com.ar\/2021\/wp-json\/wp\/v2\/posts"}],"about":[{"href":"https:\/\/www.noticiasradioreflejos.com.ar\/2021\/wp-json\/wp\/v2\/types\/post"}],"author":[{"embeddable":true,"href":"https:\/\/www.noticiasradioreflejos.com.ar\/2021\/wp-json\/wp\/v2\/users\/3"}],"replies":[{"embeddable":true,"href":"https:\/\/www.noticiasradioreflejos.com.ar\/2021\/wp-json\/wp\/v2\/comments?post=68361"}],"version-history":[{"count":2,"href":"https:\/\/www.noticiasradioreflejos.com.ar\/2021\/wp-json\/wp\/v2\/posts\/68361\/revisions"}],"predecessor-version":[{"id":68364,"href":"https:\/\/www.noticiasradioreflejos.com.ar\/2021\/wp-json\/wp\/v2\/posts\/68361\/revisions\/68364"}],"wp:attachment":[{"href":"https:\/\/www.noticiasradioreflejos.com.ar\/2021\/wp-json\/wp\/v2\/media?parent=68361"}],"wp:term":[{"taxonomy":"category","embeddable":true,"href":"https:\/\/www.noticiasradioreflejos.com.ar\/2021\/wp-json\/wp\/v2\/categories?post=68361"},{"taxonomy":"post_tag","embeddable":true,"href":"https:\/\/www.noticiasradioreflejos.com.ar\/2021\/wp-json\/wp\/v2\/tags?post=68361"}],"curies":[{"name":"wp","href":"https:\/\/api.w.org\/{rel}","templated":true}]}}