{"id":68342,"date":"2022-02-17T12:07:49","date_gmt":"2022-02-17T12:07:49","guid":{"rendered":"http:\/\/www.noticiasradioreflejos.com.ar\/2021\/?p=68342"},"modified":"2022-02-17T12:07:49","modified_gmt":"2022-02-17T12:07:49","slug":"espionaje-ilegal-encontraron-105-000-escuchas-guardadas-por-la-afi-macrista","status":"publish","type":"post","link":"https:\/\/www.noticiasradioreflejos.com.ar\/2021\/espionaje-ilegal-encontraron-105-000-escuchas-guardadas-por-la-afi-macrista\/","title":{"rendered":"Espionaje ilegal: encontraron 105.000 escuchas guardadas por la AFI macrista"},"content":{"rendered":"<div class=\"section-2-col article-header\">\n<div class=\"col 2-col\">\n<p>Las grabaciones deb\u00edan destruirse tras ser entregadas a la Justicia, pero los esp\u00edas del gobierno de Cambiemos las almacenaron para usarlas cuando surgiera la necesidad. Entre los audios est\u00e1n las escuchas realizadas sobre exfuncionarios kirchneristas y empresarios presos en el penal de Ezeiza.<\/p>\n<div class=\"author\">\n<div class=\"author-inner\">\n<div class=\"author-thumbnail\"><\/div>\n<\/div>\n<\/div>\n<\/div>\n<\/div>\n<p><!--more--><\/p>\n<div class=\"section-2-col article-main-image\">\n<div class=\"col 2-col\">\n<div class=\"article-main-media-image__container\">\n<div class=\"image-wrapper\">\n<figure>\n<figure class=\"object-fit-block--contain intrinsic-container intrinsic-container-3x2\"><img decoding=\"async\" class=\"  \" src=\"https:\/\/images.pagina12.com.ar\/styles\/focal_3_2_960x640\/public\/2022-02\/354180-3-a-sandracartasso.jpg?itok=bFVU1tXE\" alt=\" (Fuente: Sandra Cartasso)\" \/><\/figure><figcaption>. Imagen: Sandra Cartasso<\/figcaption><\/figure>\n<\/div>\n<\/div>\n<\/div>\n<\/div>\n<div class=\"section-2-col article-main-content\">\n<div class=\"col 1-col\"><\/div>\n<div class=\"col 2-col\">\n<div class=\"article-main-content article-text \">\n<p>En la<b>\u00a0Agencia Federal de Inteligencia (AFI)\u00a0<\/b>hallaron\u00a0<b>105.000 registros de escuchas que se hicieron durante el gobierno de Mauricio Macri<\/b>. Lejos de destruirlas cuando se las entregaban a la Justicia como deber\u00eda haber ocurrido,\u00a0<b>los esp\u00edas del gobierno de Cambiemos almacenaron estas conversaciones para usarlas cuando surgiera la necesidad<\/b>. Entre las grabaciones halladas por la interventora de la AFI, Cristina Caama\u00f1o,\u00a0<b>est\u00e1n las que se hicieron sobre exfuncionarios y empresarios kirchneristas presos en el penal de Ezeiza<\/b>. Esas escuchas serv\u00edan para armar causas \u2013como del llamado \u201cOperativo Puf\u201d que surgi\u00f3 como reacci\u00f3n a la investigaci\u00f3n sobre el D\u2019Alessiogate\u2013 o alimentar minutos de aire en los canales de televisi\u00f3n afines.<\/p>\n<p>Para Caama\u00f1o, por la cantidad de los registros encontrados y el sistema que se usaba, el gobierno de Macri ide\u00f3 una nueva forma para que la exSIDE \u2013en manos de su amigo Gustavo Arribas y de Silvia Majdalani\u2013 volviera a hacerse con las escuchas, algo que estaba vedado desde la reforma de la Ley de Inteligencia de 2015.\u00a0<b>\u201cHicieron gatopardismo. Le sacaron las escuchas a la AFI, pero la Corte se las devolvi\u00f3\u201d<\/b>, le dijo Caama\u00f1o a\u00a0<b>P\u00e1gina\/12<\/b>.<\/p>\n<div id=\"talkFireEvent\"><\/div>\n<p>Despu\u00e9s del hallazgo, Caama\u00f1o hizo una\u00a0<b>presentaci\u00f3n ante el juez federal Marcelo Mart\u00ednez de Giorgi que tiene el expediente en el que se investiga el espionaje penitenciario<\/b>, que incluy\u00f3 la interceptaci\u00f3n de los tel\u00e9fonos de la c\u00e1rcel de Ezeiza, donde estaban alojados los exfuncionarios y empresarios ligados al kirchnerismo. Es la causa que se inici\u00f3 en la justicia federal de Lomas de Zamora y en la que tambi\u00e9n se investiga el rol de los esp\u00edas conocidos como S\u00faper Mario Bros, que, en su n\u00facleo originario eran polic\u00edas de la Ciudad que pasaron en comisi\u00f3n a la exSIDE.<\/p>\n<h2>Una vuelta al pasado<\/h2>\n<p>La SIDE hist\u00f3ricamente manej\u00f3 las escuchas desde su edificio de la calle Los Incas a trav\u00e9s de la Direcci\u00f3n de Observaciones Judiciales, m\u00e1s conocida como la \u201cOjota\u201d. En 2015, con la reforma de la Ley de Inteligencia, las escuchas pasaron a depender de la Procuraci\u00f3n General de la Naci\u00f3n, que estaba en manos de Alejandra Gils Carb\u00f3. La entonces procuradora le encomend\u00f3 a Caama\u00f1o, que era una fiscal de su confianza, que se hiciera cargo del Departamento de Interceptaci\u00f3n y Captaci\u00f3n de las Comunicaciones (DICOM).<\/p>\n<p>La experiencia de Caama\u00f1o y un grupo de trabajadores de la Procuraci\u00f3n en el edificio de Los Incas no dur\u00f3 demasiado. A las dos semanas de haber asumido, Macri public\u00f3 un decreto de necesidad y urgencia (DNU) a trav\u00e9s del cual le sacaba las escuchas a la Procuraci\u00f3n y las pon\u00eda en cabeza de la Corte Suprema. Sacarle la oficina de escuchas era parte de la estrategia para cercar a Gils Carb\u00f3, cuya renuncia Macri reclamaba desde antes de llegar a la Casa Rosada.<\/p>\n<p>La Corte reci\u00e9n acept\u00f3 el traspaso en febrero de 2016. Al tiempo se cre\u00f3 la Direcci\u00f3n de Asistencia Judicial en Delitos Complejos y Crimen Organizado (DAJuDeCO), que qued\u00f3 a cargo del entonces presidente de la C\u00e1mara Federal porte\u00f1a, Mart\u00edn Irurzun, cuyo nombre tambi\u00e9n lleva la \u201cdoctrina\u201d que permiti\u00f3 encarcelar a exfuncionarios del gobierno de Cristina Fern\u00e1ndez de Kirchner.<\/p>\n<p>Los esc\u00e1ndalos por la filtraci\u00f3n de audios se sucedieron durante la gesti\u00f3n anterior, incluso la Corte debi\u00f3 firmar una acordada en 2019 en la que les ped\u00eda a los jueces que redujeran al m\u00ednimo la intervenci\u00f3n de la AFI en las investigaciones judiciales.<\/p>\n<p><b>La AFI intervino en 85 expedientes judiciales durante el per\u00edodo 2016-2019<\/b>, seg\u00fan un relevamiento que hizo la Comisi\u00f3n Bicameral de Inteligencia. En la mayor\u00eda de los casos (68) lo hac\u00edan a pedido del juez. En otros casos (17), armaban precausas que serv\u00edan como excusa para escuchar a determinadas personas: lo hicieron con Oscar Parrilli \u2013que les permiti\u00f3 conocer sus conversaciones con Cristina Kirchner\u2013 e incluso llegaron a hacerlo con una modelo que viaj\u00f3 a Canc\u00fan con el fiscal Alberto Nisman.<\/p>\n<h2>El mecanismo<\/h2>\n<p><b>La responsabilidad en el manejo de las escuchas la ten\u00eda la Direcci\u00f3n Administrativa de Asuntos Jur\u00eddicos (DAAJ), que comandaba Juan Sebasti\u00e1n de Stefano<\/b>, que salt\u00f3 a la fama despu\u00e9s de que se conociera el video de la \u201cGestapo\u201d antisindical. De Stefano era uno de los tres hombres que estaba all\u00ed, discutiendo c\u00f3mo armarle una causa al dirigente de la Uocra platense Juan Pablo \u201cPata\u201d Medina.<\/p>\n<p>El mecanismo de las escuchas era el siguiente: Un juez autorizaba una escucha y le daba intervenci\u00f3n a la exSIDE. All\u00ed, los agentes de la AFI ten\u00edan dos formas de dar con esas grabaciones: a trav\u00e9s de los CDs que grababa la DAJuDeCO o a trav\u00e9s de un sistema punto a punto que se ide\u00f3 entre la oficina de escuchas de la Corte y la AFI. Ese sistema es el que denuncia Caama\u00f1o que le permiti\u00f3 a la AFI volver a tener un control sobre las interceptaciones telef\u00f3nicas.<\/p>\n<p>El sistema punto a punto funciona como cuando se env\u00eda un archivo de manera digital. Los archivos eran las grabaciones que llegaban a una especie de repositorio digital y se cargaban al llamado Sistema de Administraci\u00f3n, que con el tiempo los esp\u00edas empezaron a denominar \u201cSIDEA\u201d, posiblemente porque les recordaba al nombre del organismo cuando manejaban las interceptaciones telef\u00f3nicas. Desde all\u00ed, los esp\u00edas escuchaban y desgrababan.<\/p>\n<h2>Todo el poder a Jur\u00eddicos<\/h2>\n<p>En general, los jueces ped\u00edan que las \u00e1reas operativas de la AFI intervinieran en las investigaciones judiciales, como las de Contrainteligencia o Terrorismo. Sin embargo, de Stefano se asegur\u00f3 que la relaci\u00f3n con el Poder Judicial pasara con \u00e9l.<\/p>\n<p><b>Las escuchas no fueron ajenas a esa construcci\u00f3n de poder del jefe de Jur\u00eddicos de la exSIDE<\/b>. En marzo de 2018,\u00a0<b>se cre\u00f3 la Direcci\u00f3n de Asistencia en Delitos Complejos y Crimen Organizado (DADCCO) de la AFI<\/b>. El nombre era casi un calco del de la DAJuDeCO.<\/p>\n<p>La nueva oficina ten\u00eda una misi\u00f3n: concentrar las escuchas que llegaban y hacer las transcripciones. La nueva direcci\u00f3n qued\u00f3 en manos de un hombre experimentado en la materia, Mariano Ruda Bart, que hab\u00eda ingresado a la SIDE en 1995 y hab\u00eda pasado 19 a\u00f1os en la \u201cOjota\u201d hasta que, tras la reforma de 2015, emigr\u00f3 al \u00e1rea de Jur\u00eddicos. Los agentes destinados a la DADCCO \u00fanicamente trabajaban con el SIDEA, no ten\u00edan acceso a los CDs.<\/p>\n<p>La informaci\u00f3n sobre este mecanismo fue aportada por el propio Ruda Bart en un descargo ante la justicia federal de Lomas de Zamora. Ruda Bart al igual que De Stefano fueron procesados en esa jurisdicci\u00f3n por el juez Juan Pablo Aug\u00e9 y despu\u00e9s fueron beneficiados por la C\u00e1mara Federal porte\u00f1a cuando dijo que el espionaje era obra de cuentapropistas.<\/p>\n<h2>Una muestra<\/h2>\n<p>El primer registro que figura en SIDEA es del 17 de octubre de 2017. Hay escuchas y transcripciones de decenas de causas, que fueron puestas a disposici\u00f3n del juez Mart\u00ednez de Giorgi \u2013que tiene la causa de los S\u00faper Mario Bros y el espionaje penitenciario\u2013.<\/p>\n<p>Antes de que la investigaci\u00f3n pasara a Comodoro Py, investigaban c\u00f3mo con la excusa de escuchar a Mario Segovia \u2013conocido como el \u201cRey de la efedrina\u201d\u2013, la AFI tuvo acceso a todas las conversaciones de los presos kirchneristas. Lo curioso es que esas escuchas hab\u00edan sido ordenadas por el juez de Lomas de Zamora Federico Villena, quien le hab\u00eda pedido al Servicio Penitenciario Federal (SPF) que informara qu\u00e9 tel\u00e9fonos usaba Segovia y en qu\u00e9 momento. Con ese lineamiento, la AFI podr\u00eda haber focalizado su atenci\u00f3n sobre Segovia, pero no lo hizo. Con esas escuchas, en febrero de 2019, buscaron sofocar el esc\u00e1ndalo de la denuncia sobre Marcelo Sebasti\u00e1n D\u2019Alessio, diciendo que la causa hab\u00eda sido armada desde la c\u00e1rcel. Por lo que encontr\u00f3 Caama\u00f1o, parece que los esp\u00edas no tomaron el recaudo de destruir esos registros.<\/p>\n<\/div>\n<\/div>\n<\/div>\n<p>&nbsp;<\/p>\n<div class=\"author-thumbnail\">\n<figure><img decoding=\"async\" class=\" lazyloaded\" src=\"https:\/\/images.pagina12.com.ar\/styles\/thumbnail\/public\/media\/users\/2510\/luciana-20bertoia.png?itok=5u0DYM__\" alt=\"Luciana Bertoia\" data-src=\"https:\/\/images.pagina12.com.ar\/styles\/thumbnail\/public\/media\/users\/2510\/luciana-20bertoia.png?itok=5u0DYM__\" \/><\/figure>\n<\/div>\n<div class=\"author-name\">Por <strong><em>Luciana Bertoia<\/em><\/strong> para <span style=\"color: #0000ff;\"><strong>P\u00e1gina 12<\/strong><\/span><\/div>\n","protected":false},"excerpt":{"rendered":"<p>Las grabaciones deb\u00edan destruirse tras ser entregadas a la Justicia, pero los esp\u00edas del gobierno de Cambiemos las almacenaron para usarlas cuando surgiera la necesidad. Entre los audios est\u00e1n las escuchas realizadas sobre exfuncionarios kirchneristas y empresarios presos en el penal de Ezeiza.<\/p>\n","protected":false},"author":3,"featured_media":0,"comment_status":"closed","ping_status":"closed","sticky":false,"template":"","format":"standard","meta":{"footnotes":""},"categories":[24,26],"tags":[],"class_list":["post-68342","post","type-post","status-publish","format-standard","hentry","category-politica","category-sociedad"],"yoast_head":"<!-- This site is optimized with the Yoast SEO plugin v25.9 - https:\/\/yoast.com\/wordpress\/plugins\/seo\/ -->\n<title>Espionaje ilegal: encontraron 105.000 escuchas guardadas por la AFI macrista - Noticias Radio Reflejos<\/title>\n<meta name=\"robots\" content=\"index, follow, max-snippet:-1, max-image-preview:large, max-video-preview:-1\" \/>\n<link rel=\"canonical\" href=\"https:\/\/www.noticiasradioreflejos.com.ar\/2021\/espionaje-ilegal-encontraron-105-000-escuchas-guardadas-por-la-afi-macrista\/\" \/>\n<meta property=\"og:locale\" content=\"es_ES\" \/>\n<meta property=\"og:type\" content=\"article\" \/>\n<meta property=\"og:title\" content=\"Espionaje ilegal: encontraron 105.000 escuchas guardadas por la AFI macrista - Noticias Radio Reflejos\" \/>\n<meta property=\"og:description\" content=\"Las grabaciones deb\u00edan destruirse tras ser entregadas a la Justicia, pero los esp\u00edas del gobierno de Cambiemos las almacenaron para usarlas cuando surgiera la necesidad. Entre los audios est\u00e1n las escuchas realizadas sobre exfuncionarios kirchneristas y empresarios presos en el penal de Ezeiza.\" \/>\n<meta property=\"og:url\" content=\"https:\/\/www.noticiasradioreflejos.com.ar\/2021\/espionaje-ilegal-encontraron-105-000-escuchas-guardadas-por-la-afi-macrista\/\" \/>\n<meta property=\"og:site_name\" content=\"Noticias Radio Reflejos\" \/>\n<meta property=\"article:published_time\" content=\"2022-02-17T12:07:49+00:00\" \/>\n<meta property=\"og:image\" content=\"https:\/\/images.pagina12.com.ar\/styles\/focal_3_2_960x640\/public\/2022-02\/354180-3-a-sandracartasso.jpg?itok=bFVU1tXE\" \/>\n<meta name=\"author\" content=\"Arnaldo Botto\" \/>\n<meta name=\"twitter:card\" content=\"summary_large_image\" \/>\n<script type=\"application\/ld+json\" class=\"yoast-schema-graph\">{\"@context\":\"https:\/\/schema.org\",\"@graph\":[{\"@type\":\"WebPage\",\"@id\":\"https:\/\/www.noticiasradioreflejos.com.ar\/2021\/espionaje-ilegal-encontraron-105-000-escuchas-guardadas-por-la-afi-macrista\/\",\"url\":\"https:\/\/www.noticiasradioreflejos.com.ar\/2021\/espionaje-ilegal-encontraron-105-000-escuchas-guardadas-por-la-afi-macrista\/\",\"name\":\"Espionaje ilegal: encontraron 105.000 escuchas guardadas por la AFI macrista - Noticias Radio Reflejos\",\"isPartOf\":{\"@id\":\"https:\/\/www.noticiasradioreflejos.com.ar\/2021\/#website\"},\"primaryImageOfPage\":{\"@id\":\"https:\/\/www.noticiasradioreflejos.com.ar\/2021\/espionaje-ilegal-encontraron-105-000-escuchas-guardadas-por-la-afi-macrista\/#primaryimage\"},\"image\":{\"@id\":\"https:\/\/www.noticiasradioreflejos.com.ar\/2021\/espionaje-ilegal-encontraron-105-000-escuchas-guardadas-por-la-afi-macrista\/#primaryimage\"},\"thumbnailUrl\":\"https:\/\/images.pagina12.com.ar\/styles\/focal_3_2_960x640\/public\/2022-02\/354180-3-a-sandracartasso.jpg?itok=bFVU1tXE\",\"datePublished\":\"2022-02-17T12:07:49+00:00\",\"author\":{\"@id\":\"https:\/\/www.noticiasradioreflejos.com.ar\/2021\/#\/schema\/person\/ad82545263dcc5ec0996818884fd5fb1\"},\"breadcrumb\":{\"@id\":\"https:\/\/www.noticiasradioreflejos.com.ar\/2021\/espionaje-ilegal-encontraron-105-000-escuchas-guardadas-por-la-afi-macrista\/#breadcrumb\"},\"inLanguage\":\"es\",\"potentialAction\":[{\"@type\":\"ReadAction\",\"target\":[\"https:\/\/www.noticiasradioreflejos.com.ar\/2021\/espionaje-ilegal-encontraron-105-000-escuchas-guardadas-por-la-afi-macrista\/\"]}]},{\"@type\":\"ImageObject\",\"inLanguage\":\"es\",\"@id\":\"https:\/\/www.noticiasradioreflejos.com.ar\/2021\/espionaje-ilegal-encontraron-105-000-escuchas-guardadas-por-la-afi-macrista\/#primaryimage\",\"url\":\"https:\/\/images.pagina12.com.ar\/styles\/focal_3_2_960x640\/public\/2022-02\/354180-3-a-sandracartasso.jpg?itok=bFVU1tXE\",\"contentUrl\":\"https:\/\/images.pagina12.com.ar\/styles\/focal_3_2_960x640\/public\/2022-02\/354180-3-a-sandracartasso.jpg?itok=bFVU1tXE\"},{\"@type\":\"BreadcrumbList\",\"@id\":\"https:\/\/www.noticiasradioreflejos.com.ar\/2021\/espionaje-ilegal-encontraron-105-000-escuchas-guardadas-por-la-afi-macrista\/#breadcrumb\",\"itemListElement\":[{\"@type\":\"ListItem\",\"position\":1,\"name\":\"Portada\",\"item\":\"https:\/\/www.noticiasradioreflejos.com.ar\/2021\/\"},{\"@type\":\"ListItem\",\"position\":2,\"name\":\"Espionaje ilegal: encontraron 105.000 escuchas guardadas por la AFI macrista\"}]},{\"@type\":\"WebSite\",\"@id\":\"https:\/\/www.noticiasradioreflejos.com.ar\/2021\/#website\",\"url\":\"https:\/\/www.noticiasradioreflejos.com.ar\/2021\/\",\"name\":\"Noticias Radio Reflejos\",\"description\":\"Las noticias de mi comarca\",\"potentialAction\":[{\"@type\":\"SearchAction\",\"target\":{\"@type\":\"EntryPoint\",\"urlTemplate\":\"https:\/\/www.noticiasradioreflejos.com.ar\/2021\/?s={search_term_string}\"},\"query-input\":{\"@type\":\"PropertyValueSpecification\",\"valueRequired\":true,\"valueName\":\"search_term_string\"}}],\"inLanguage\":\"es\"},{\"@type\":\"Person\",\"@id\":\"https:\/\/www.noticiasradioreflejos.com.ar\/2021\/#\/schema\/person\/ad82545263dcc5ec0996818884fd5fb1\",\"name\":\"Arnaldo Botto\",\"image\":{\"@type\":\"ImageObject\",\"inLanguage\":\"es\",\"@id\":\"https:\/\/www.noticiasradioreflejos.com.ar\/2021\/#\/schema\/person\/image\/\",\"url\":\"https:\/\/secure.gravatar.com\/avatar\/55cb5e37c1efa326397366e6974cb338056df65cb50e7d64d1cf314e87504837?s=96&d=mm&r=g\",\"contentUrl\":\"https:\/\/secure.gravatar.com\/avatar\/55cb5e37c1efa326397366e6974cb338056df65cb50e7d64d1cf314e87504837?s=96&d=mm&r=g\",\"caption\":\"Arnaldo Botto\"},\"url\":\"https:\/\/www.noticiasradioreflejos.com.ar\/2021\/author\/arnaldo\/\"}]}<\/script>\n<!-- \/ Yoast SEO plugin. -->","yoast_head_json":{"title":"Espionaje ilegal: encontraron 105.000 escuchas guardadas por la AFI macrista - Noticias Radio Reflejos","robots":{"index":"index","follow":"follow","max-snippet":"max-snippet:-1","max-image-preview":"max-image-preview:large","max-video-preview":"max-video-preview:-1"},"canonical":"https:\/\/www.noticiasradioreflejos.com.ar\/2021\/espionaje-ilegal-encontraron-105-000-escuchas-guardadas-por-la-afi-macrista\/","og_locale":"es_ES","og_type":"article","og_title":"Espionaje ilegal: encontraron 105.000 escuchas guardadas por la AFI macrista - Noticias Radio Reflejos","og_description":"Las grabaciones deb\u00edan destruirse tras ser entregadas a la Justicia, pero los esp\u00edas del gobierno de Cambiemos las almacenaron para usarlas cuando surgiera la necesidad. Entre los audios est\u00e1n las escuchas realizadas sobre exfuncionarios kirchneristas y empresarios presos en el penal de Ezeiza.","og_url":"https:\/\/www.noticiasradioreflejos.com.ar\/2021\/espionaje-ilegal-encontraron-105-000-escuchas-guardadas-por-la-afi-macrista\/","og_site_name":"Noticias Radio Reflejos","article_published_time":"2022-02-17T12:07:49+00:00","og_image":[{"url":"https:\/\/images.pagina12.com.ar\/styles\/focal_3_2_960x640\/public\/2022-02\/354180-3-a-sandracartasso.jpg?itok=bFVU1tXE","type":"","width":"","height":""}],"author":"Arnaldo Botto","twitter_card":"summary_large_image","schema":{"@context":"https:\/\/schema.org","@graph":[{"@type":"WebPage","@id":"https:\/\/www.noticiasradioreflejos.com.ar\/2021\/espionaje-ilegal-encontraron-105-000-escuchas-guardadas-por-la-afi-macrista\/","url":"https:\/\/www.noticiasradioreflejos.com.ar\/2021\/espionaje-ilegal-encontraron-105-000-escuchas-guardadas-por-la-afi-macrista\/","name":"Espionaje ilegal: encontraron 105.000 escuchas guardadas por la AFI macrista - Noticias Radio Reflejos","isPartOf":{"@id":"https:\/\/www.noticiasradioreflejos.com.ar\/2021\/#website"},"primaryImageOfPage":{"@id":"https:\/\/www.noticiasradioreflejos.com.ar\/2021\/espionaje-ilegal-encontraron-105-000-escuchas-guardadas-por-la-afi-macrista\/#primaryimage"},"image":{"@id":"https:\/\/www.noticiasradioreflejos.com.ar\/2021\/espionaje-ilegal-encontraron-105-000-escuchas-guardadas-por-la-afi-macrista\/#primaryimage"},"thumbnailUrl":"https:\/\/images.pagina12.com.ar\/styles\/focal_3_2_960x640\/public\/2022-02\/354180-3-a-sandracartasso.jpg?itok=bFVU1tXE","datePublished":"2022-02-17T12:07:49+00:00","author":{"@id":"https:\/\/www.noticiasradioreflejos.com.ar\/2021\/#\/schema\/person\/ad82545263dcc5ec0996818884fd5fb1"},"breadcrumb":{"@id":"https:\/\/www.noticiasradioreflejos.com.ar\/2021\/espionaje-ilegal-encontraron-105-000-escuchas-guardadas-por-la-afi-macrista\/#breadcrumb"},"inLanguage":"es","potentialAction":[{"@type":"ReadAction","target":["https:\/\/www.noticiasradioreflejos.com.ar\/2021\/espionaje-ilegal-encontraron-105-000-escuchas-guardadas-por-la-afi-macrista\/"]}]},{"@type":"ImageObject","inLanguage":"es","@id":"https:\/\/www.noticiasradioreflejos.com.ar\/2021\/espionaje-ilegal-encontraron-105-000-escuchas-guardadas-por-la-afi-macrista\/#primaryimage","url":"https:\/\/images.pagina12.com.ar\/styles\/focal_3_2_960x640\/public\/2022-02\/354180-3-a-sandracartasso.jpg?itok=bFVU1tXE","contentUrl":"https:\/\/images.pagina12.com.ar\/styles\/focal_3_2_960x640\/public\/2022-02\/354180-3-a-sandracartasso.jpg?itok=bFVU1tXE"},{"@type":"BreadcrumbList","@id":"https:\/\/www.noticiasradioreflejos.com.ar\/2021\/espionaje-ilegal-encontraron-105-000-escuchas-guardadas-por-la-afi-macrista\/#breadcrumb","itemListElement":[{"@type":"ListItem","position":1,"name":"Portada","item":"https:\/\/www.noticiasradioreflejos.com.ar\/2021\/"},{"@type":"ListItem","position":2,"name":"Espionaje ilegal: encontraron 105.000 escuchas guardadas por la AFI macrista"}]},{"@type":"WebSite","@id":"https:\/\/www.noticiasradioreflejos.com.ar\/2021\/#website","url":"https:\/\/www.noticiasradioreflejos.com.ar\/2021\/","name":"Noticias Radio Reflejos","description":"Las noticias de mi comarca","potentialAction":[{"@type":"SearchAction","target":{"@type":"EntryPoint","urlTemplate":"https:\/\/www.noticiasradioreflejos.com.ar\/2021\/?s={search_term_string}"},"query-input":{"@type":"PropertyValueSpecification","valueRequired":true,"valueName":"search_term_string"}}],"inLanguage":"es"},{"@type":"Person","@id":"https:\/\/www.noticiasradioreflejos.com.ar\/2021\/#\/schema\/person\/ad82545263dcc5ec0996818884fd5fb1","name":"Arnaldo Botto","image":{"@type":"ImageObject","inLanguage":"es","@id":"https:\/\/www.noticiasradioreflejos.com.ar\/2021\/#\/schema\/person\/image\/","url":"https:\/\/secure.gravatar.com\/avatar\/55cb5e37c1efa326397366e6974cb338056df65cb50e7d64d1cf314e87504837?s=96&d=mm&r=g","contentUrl":"https:\/\/secure.gravatar.com\/avatar\/55cb5e37c1efa326397366e6974cb338056df65cb50e7d64d1cf314e87504837?s=96&d=mm&r=g","caption":"Arnaldo Botto"},"url":"https:\/\/www.noticiasradioreflejos.com.ar\/2021\/author\/arnaldo\/"}]}},"_links":{"self":[{"href":"https:\/\/www.noticiasradioreflejos.com.ar\/2021\/wp-json\/wp\/v2\/posts\/68342","targetHints":{"allow":["GET"]}}],"collection":[{"href":"https:\/\/www.noticiasradioreflejos.com.ar\/2021\/wp-json\/wp\/v2\/posts"}],"about":[{"href":"https:\/\/www.noticiasradioreflejos.com.ar\/2021\/wp-json\/wp\/v2\/types\/post"}],"author":[{"embeddable":true,"href":"https:\/\/www.noticiasradioreflejos.com.ar\/2021\/wp-json\/wp\/v2\/users\/3"}],"replies":[{"embeddable":true,"href":"https:\/\/www.noticiasradioreflejos.com.ar\/2021\/wp-json\/wp\/v2\/comments?post=68342"}],"version-history":[{"count":1,"href":"https:\/\/www.noticiasradioreflejos.com.ar\/2021\/wp-json\/wp\/v2\/posts\/68342\/revisions"}],"predecessor-version":[{"id":68344,"href":"https:\/\/www.noticiasradioreflejos.com.ar\/2021\/wp-json\/wp\/v2\/posts\/68342\/revisions\/68344"}],"wp:attachment":[{"href":"https:\/\/www.noticiasradioreflejos.com.ar\/2021\/wp-json\/wp\/v2\/media?parent=68342"}],"wp:term":[{"taxonomy":"category","embeddable":true,"href":"https:\/\/www.noticiasradioreflejos.com.ar\/2021\/wp-json\/wp\/v2\/categories?post=68342"},{"taxonomy":"post_tag","embeddable":true,"href":"https:\/\/www.noticiasradioreflejos.com.ar\/2021\/wp-json\/wp\/v2\/tags?post=68342"}],"curies":[{"name":"wp","href":"https:\/\/api.w.org\/{rel}","templated":true}]}}