{"id":68337,"date":"2022-02-17T11:06:31","date_gmt":"2022-02-17T11:06:31","guid":{"rendered":"http:\/\/www.noticiasradioreflejos.com.ar\/2021\/?p=68337"},"modified":"2022-02-17T14:25:08","modified_gmt":"2022-02-17T14:25:08","slug":"sierra-de-la-ventana-policia-federal-y-ddi-realizan-un-allanamiento-en-el-barrio-del-mirador","status":"publish","type":"post","link":"https:\/\/www.noticiasradioreflejos.com.ar\/2021\/sierra-de-la-ventana-policia-federal-y-ddi-realizan-un-allanamiento-en-el-barrio-del-mirador\/","title":{"rendered":"Sierra de la Ventana: Polic\u00eda Federal y DDI realizan un allanamiento en el Barrio del Mirador"},"content":{"rendered":"<p>A la hora 7,23 de este jueves 17 de febrero, 3 m\u00f3viles con 10 efectivos, integrantes de la Polic\u00eda Federal, DDI y personal femenino de dichas dependencias, realizan un allanamiento en calle Cnel Pringles entre Mahuida y Camino de la Carretas.<!--more--><\/p>\n<p><iframe loading=\"lazy\" title=\"YouTube video player\" src=\"https:\/\/www.youtube.com\/embed\/2J9309Yt-5s\" width=\"755\" height=\"415\" frameborder=\"0\" allowfullscreen=\"allowfullscreen\"><\/iframe><\/p>\n<p>De acuerdo a la diligencia el personal policial ingres\u00f3 a la finca ubicada en el localidad serrana por orden de la <strong>Dra Paula Riganti del Juzgado Federal 2 de Bah\u00eda Blanca<\/strong>.<\/p>\n<p>La causa\u00a0 N\u00b0 35\/2022 esta caratulada como <b>\u00abAmenaza con armas\u00bb y \u00abAtentado contra el orden p\u00fablico\u00bb<\/b> de acuerdo a los art. 149 bis y 213 del c\u00f3digo penal.<\/p>\n<p>En el domicilio allanado, los efectivos encontraron a una mujer que inicialmente se resist\u00eda al operativo.<\/p>\n<p><a title=\"Allanamiento en el Barrio Del Mirador (1)\" href=\"https:\/\/www.flickr.com\/photos\/182279889@N02\/51886922876\/in\/dateposted-public\/\" data-flickr-embed=\"true\"><img loading=\"lazy\" decoding=\"async\" src=\"https:\/\/live.staticflickr.com\/65535\/51886922876_8a66085f32_c.jpg\" alt=\"Allanamiento en el Barrio Del Mirador (1)\" width=\"800\" height=\"360\" \/><\/a><script async src=\"\/\/embedr.flickr.com\/assets\/client-code.js\" charset=\"utf-8\"><\/script><br \/>\n<a title=\"Allanamiento en el Barrio Del Mirador (2)\" href=\"https:\/\/www.flickr.com\/photos\/182279889@N02\/51887250594\/in\/dateposted-public\/\" data-flickr-embed=\"true\"><img loading=\"lazy\" decoding=\"async\" src=\"https:\/\/live.staticflickr.com\/65535\/51887250594_4ed955d37f_c.jpg\" alt=\"Allanamiento en el Barrio Del Mirador (2)\" width=\"800\" height=\"360\" \/><\/a><script async src=\"\/\/embedr.flickr.com\/assets\/client-code.js\" charset=\"utf-8\"><\/script><\/p>\n<header id=\"mvp-post-head\" class=\"left relative\">\n<h4>Divisi\u00f3n Antiterrorismo ya trabaja en Bah\u00eda Blanca, Sierra de la Ventana y Patagones, a \u00f3rdenes de la jueza federal Marr\u00f3n.<\/h4>\n<div class=\"mvp-author-info-wrap left relative\">\n<div class=\"mvp-author-info-text left relative\">\n<div class=\"mvp-author-info-name left relative\"><\/div>\n<\/div>\n<\/div>\n<\/header>\n<div class=\"mvp-post-main-out left relative\">\n<div class=\"mvp-post-main-in\">\n<div id=\"mvp-post-content\" class=\"left relative\">\n<div id=\"mvp-post-feat-img\" class=\"left relative mvp-post-feat-img-wide2\"><img loading=\"lazy\" decoding=\"async\" class=\"attachment- size- wp-post-image\" src=\"https:\/\/www.labrujula24.com\/wp-content\/uploads\/2022\/02\/allanamiento2.jpg\" sizes=\"auto, (max-width: 1200px) 100vw, 1200px\" srcset=\"https:\/\/www.labrujula24.com\/wp-content\/uploads\/2022\/02\/allanamiento2.jpg 1200w, https:\/\/www.labrujula24.com\/wp-content\/uploads\/2022\/02\/allanamiento2-768x461.jpg 768w, https:\/\/www.labrujula24.com\/wp-content\/uploads\/2022\/02\/allanamiento2-1000x600.jpg 1000w, https:\/\/www.labrujula24.com\/wp-content\/uploads\/2022\/02\/allanamiento2-590x354.jpg 590w, https:\/\/www.labrujula24.com\/wp-content\/uploads\/2022\/02\/allanamiento2-400x240.jpg 400w\" alt=\"\" width=\"1200\" height=\"720\" \/><\/div>\n<div id=\"mvp-content-wrap\" class=\"left relative\">\n<div class=\"mvp-post-soc-out right relative\">\n<div class=\"mvp-post-soc-in\">\n<div id=\"mvp-content-body\" class=\"left relative\">\n<div id=\"mvp-content-body-top\" class=\"left relative\">\n<div id=\"mvp-content-main\" class=\"left relative\">\n<div id=\"textbody\">\n<div class=\"code-block code-block-2\">\n<div class=\"at-above-post\" data-url=\"https:\/\/www.labrujula24.com\/notas\/2022\/02\/17\/causa-atentados-multiples-allanamientos-en-bahia-y-la-region-n193567\/\" data-title=\"Causa atentados: hay allanamientos en la ciudad y la regi\u00f3n\" data-description=\"Divisi\u00f3n Antiterrorismo ya trabaja en Bah\u00eda Blanca, Sierra de la Ventana y Patagones, a \u00f3rdenes de la jueza federal Marr\u00f3n.\">\n<div id=\"atstbx\" class=\"at-resp-share-element at-style-responsive addthis-smartlayers addthis-animated at4-show\" role=\"region\" aria-labelledby=\"at-84099ef0-e2c0-4bf0-a480-8da8f7a15792\">\n<div class=\"at-share-btn-elements\"><\/div>\n<\/div>\n<\/div>\n<\/div>\n<p>Siete allanamientos se llevan adelante desde las 7:30 en Bah\u00eda Blanca, Sierra de la Ventana y Carmen de Patagones en el marco de la investigaci\u00f3n por los atentados ocurridos durante el transcurso de los \u00faltimos meses en la ciudad.<\/p>\n<figure class=\"wp-block-image size-full\"><img loading=\"lazy\" decoding=\"async\" class=\"wp-image-193576\" src=\"https:\/\/www.labrujula24.com\/wp-content\/uploads\/2022\/02\/allanamiento1.jpg\" sizes=\"auto, (max-width: 1200px) 100vw, 1200px\" srcset=\"https:\/\/www.labrujula24.com\/wp-content\/uploads\/2022\/02\/allanamiento1.jpg 1200w, https:\/\/www.labrujula24.com\/wp-content\/uploads\/2022\/02\/allanamiento1-768x461.jpg 768w, https:\/\/www.labrujula24.com\/wp-content\/uploads\/2022\/02\/allanamiento1-1000x600.jpg 1000w, https:\/\/www.labrujula24.com\/wp-content\/uploads\/2022\/02\/allanamiento1-590x354.jpg 590w, https:\/\/www.labrujula24.com\/wp-content\/uploads\/2022\/02\/allanamiento1-400x240.jpg 400w\" alt=\"\" width=\"1200\" height=\"720\" \/><\/figure>\n<p>Divisi\u00f3n Antiterrorismo est\u00e1 trabajando a \u00f3rdenes de la jueza federal Gabriela Marr\u00f3n. El primero de los datos que surge es que un polic\u00eda aparece en la mira por alentar los escraches y la venta de pases sanitarios.<\/p>\n<div id=\"sm-it-main-container-1645106092759\" class=\"sm-it-main-container\" data-it=\"88868243-bf49-4dfa-95e6-44ae351effec\" data-device=\"desktop\" data-index=\"0\">\n<div id=\"sm-alternative-1645106092759\" class=\"sm-alternative\" data-device=\"desktop\" data-it=\"88868243-bf49-4dfa-95e6-44ae351effec\"><\/div>\n<\/div>\n<figure class=\"wp-block-image size-full\"><img loading=\"lazy\" decoding=\"async\" class=\"wp-image-193570\" src=\"https:\/\/www.labrujula24.com\/wp-content\/uploads\/2022\/02\/allanamiento.jpg\" sizes=\"auto, (max-width: 1200px) 100vw, 1200px\" srcset=\"https:\/\/www.labrujula24.com\/wp-content\/uploads\/2022\/02\/allanamiento.jpg 1200w, https:\/\/www.labrujula24.com\/wp-content\/uploads\/2022\/02\/allanamiento-768x461.jpg 768w, https:\/\/www.labrujula24.com\/wp-content\/uploads\/2022\/02\/allanamiento-1000x600.jpg 1000w, https:\/\/www.labrujula24.com\/wp-content\/uploads\/2022\/02\/allanamiento-590x354.jpg 590w, https:\/\/www.labrujula24.com\/wp-content\/uploads\/2022\/02\/allanamiento-400x240.jpg 400w\" alt=\"\" width=\"1200\" height=\"720\" \/><\/figure>\n<p>Uno de los lugares elegidos para realizar el procedimiento es la gestor\u00eda c\u00e9ntrica de Romina Buamscha, abogada de Anal\u00eda C\u00f3nsoli, la mujer a la que le encontraron en su poder panfletos antivacunas cuando la Justicia realiz\u00f3 una requisa por la misma causa.<\/p>\n<p>&nbsp;<\/p>\n<figure class=\"wp-block-image size-full\"><img loading=\"lazy\" decoding=\"async\" class=\"wp-image-193586\" src=\"https:\/\/www.labrujula24.com\/wp-content\/uploads\/2022\/02\/allanamiento3.jpg\" sizes=\"auto, (max-width: 1200px) 100vw, 1200px\" srcset=\"https:\/\/www.labrujula24.com\/wp-content\/uploads\/2022\/02\/allanamiento3.jpg 1200w, https:\/\/www.labrujula24.com\/wp-content\/uploads\/2022\/02\/allanamiento3-768x461.jpg 768w, https:\/\/www.labrujula24.com\/wp-content\/uploads\/2022\/02\/allanamiento3-1000x600.jpg 1000w, https:\/\/www.labrujula24.com\/wp-content\/uploads\/2022\/02\/allanamiento3-590x354.jpg 590w, https:\/\/www.labrujula24.com\/wp-content\/uploads\/2022\/02\/allanamiento3-400x240.jpg 400w\" alt=\"\" width=\"1200\" height=\"720\" \/><\/figure>\n<p>Son seis los hechos ocurridos durante los \u00faltimos diez meses en la ciudad, que se investigan, a partir de la existencia de una organizaci\u00f3n que cometi\u00f3 todos los atentados, violando el art\u00edculo N\u00ba 213 del C\u00f3digo Penal.<\/p>\n<div class=\"code-block code-block-1\"><\/div>\n<figure class=\"wp-block-image size-full\"><img loading=\"lazy\" decoding=\"async\" class=\"wp-image-193589\" src=\"https:\/\/www.labrujula24.com\/wp-content\/uploads\/2022\/02\/allanamiento4.jpg\" sizes=\"auto, (max-width: 1200px) 100vw, 1200px\" srcset=\"https:\/\/www.labrujula24.com\/wp-content\/uploads\/2022\/02\/allanamiento4.jpg 1200w, https:\/\/www.labrujula24.com\/wp-content\/uploads\/2022\/02\/allanamiento4-768x461.jpg 768w, https:\/\/www.labrujula24.com\/wp-content\/uploads\/2022\/02\/allanamiento4-1000x600.jpg 1000w, https:\/\/www.labrujula24.com\/wp-content\/uploads\/2022\/02\/allanamiento4-590x354.jpg 590w, https:\/\/www.labrujula24.com\/wp-content\/uploads\/2022\/02\/allanamiento4-400x240.jpg 400w\" alt=\"\" width=\"1200\" height=\"720\" \/><\/figure>\n<p>Luego de analizar el tel\u00e9fono de C\u00f3nsoli y sus v\u00ednculos, se pudo avanzar en algunos datos, que surgen de chats de grupos \u201cantivacunas\u201d, m\u00e1s all\u00e1 de que la due\u00f1a de su celular borr\u00f3 algunos mensajes en los que constaba la venta del pase sanitario.<\/p>\n<p>&nbsp;<\/p>\n<figure class=\"wp-block-image size-full\"><img loading=\"lazy\" decoding=\"async\" class=\"wp-image-193590\" src=\"https:\/\/www.labrujula24.com\/wp-content\/uploads\/2022\/02\/allanamiento5.jpg\" sizes=\"auto, (max-width: 1200px) 100vw, 1200px\" srcset=\"https:\/\/www.labrujula24.com\/wp-content\/uploads\/2022\/02\/allanamiento5.jpg 1200w, https:\/\/www.labrujula24.com\/wp-content\/uploads\/2022\/02\/allanamiento5-768x461.jpg 768w, https:\/\/www.labrujula24.com\/wp-content\/uploads\/2022\/02\/allanamiento5-1000x600.jpg 1000w, https:\/\/www.labrujula24.com\/wp-content\/uploads\/2022\/02\/allanamiento5-590x354.jpg 590w, https:\/\/www.labrujula24.com\/wp-content\/uploads\/2022\/02\/allanamiento5-400x240.jpg 400w\" alt=\"\" width=\"1200\" height=\"720\" \/><\/figure>\n<p>Por estas horas investigan a allegados a C\u00f3nsoli. Uno de ellos es Roberto \u201cTirco\u201d Marino, quien coordinaba reuniones anti-vacunas y escraches. Incluso, tambi\u00e9n est\u00e1 en la mira el hijo de C\u00f3nsoli, que es polic\u00eda y presta servicios en el Operativo Sol en Mar del Plata.<\/p>\n<\/div>\n<\/div>\n<\/div>\n<\/div>\n<\/div>\n<\/div>\n<\/div>\n<\/div>\n<\/div>\n<\/div>\n<p>&nbsp;<\/p>\n<p><em><strong>Fuente de informaci\u00f3n adicional: La Br\u00fajula<\/strong><\/em><\/p>\n","protected":false},"excerpt":{"rendered":"<p>A la hora 7,23 de este jueves 17 de febrero, 3 m\u00f3viles con 10 efectivos, integrantes de la Polic\u00eda Federal, DDI y personal femenino de dichas dependencias, realizan un allanamiento en calle Cnel Pringles entre Mahuida y Camino de la Carretas.<\/p>\n","protected":false},"author":3,"featured_media":0,"comment_status":"closed","ping_status":"closed","sticky":false,"template":"","format":"standard","meta":{"footnotes":""},"categories":[29],"tags":[48],"class_list":["post-68337","post","type-post","status-publish","format-standard","hentry","category-policiales","tag-destacada"],"yoast_head":"<!-- This site is optimized with the Yoast SEO plugin v25.9 - https:\/\/yoast.com\/wordpress\/plugins\/seo\/ -->\n<title>Sierra de la Ventana: Polic\u00eda Federal y DDI realizan un allanamiento en el Barrio del Mirador - Noticias Radio Reflejos<\/title>\n<meta name=\"robots\" content=\"index, follow, max-snippet:-1, max-image-preview:large, max-video-preview:-1\" \/>\n<link rel=\"canonical\" href=\"https:\/\/www.noticiasradioreflejos.com.ar\/2021\/sierra-de-la-ventana-policia-federal-y-ddi-realizan-un-allanamiento-en-el-barrio-del-mirador\/\" \/>\n<meta property=\"og:locale\" content=\"es_ES\" \/>\n<meta property=\"og:type\" content=\"article\" \/>\n<meta property=\"og:title\" content=\"Sierra de la Ventana: Polic\u00eda Federal y DDI realizan un allanamiento en el Barrio del Mirador - Noticias Radio Reflejos\" \/>\n<meta property=\"og:description\" content=\"A la hora 7,23 de este jueves 17 de febrero, 3 m\u00f3viles con 10 efectivos, integrantes de la Polic\u00eda Federal, DDI y personal femenino de dichas dependencias, realizan un allanamiento en calle Cnel Pringles entre Mahuida y Camino de la Carretas.\" \/>\n<meta property=\"og:url\" content=\"https:\/\/www.noticiasradioreflejos.com.ar\/2021\/sierra-de-la-ventana-policia-federal-y-ddi-realizan-un-allanamiento-en-el-barrio-del-mirador\/\" \/>\n<meta property=\"og:site_name\" content=\"Noticias Radio Reflejos\" \/>\n<meta property=\"article:published_time\" content=\"2022-02-17T11:06:31+00:00\" \/>\n<meta property=\"article:modified_time\" content=\"2022-02-17T14:25:08+00:00\" \/>\n<meta property=\"og:image\" content=\"https:\/\/live.staticflickr.com\/65535\/51886922876_8a66085f32_c.jpg\" \/>\n<meta name=\"author\" content=\"Arnaldo Botto\" \/>\n<meta name=\"twitter:card\" content=\"summary_large_image\" \/>\n<script type=\"application\/ld+json\" class=\"yoast-schema-graph\">{\"@context\":\"https:\/\/schema.org\",\"@graph\":[{\"@type\":\"WebPage\",\"@id\":\"https:\/\/www.noticiasradioreflejos.com.ar\/2021\/sierra-de-la-ventana-policia-federal-y-ddi-realizan-un-allanamiento-en-el-barrio-del-mirador\/\",\"url\":\"https:\/\/www.noticiasradioreflejos.com.ar\/2021\/sierra-de-la-ventana-policia-federal-y-ddi-realizan-un-allanamiento-en-el-barrio-del-mirador\/\",\"name\":\"Sierra de la Ventana: Polic\u00eda Federal y DDI realizan un allanamiento en el Barrio del Mirador - Noticias Radio Reflejos\",\"isPartOf\":{\"@id\":\"https:\/\/www.noticiasradioreflejos.com.ar\/2021\/#website\"},\"primaryImageOfPage\":{\"@id\":\"https:\/\/www.noticiasradioreflejos.com.ar\/2021\/sierra-de-la-ventana-policia-federal-y-ddi-realizan-un-allanamiento-en-el-barrio-del-mirador\/#primaryimage\"},\"image\":{\"@id\":\"https:\/\/www.noticiasradioreflejos.com.ar\/2021\/sierra-de-la-ventana-policia-federal-y-ddi-realizan-un-allanamiento-en-el-barrio-del-mirador\/#primaryimage\"},\"thumbnailUrl\":\"https:\/\/live.staticflickr.com\/65535\/51886922876_8a66085f32_c.jpg\",\"datePublished\":\"2022-02-17T11:06:31+00:00\",\"dateModified\":\"2022-02-17T14:25:08+00:00\",\"author\":{\"@id\":\"https:\/\/www.noticiasradioreflejos.com.ar\/2021\/#\/schema\/person\/ad82545263dcc5ec0996818884fd5fb1\"},\"breadcrumb\":{\"@id\":\"https:\/\/www.noticiasradioreflejos.com.ar\/2021\/sierra-de-la-ventana-policia-federal-y-ddi-realizan-un-allanamiento-en-el-barrio-del-mirador\/#breadcrumb\"},\"inLanguage\":\"es\",\"potentialAction\":[{\"@type\":\"ReadAction\",\"target\":[\"https:\/\/www.noticiasradioreflejos.com.ar\/2021\/sierra-de-la-ventana-policia-federal-y-ddi-realizan-un-allanamiento-en-el-barrio-del-mirador\/\"]}]},{\"@type\":\"ImageObject\",\"inLanguage\":\"es\",\"@id\":\"https:\/\/www.noticiasradioreflejos.com.ar\/2021\/sierra-de-la-ventana-policia-federal-y-ddi-realizan-un-allanamiento-en-el-barrio-del-mirador\/#primaryimage\",\"url\":\"https:\/\/live.staticflickr.com\/65535\/51886922876_8a66085f32_c.jpg\",\"contentUrl\":\"https:\/\/live.staticflickr.com\/65535\/51886922876_8a66085f32_c.jpg\"},{\"@type\":\"BreadcrumbList\",\"@id\":\"https:\/\/www.noticiasradioreflejos.com.ar\/2021\/sierra-de-la-ventana-policia-federal-y-ddi-realizan-un-allanamiento-en-el-barrio-del-mirador\/#breadcrumb\",\"itemListElement\":[{\"@type\":\"ListItem\",\"position\":1,\"name\":\"Portada\",\"item\":\"https:\/\/www.noticiasradioreflejos.com.ar\/2021\/\"},{\"@type\":\"ListItem\",\"position\":2,\"name\":\"Sierra de la Ventana: Polic\u00eda Federal y DDI realizan un allanamiento en el Barrio del Mirador\"}]},{\"@type\":\"WebSite\",\"@id\":\"https:\/\/www.noticiasradioreflejos.com.ar\/2021\/#website\",\"url\":\"https:\/\/www.noticiasradioreflejos.com.ar\/2021\/\",\"name\":\"Noticias Radio Reflejos\",\"description\":\"Las noticias de mi comarca\",\"potentialAction\":[{\"@type\":\"SearchAction\",\"target\":{\"@type\":\"EntryPoint\",\"urlTemplate\":\"https:\/\/www.noticiasradioreflejos.com.ar\/2021\/?s={search_term_string}\"},\"query-input\":{\"@type\":\"PropertyValueSpecification\",\"valueRequired\":true,\"valueName\":\"search_term_string\"}}],\"inLanguage\":\"es\"},{\"@type\":\"Person\",\"@id\":\"https:\/\/www.noticiasradioreflejos.com.ar\/2021\/#\/schema\/person\/ad82545263dcc5ec0996818884fd5fb1\",\"name\":\"Arnaldo Botto\",\"image\":{\"@type\":\"ImageObject\",\"inLanguage\":\"es\",\"@id\":\"https:\/\/www.noticiasradioreflejos.com.ar\/2021\/#\/schema\/person\/image\/\",\"url\":\"https:\/\/secure.gravatar.com\/avatar\/55cb5e37c1efa326397366e6974cb338056df65cb50e7d64d1cf314e87504837?s=96&d=mm&r=g\",\"contentUrl\":\"https:\/\/secure.gravatar.com\/avatar\/55cb5e37c1efa326397366e6974cb338056df65cb50e7d64d1cf314e87504837?s=96&d=mm&r=g\",\"caption\":\"Arnaldo Botto\"},\"url\":\"https:\/\/www.noticiasradioreflejos.com.ar\/2021\/author\/arnaldo\/\"}]}<\/script>\n<!-- \/ Yoast SEO plugin. -->","yoast_head_json":{"title":"Sierra de la Ventana: Polic\u00eda Federal y DDI realizan un allanamiento en el Barrio del Mirador - Noticias Radio Reflejos","robots":{"index":"index","follow":"follow","max-snippet":"max-snippet:-1","max-image-preview":"max-image-preview:large","max-video-preview":"max-video-preview:-1"},"canonical":"https:\/\/www.noticiasradioreflejos.com.ar\/2021\/sierra-de-la-ventana-policia-federal-y-ddi-realizan-un-allanamiento-en-el-barrio-del-mirador\/","og_locale":"es_ES","og_type":"article","og_title":"Sierra de la Ventana: Polic\u00eda Federal y DDI realizan un allanamiento en el Barrio del Mirador - Noticias Radio Reflejos","og_description":"A la hora 7,23 de este jueves 17 de febrero, 3 m\u00f3viles con 10 efectivos, integrantes de la Polic\u00eda Federal, DDI y personal femenino de dichas dependencias, realizan un allanamiento en calle Cnel Pringles entre Mahuida y Camino de la Carretas.","og_url":"https:\/\/www.noticiasradioreflejos.com.ar\/2021\/sierra-de-la-ventana-policia-federal-y-ddi-realizan-un-allanamiento-en-el-barrio-del-mirador\/","og_site_name":"Noticias Radio Reflejos","article_published_time":"2022-02-17T11:06:31+00:00","article_modified_time":"2022-02-17T14:25:08+00:00","og_image":[{"url":"https:\/\/live.staticflickr.com\/65535\/51886922876_8a66085f32_c.jpg","type":"","width":"","height":""}],"author":"Arnaldo Botto","twitter_card":"summary_large_image","schema":{"@context":"https:\/\/schema.org","@graph":[{"@type":"WebPage","@id":"https:\/\/www.noticiasradioreflejos.com.ar\/2021\/sierra-de-la-ventana-policia-federal-y-ddi-realizan-un-allanamiento-en-el-barrio-del-mirador\/","url":"https:\/\/www.noticiasradioreflejos.com.ar\/2021\/sierra-de-la-ventana-policia-federal-y-ddi-realizan-un-allanamiento-en-el-barrio-del-mirador\/","name":"Sierra de la Ventana: Polic\u00eda Federal y DDI realizan un allanamiento en el Barrio del Mirador - Noticias Radio Reflejos","isPartOf":{"@id":"https:\/\/www.noticiasradioreflejos.com.ar\/2021\/#website"},"primaryImageOfPage":{"@id":"https:\/\/www.noticiasradioreflejos.com.ar\/2021\/sierra-de-la-ventana-policia-federal-y-ddi-realizan-un-allanamiento-en-el-barrio-del-mirador\/#primaryimage"},"image":{"@id":"https:\/\/www.noticiasradioreflejos.com.ar\/2021\/sierra-de-la-ventana-policia-federal-y-ddi-realizan-un-allanamiento-en-el-barrio-del-mirador\/#primaryimage"},"thumbnailUrl":"https:\/\/live.staticflickr.com\/65535\/51886922876_8a66085f32_c.jpg","datePublished":"2022-02-17T11:06:31+00:00","dateModified":"2022-02-17T14:25:08+00:00","author":{"@id":"https:\/\/www.noticiasradioreflejos.com.ar\/2021\/#\/schema\/person\/ad82545263dcc5ec0996818884fd5fb1"},"breadcrumb":{"@id":"https:\/\/www.noticiasradioreflejos.com.ar\/2021\/sierra-de-la-ventana-policia-federal-y-ddi-realizan-un-allanamiento-en-el-barrio-del-mirador\/#breadcrumb"},"inLanguage":"es","potentialAction":[{"@type":"ReadAction","target":["https:\/\/www.noticiasradioreflejos.com.ar\/2021\/sierra-de-la-ventana-policia-federal-y-ddi-realizan-un-allanamiento-en-el-barrio-del-mirador\/"]}]},{"@type":"ImageObject","inLanguage":"es","@id":"https:\/\/www.noticiasradioreflejos.com.ar\/2021\/sierra-de-la-ventana-policia-federal-y-ddi-realizan-un-allanamiento-en-el-barrio-del-mirador\/#primaryimage","url":"https:\/\/live.staticflickr.com\/65535\/51886922876_8a66085f32_c.jpg","contentUrl":"https:\/\/live.staticflickr.com\/65535\/51886922876_8a66085f32_c.jpg"},{"@type":"BreadcrumbList","@id":"https:\/\/www.noticiasradioreflejos.com.ar\/2021\/sierra-de-la-ventana-policia-federal-y-ddi-realizan-un-allanamiento-en-el-barrio-del-mirador\/#breadcrumb","itemListElement":[{"@type":"ListItem","position":1,"name":"Portada","item":"https:\/\/www.noticiasradioreflejos.com.ar\/2021\/"},{"@type":"ListItem","position":2,"name":"Sierra de la Ventana: Polic\u00eda Federal y DDI realizan un allanamiento en el Barrio del Mirador"}]},{"@type":"WebSite","@id":"https:\/\/www.noticiasradioreflejos.com.ar\/2021\/#website","url":"https:\/\/www.noticiasradioreflejos.com.ar\/2021\/","name":"Noticias Radio Reflejos","description":"Las noticias de mi comarca","potentialAction":[{"@type":"SearchAction","target":{"@type":"EntryPoint","urlTemplate":"https:\/\/www.noticiasradioreflejos.com.ar\/2021\/?s={search_term_string}"},"query-input":{"@type":"PropertyValueSpecification","valueRequired":true,"valueName":"search_term_string"}}],"inLanguage":"es"},{"@type":"Person","@id":"https:\/\/www.noticiasradioreflejos.com.ar\/2021\/#\/schema\/person\/ad82545263dcc5ec0996818884fd5fb1","name":"Arnaldo Botto","image":{"@type":"ImageObject","inLanguage":"es","@id":"https:\/\/www.noticiasradioreflejos.com.ar\/2021\/#\/schema\/person\/image\/","url":"https:\/\/secure.gravatar.com\/avatar\/55cb5e37c1efa326397366e6974cb338056df65cb50e7d64d1cf314e87504837?s=96&d=mm&r=g","contentUrl":"https:\/\/secure.gravatar.com\/avatar\/55cb5e37c1efa326397366e6974cb338056df65cb50e7d64d1cf314e87504837?s=96&d=mm&r=g","caption":"Arnaldo Botto"},"url":"https:\/\/www.noticiasradioreflejos.com.ar\/2021\/author\/arnaldo\/"}]}},"_links":{"self":[{"href":"https:\/\/www.noticiasradioreflejos.com.ar\/2021\/wp-json\/wp\/v2\/posts\/68337","targetHints":{"allow":["GET"]}}],"collection":[{"href":"https:\/\/www.noticiasradioreflejos.com.ar\/2021\/wp-json\/wp\/v2\/posts"}],"about":[{"href":"https:\/\/www.noticiasradioreflejos.com.ar\/2021\/wp-json\/wp\/v2\/types\/post"}],"author":[{"embeddable":true,"href":"https:\/\/www.noticiasradioreflejos.com.ar\/2021\/wp-json\/wp\/v2\/users\/3"}],"replies":[{"embeddable":true,"href":"https:\/\/www.noticiasradioreflejos.com.ar\/2021\/wp-json\/wp\/v2\/comments?post=68337"}],"version-history":[{"count":3,"href":"https:\/\/www.noticiasradioreflejos.com.ar\/2021\/wp-json\/wp\/v2\/posts\/68337\/revisions"}],"predecessor-version":[{"id":68356,"href":"https:\/\/www.noticiasradioreflejos.com.ar\/2021\/wp-json\/wp\/v2\/posts\/68337\/revisions\/68356"}],"wp:attachment":[{"href":"https:\/\/www.noticiasradioreflejos.com.ar\/2021\/wp-json\/wp\/v2\/media?parent=68337"}],"wp:term":[{"taxonomy":"category","embeddable":true,"href":"https:\/\/www.noticiasradioreflejos.com.ar\/2021\/wp-json\/wp\/v2\/categories?post=68337"},{"taxonomy":"post_tag","embeddable":true,"href":"https:\/\/www.noticiasradioreflejos.com.ar\/2021\/wp-json\/wp\/v2\/tags?post=68337"}],"curies":[{"name":"wp","href":"https:\/\/api.w.org\/{rel}","templated":true}]}}