{"id":68334,"date":"2022-02-17T10:20:04","date_gmt":"2022-02-17T10:20:04","guid":{"rendered":"http:\/\/www.noticiasradioreflejos.com.ar\/2021\/?p=68334"},"modified":"2022-02-17T10:20:53","modified_gmt":"2022-02-17T10:20:53","slug":"traslados-docentes-reunion-de-docentes-con-suteba","status":"publish","type":"post","link":"https:\/\/www.noticiasradioreflejos.com.ar\/2021\/traslados-docentes-reunion-de-docentes-con-suteba\/","title":{"rendered":"Traslados docentes al distrito: Reuni\u00f3n de docentes con SUTEBA"},"content":{"rendered":"<div dir=\"ltr\">En el d\u00eda de la fecha representantes de nuestro sindicato SUTEBA, se acercaron a la reuni\u00f3n convocada por un grupo de docentes que han mostrado preocupaci\u00f3n por la situaci\u00f3n que se da en relaci\u00f3n con los pedidos de traslados de docentes provenientes de otros distritos al distrito de Tornquist.<\/div>\n<p><!--more--><\/p>\n<div dir=\"ltr\">Quienes hicieron el reclamo, manifestaron haber pocas oportunidades para los trabajadores de la educaci\u00f3n que actualmente residen en el distrito, y de estar en desventaja frente a traslados solicitados.<\/div>\n<div dir=\"ltr\">Adem\u00e1s de representantes gremiales, en la reuni\u00f3n estuvieron funcionarias de la SAD, quienes explicaron los procesos mediante los cuales se otorgan o deniegan los traslados.<\/div>\n<div dir=\"ltr\">Los gremios explicaron cu\u00e1les son los \u00e1mbitos de discusi\u00f3n para hacer modificaciones a los convenios colectivos, y ofrecieron acciones posibles que canalicen la inquietud de los docentes presentes.<\/div>\n<div dir=\"ltr\">Agradecemos la invitaci\u00f3n a este espacio de di\u00e1logo y de confianza mutua para llegar a soluciones concretas.<\/div>\n<div dir=\"ltr\"><\/div>\n<div dir=\"ltr\"><strong>Secretar\u00eda de comunicaciones Suteba Tornquist<\/strong><\/div>\n","protected":false},"excerpt":{"rendered":"<p>En el d\u00eda de la fecha representantes de nuestro sindicato SUTEBA, se acercaron a la reuni\u00f3n convocada por un grupo de docentes que han mostrado preocupaci\u00f3n por la situaci\u00f3n que se da en relaci\u00f3n con los pedidos de traslados de docentes provenientes de otros distritos al distrito de Tornquist.<\/p>\n","protected":false},"author":3,"featured_media":0,"comment_status":"closed","ping_status":"closed","sticky":false,"template":"","format":"standard","meta":{"footnotes":""},"categories":[34,26],"tags":[],"class_list":["post-68334","post","type-post","status-publish","format-standard","hentry","category-educacion","category-sociedad"],"yoast_head":"<!-- This site is optimized with the Yoast SEO plugin v25.9 - https:\/\/yoast.com\/wordpress\/plugins\/seo\/ -->\n<title>Traslados docentes al distrito: Reuni\u00f3n de docentes con SUTEBA - Noticias Radio Reflejos<\/title>\n<meta name=\"robots\" content=\"index, follow, max-snippet:-1, max-image-preview:large, max-video-preview:-1\" \/>\n<link rel=\"canonical\" href=\"https:\/\/www.noticiasradioreflejos.com.ar\/2021\/traslados-docentes-reunion-de-docentes-con-suteba\/\" \/>\n<meta property=\"og:locale\" content=\"es_ES\" \/>\n<meta property=\"og:type\" content=\"article\" \/>\n<meta property=\"og:title\" content=\"Traslados docentes al distrito: Reuni\u00f3n de docentes con SUTEBA - Noticias Radio Reflejos\" \/>\n<meta property=\"og:description\" content=\"En el d\u00eda de la fecha representantes de nuestro sindicato SUTEBA, se acercaron a la reuni\u00f3n convocada por un grupo de docentes que han mostrado preocupaci\u00f3n por la situaci\u00f3n que se da en relaci\u00f3n con los pedidos de traslados de docentes provenientes de otros distritos al distrito de Tornquist.\" \/>\n<meta property=\"og:url\" content=\"https:\/\/www.noticiasradioreflejos.com.ar\/2021\/traslados-docentes-reunion-de-docentes-con-suteba\/\" \/>\n<meta property=\"og:site_name\" content=\"Noticias Radio Reflejos\" \/>\n<meta property=\"article:published_time\" content=\"2022-02-17T10:20:04+00:00\" \/>\n<meta property=\"article:modified_time\" content=\"2022-02-17T10:20:53+00:00\" \/>\n<meta property=\"og:image\" content=\"https:\/\/www.noticiasradioreflejos.com.ar\/2021\/wp-content\/uploads\/2021\/07\/logosol300x200.png\" \/>\n\t<meta property=\"og:image:width\" content=\"300\" \/>\n\t<meta property=\"og:image:height\" content=\"200\" \/>\n\t<meta property=\"og:image:type\" content=\"image\/png\" \/>\n<meta name=\"author\" content=\"Arnaldo Botto\" \/>\n<meta name=\"twitter:card\" content=\"summary_large_image\" \/>\n<script type=\"application\/ld+json\" class=\"yoast-schema-graph\">{\"@context\":\"https:\/\/schema.org\",\"@graph\":[{\"@type\":\"WebPage\",\"@id\":\"https:\/\/www.noticiasradioreflejos.com.ar\/2021\/traslados-docentes-reunion-de-docentes-con-suteba\/\",\"url\":\"https:\/\/www.noticiasradioreflejos.com.ar\/2021\/traslados-docentes-reunion-de-docentes-con-suteba\/\",\"name\":\"Traslados docentes al distrito: Reuni\u00f3n de docentes con SUTEBA - Noticias Radio Reflejos\",\"isPartOf\":{\"@id\":\"https:\/\/www.noticiasradioreflejos.com.ar\/2021\/#website\"},\"datePublished\":\"2022-02-17T10:20:04+00:00\",\"dateModified\":\"2022-02-17T10:20:53+00:00\",\"author\":{\"@id\":\"https:\/\/www.noticiasradioreflejos.com.ar\/2021\/#\/schema\/person\/ad82545263dcc5ec0996818884fd5fb1\"},\"breadcrumb\":{\"@id\":\"https:\/\/www.noticiasradioreflejos.com.ar\/2021\/traslados-docentes-reunion-de-docentes-con-suteba\/#breadcrumb\"},\"inLanguage\":\"es\",\"potentialAction\":[{\"@type\":\"ReadAction\",\"target\":[\"https:\/\/www.noticiasradioreflejos.com.ar\/2021\/traslados-docentes-reunion-de-docentes-con-suteba\/\"]}]},{\"@type\":\"BreadcrumbList\",\"@id\":\"https:\/\/www.noticiasradioreflejos.com.ar\/2021\/traslados-docentes-reunion-de-docentes-con-suteba\/#breadcrumb\",\"itemListElement\":[{\"@type\":\"ListItem\",\"position\":1,\"name\":\"Portada\",\"item\":\"https:\/\/www.noticiasradioreflejos.com.ar\/2021\/\"},{\"@type\":\"ListItem\",\"position\":2,\"name\":\"Traslados docentes al distrito: Reuni\u00f3n de docentes con SUTEBA\"}]},{\"@type\":\"WebSite\",\"@id\":\"https:\/\/www.noticiasradioreflejos.com.ar\/2021\/#website\",\"url\":\"https:\/\/www.noticiasradioreflejos.com.ar\/2021\/\",\"name\":\"Noticias Radio Reflejos\",\"description\":\"Las noticias de mi comarca\",\"potentialAction\":[{\"@type\":\"SearchAction\",\"target\":{\"@type\":\"EntryPoint\",\"urlTemplate\":\"https:\/\/www.noticiasradioreflejos.com.ar\/2021\/?s={search_term_string}\"},\"query-input\":{\"@type\":\"PropertyValueSpecification\",\"valueRequired\":true,\"valueName\":\"search_term_string\"}}],\"inLanguage\":\"es\"},{\"@type\":\"Person\",\"@id\":\"https:\/\/www.noticiasradioreflejos.com.ar\/2021\/#\/schema\/person\/ad82545263dcc5ec0996818884fd5fb1\",\"name\":\"Arnaldo Botto\",\"image\":{\"@type\":\"ImageObject\",\"inLanguage\":\"es\",\"@id\":\"https:\/\/www.noticiasradioreflejos.com.ar\/2021\/#\/schema\/person\/image\/\",\"url\":\"https:\/\/secure.gravatar.com\/avatar\/55cb5e37c1efa326397366e6974cb338056df65cb50e7d64d1cf314e87504837?s=96&d=mm&r=g\",\"contentUrl\":\"https:\/\/secure.gravatar.com\/avatar\/55cb5e37c1efa326397366e6974cb338056df65cb50e7d64d1cf314e87504837?s=96&d=mm&r=g\",\"caption\":\"Arnaldo Botto\"},\"url\":\"https:\/\/www.noticiasradioreflejos.com.ar\/2021\/author\/arnaldo\/\"}]}<\/script>\n<!-- \/ Yoast SEO plugin. -->","yoast_head_json":{"title":"Traslados docentes al distrito: Reuni\u00f3n de docentes con SUTEBA - Noticias Radio Reflejos","robots":{"index":"index","follow":"follow","max-snippet":"max-snippet:-1","max-image-preview":"max-image-preview:large","max-video-preview":"max-video-preview:-1"},"canonical":"https:\/\/www.noticiasradioreflejos.com.ar\/2021\/traslados-docentes-reunion-de-docentes-con-suteba\/","og_locale":"es_ES","og_type":"article","og_title":"Traslados docentes al distrito: Reuni\u00f3n de docentes con SUTEBA - Noticias Radio Reflejos","og_description":"En el d\u00eda de la fecha representantes de nuestro sindicato SUTEBA, se acercaron a la reuni\u00f3n convocada por un grupo de docentes que han mostrado preocupaci\u00f3n por la situaci\u00f3n que se da en relaci\u00f3n con los pedidos de traslados de docentes provenientes de otros distritos al distrito de Tornquist.","og_url":"https:\/\/www.noticiasradioreflejos.com.ar\/2021\/traslados-docentes-reunion-de-docentes-con-suteba\/","og_site_name":"Noticias Radio Reflejos","article_published_time":"2022-02-17T10:20:04+00:00","article_modified_time":"2022-02-17T10:20:53+00:00","og_image":[{"width":300,"height":200,"url":"https:\/\/www.noticiasradioreflejos.com.ar\/2021\/wp-content\/uploads\/2021\/07\/logosol300x200.png","type":"image\/png"}],"author":"Arnaldo Botto","twitter_card":"summary_large_image","schema":{"@context":"https:\/\/schema.org","@graph":[{"@type":"WebPage","@id":"https:\/\/www.noticiasradioreflejos.com.ar\/2021\/traslados-docentes-reunion-de-docentes-con-suteba\/","url":"https:\/\/www.noticiasradioreflejos.com.ar\/2021\/traslados-docentes-reunion-de-docentes-con-suteba\/","name":"Traslados docentes al distrito: Reuni\u00f3n de docentes con SUTEBA - Noticias Radio Reflejos","isPartOf":{"@id":"https:\/\/www.noticiasradioreflejos.com.ar\/2021\/#website"},"datePublished":"2022-02-17T10:20:04+00:00","dateModified":"2022-02-17T10:20:53+00:00","author":{"@id":"https:\/\/www.noticiasradioreflejos.com.ar\/2021\/#\/schema\/person\/ad82545263dcc5ec0996818884fd5fb1"},"breadcrumb":{"@id":"https:\/\/www.noticiasradioreflejos.com.ar\/2021\/traslados-docentes-reunion-de-docentes-con-suteba\/#breadcrumb"},"inLanguage":"es","potentialAction":[{"@type":"ReadAction","target":["https:\/\/www.noticiasradioreflejos.com.ar\/2021\/traslados-docentes-reunion-de-docentes-con-suteba\/"]}]},{"@type":"BreadcrumbList","@id":"https:\/\/www.noticiasradioreflejos.com.ar\/2021\/traslados-docentes-reunion-de-docentes-con-suteba\/#breadcrumb","itemListElement":[{"@type":"ListItem","position":1,"name":"Portada","item":"https:\/\/www.noticiasradioreflejos.com.ar\/2021\/"},{"@type":"ListItem","position":2,"name":"Traslados docentes al distrito: Reuni\u00f3n de docentes con SUTEBA"}]},{"@type":"WebSite","@id":"https:\/\/www.noticiasradioreflejos.com.ar\/2021\/#website","url":"https:\/\/www.noticiasradioreflejos.com.ar\/2021\/","name":"Noticias Radio Reflejos","description":"Las noticias de mi comarca","potentialAction":[{"@type":"SearchAction","target":{"@type":"EntryPoint","urlTemplate":"https:\/\/www.noticiasradioreflejos.com.ar\/2021\/?s={search_term_string}"},"query-input":{"@type":"PropertyValueSpecification","valueRequired":true,"valueName":"search_term_string"}}],"inLanguage":"es"},{"@type":"Person","@id":"https:\/\/www.noticiasradioreflejos.com.ar\/2021\/#\/schema\/person\/ad82545263dcc5ec0996818884fd5fb1","name":"Arnaldo Botto","image":{"@type":"ImageObject","inLanguage":"es","@id":"https:\/\/www.noticiasradioreflejos.com.ar\/2021\/#\/schema\/person\/image\/","url":"https:\/\/secure.gravatar.com\/avatar\/55cb5e37c1efa326397366e6974cb338056df65cb50e7d64d1cf314e87504837?s=96&d=mm&r=g","contentUrl":"https:\/\/secure.gravatar.com\/avatar\/55cb5e37c1efa326397366e6974cb338056df65cb50e7d64d1cf314e87504837?s=96&d=mm&r=g","caption":"Arnaldo Botto"},"url":"https:\/\/www.noticiasradioreflejos.com.ar\/2021\/author\/arnaldo\/"}]}},"_links":{"self":[{"href":"https:\/\/www.noticiasradioreflejos.com.ar\/2021\/wp-json\/wp\/v2\/posts\/68334","targetHints":{"allow":["GET"]}}],"collection":[{"href":"https:\/\/www.noticiasradioreflejos.com.ar\/2021\/wp-json\/wp\/v2\/posts"}],"about":[{"href":"https:\/\/www.noticiasradioreflejos.com.ar\/2021\/wp-json\/wp\/v2\/types\/post"}],"author":[{"embeddable":true,"href":"https:\/\/www.noticiasradioreflejos.com.ar\/2021\/wp-json\/wp\/v2\/users\/3"}],"replies":[{"embeddable":true,"href":"https:\/\/www.noticiasradioreflejos.com.ar\/2021\/wp-json\/wp\/v2\/comments?post=68334"}],"version-history":[{"count":2,"href":"https:\/\/www.noticiasradioreflejos.com.ar\/2021\/wp-json\/wp\/v2\/posts\/68334\/revisions"}],"predecessor-version":[{"id":68336,"href":"https:\/\/www.noticiasradioreflejos.com.ar\/2021\/wp-json\/wp\/v2\/posts\/68334\/revisions\/68336"}],"wp:attachment":[{"href":"https:\/\/www.noticiasradioreflejos.com.ar\/2021\/wp-json\/wp\/v2\/media?parent=68334"}],"wp:term":[{"taxonomy":"category","embeddable":true,"href":"https:\/\/www.noticiasradioreflejos.com.ar\/2021\/wp-json\/wp\/v2\/categories?post=68334"},{"taxonomy":"post_tag","embeddable":true,"href":"https:\/\/www.noticiasradioreflejos.com.ar\/2021\/wp-json\/wp\/v2\/tags?post=68334"}],"curies":[{"name":"wp","href":"https:\/\/api.w.org\/{rel}","templated":true}]}}