{"id":68319,"date":"2022-02-16T15:32:50","date_gmt":"2022-02-16T15:32:50","guid":{"rendered":"http:\/\/www.noticiasradioreflejos.com.ar\/2021\/?p=68319"},"modified":"2022-02-16T15:32:50","modified_gmt":"2022-02-16T15:32:50","slug":"el-area-municipal-de-arbolado-urbano-definio-las-acciones-de-intervencion-del-parque-lineal","status":"publish","type":"post","link":"https:\/\/www.noticiasradioreflejos.com.ar\/2021\/el-area-municipal-de-arbolado-urbano-definio-las-acciones-de-intervencion-del-parque-lineal\/","title":{"rendered":"El \u00e1rea municipal de Arbolado Urbano defini\u00f3 las acciones de intervenci\u00f3n del Parque Lineal"},"content":{"rendered":"<p>Desde este lunes, cumple sus funciones la nueva titular del \u00e1rea de Arbolado Urbano, dependiente de la Subsecretar\u00eda de Servicios Urbanos de Tornquist Municipio, <strong>Ingeniera Agr\u00f3noma Lucila Heit.<\/strong><!--more--><\/p>\n<p><a title=\"arbol2\" href=\"https:\/\/www.flickr.com\/photos\/182279889@N02\/51886022055\/in\/dateposted-public\/\" data-flickr-embed=\"true\"><img loading=\"lazy\" decoding=\"async\" src=\"https:\/\/live.staticflickr.com\/65535\/51886022055_f3027dabce_z.jpg\" alt=\"arbol2\" width=\"463\" height=\"617\" \/><\/a><script async src=\"\/\/embedr.flickr.com\/assets\/client-code.js\" charset=\"utf-8\"><\/script><\/p>\n<p>Entre sus primeras actividades, la profesional realiz\u00f3 una recorrida por el Parque Lineal de la localidad cabecera, donde llev\u00f3 a cabo un relevamiento y, en base a los resultados, elabor\u00f3 un informe con las acciones de intervenci\u00f3n del arbolado.<\/p>\n<h4>Informe:<\/h4>\n<p>El d\u00eda lunes 14 de febrero del a\u00f1o 2022, se realiz\u00f3 una recorrida por el Parque Lineal donde se observ\u00f3 el estado general de los ejemplares presentes, principalmente Eucalyptus sp y Cupressus sp.<\/p>\n<p>La plantaci\u00f3n de \u00e1rboles en lugares inadecuados, la selecci\u00f3n incorrecta y la falta de mantenimiento, ocasiona que muchos \u00e1rboles se vuelvan peligrosos para la poblaci\u00f3n.<\/p>\n<p>&nbsp;<\/p>\n<p><a title=\"arbol7\" href=\"https:\/\/www.flickr.com\/photos\/182279889@N02\/51885694589\/in\/dateposted-public\/\" data-flickr-embed=\"true\"><img loading=\"lazy\" decoding=\"async\" src=\"https:\/\/live.staticflickr.com\/65535\/51885694589_7f0e4485c6.jpg\" alt=\"arbol7\" width=\"375\" height=\"500\" \/><\/a><script async src=\"\/\/embedr.flickr.com\/assets\/client-code.js\" charset=\"utf-8\"><\/script><\/p>\n<p>&nbsp;<\/p>\n<p>Se procedi\u00f3 a marcar aquellos \u00e1rboles que muestran da\u00f1os o fallas en su estructura como bifurcaciones, uniones en V, grietas verticales y horizontales, ahuecamiento por P\u00e1jaros Carpinteros, presencia de grandes hormigueros que debilitan el sistema radicular, entre otros (adjunto im\u00e1genes) para una inmediata extracci\u00f3n. Y, aquellos que se encuentran en buen estado sanitario, ser\u00e1n podados reduciendo la altura de sus copas y ramas laterales. De un total de 40 Eucaliptus sp ser\u00e1n extra\u00eddos 15 ejemplares y los restantes (24) ser\u00e1n podados.<\/p>\n<p>En el Club Papeleros se encuentran 3 ejemplares de Eucaliptos sp de gran porte que ser\u00e1n extra\u00eddos por su alta peligrosidad y 2 ejemplares de Cupressus sempervirens var. horizontalis tambi\u00e9n ser\u00e1n extra\u00eddos, ya que muestran una marcada muerte descendente.<\/p>\n<p>&nbsp;<\/p>\n<p><strong><em>Lucila M. Heit<\/em><\/strong><\/p>\n<p><strong><em>Ing. Agr\u00f3noma<\/em><\/strong><\/p>\n<p><a title=\"arbol6\" href=\"https:\/\/www.flickr.com\/photos\/182279889@N02\/51885371991\/in\/dateposted-public\/\" data-flickr-embed=\"true\"><img loading=\"lazy\" decoding=\"async\" src=\"https:\/\/live.staticflickr.com\/65535\/51885371991_cb4ffd46d1.jpg\" alt=\"arbol6\" width=\"375\" height=\"500\" \/><\/a><script async src=\"\/\/embedr.flickr.com\/assets\/client-code.js\" charset=\"utf-8\"><\/script><\/p>\n","protected":false},"excerpt":{"rendered":"<p>Desde este lunes, cumple sus funciones la nueva titular del \u00e1rea de Arbolado Urbano, dependiente de la Subsecretar\u00eda de Servicios Urbanos de Tornquist Municipio, Ingeniera Agr\u00f3noma Lucila Heit.<\/p>\n","protected":false},"author":3,"featured_media":0,"comment_status":"closed","ping_status":"closed","sticky":false,"template":"","format":"standard","meta":{"footnotes":""},"categories":[28],"tags":[],"class_list":["post-68319","post","type-post","status-publish","format-standard","hentry","category-municipales"],"yoast_head":"<!-- This site is optimized with the Yoast SEO plugin v25.9 - https:\/\/yoast.com\/wordpress\/plugins\/seo\/ -->\n<title>El \u00e1rea municipal de Arbolado Urbano defini\u00f3 las acciones de intervenci\u00f3n del Parque Lineal - Noticias Radio Reflejos<\/title>\n<meta name=\"robots\" content=\"index, follow, max-snippet:-1, max-image-preview:large, max-video-preview:-1\" \/>\n<link rel=\"canonical\" href=\"https:\/\/www.noticiasradioreflejos.com.ar\/2021\/el-area-municipal-de-arbolado-urbano-definio-las-acciones-de-intervencion-del-parque-lineal\/\" \/>\n<meta property=\"og:locale\" content=\"es_ES\" \/>\n<meta property=\"og:type\" content=\"article\" \/>\n<meta property=\"og:title\" content=\"El \u00e1rea municipal de Arbolado Urbano defini\u00f3 las acciones de intervenci\u00f3n del Parque Lineal - Noticias Radio Reflejos\" \/>\n<meta property=\"og:description\" content=\"Desde este lunes, cumple sus funciones la nueva titular del \u00e1rea de Arbolado Urbano, dependiente de la Subsecretar\u00eda de Servicios Urbanos de Tornquist Municipio, Ingeniera Agr\u00f3noma Lucila Heit.\" \/>\n<meta property=\"og:url\" content=\"https:\/\/www.noticiasradioreflejos.com.ar\/2021\/el-area-municipal-de-arbolado-urbano-definio-las-acciones-de-intervencion-del-parque-lineal\/\" \/>\n<meta property=\"og:site_name\" content=\"Noticias Radio Reflejos\" \/>\n<meta property=\"article:published_time\" content=\"2022-02-16T15:32:50+00:00\" \/>\n<meta property=\"og:image\" content=\"https:\/\/live.staticflickr.com\/65535\/51886022055_f3027dabce_z.jpg\" \/>\n<meta name=\"author\" content=\"Arnaldo Botto\" \/>\n<meta name=\"twitter:card\" content=\"summary_large_image\" \/>\n<script type=\"application\/ld+json\" class=\"yoast-schema-graph\">{\"@context\":\"https:\/\/schema.org\",\"@graph\":[{\"@type\":\"WebPage\",\"@id\":\"https:\/\/www.noticiasradioreflejos.com.ar\/2021\/el-area-municipal-de-arbolado-urbano-definio-las-acciones-de-intervencion-del-parque-lineal\/\",\"url\":\"https:\/\/www.noticiasradioreflejos.com.ar\/2021\/el-area-municipal-de-arbolado-urbano-definio-las-acciones-de-intervencion-del-parque-lineal\/\",\"name\":\"El \u00e1rea municipal de Arbolado Urbano defini\u00f3 las acciones de intervenci\u00f3n del Parque Lineal - Noticias Radio Reflejos\",\"isPartOf\":{\"@id\":\"https:\/\/www.noticiasradioreflejos.com.ar\/2021\/#website\"},\"primaryImageOfPage\":{\"@id\":\"https:\/\/www.noticiasradioreflejos.com.ar\/2021\/el-area-municipal-de-arbolado-urbano-definio-las-acciones-de-intervencion-del-parque-lineal\/#primaryimage\"},\"image\":{\"@id\":\"https:\/\/www.noticiasradioreflejos.com.ar\/2021\/el-area-municipal-de-arbolado-urbano-definio-las-acciones-de-intervencion-del-parque-lineal\/#primaryimage\"},\"thumbnailUrl\":\"https:\/\/live.staticflickr.com\/65535\/51886022055_f3027dabce_z.jpg\",\"datePublished\":\"2022-02-16T15:32:50+00:00\",\"author\":{\"@id\":\"https:\/\/www.noticiasradioreflejos.com.ar\/2021\/#\/schema\/person\/ad82545263dcc5ec0996818884fd5fb1\"},\"breadcrumb\":{\"@id\":\"https:\/\/www.noticiasradioreflejos.com.ar\/2021\/el-area-municipal-de-arbolado-urbano-definio-las-acciones-de-intervencion-del-parque-lineal\/#breadcrumb\"},\"inLanguage\":\"es\",\"potentialAction\":[{\"@type\":\"ReadAction\",\"target\":[\"https:\/\/www.noticiasradioreflejos.com.ar\/2021\/el-area-municipal-de-arbolado-urbano-definio-las-acciones-de-intervencion-del-parque-lineal\/\"]}]},{\"@type\":\"ImageObject\",\"inLanguage\":\"es\",\"@id\":\"https:\/\/www.noticiasradioreflejos.com.ar\/2021\/el-area-municipal-de-arbolado-urbano-definio-las-acciones-de-intervencion-del-parque-lineal\/#primaryimage\",\"url\":\"https:\/\/live.staticflickr.com\/65535\/51886022055_f3027dabce_z.jpg\",\"contentUrl\":\"https:\/\/live.staticflickr.com\/65535\/51886022055_f3027dabce_z.jpg\"},{\"@type\":\"BreadcrumbList\",\"@id\":\"https:\/\/www.noticiasradioreflejos.com.ar\/2021\/el-area-municipal-de-arbolado-urbano-definio-las-acciones-de-intervencion-del-parque-lineal\/#breadcrumb\",\"itemListElement\":[{\"@type\":\"ListItem\",\"position\":1,\"name\":\"Portada\",\"item\":\"https:\/\/www.noticiasradioreflejos.com.ar\/2021\/\"},{\"@type\":\"ListItem\",\"position\":2,\"name\":\"El \u00e1rea municipal de Arbolado Urbano defini\u00f3 las acciones de intervenci\u00f3n del Parque Lineal\"}]},{\"@type\":\"WebSite\",\"@id\":\"https:\/\/www.noticiasradioreflejos.com.ar\/2021\/#website\",\"url\":\"https:\/\/www.noticiasradioreflejos.com.ar\/2021\/\",\"name\":\"Noticias Radio Reflejos\",\"description\":\"Las noticias de mi comarca\",\"potentialAction\":[{\"@type\":\"SearchAction\",\"target\":{\"@type\":\"EntryPoint\",\"urlTemplate\":\"https:\/\/www.noticiasradioreflejos.com.ar\/2021\/?s={search_term_string}\"},\"query-input\":{\"@type\":\"PropertyValueSpecification\",\"valueRequired\":true,\"valueName\":\"search_term_string\"}}],\"inLanguage\":\"es\"},{\"@type\":\"Person\",\"@id\":\"https:\/\/www.noticiasradioreflejos.com.ar\/2021\/#\/schema\/person\/ad82545263dcc5ec0996818884fd5fb1\",\"name\":\"Arnaldo Botto\",\"image\":{\"@type\":\"ImageObject\",\"inLanguage\":\"es\",\"@id\":\"https:\/\/www.noticiasradioreflejos.com.ar\/2021\/#\/schema\/person\/image\/\",\"url\":\"https:\/\/secure.gravatar.com\/avatar\/55cb5e37c1efa326397366e6974cb338056df65cb50e7d64d1cf314e87504837?s=96&d=mm&r=g\",\"contentUrl\":\"https:\/\/secure.gravatar.com\/avatar\/55cb5e37c1efa326397366e6974cb338056df65cb50e7d64d1cf314e87504837?s=96&d=mm&r=g\",\"caption\":\"Arnaldo Botto\"},\"url\":\"https:\/\/www.noticiasradioreflejos.com.ar\/2021\/author\/arnaldo\/\"}]}<\/script>\n<!-- \/ Yoast SEO plugin. -->","yoast_head_json":{"title":"El \u00e1rea municipal de Arbolado Urbano defini\u00f3 las acciones de intervenci\u00f3n del Parque Lineal - Noticias Radio Reflejos","robots":{"index":"index","follow":"follow","max-snippet":"max-snippet:-1","max-image-preview":"max-image-preview:large","max-video-preview":"max-video-preview:-1"},"canonical":"https:\/\/www.noticiasradioreflejos.com.ar\/2021\/el-area-municipal-de-arbolado-urbano-definio-las-acciones-de-intervencion-del-parque-lineal\/","og_locale":"es_ES","og_type":"article","og_title":"El \u00e1rea municipal de Arbolado Urbano defini\u00f3 las acciones de intervenci\u00f3n del Parque Lineal - Noticias Radio Reflejos","og_description":"Desde este lunes, cumple sus funciones la nueva titular del \u00e1rea de Arbolado Urbano, dependiente de la Subsecretar\u00eda de Servicios Urbanos de Tornquist Municipio, Ingeniera Agr\u00f3noma Lucila Heit.","og_url":"https:\/\/www.noticiasradioreflejos.com.ar\/2021\/el-area-municipal-de-arbolado-urbano-definio-las-acciones-de-intervencion-del-parque-lineal\/","og_site_name":"Noticias Radio Reflejos","article_published_time":"2022-02-16T15:32:50+00:00","og_image":[{"url":"https:\/\/live.staticflickr.com\/65535\/51886022055_f3027dabce_z.jpg","type":"","width":"","height":""}],"author":"Arnaldo Botto","twitter_card":"summary_large_image","schema":{"@context":"https:\/\/schema.org","@graph":[{"@type":"WebPage","@id":"https:\/\/www.noticiasradioreflejos.com.ar\/2021\/el-area-municipal-de-arbolado-urbano-definio-las-acciones-de-intervencion-del-parque-lineal\/","url":"https:\/\/www.noticiasradioreflejos.com.ar\/2021\/el-area-municipal-de-arbolado-urbano-definio-las-acciones-de-intervencion-del-parque-lineal\/","name":"El \u00e1rea municipal de Arbolado Urbano defini\u00f3 las acciones de intervenci\u00f3n del Parque Lineal - Noticias Radio Reflejos","isPartOf":{"@id":"https:\/\/www.noticiasradioreflejos.com.ar\/2021\/#website"},"primaryImageOfPage":{"@id":"https:\/\/www.noticiasradioreflejos.com.ar\/2021\/el-area-municipal-de-arbolado-urbano-definio-las-acciones-de-intervencion-del-parque-lineal\/#primaryimage"},"image":{"@id":"https:\/\/www.noticiasradioreflejos.com.ar\/2021\/el-area-municipal-de-arbolado-urbano-definio-las-acciones-de-intervencion-del-parque-lineal\/#primaryimage"},"thumbnailUrl":"https:\/\/live.staticflickr.com\/65535\/51886022055_f3027dabce_z.jpg","datePublished":"2022-02-16T15:32:50+00:00","author":{"@id":"https:\/\/www.noticiasradioreflejos.com.ar\/2021\/#\/schema\/person\/ad82545263dcc5ec0996818884fd5fb1"},"breadcrumb":{"@id":"https:\/\/www.noticiasradioreflejos.com.ar\/2021\/el-area-municipal-de-arbolado-urbano-definio-las-acciones-de-intervencion-del-parque-lineal\/#breadcrumb"},"inLanguage":"es","potentialAction":[{"@type":"ReadAction","target":["https:\/\/www.noticiasradioreflejos.com.ar\/2021\/el-area-municipal-de-arbolado-urbano-definio-las-acciones-de-intervencion-del-parque-lineal\/"]}]},{"@type":"ImageObject","inLanguage":"es","@id":"https:\/\/www.noticiasradioreflejos.com.ar\/2021\/el-area-municipal-de-arbolado-urbano-definio-las-acciones-de-intervencion-del-parque-lineal\/#primaryimage","url":"https:\/\/live.staticflickr.com\/65535\/51886022055_f3027dabce_z.jpg","contentUrl":"https:\/\/live.staticflickr.com\/65535\/51886022055_f3027dabce_z.jpg"},{"@type":"BreadcrumbList","@id":"https:\/\/www.noticiasradioreflejos.com.ar\/2021\/el-area-municipal-de-arbolado-urbano-definio-las-acciones-de-intervencion-del-parque-lineal\/#breadcrumb","itemListElement":[{"@type":"ListItem","position":1,"name":"Portada","item":"https:\/\/www.noticiasradioreflejos.com.ar\/2021\/"},{"@type":"ListItem","position":2,"name":"El \u00e1rea municipal de Arbolado Urbano defini\u00f3 las acciones de intervenci\u00f3n del Parque Lineal"}]},{"@type":"WebSite","@id":"https:\/\/www.noticiasradioreflejos.com.ar\/2021\/#website","url":"https:\/\/www.noticiasradioreflejos.com.ar\/2021\/","name":"Noticias Radio Reflejos","description":"Las noticias de mi comarca","potentialAction":[{"@type":"SearchAction","target":{"@type":"EntryPoint","urlTemplate":"https:\/\/www.noticiasradioreflejos.com.ar\/2021\/?s={search_term_string}"},"query-input":{"@type":"PropertyValueSpecification","valueRequired":true,"valueName":"search_term_string"}}],"inLanguage":"es"},{"@type":"Person","@id":"https:\/\/www.noticiasradioreflejos.com.ar\/2021\/#\/schema\/person\/ad82545263dcc5ec0996818884fd5fb1","name":"Arnaldo Botto","image":{"@type":"ImageObject","inLanguage":"es","@id":"https:\/\/www.noticiasradioreflejos.com.ar\/2021\/#\/schema\/person\/image\/","url":"https:\/\/secure.gravatar.com\/avatar\/55cb5e37c1efa326397366e6974cb338056df65cb50e7d64d1cf314e87504837?s=96&d=mm&r=g","contentUrl":"https:\/\/secure.gravatar.com\/avatar\/55cb5e37c1efa326397366e6974cb338056df65cb50e7d64d1cf314e87504837?s=96&d=mm&r=g","caption":"Arnaldo Botto"},"url":"https:\/\/www.noticiasradioreflejos.com.ar\/2021\/author\/arnaldo\/"}]}},"_links":{"self":[{"href":"https:\/\/www.noticiasradioreflejos.com.ar\/2021\/wp-json\/wp\/v2\/posts\/68319","targetHints":{"allow":["GET"]}}],"collection":[{"href":"https:\/\/www.noticiasradioreflejos.com.ar\/2021\/wp-json\/wp\/v2\/posts"}],"about":[{"href":"https:\/\/www.noticiasradioreflejos.com.ar\/2021\/wp-json\/wp\/v2\/types\/post"}],"author":[{"embeddable":true,"href":"https:\/\/www.noticiasradioreflejos.com.ar\/2021\/wp-json\/wp\/v2\/users\/3"}],"replies":[{"embeddable":true,"href":"https:\/\/www.noticiasradioreflejos.com.ar\/2021\/wp-json\/wp\/v2\/comments?post=68319"}],"version-history":[{"count":1,"href":"https:\/\/www.noticiasradioreflejos.com.ar\/2021\/wp-json\/wp\/v2\/posts\/68319\/revisions"}],"predecessor-version":[{"id":68321,"href":"https:\/\/www.noticiasradioreflejos.com.ar\/2021\/wp-json\/wp\/v2\/posts\/68319\/revisions\/68321"}],"wp:attachment":[{"href":"https:\/\/www.noticiasradioreflejos.com.ar\/2021\/wp-json\/wp\/v2\/media?parent=68319"}],"wp:term":[{"taxonomy":"category","embeddable":true,"href":"https:\/\/www.noticiasradioreflejos.com.ar\/2021\/wp-json\/wp\/v2\/categories?post=68319"},{"taxonomy":"post_tag","embeddable":true,"href":"https:\/\/www.noticiasradioreflejos.com.ar\/2021\/wp-json\/wp\/v2\/tags?post=68319"}],"curies":[{"name":"wp","href":"https:\/\/api.w.org\/{rel}","templated":true}]}}