{"id":68310,"date":"2022-02-16T11:14:51","date_gmt":"2022-02-16T11:14:51","guid":{"rendered":"http:\/\/www.noticiasradioreflejos.com.ar\/2021\/?p=68310"},"modified":"2022-02-16T11:16:31","modified_gmt":"2022-02-16T11:16:31","slug":"la-tragedia-de-barranca-yaco-un-quiroga-incredulo-asesinos-dispuestos-a-todo-y-el-crimen-de-un-nino-de-12-anos","status":"publish","type":"post","link":"https:\/\/www.noticiasradioreflejos.com.ar\/2021\/la-tragedia-de-barranca-yaco-un-quiroga-incredulo-asesinos-dispuestos-a-todo-y-el-crimen-de-un-nino-de-12-anos\/","title":{"rendered":"La tragedia de Barranca Yaco: un Quiroga incr\u00e9dulo, asesinos dispuestos a todo y el crimen de un ni\u00f1o de 12 a\u00f1os"},"content":{"rendered":"<header class=\"article-header-wrapper\">\n<div class=\"article-header\">\n<h1 class=\"article-headline\"><\/h1>\n<p class=\"article-subheadline\">Barranca Yaco ratific\u00f3 que Facundo Quiroga fue temerario hasta el fin, porque en el transcurso de ese fat\u00eddico viaje al norte, recibi\u00f3 insistentes advertencias de que ser\u00eda asesinado. A\u00fan vivo, amigos y enemigos contribuyeron a construir su leyenda, agigantada por su muerte, ocurrida el 16 de febrero de 1835<\/p>\n<\/div>\n<\/header>\n<p><!--more--><\/p>\n<article class=\"article\">\n<div class=\"nd-body-article\">\n<p class=\"paragraph\"><b>Cuando la galera y su m\u00ednima escolta estaban a pocas leguas de la posta del Ojo del Agua, un joven sali\u00f3 del monte y le hizo se\u00f1as desesperadas al postill\u00f3n para que detuviese la alocada carrera de la media docena de caballos que tiraban del carruaje<\/b>. El propio<b>\u00a0Facundo Quiroga<\/b>\u00a0se asom\u00f3 y le pregunt\u00f3 qu\u00e9 se le ofrec\u00eda. El muchacho pidi\u00f3 hablar con su secretario\u00a0<b>Jos\u00e9 Santos Ortiz<\/b>, a quien conoc\u00eda y que a toda costa quer\u00eda devolverle un favor que le hab\u00eda hecho.<b>\u00a0Le advirti\u00f3 que en el lugar que llaman Barranca Yaco hab\u00eda una partida al mando de Santos P\u00e9rez y que le har\u00edan fuego por ambos lados del camino, con la indicaci\u00f3n de matar primero a los postillones<\/b>. La orden era que nadie deb\u00eda salir con vida. El muchacho, que llevaba un caballo para\u00a0<b>Ortiz,<\/b>\u00a0le ofreci\u00f3 huir juntos.<\/p>\n<div class=\"visual__image \"><img loading=\"lazy\" decoding=\"async\" src=\"https:\/\/www.infobae.com\/new-resizer\/0vvTDRNkCDkxSM5A5PlWGmqqIKk=\/420x420\/filters:format(webp):quality(85)\/cloudfront-us-east-1.images.arcpublishing.com\/infobae\/35C4TVXB7FFRROGIQJ4YZDLLKA.jpg%20420w\" sizes=\"auto, (min-width: 800px) 50vw, 90vw\" srcset=\"https:\/\/www.infobae.com\/new-resizer\/0vvTDRNkCDkxSM5A5PlWGmqqIKk=\/420x420\/filters:format(webp):quality(85)\/cloudfront-us-east-1.images.arcpublishing.com\/infobae\/35C4TVXB7FFRROGIQJ4YZDLLKA.jpg 420w,https:\/\/www.infobae.com\/new-resizer\/25QCufPMg-k_ceUeK1ykQMl43mg=\/768x768\/filters:format(webp):quality(85)\/cloudfront-us-east-1.images.arcpublishing.com\/infobae\/35C4TVXB7FFRROGIQJ4YZDLLKA.jpg 768w,https:\/\/www.infobae.com\/new-resizer\/hRf2kM38MEmIz-ns01ohtoVov-M=\/992x992\/filters:format(webp):quality(85)\/cloudfront-us-east-1.images.arcpublishing.com\/infobae\/35C4TVXB7FFRROGIQJ4YZDLLKA.jpg 992w,https:\/\/www.infobae.com\/new-resizer\/fczVoD2ES9hwODpVeycBBg8syxE=\/1200x1200\/filters:format(webp):quality(85)\/cloudfront-us-east-1.images.arcpublishing.com\/infobae\/35C4TVXB7FFRROGIQJ4YZDLLKA.jpg 1200w,https:\/\/www.infobae.com\/new-resizer\/KWolPltjlMmB-FV5AaXJ-jaB_A4=\/1440x1440\/filters:format(webp):quality(85)\/cloudfront-us-east-1.images.arcpublishing.com\/infobae\/35C4TVXB7FFRROGIQJ4YZDLLKA.jpg 1440w\" alt=\"Facundo Quiroga ten\u00eda 46 a\u00f1os y se hab\u00eda afeitado el bigote. En el que ser\u00eda su \u00faltimo viaje, hab\u00eda recibido diversas advertencias a las que no les dio importancia. \" width=\"340\" height=\"313\" \/>Facundo Quiroga ten\u00eda 46 a\u00f1os y se hab\u00eda afeitado el bigote. En el que ser\u00eda su \u00faltimo viaje, hab\u00eda recibido diversas advertencias a las que no les dio importancia.<\/div>\n<p class=\"paragraph\"><mark class=\"hl_yellow\">El caudillo le dio las gracias, y le dijo que \u201cno ha nacido todav\u00eda el hombre que ha de matar a Facundo Quiroga. A un grito m\u00edo, esa partida ma\u00f1ana se pondr\u00e1 a mis \u00f3rdenes, y me servir\u00e1 de escolta hasta C\u00f3rdoba. Vaya usted, amigo, sin cuidado\u201d.<\/mark><\/p>\n<p class=\"paragraph\">En la posta Ojo de Agua, en C\u00f3rdoba, la mayor\u00eda de la comitiva estaba angustiada, m\u00e1s cuando el maestro de la posta confirm\u00f3 lo que el muchacho les hab\u00eda advertido. El \u00fanico que no le dio importancia al asunto fue\u00a0<b>Quiroga<\/b>, quien se fue a dormir luego de tomar una taza de chocolate, tal como acostumbraba.<\/p>\n<p class=\"paragraph\">A la madrugada,<b>\u00a0Ortiz\u00a0<\/b>lo despert\u00f3. Le confirm\u00f3 los detalles del plan y le advirti\u00f3 que, si insist\u00eda en continuar el viaje, no lo acompa\u00f1ar\u00eda. Esto encoleriz\u00f3 a<b>\u00a0Quiroga<\/b>\u00a0y le respondi\u00f3 que si se iba lo que le pasar\u00eda ser\u00eda mucho m\u00e1s peligroso que lo que pudiera suceder en Barranca Yaco.\u00a0<b>Ortiz<\/b>, que hab\u00eda sido el primer gobernador de San Luis, se hab\u00eda sumado para ayudar en la mediaci\u00f3n que se hab\u00eda truncado.<\/p>\n<div class=\"visual__image \"><img loading=\"lazy\" decoding=\"async\" src=\"https:\/\/www.infobae.com\/new-resizer\/P1iSGEUL4eJBef_GnFLfABBezrw=\/420x560\/filters:format(webp):quality(85)\/cloudfront-us-east-1.images.arcpublishing.com\/infobae\/UJVTVMIHBJGHPGKZREXQSWC45I.jpg%20420w\" sizes=\"auto, (min-width: 800px) 50vw, 90vw\" srcset=\"https:\/\/www.infobae.com\/new-resizer\/P1iSGEUL4eJBef_GnFLfABBezrw=\/420x560\/filters:format(webp):quality(85)\/cloudfront-us-east-1.images.arcpublishing.com\/infobae\/UJVTVMIHBJGHPGKZREXQSWC45I.jpg 420w,https:\/\/www.infobae.com\/new-resizer\/48MnVOGGtT4InlSpvjwRZQZimOU=\/768x1024\/filters:format(webp):quality(85)\/cloudfront-us-east-1.images.arcpublishing.com\/infobae\/UJVTVMIHBJGHPGKZREXQSWC45I.jpg 768w,https:\/\/www.infobae.com\/new-resizer\/1nQI7xJoK-INR3LLUK_Om2h_KQ0=\/992x1323\/filters:format(webp):quality(85)\/cloudfront-us-east-1.images.arcpublishing.com\/infobae\/UJVTVMIHBJGHPGKZREXQSWC45I.jpg 992w,https:\/\/www.infobae.com\/new-resizer\/scDaHIpKcdTpXdAYrlWGNHtOycU=\/1200x1600\/filters:format(webp):quality(85)\/cloudfront-us-east-1.images.arcpublishing.com\/infobae\/UJVTVMIHBJGHPGKZREXQSWC45I.jpg 1200w\" alt=\"Jos\u00e9 Santos Ortiz, el infortunado secretario de Quiroga. Intent\u00f3 convencer al riojano de tomar precauciones.\" width=\"800\" height=\"1054\" \/>Jos\u00e9 Santos Ortiz, el infortunado secretario de Quiroga. Intent\u00f3 convencer al riojano de tomar precauciones.<\/div>\n<p class=\"paragraph\"><b>Quiroga era un blanco f\u00e1cil, ya que no llevaba escolta militar.<\/b>\u00a0Adem\u00e1s de\u00a0<b>Jos\u00e9 Santos Ortiz<\/b>, iban algunos peones, dos correos y dos postillones. Uno de ellos se llamaba\u00a0<b>Jos\u00e9 Luis Basualdo<\/b>, de 12 a\u00f1os, quien era el hijo del maestro de la posta de Ojo de Agua, la parada anterior a la de Sinsacate.\u00a0<b>Al muchacho lo hicieron subir a la galera para que fuera aprendiendo el oficio.<\/b><\/p>\n<p class=\"paragraph\">Su propio enemigo,\u00a0<b>Domingo Faustino Sarmiento\u00a0<\/b>fue el que hab\u00eda hecho andar la leyenda del origen de su apodo. Dicen que en una oportunidad, el riojano fue perseguido por un yaguaret\u00e9 (tigre verdadero en guaran\u00ed), debi\u00f3 treparse a un \u00e1rbol, fue ayudado por unos paisanos y termin\u00f3 matando al animal. De ah\u00ed el\u00a0<b>\u201cTigre de los llanos\u201d<\/b>.<\/p>\n<p class=\"paragraph\">Hab\u00eda nacido en el pueblo riojano de San Antonio el 27 de noviembre de 1788. Casado con Dolores Fern\u00e1ndez Cabeza, ten\u00eda cinco hijos. Combati\u00f3 en las guerras de la independencia y har\u00eda fortuna explotando minas de plata y cobre en el noroeste. Enrolado en el bando federal, encontr\u00f3 su tal\u00f3n de Aquiles en el general unitario\u00a0<b>Jos\u00e9 Mar\u00eda Paz<\/b>, quien lo derrotar\u00eda en los combates de La Tablada primero, en 1829 y Oncativo al a\u00f1o siguiente.<\/p>\n<p class=\"paragraph\">Recluido en Buenos Aires,\u00a0<b>Juan Manuel de Rosas<\/b>\u00a0lo recibi\u00f3 con los brazos abiertos, aunque pronto comenzaron a discrepar:\u00a0<b>el riojano era partidario de tener una constituci\u00f3n y de llegar a una organizaci\u00f3n nacional lo antes posible, algo que el Restaurador no ten\u00eda en agenda.<\/b><\/p>\n<p class=\"paragraph\">Ya ten\u00eda demasiados enemigos. Los principales eran los hermanos\u00a0<b>Reinaf\u00e9<\/b>, amos y se\u00f1ores de C\u00f3rdoba. Se hab\u00eda afeitado el bigote y, a\u00fan con su pelo ruliento, parec\u00eda haberlo despojado de esa imagen de hombre b\u00e1rbaro y salvaje que muchos se hab\u00edan formado. Sufr\u00eda de reuma y le dificultaba montar a caballo.<\/p>\n<p class=\"paragraph\">Cuando en 1834 estall\u00f3 un conflicto entre los gobernadores de Salta,\u00a0<b>Pablo Latorre\u00a0<\/b>y de Tucum\u00e1n,\u00a0<b>Alejandro Heredia<\/b>, le encomendaron viajar para mediar. Al llegar a Santiago del Estero se enter\u00f3 que\u00a0<b>Latorre<\/b>\u00a0hab\u00eda sido asesinado, y que\u00a0<b>Heredia<\/b>\u00a0hab\u00eda quedado el due\u00f1o de la situaci\u00f3n; ya no se necesitaba de su presencia y emprendi\u00f3 el regreso. En esa provincia, descansando en la casa del gobernador<b>\u00a0Ibarra<\/b>, \u00e9ste le advirti\u00f3 que en el camino atentar\u00edan contra su vida.<\/p>\n<div class=\"visual__image \"><img loading=\"lazy\" decoding=\"async\" src=\"https:\/\/www.infobae.com\/new-resizer\/8EI7V0XS-dWePhLSZrdWribK-J4=\/420x280\/filters:format(webp):quality(85)\/cloudfront-us-east-1.images.arcpublishing.com\/infobae\/VI66BABCRNHNNEKRNATFW7YMPI.jpeg%20420w\" sizes=\"auto, (min-width: 800px) 50vw, 90vw\" srcset=\"https:\/\/www.infobae.com\/new-resizer\/8EI7V0XS-dWePhLSZrdWribK-J4=\/420x280\/filters:format(webp):quality(85)\/cloudfront-us-east-1.images.arcpublishing.com\/infobae\/VI66BABCRNHNNEKRNATFW7YMPI.jpeg 420w,https:\/\/www.infobae.com\/new-resizer\/yRrxPIYbMFcDJJlSof1JSFn38KU=\/768x512\/filters:format(webp):quality(85)\/cloudfront-us-east-1.images.arcpublishing.com\/infobae\/VI66BABCRNHNNEKRNATFW7YMPI.jpeg 768w,https:\/\/www.infobae.com\/new-resizer\/hjiWOiOqrgUIxXPU641wwtg6Q00=\/992x661\/filters:format(webp):quality(85)\/cloudfront-us-east-1.images.arcpublishing.com\/infobae\/VI66BABCRNHNNEKRNATFW7YMPI.jpeg 992w,https:\/\/www.infobae.com\/new-resizer\/lzxbXrW6-XPVMiizkTVTGZcEw3g=\/1200x800\/filters:format(webp):quality(85)\/cloudfront-us-east-1.images.arcpublishing.com\/infobae\/VI66BABCRNHNNEKRNATFW7YMPI.jpeg 1200w,https:\/\/www.infobae.com\/new-resizer\/dVdgowxPB2Cnlq-yXNDnrlkR-3Q=\/1440x960\/filters:format(webp):quality(85)\/cloudfront-us-east-1.images.arcpublishing.com\/infobae\/VI66BABCRNHNNEKRNATFW7YMPI.jpeg 1440w\" alt=\"El instante de la masacre. Quiroga, sacando la cabeza por la ventanilla para ver qu\u00e9 ocurr\u00eda, recibi\u00f3 un disparo en un ojo. Asesinaron a todos. Solo se salvaron dos jinetes que cabalgaban retrasados.\" width=\"720\" height=\"490\" \/>El instante de la masacre. Quiroga, sacando la cabeza por la ventanilla para ver qu\u00e9 ocurr\u00eda, recibi\u00f3 un disparo en un ojo. Asesinaron a todos. Solo se salvaron dos jinetes que cabalgaban retrasados.<\/div>\n<p class=\"paragraph\"><mark class=\"hl_yellow\">Ese lunes 16 de febrero de 1835 el cielo anunciaba que se ven\u00edan las lluvias. Cerca de las 11 de la ma\u00f1ana, 9 km antes de llegar a la posta de Sinsacate, donde el camino hac\u00eda una curva en el espeso monte de espinillos y talas, una partida de 32 hombres al mando de Santos P\u00e9rez le cort\u00f3 el paso a la galera de Quiroga.<\/mark><\/p>\n<p class=\"paragraph\"><b>-\u00bfQu\u00e9 es lo que pasa? \u00bfQui\u00e9n manda esta partida?<\/b>\u00a0-pregunt\u00f3 a viva voz, sacando la cabeza por la ventana. Ser\u00edan sus \u00faltimas palabras.<\/p>\n<p class=\"paragraph\"><b>Un certero disparo impact\u00f3 en su ojo izquierdo. Otro le dar\u00eda en el cuello.<\/b><\/p>\n<p class=\"paragraph\"><b>Santos P\u00e9rez<\/b>\u00a0subi\u00f3 a la galera y atraves\u00f3 con su espada varias veces al infortunado<b>\u00a0Ortiz<\/b>.<\/p>\n<p class=\"paragraph\"><mark class=\"hl_yellow\">El resto de los hombres se dedic\u00f3 a matar al resto de los acompa\u00f1antes. Nadie deb\u00eda quedar con vida. Todos los cuerpos fueron degollados, incluso el de Facundo.<\/mark><\/p>\n<p class=\"paragraph\"><mark class=\"hl_yellow\">Santos P\u00e9rez debi\u00f3 matar a uno de los suyos cuando se neg\u00f3 a degollar al ni\u00f1o Basualdo. Un tal M\u00e1rquez fue el que asesinar\u00eda al infortunado postill\u00f3n, que a los gritos clam\u00f3 hasta \u00faltimo momento por su madre.<\/mark><\/p>\n<p class=\"paragraph\">Luego, se repartieron el contenido del equipaje, llev\u00e1ndose hasta la ropa que tra\u00edan puesta las v\u00edctimas. A los caballos los soltaron y el carruaje, con impactos de bala, lo escondieron en el monte.<\/p>\n<p class=\"paragraph\"><b>Lo que Santos P\u00e9rez no percibi\u00f3 fue que desde el monte los estaban observando<\/b>. Dos correos,\u00a0<b>Jos\u00e9 Santos Funes<\/b>\u00a0y\u00a0<b>Agust\u00edn Mar\u00edn<\/b>, que acompa\u00f1aban a\u00a0<b>Quiroga<\/b>, cabalgaban un tanto retrasados. Al escuchar los disparos, se ocultaron y vieron todo. Ellos fueron los que avisaron a la posta de Sinsacate.<\/p>\n<p class=\"paragraph\">El juez de paz local, en esa tarde lluviosa, mand\u00f3 buscar los cuerpos de\u00a0<b>Quiroga\u00a0<\/b>y de\u00a0<b>Santos Ortiz<\/b>, y los depositaron en la iglesia, donde esa noche fueron velados. Al d\u00eda siguiente, el cuerpo de Quiroga fue llevado a C\u00f3rdoba -donde fue enterrado en la Catedral-; y el de su secretario a Mendoza, a pedido de su esposa.<\/p>\n<div class=\"visual__image \"><img loading=\"lazy\" decoding=\"async\" src=\"https:\/\/www.infobae.com\/new-resizer\/cw703sj7HRJ3FxfL5XG2KqQIiPc=\/420x236\/filters:format(webp):quality(85)\/cloudfront-us-east-1.images.arcpublishing.com\/infobae\/GBKICEFQNJGC7IZIFZPCOKSNKQ.jpg%20420w\" sizes=\"auto, (min-width: 800px) 50vw, 90vw\" srcset=\"https:\/\/www.infobae.com\/new-resizer\/cw703sj7HRJ3FxfL5XG2KqQIiPc=\/420x236\/filters:format(webp):quality(85)\/cloudfront-us-east-1.images.arcpublishing.com\/infobae\/GBKICEFQNJGC7IZIFZPCOKSNKQ.jpg 420w,https:\/\/www.infobae.com\/new-resizer\/UJpn5pm-ungpojQ5ygBoXFuLC0U=\/768x432\/filters:format(webp):quality(85)\/cloudfront-us-east-1.images.arcpublishing.com\/infobae\/GBKICEFQNJGC7IZIFZPCOKSNKQ.jpg 768w,https:\/\/www.infobae.com\/new-resizer\/Wlz9mmvBgM8YNc2DOOkmSI2f0LI=\/992x558\/filters:format(webp):quality(85)\/cloudfront-us-east-1.images.arcpublishing.com\/infobae\/GBKICEFQNJGC7IZIFZPCOKSNKQ.jpg 992w,https:\/\/www.infobae.com\/new-resizer\/_CovPLrdRr91Kfd2MPlxUv62Gdc=\/1200x675\/filters:format(webp):quality(85)\/cloudfront-us-east-1.images.arcpublishing.com\/infobae\/GBKICEFQNJGC7IZIFZPCOKSNKQ.jpg 1200w,https:\/\/www.infobae.com\/new-resizer\/DG4_8iK4qpvA_GV8rBoBUJDwqfw=\/1440x810\/filters:format(webp):quality(85)\/cloudfront-us-east-1.images.arcpublishing.com\/infobae\/GBKICEFQNJGC7IZIFZPCOKSNKQ.jpg 1440w\" alt=\"Donde el camino hace un recodo, lugar de la tragedia, colocaron cruces que recuerdan a los que all\u00ed murieron. \" width=\"4396\" height=\"2340\" \/>Donde el camino hace un recodo, lugar de la tragedia, colocaron cruces que recuerdan a los que all\u00ed murieron.<\/div>\n<p class=\"paragraph\"><mark class=\"hl_yellow\">Todas las miradas apuntaron a los hermanos Reinaf\u00e9 -Jos\u00e9 Vicente, el gobernador de C\u00f3rdoba; Francisco; Jos\u00e9 Antonio y Guillermo como los instigadores del crimen.<\/mark><\/p>\n<p class=\"paragraph\">D\u00edas despu\u00e9s,\u00a0<b>Santos P\u00e9rez\u00a0<\/b>le entreg\u00f3 a<b>\u00a0Reinaf\u00e9<\/b>\u00a0dos pistolas y un poncho de vicu\u00f1a, propiedad de\u00a0<b>Quiroga<\/b>. El propio gobernador, simulando un brindis, hab\u00eda intentado envenenarlo con aguardiente mezclada con cianuro pero logr\u00f3 escapar.\u00a0<b>Al tiempo, acorralado, sin tener a d\u00f3nde ir, se entreg\u00f3.<\/b><\/p>\n<p class=\"paragraph\">Luego de que\u00a0<b>Pedro Nolasco Rodr\u00edguez<\/b>\u00a0fuera electo gobernador cordob\u00e9s, la suerte de los intocables\u00a0<b>Reinaf\u00e9<\/b>\u00a0hab\u00eda terminado. Salvo\u00a0<b>Francisco\u00a0<\/b>que logr\u00f3 escapar, fueron detenidos junto a la mayor\u00eda de los integrantes de la partida que hab\u00edan actuado en Barranca Yaco.<\/p>\n<p class=\"paragraph\"><b>Rosas envi\u00f3 a C\u00f3rdoba una partida de caballer\u00eda para llevar a Buenos Aires a los detenidos y juzgarlos, a\u00fan cuando los tribunales porte\u00f1os no eran competentes, as\u00ed como los jueces, ya que el crimen se hab\u00eda cometido en otra jurisdicci\u00f3n<\/b>. Las 1844 fojas de la causa nada dicen de las horas de torturas a los asesinos y las amenazas a su defensor,\u00a0<b>Marcelo Gamboa<\/b>, cuando con valent\u00eda sugiri\u00f3 el propio nombre de<b>\u00a0Rosas<\/b>\u00a0como uno de los instigadores del hecho.<\/p>\n<p class=\"paragraph\"><mark class=\"hl_yellow\">El 27 de mayo de 1837 se conocieron las sentencias a muerte y el 25 de octubre fueron fusilados los Reinaf\u00e9 junto a Santos P\u00e9rez en la Plaza de la Victoria. Los cuerpos de \u00e9ste \u00faltimo y de Jos\u00e9 Vicente fueron colgados en la puerta del Cabildo. Tambi\u00e9n se pas\u00f3 por las armas a la mayor\u00eda de los miembros de la partida y otros fueron condenados a prisi\u00f3n.<\/mark><\/p>\n<p class=\"paragraph\">El pobre<b>\u00a0Gamboa<\/b>\u00a0desat\u00f3 la ira de\u00a0<b>Rosas<\/b>. Se lo conden\u00f3 a no alejarse m\u00e1s de veinte cuadras de la plaza de la Victoria, se le prohibi\u00f3 ejercer de abogado y no pod\u00eda lucir la divisa punz\u00f3. Y que si violase algunos de estos puntos, ser\u00eda paseado por las calles montado en un burro pintado de celeste. Si se le ocurriese dejar el pa\u00eds, ser\u00eda aprehendido y fusilado.\u00a0<b>Parientes y amigos lo abandonaron, salvo uno, el padre del general Garmendia. Gamboa falleci\u00f3 en 1861.<\/b><\/p>\n<p class=\"paragraph\"><mark class=\"hl_yellow\">Muchas miradas se dirigieron a Rosas, al considerarlo el verdadero ide\u00f3logo de la muerte de Quiroga. \u201c\u2026muerte de mala muerte se lo llev\u00f3 al riojano, y una de las pu\u00f1aladas lo ment\u00f3 a Juan Manuel\u201d, escribi\u00f3 Jorge Luis Borges en su poema \u201cEl General Quiroga va en coche al muere\u201d.<\/mark><\/p>\n<div class=\"visual__image \"><img loading=\"lazy\" decoding=\"async\" src=\"https:\/\/www.infobae.com\/new-resizer\/YNaoJpMyvePEy0HNJMaSVM_BDDs=\/992x614\/filters:format(webp):quality(85)\/cloudfront-us-east-1.images.arcpublishing.com\/infobae\/ERS524PII5B4TNR6QTQZCIQVKQ.png%20992w\" sizes=\"auto, (min-width: 800px) 50vw, 90vw\" srcset=\"https:\/\/www.infobae.com\/new-resizer\/YNaoJpMyvePEy0HNJMaSVM_BDDs=\/992x614\/filters:format(webp):quality(85)\/cloudfront-us-east-1.images.arcpublishing.com\/infobae\/ERS524PII5B4TNR6QTQZCIQVKQ.png 992w\" alt=\"Los implicados en los asesinatos fueron juzgados y condenados a muerte. Fueron fusilados en la Plaza de la Victoria. A\u00fan as\u00ed, en el ambiente flotaba la sospecha de que Rosas estuvo detr\u00e1s de la muerte de Quiroga.\" width=\"426\" height=\"276\" \/>Los implicados en los asesinatos fueron juzgados y condenados a muerte. Fueron fusilados en la Plaza de la Victoria. A\u00fan as\u00ed, en el ambiente flotaba la sospecha de que Rosas estuvo detr\u00e1s de la muerte de Quiroga.<\/div>\n<p class=\"paragraph\">Donde el camino real hace un recodo,<b>\u00a0un monumento con nueve cruces se\u00f1ala el lugar de la sangrienta emboscada.<\/b><\/p>\n<p class=\"paragraph\">No se si ser\u00e1 cierto que en alguna noche sin luna vieron la galera vac\u00eda de Quiroga corriendo alocada y desapareciendo en la oscuridad. Tampoco la gente prefiere no creer que, cuando el viento sopla entre los espinillos del monte,\u00a0<b>suele traer los lamentos desesperados del postill\u00f3n de 12 a\u00f1os, que pide por su madre que no puede escucharlo.\u00a0<\/b>Muchas cosas pasan. Es que mataron a Quiroga, ese que ya era leyenda cuando viv\u00eda.<\/p>\n<\/div>\n<\/article>\n<p>&nbsp;<\/p>\n<div class=\"author-image\"><img loading=\"lazy\" decoding=\"async\" src=\"https:\/\/s3.amazonaws.com\/arc-authors\/infobae\/f2c2c68f-7a1d-4e6b-85d3-c33b60db410e.jpg\" alt=\"Adri\u00e1n Pignatelli\" width=\"60\" height=\"60\" \/><\/div>\n<div class=\"byline-text-wrapper\">\n<div class=\"authors\">\n<p>Por<\/p>\n<div class=\"authors-wrapper\"><strong><a class=\"author\" href=\"https:\/\/www.infobae.com\/autor\/adrian-pignatelli\">Adri\u00e1n Pignatelli para Infobae<\/a><\/strong><\/div>\n<\/div>\n<div class=\"byline-datetime\">16 de Febrero de 2022<\/div>\n<\/div>\n","protected":false},"excerpt":{"rendered":"<p>Barranca Yaco ratific\u00f3 que Facundo Quiroga fue temerario hasta el fin, porque en el transcurso de ese fat\u00eddico viaje al norte, recibi\u00f3 insistentes advertencias de que ser\u00eda asesinado. A\u00fan vivo, amigos y enemigos contribuyeron a construir su leyenda, agigantada por su muerte, ocurrida el 16 de febrero de 1835<\/p>\n","protected":false},"author":3,"featured_media":0,"comment_status":"closed","ping_status":"closed","sticky":false,"template":"","format":"standard","meta":{"footnotes":""},"categories":[35,34,26],"tags":[],"class_list":["post-68310","post","type-post","status-publish","format-standard","hentry","category-cultura","category-educacion","category-sociedad"],"yoast_head":"<!-- This site is optimized with the Yoast SEO plugin v25.9 - https:\/\/yoast.com\/wordpress\/plugins\/seo\/ -->\n<title>La tragedia de Barranca Yaco: un Quiroga incr\u00e9dulo, asesinos dispuestos a todo y el crimen de un ni\u00f1o de 12 a\u00f1os - Noticias Radio Reflejos<\/title>\n<meta name=\"robots\" content=\"index, follow, max-snippet:-1, max-image-preview:large, max-video-preview:-1\" \/>\n<link rel=\"canonical\" href=\"https:\/\/www.noticiasradioreflejos.com.ar\/2021\/la-tragedia-de-barranca-yaco-un-quiroga-incredulo-asesinos-dispuestos-a-todo-y-el-crimen-de-un-nino-de-12-anos\/\" \/>\n<meta property=\"og:locale\" content=\"es_ES\" \/>\n<meta property=\"og:type\" content=\"article\" \/>\n<meta property=\"og:title\" content=\"La tragedia de Barranca Yaco: un Quiroga incr\u00e9dulo, asesinos dispuestos a todo y el crimen de un ni\u00f1o de 12 a\u00f1os - Noticias Radio Reflejos\" \/>\n<meta property=\"og:description\" content=\"Barranca Yaco ratific\u00f3 que Facundo Quiroga fue temerario hasta el fin, porque en el transcurso de ese fat\u00eddico viaje al norte, recibi\u00f3 insistentes advertencias de que ser\u00eda asesinado. A\u00fan vivo, amigos y enemigos contribuyeron a construir su leyenda, agigantada por su muerte, ocurrida el 16 de febrero de 1835\" \/>\n<meta property=\"og:url\" content=\"https:\/\/www.noticiasradioreflejos.com.ar\/2021\/la-tragedia-de-barranca-yaco-un-quiroga-incredulo-asesinos-dispuestos-a-todo-y-el-crimen-de-un-nino-de-12-anos\/\" \/>\n<meta property=\"og:site_name\" content=\"Noticias Radio Reflejos\" \/>\n<meta property=\"article:published_time\" content=\"2022-02-16T11:14:51+00:00\" \/>\n<meta property=\"article:modified_time\" content=\"2022-02-16T11:16:31+00:00\" \/>\n<meta property=\"og:image\" content=\"https:\/\/www.infobae.com\/new-resizer\/0vvTDRNkCDkxSM5A5PlWGmqqIKk=\/420x420\/filters:format(webp):quality(85)\/cloudfront-us-east-1.images.arcpublishing.com\/infobae\/35C4TVXB7FFRROGIQJ4YZDLLKA.jpg%20420w\" \/>\n<meta name=\"author\" content=\"Arnaldo Botto\" \/>\n<meta name=\"twitter:card\" content=\"summary_large_image\" \/>\n<script type=\"application\/ld+json\" class=\"yoast-schema-graph\">{\"@context\":\"https:\/\/schema.org\",\"@graph\":[{\"@type\":\"WebPage\",\"@id\":\"https:\/\/www.noticiasradioreflejos.com.ar\/2021\/la-tragedia-de-barranca-yaco-un-quiroga-incredulo-asesinos-dispuestos-a-todo-y-el-crimen-de-un-nino-de-12-anos\/\",\"url\":\"https:\/\/www.noticiasradioreflejos.com.ar\/2021\/la-tragedia-de-barranca-yaco-un-quiroga-incredulo-asesinos-dispuestos-a-todo-y-el-crimen-de-un-nino-de-12-anos\/\",\"name\":\"La tragedia de Barranca Yaco: un Quiroga incr\u00e9dulo, asesinos dispuestos a todo y el crimen de un ni\u00f1o de 12 a\u00f1os - Noticias Radio Reflejos\",\"isPartOf\":{\"@id\":\"https:\/\/www.noticiasradioreflejos.com.ar\/2021\/#website\"},\"primaryImageOfPage\":{\"@id\":\"https:\/\/www.noticiasradioreflejos.com.ar\/2021\/la-tragedia-de-barranca-yaco-un-quiroga-incredulo-asesinos-dispuestos-a-todo-y-el-crimen-de-un-nino-de-12-anos\/#primaryimage\"},\"image\":{\"@id\":\"https:\/\/www.noticiasradioreflejos.com.ar\/2021\/la-tragedia-de-barranca-yaco-un-quiroga-incredulo-asesinos-dispuestos-a-todo-y-el-crimen-de-un-nino-de-12-anos\/#primaryimage\"},\"thumbnailUrl\":\"https:\/\/www.infobae.com\/new-resizer\/0vvTDRNkCDkxSM5A5PlWGmqqIKk=\/420x420\/filters:format(webp):quality(85)\/cloudfront-us-east-1.images.arcpublishing.com\/infobae\/35C4TVXB7FFRROGIQJ4YZDLLKA.jpg%20420w\",\"datePublished\":\"2022-02-16T11:14:51+00:00\",\"dateModified\":\"2022-02-16T11:16:31+00:00\",\"author\":{\"@id\":\"https:\/\/www.noticiasradioreflejos.com.ar\/2021\/#\/schema\/person\/ad82545263dcc5ec0996818884fd5fb1\"},\"breadcrumb\":{\"@id\":\"https:\/\/www.noticiasradioreflejos.com.ar\/2021\/la-tragedia-de-barranca-yaco-un-quiroga-incredulo-asesinos-dispuestos-a-todo-y-el-crimen-de-un-nino-de-12-anos\/#breadcrumb\"},\"inLanguage\":\"es\",\"potentialAction\":[{\"@type\":\"ReadAction\",\"target\":[\"https:\/\/www.noticiasradioreflejos.com.ar\/2021\/la-tragedia-de-barranca-yaco-un-quiroga-incredulo-asesinos-dispuestos-a-todo-y-el-crimen-de-un-nino-de-12-anos\/\"]}]},{\"@type\":\"ImageObject\",\"inLanguage\":\"es\",\"@id\":\"https:\/\/www.noticiasradioreflejos.com.ar\/2021\/la-tragedia-de-barranca-yaco-un-quiroga-incredulo-asesinos-dispuestos-a-todo-y-el-crimen-de-un-nino-de-12-anos\/#primaryimage\",\"url\":\"https:\/\/www.infobae.com\/new-resizer\/0vvTDRNkCDkxSM5A5PlWGmqqIKk=\/420x420\/filters:format(webp):quality(85)\/cloudfront-us-east-1.images.arcpublishing.com\/infobae\/35C4TVXB7FFRROGIQJ4YZDLLKA.jpg%20420w\",\"contentUrl\":\"https:\/\/www.infobae.com\/new-resizer\/0vvTDRNkCDkxSM5A5PlWGmqqIKk=\/420x420\/filters:format(webp):quality(85)\/cloudfront-us-east-1.images.arcpublishing.com\/infobae\/35C4TVXB7FFRROGIQJ4YZDLLKA.jpg%20420w\"},{\"@type\":\"BreadcrumbList\",\"@id\":\"https:\/\/www.noticiasradioreflejos.com.ar\/2021\/la-tragedia-de-barranca-yaco-un-quiroga-incredulo-asesinos-dispuestos-a-todo-y-el-crimen-de-un-nino-de-12-anos\/#breadcrumb\",\"itemListElement\":[{\"@type\":\"ListItem\",\"position\":1,\"name\":\"Portada\",\"item\":\"https:\/\/www.noticiasradioreflejos.com.ar\/2021\/\"},{\"@type\":\"ListItem\",\"position\":2,\"name\":\"La tragedia de Barranca Yaco: un Quiroga incr\u00e9dulo, asesinos dispuestos a todo y el crimen de un ni\u00f1o de 12 a\u00f1os\"}]},{\"@type\":\"WebSite\",\"@id\":\"https:\/\/www.noticiasradioreflejos.com.ar\/2021\/#website\",\"url\":\"https:\/\/www.noticiasradioreflejos.com.ar\/2021\/\",\"name\":\"Noticias Radio Reflejos\",\"description\":\"Las noticias de mi comarca\",\"potentialAction\":[{\"@type\":\"SearchAction\",\"target\":{\"@type\":\"EntryPoint\",\"urlTemplate\":\"https:\/\/www.noticiasradioreflejos.com.ar\/2021\/?s={search_term_string}\"},\"query-input\":{\"@type\":\"PropertyValueSpecification\",\"valueRequired\":true,\"valueName\":\"search_term_string\"}}],\"inLanguage\":\"es\"},{\"@type\":\"Person\",\"@id\":\"https:\/\/www.noticiasradioreflejos.com.ar\/2021\/#\/schema\/person\/ad82545263dcc5ec0996818884fd5fb1\",\"name\":\"Arnaldo Botto\",\"image\":{\"@type\":\"ImageObject\",\"inLanguage\":\"es\",\"@id\":\"https:\/\/www.noticiasradioreflejos.com.ar\/2021\/#\/schema\/person\/image\/\",\"url\":\"https:\/\/secure.gravatar.com\/avatar\/55cb5e37c1efa326397366e6974cb338056df65cb50e7d64d1cf314e87504837?s=96&d=mm&r=g\",\"contentUrl\":\"https:\/\/secure.gravatar.com\/avatar\/55cb5e37c1efa326397366e6974cb338056df65cb50e7d64d1cf314e87504837?s=96&d=mm&r=g\",\"caption\":\"Arnaldo Botto\"},\"url\":\"https:\/\/www.noticiasradioreflejos.com.ar\/2021\/author\/arnaldo\/\"}]}<\/script>\n<!-- \/ Yoast SEO plugin. -->","yoast_head_json":{"title":"La tragedia de Barranca Yaco: un Quiroga incr\u00e9dulo, asesinos dispuestos a todo y el crimen de un ni\u00f1o de 12 a\u00f1os - Noticias Radio Reflejos","robots":{"index":"index","follow":"follow","max-snippet":"max-snippet:-1","max-image-preview":"max-image-preview:large","max-video-preview":"max-video-preview:-1"},"canonical":"https:\/\/www.noticiasradioreflejos.com.ar\/2021\/la-tragedia-de-barranca-yaco-un-quiroga-incredulo-asesinos-dispuestos-a-todo-y-el-crimen-de-un-nino-de-12-anos\/","og_locale":"es_ES","og_type":"article","og_title":"La tragedia de Barranca Yaco: un Quiroga incr\u00e9dulo, asesinos dispuestos a todo y el crimen de un ni\u00f1o de 12 a\u00f1os - Noticias Radio Reflejos","og_description":"Barranca Yaco ratific\u00f3 que Facundo Quiroga fue temerario hasta el fin, porque en el transcurso de ese fat\u00eddico viaje al norte, recibi\u00f3 insistentes advertencias de que ser\u00eda asesinado. A\u00fan vivo, amigos y enemigos contribuyeron a construir su leyenda, agigantada por su muerte, ocurrida el 16 de febrero de 1835","og_url":"https:\/\/www.noticiasradioreflejos.com.ar\/2021\/la-tragedia-de-barranca-yaco-un-quiroga-incredulo-asesinos-dispuestos-a-todo-y-el-crimen-de-un-nino-de-12-anos\/","og_site_name":"Noticias Radio Reflejos","article_published_time":"2022-02-16T11:14:51+00:00","article_modified_time":"2022-02-16T11:16:31+00:00","og_image":[{"url":"https:\/\/www.infobae.com\/new-resizer\/0vvTDRNkCDkxSM5A5PlWGmqqIKk=\/420x420\/filters:format(webp):quality(85)\/cloudfront-us-east-1.images.arcpublishing.com\/infobae\/35C4TVXB7FFRROGIQJ4YZDLLKA.jpg%20420w","type":"","width":"","height":""}],"author":"Arnaldo Botto","twitter_card":"summary_large_image","schema":{"@context":"https:\/\/schema.org","@graph":[{"@type":"WebPage","@id":"https:\/\/www.noticiasradioreflejos.com.ar\/2021\/la-tragedia-de-barranca-yaco-un-quiroga-incredulo-asesinos-dispuestos-a-todo-y-el-crimen-de-un-nino-de-12-anos\/","url":"https:\/\/www.noticiasradioreflejos.com.ar\/2021\/la-tragedia-de-barranca-yaco-un-quiroga-incredulo-asesinos-dispuestos-a-todo-y-el-crimen-de-un-nino-de-12-anos\/","name":"La tragedia de Barranca Yaco: un Quiroga incr\u00e9dulo, asesinos dispuestos a todo y el crimen de un ni\u00f1o de 12 a\u00f1os - Noticias Radio Reflejos","isPartOf":{"@id":"https:\/\/www.noticiasradioreflejos.com.ar\/2021\/#website"},"primaryImageOfPage":{"@id":"https:\/\/www.noticiasradioreflejos.com.ar\/2021\/la-tragedia-de-barranca-yaco-un-quiroga-incredulo-asesinos-dispuestos-a-todo-y-el-crimen-de-un-nino-de-12-anos\/#primaryimage"},"image":{"@id":"https:\/\/www.noticiasradioreflejos.com.ar\/2021\/la-tragedia-de-barranca-yaco-un-quiroga-incredulo-asesinos-dispuestos-a-todo-y-el-crimen-de-un-nino-de-12-anos\/#primaryimage"},"thumbnailUrl":"https:\/\/www.infobae.com\/new-resizer\/0vvTDRNkCDkxSM5A5PlWGmqqIKk=\/420x420\/filters:format(webp):quality(85)\/cloudfront-us-east-1.images.arcpublishing.com\/infobae\/35C4TVXB7FFRROGIQJ4YZDLLKA.jpg%20420w","datePublished":"2022-02-16T11:14:51+00:00","dateModified":"2022-02-16T11:16:31+00:00","author":{"@id":"https:\/\/www.noticiasradioreflejos.com.ar\/2021\/#\/schema\/person\/ad82545263dcc5ec0996818884fd5fb1"},"breadcrumb":{"@id":"https:\/\/www.noticiasradioreflejos.com.ar\/2021\/la-tragedia-de-barranca-yaco-un-quiroga-incredulo-asesinos-dispuestos-a-todo-y-el-crimen-de-un-nino-de-12-anos\/#breadcrumb"},"inLanguage":"es","potentialAction":[{"@type":"ReadAction","target":["https:\/\/www.noticiasradioreflejos.com.ar\/2021\/la-tragedia-de-barranca-yaco-un-quiroga-incredulo-asesinos-dispuestos-a-todo-y-el-crimen-de-un-nino-de-12-anos\/"]}]},{"@type":"ImageObject","inLanguage":"es","@id":"https:\/\/www.noticiasradioreflejos.com.ar\/2021\/la-tragedia-de-barranca-yaco-un-quiroga-incredulo-asesinos-dispuestos-a-todo-y-el-crimen-de-un-nino-de-12-anos\/#primaryimage","url":"https:\/\/www.infobae.com\/new-resizer\/0vvTDRNkCDkxSM5A5PlWGmqqIKk=\/420x420\/filters:format(webp):quality(85)\/cloudfront-us-east-1.images.arcpublishing.com\/infobae\/35C4TVXB7FFRROGIQJ4YZDLLKA.jpg%20420w","contentUrl":"https:\/\/www.infobae.com\/new-resizer\/0vvTDRNkCDkxSM5A5PlWGmqqIKk=\/420x420\/filters:format(webp):quality(85)\/cloudfront-us-east-1.images.arcpublishing.com\/infobae\/35C4TVXB7FFRROGIQJ4YZDLLKA.jpg%20420w"},{"@type":"BreadcrumbList","@id":"https:\/\/www.noticiasradioreflejos.com.ar\/2021\/la-tragedia-de-barranca-yaco-un-quiroga-incredulo-asesinos-dispuestos-a-todo-y-el-crimen-de-un-nino-de-12-anos\/#breadcrumb","itemListElement":[{"@type":"ListItem","position":1,"name":"Portada","item":"https:\/\/www.noticiasradioreflejos.com.ar\/2021\/"},{"@type":"ListItem","position":2,"name":"La tragedia de Barranca Yaco: un Quiroga incr\u00e9dulo, asesinos dispuestos a todo y el crimen de un ni\u00f1o de 12 a\u00f1os"}]},{"@type":"WebSite","@id":"https:\/\/www.noticiasradioreflejos.com.ar\/2021\/#website","url":"https:\/\/www.noticiasradioreflejos.com.ar\/2021\/","name":"Noticias Radio Reflejos","description":"Las noticias de mi comarca","potentialAction":[{"@type":"SearchAction","target":{"@type":"EntryPoint","urlTemplate":"https:\/\/www.noticiasradioreflejos.com.ar\/2021\/?s={search_term_string}"},"query-input":{"@type":"PropertyValueSpecification","valueRequired":true,"valueName":"search_term_string"}}],"inLanguage":"es"},{"@type":"Person","@id":"https:\/\/www.noticiasradioreflejos.com.ar\/2021\/#\/schema\/person\/ad82545263dcc5ec0996818884fd5fb1","name":"Arnaldo Botto","image":{"@type":"ImageObject","inLanguage":"es","@id":"https:\/\/www.noticiasradioreflejos.com.ar\/2021\/#\/schema\/person\/image\/","url":"https:\/\/secure.gravatar.com\/avatar\/55cb5e37c1efa326397366e6974cb338056df65cb50e7d64d1cf314e87504837?s=96&d=mm&r=g","contentUrl":"https:\/\/secure.gravatar.com\/avatar\/55cb5e37c1efa326397366e6974cb338056df65cb50e7d64d1cf314e87504837?s=96&d=mm&r=g","caption":"Arnaldo Botto"},"url":"https:\/\/www.noticiasradioreflejos.com.ar\/2021\/author\/arnaldo\/"}]}},"_links":{"self":[{"href":"https:\/\/www.noticiasradioreflejos.com.ar\/2021\/wp-json\/wp\/v2\/posts\/68310","targetHints":{"allow":["GET"]}}],"collection":[{"href":"https:\/\/www.noticiasradioreflejos.com.ar\/2021\/wp-json\/wp\/v2\/posts"}],"about":[{"href":"https:\/\/www.noticiasradioreflejos.com.ar\/2021\/wp-json\/wp\/v2\/types\/post"}],"author":[{"embeddable":true,"href":"https:\/\/www.noticiasradioreflejos.com.ar\/2021\/wp-json\/wp\/v2\/users\/3"}],"replies":[{"embeddable":true,"href":"https:\/\/www.noticiasradioreflejos.com.ar\/2021\/wp-json\/wp\/v2\/comments?post=68310"}],"version-history":[{"count":2,"href":"https:\/\/www.noticiasradioreflejos.com.ar\/2021\/wp-json\/wp\/v2\/posts\/68310\/revisions"}],"predecessor-version":[{"id":68314,"href":"https:\/\/www.noticiasradioreflejos.com.ar\/2021\/wp-json\/wp\/v2\/posts\/68310\/revisions\/68314"}],"wp:attachment":[{"href":"https:\/\/www.noticiasradioreflejos.com.ar\/2021\/wp-json\/wp\/v2\/media?parent=68310"}],"wp:term":[{"taxonomy":"category","embeddable":true,"href":"https:\/\/www.noticiasradioreflejos.com.ar\/2021\/wp-json\/wp\/v2\/categories?post=68310"},{"taxonomy":"post_tag","embeddable":true,"href":"https:\/\/www.noticiasradioreflejos.com.ar\/2021\/wp-json\/wp\/v2\/tags?post=68310"}],"curies":[{"name":"wp","href":"https:\/\/api.w.org\/{rel}","templated":true}]}}