{"id":68303,"date":"2022-02-15T21:12:57","date_gmt":"2022-02-15T21:12:57","guid":{"rendered":"http:\/\/www.noticiasradioreflejos.com.ar\/2021\/?p=68303"},"modified":"2022-02-15T21:12:57","modified_gmt":"2022-02-15T21:12:57","slug":"el-pj-bonaerense-cierra-acuerdos-para-presentar-listas-de-unidad-en-los-135-municipios","status":"publish","type":"post","link":"https:\/\/www.noticiasradioreflejos.com.ar\/2021\/el-pj-bonaerense-cierra-acuerdos-para-presentar-listas-de-unidad-en-los-135-municipios\/","title":{"rendered":"El PJ bonaerense cierra acuerdos para presentar listas de unidad en los 135 municipios"},"content":{"rendered":"<p>El diputado nacional M\u00e1ximo Kirchner se re\u00fane contrarreloj con las distintas corrientes, ya que este jueves vence el plazo para la presentaci\u00f3n de las n\u00f3minas de precandidatos. Los comicios se realizar\u00e1n el pr\u00f3ximo 27 de marzo.<!--more--><\/p>\n<div>\n<div class=\"wrapper-editable-content\">\n<div>\n<div class=\"container-md\">\n<div class=\"row\">\n<div class=\"col-md-12 speak\">\n<div class=\"paragraph\">\n<figure class=\"mb-3\"><img decoding=\"async\" src=\"https:\/\/www.telam.com.ar\/thumbs\/bluesteel\/advf\/imagenes\/2022\/02\/620bb425bd1d6_900.jpg\" alt=\"Reunin del PJ bonaerense el lunes en la capital provincial\" width=\"100%\" height=\"100%\" \/><\/figure>\n<\/div>\n<\/div>\n<\/div>\n<\/div>\n<\/div>\n<\/div>\n<\/div>\n<div class=\"media-icons\"><\/div>\n<p>Reuni\u00f3n del PJ bonaerense el lunes en la capital provincial.<\/p>\n<p>Los sectores que integran el justicialismo de la provincia de Buenos Aires avanzan en la conformaci\u00f3n de listas de unidad en cada uno de los 135 municipios del distrito con miras a los comicios internos que se llevar\u00e1n a cabo el pr\u00f3ximo 27 de marzo, seg\u00fan consignaron fuentes partidarias.<\/p>\n<p>El plazo para la presentaci\u00f3n de las n\u00f3minas de precandidatos expirar\u00e1 este jueves, y el diputado nacional y presidente del PJ bonaerense, M\u00e1ximo Kirchner, mantiene negociaciones con las diversas corrientes con el prop\u00f3sito de alcanzar \u00abun esp\u00edritu de unidad\u00bb que se materialice en la convocatoria electoral.<\/p>\n<p><strong>La noche del lunes, en La Plata, Kirchner encabez\u00f3 un encuentro con referentes distritales del PJ provincial con el prop\u00f3sito de sellar acuerdos para evitar la competencia interna, sobre todo en las localidades que son gobernadas por Juntos por el Cambio (JxC).<\/strong><\/p>\n<p>En relaci\u00f3n a este encuentro, la ministra de Gobierno bonaerense y vicepresidenta primera del PJ nacional, Cristina \u00c1lvarez Rodr\u00edguez, afirm\u00f3 por las redes sociales que \u00aben el PJ continuamos trabajando para fortalecer el partido y seguir construyendo peronismo en los 135 municipios de la Provincia\u00bb.<\/p>\n<p>En tanto,\u00a0<strong>el jefe de Gabinete bonaerense, Mart\u00edn Insaurralde, que asisti\u00f3 a este encuentro partidario, cont\u00f3 que \u00abjunto a M\u00e1ximo Kirchner compartimos una larga e interesante charla de debate con las compa\u00f1eras y los compa\u00f1eros sobre el presente y futuro del peronismo y la provincia de Buenos Aires\u00bb.<\/strong><\/p>\n<p>\u00abEsta es una elecci\u00f3n complementaria a la que se realiz\u00f3 el a\u00f1o pasado y que tuvo como resultado la asunci\u00f3n de M\u00e1ximo (Kirchner) como presidente del Consejo partidario\u00bb, indicaron voceros del justicialismo bonaerense.<\/p>\n<p>Las complicaciones por la pandemia de coronavirus y los tiempos pol\u00edticos propios de un a\u00f1o electoral configuraron en 2021 \u00abun escenario diferente a lo acostumbrado\u00bb, ya que se desdoblaron las internas en elecciones para elegir a los consejeros provinciales y a los distritales, que tienen el mandato vencido desde el 17 diciembre del a\u00f1o pasado, explicaron.<\/p>\n<p>En ese contexto,\u00a0<strong>los consejeros y consejeras del PJ bonaerense reunidos el lunes en la capital provincial ponderaron \u00abla necesidad de la unidad\u00bb, al tiempo que instaron a \u00abprofundizar las discusiones internas en el marco institucional del PJ\u00bb.<\/strong><\/p>\n<p>Tambi\u00e9n hicieron un repaso de la situaci\u00f3n econ\u00f3mica del pa\u00eds y destacaron \u00abla recuperaci\u00f3n en diversos sectores a ra\u00edz de la obra p\u00fablica y de la inversi\u00f3n estatal, tanto del gobierno provincial como del nacional\u00bb.<\/p>\n<p>A su vez, hicieron eje en \u00abcombatir la inflaci\u00f3n\u00bb con el prop\u00f3sito de evitar \u00abun freno al crecimiento de la econom\u00eda\u00bb, seg\u00fan se remarc\u00f3 en un comunicado difundido por el PJ bonaerense.<\/p>\n<p><strong>El proceso eleccionario del a\u00f1o pasado, que concluy\u00f3 con la designaci\u00f3n de M\u00e1ximo Kirchner como presidente del Consejo provincial del PJ, todav\u00eda contin\u00faa a\u00fan abierto.<\/strong><\/p>\n<p>Esto se debe a un reclamo por \u00abirregularidades de gravedad institucional\u00bb formulado por el extitular partidario e intendente de Esteban Echeverr\u00eda, Fernando Gray, y que se encuentra en la Corte Suprema de Justicia pendiente de una resoluci\u00f3n, aclararon los voceros partidarios.<\/p>\n<p><strong>A pesar de que el diputado nacional y l\u00edder de La C\u00e1mpora sum\u00f3 las voluntades de todos los sectores del peronismo bonaerense para que asuma la presidencia del partido, el entonces vicepresidente<\/strong>\u00a0objet\u00f3 las formas y sostuvo que \u00abel recambio deb\u00eda hacerse en diciembre y no adelantarlo\u00bb, por lo que inici\u00f3 un reclamo en la justicia, donde tuvo varios reveses, pero lleg\u00f3 a la Corte y ahora espera una sentencia, aunque no hay un plazo estimado.<\/p>\n<p>A la reuni\u00f3n de el lunes asistieron referentes partidarios de la Primera Secci\u00f3n electoral como el ministro de Obras P\u00fablicas, Gabriel Katopodis; su par provincial, Leonardo Nardini; el titular de la cartera de Desarrollo Social, Juan Zabaleta; la vicegobernadora Ver\u00f3nica Magario, la senadora nacional Juliana Di Tulio, la diputada nacional Victoria Tolosa Paz, la senadora provincial Teresa Garc\u00eda, y la titular de la Anses, Fernanda Raverta, entre otros dirigentes y funcionarios.<\/p>\n","protected":false},"excerpt":{"rendered":"<p>El diputado nacional M\u00e1ximo Kirchner se re\u00fane contrarreloj con las distintas corrientes, ya que este jueves vence el plazo para la presentaci\u00f3n de las n\u00f3minas de precandidatos. Los comicios se realizar\u00e1n el pr\u00f3ximo 27 de marzo.<\/p>\n","protected":false},"author":3,"featured_media":0,"comment_status":"closed","ping_status":"closed","sticky":false,"template":"","format":"standard","meta":{"footnotes":""},"categories":[24],"tags":[],"class_list":["post-68303","post","type-post","status-publish","format-standard","hentry","category-politica"],"yoast_head":"<!-- This site is optimized with the Yoast SEO plugin v25.9 - https:\/\/yoast.com\/wordpress\/plugins\/seo\/ -->\n<title>El PJ bonaerense cierra acuerdos para presentar listas de unidad en los 135 municipios - Noticias Radio Reflejos<\/title>\n<meta name=\"robots\" content=\"index, follow, max-snippet:-1, max-image-preview:large, max-video-preview:-1\" \/>\n<link rel=\"canonical\" href=\"https:\/\/www.noticiasradioreflejos.com.ar\/2021\/el-pj-bonaerense-cierra-acuerdos-para-presentar-listas-de-unidad-en-los-135-municipios\/\" \/>\n<meta property=\"og:locale\" content=\"es_ES\" \/>\n<meta property=\"og:type\" content=\"article\" \/>\n<meta property=\"og:title\" content=\"El PJ bonaerense cierra acuerdos para presentar listas de unidad en los 135 municipios - Noticias Radio Reflejos\" \/>\n<meta property=\"og:description\" content=\"El diputado nacional M\u00e1ximo Kirchner se re\u00fane contrarreloj con las distintas corrientes, ya que este jueves vence el plazo para la presentaci\u00f3n de las n\u00f3minas de precandidatos. Los comicios se realizar\u00e1n el pr\u00f3ximo 27 de marzo.\" \/>\n<meta property=\"og:url\" content=\"https:\/\/www.noticiasradioreflejos.com.ar\/2021\/el-pj-bonaerense-cierra-acuerdos-para-presentar-listas-de-unidad-en-los-135-municipios\/\" \/>\n<meta property=\"og:site_name\" content=\"Noticias Radio Reflejos\" \/>\n<meta property=\"article:published_time\" content=\"2022-02-15T21:12:57+00:00\" \/>\n<meta property=\"og:image\" content=\"https:\/\/www.telam.com.ar\/thumbs\/bluesteel\/advf\/imagenes\/2022\/02\/620bb425bd1d6_900.jpg\" \/>\n<meta name=\"author\" content=\"Arnaldo Botto\" \/>\n<meta name=\"twitter:card\" content=\"summary_large_image\" \/>\n<script type=\"application\/ld+json\" class=\"yoast-schema-graph\">{\"@context\":\"https:\/\/schema.org\",\"@graph\":[{\"@type\":\"WebPage\",\"@id\":\"https:\/\/www.noticiasradioreflejos.com.ar\/2021\/el-pj-bonaerense-cierra-acuerdos-para-presentar-listas-de-unidad-en-los-135-municipios\/\",\"url\":\"https:\/\/www.noticiasradioreflejos.com.ar\/2021\/el-pj-bonaerense-cierra-acuerdos-para-presentar-listas-de-unidad-en-los-135-municipios\/\",\"name\":\"El PJ bonaerense cierra acuerdos para presentar listas de unidad en los 135 municipios - Noticias Radio Reflejos\",\"isPartOf\":{\"@id\":\"https:\/\/www.noticiasradioreflejos.com.ar\/2021\/#website\"},\"primaryImageOfPage\":{\"@id\":\"https:\/\/www.noticiasradioreflejos.com.ar\/2021\/el-pj-bonaerense-cierra-acuerdos-para-presentar-listas-de-unidad-en-los-135-municipios\/#primaryimage\"},\"image\":{\"@id\":\"https:\/\/www.noticiasradioreflejos.com.ar\/2021\/el-pj-bonaerense-cierra-acuerdos-para-presentar-listas-de-unidad-en-los-135-municipios\/#primaryimage\"},\"thumbnailUrl\":\"https:\/\/www.telam.com.ar\/thumbs\/bluesteel\/advf\/imagenes\/2022\/02\/620bb425bd1d6_900.jpg\",\"datePublished\":\"2022-02-15T21:12:57+00:00\",\"author\":{\"@id\":\"https:\/\/www.noticiasradioreflejos.com.ar\/2021\/#\/schema\/person\/ad82545263dcc5ec0996818884fd5fb1\"},\"breadcrumb\":{\"@id\":\"https:\/\/www.noticiasradioreflejos.com.ar\/2021\/el-pj-bonaerense-cierra-acuerdos-para-presentar-listas-de-unidad-en-los-135-municipios\/#breadcrumb\"},\"inLanguage\":\"es\",\"potentialAction\":[{\"@type\":\"ReadAction\",\"target\":[\"https:\/\/www.noticiasradioreflejos.com.ar\/2021\/el-pj-bonaerense-cierra-acuerdos-para-presentar-listas-de-unidad-en-los-135-municipios\/\"]}]},{\"@type\":\"ImageObject\",\"inLanguage\":\"es\",\"@id\":\"https:\/\/www.noticiasradioreflejos.com.ar\/2021\/el-pj-bonaerense-cierra-acuerdos-para-presentar-listas-de-unidad-en-los-135-municipios\/#primaryimage\",\"url\":\"https:\/\/www.telam.com.ar\/thumbs\/bluesteel\/advf\/imagenes\/2022\/02\/620bb425bd1d6_900.jpg\",\"contentUrl\":\"https:\/\/www.telam.com.ar\/thumbs\/bluesteel\/advf\/imagenes\/2022\/02\/620bb425bd1d6_900.jpg\"},{\"@type\":\"BreadcrumbList\",\"@id\":\"https:\/\/www.noticiasradioreflejos.com.ar\/2021\/el-pj-bonaerense-cierra-acuerdos-para-presentar-listas-de-unidad-en-los-135-municipios\/#breadcrumb\",\"itemListElement\":[{\"@type\":\"ListItem\",\"position\":1,\"name\":\"Portada\",\"item\":\"https:\/\/www.noticiasradioreflejos.com.ar\/2021\/\"},{\"@type\":\"ListItem\",\"position\":2,\"name\":\"El PJ bonaerense cierra acuerdos para presentar listas de unidad en los 135 municipios\"}]},{\"@type\":\"WebSite\",\"@id\":\"https:\/\/www.noticiasradioreflejos.com.ar\/2021\/#website\",\"url\":\"https:\/\/www.noticiasradioreflejos.com.ar\/2021\/\",\"name\":\"Noticias Radio Reflejos\",\"description\":\"Las noticias de mi comarca\",\"potentialAction\":[{\"@type\":\"SearchAction\",\"target\":{\"@type\":\"EntryPoint\",\"urlTemplate\":\"https:\/\/www.noticiasradioreflejos.com.ar\/2021\/?s={search_term_string}\"},\"query-input\":{\"@type\":\"PropertyValueSpecification\",\"valueRequired\":true,\"valueName\":\"search_term_string\"}}],\"inLanguage\":\"es\"},{\"@type\":\"Person\",\"@id\":\"https:\/\/www.noticiasradioreflejos.com.ar\/2021\/#\/schema\/person\/ad82545263dcc5ec0996818884fd5fb1\",\"name\":\"Arnaldo Botto\",\"image\":{\"@type\":\"ImageObject\",\"inLanguage\":\"es\",\"@id\":\"https:\/\/www.noticiasradioreflejos.com.ar\/2021\/#\/schema\/person\/image\/\",\"url\":\"https:\/\/secure.gravatar.com\/avatar\/55cb5e37c1efa326397366e6974cb338056df65cb50e7d64d1cf314e87504837?s=96&d=mm&r=g\",\"contentUrl\":\"https:\/\/secure.gravatar.com\/avatar\/55cb5e37c1efa326397366e6974cb338056df65cb50e7d64d1cf314e87504837?s=96&d=mm&r=g\",\"caption\":\"Arnaldo Botto\"},\"url\":\"https:\/\/www.noticiasradioreflejos.com.ar\/2021\/author\/arnaldo\/\"}]}<\/script>\n<!-- \/ Yoast SEO plugin. -->","yoast_head_json":{"title":"El PJ bonaerense cierra acuerdos para presentar listas de unidad en los 135 municipios - Noticias Radio Reflejos","robots":{"index":"index","follow":"follow","max-snippet":"max-snippet:-1","max-image-preview":"max-image-preview:large","max-video-preview":"max-video-preview:-1"},"canonical":"https:\/\/www.noticiasradioreflejos.com.ar\/2021\/el-pj-bonaerense-cierra-acuerdos-para-presentar-listas-de-unidad-en-los-135-municipios\/","og_locale":"es_ES","og_type":"article","og_title":"El PJ bonaerense cierra acuerdos para presentar listas de unidad en los 135 municipios - Noticias Radio Reflejos","og_description":"El diputado nacional M\u00e1ximo Kirchner se re\u00fane contrarreloj con las distintas corrientes, ya que este jueves vence el plazo para la presentaci\u00f3n de las n\u00f3minas de precandidatos. Los comicios se realizar\u00e1n el pr\u00f3ximo 27 de marzo.","og_url":"https:\/\/www.noticiasradioreflejos.com.ar\/2021\/el-pj-bonaerense-cierra-acuerdos-para-presentar-listas-de-unidad-en-los-135-municipios\/","og_site_name":"Noticias Radio Reflejos","article_published_time":"2022-02-15T21:12:57+00:00","og_image":[{"url":"https:\/\/www.telam.com.ar\/thumbs\/bluesteel\/advf\/imagenes\/2022\/02\/620bb425bd1d6_900.jpg","type":"","width":"","height":""}],"author":"Arnaldo Botto","twitter_card":"summary_large_image","schema":{"@context":"https:\/\/schema.org","@graph":[{"@type":"WebPage","@id":"https:\/\/www.noticiasradioreflejos.com.ar\/2021\/el-pj-bonaerense-cierra-acuerdos-para-presentar-listas-de-unidad-en-los-135-municipios\/","url":"https:\/\/www.noticiasradioreflejos.com.ar\/2021\/el-pj-bonaerense-cierra-acuerdos-para-presentar-listas-de-unidad-en-los-135-municipios\/","name":"El PJ bonaerense cierra acuerdos para presentar listas de unidad en los 135 municipios - Noticias Radio Reflejos","isPartOf":{"@id":"https:\/\/www.noticiasradioreflejos.com.ar\/2021\/#website"},"primaryImageOfPage":{"@id":"https:\/\/www.noticiasradioreflejos.com.ar\/2021\/el-pj-bonaerense-cierra-acuerdos-para-presentar-listas-de-unidad-en-los-135-municipios\/#primaryimage"},"image":{"@id":"https:\/\/www.noticiasradioreflejos.com.ar\/2021\/el-pj-bonaerense-cierra-acuerdos-para-presentar-listas-de-unidad-en-los-135-municipios\/#primaryimage"},"thumbnailUrl":"https:\/\/www.telam.com.ar\/thumbs\/bluesteel\/advf\/imagenes\/2022\/02\/620bb425bd1d6_900.jpg","datePublished":"2022-02-15T21:12:57+00:00","author":{"@id":"https:\/\/www.noticiasradioreflejos.com.ar\/2021\/#\/schema\/person\/ad82545263dcc5ec0996818884fd5fb1"},"breadcrumb":{"@id":"https:\/\/www.noticiasradioreflejos.com.ar\/2021\/el-pj-bonaerense-cierra-acuerdos-para-presentar-listas-de-unidad-en-los-135-municipios\/#breadcrumb"},"inLanguage":"es","potentialAction":[{"@type":"ReadAction","target":["https:\/\/www.noticiasradioreflejos.com.ar\/2021\/el-pj-bonaerense-cierra-acuerdos-para-presentar-listas-de-unidad-en-los-135-municipios\/"]}]},{"@type":"ImageObject","inLanguage":"es","@id":"https:\/\/www.noticiasradioreflejos.com.ar\/2021\/el-pj-bonaerense-cierra-acuerdos-para-presentar-listas-de-unidad-en-los-135-municipios\/#primaryimage","url":"https:\/\/www.telam.com.ar\/thumbs\/bluesteel\/advf\/imagenes\/2022\/02\/620bb425bd1d6_900.jpg","contentUrl":"https:\/\/www.telam.com.ar\/thumbs\/bluesteel\/advf\/imagenes\/2022\/02\/620bb425bd1d6_900.jpg"},{"@type":"BreadcrumbList","@id":"https:\/\/www.noticiasradioreflejos.com.ar\/2021\/el-pj-bonaerense-cierra-acuerdos-para-presentar-listas-de-unidad-en-los-135-municipios\/#breadcrumb","itemListElement":[{"@type":"ListItem","position":1,"name":"Portada","item":"https:\/\/www.noticiasradioreflejos.com.ar\/2021\/"},{"@type":"ListItem","position":2,"name":"El PJ bonaerense cierra acuerdos para presentar listas de unidad en los 135 municipios"}]},{"@type":"WebSite","@id":"https:\/\/www.noticiasradioreflejos.com.ar\/2021\/#website","url":"https:\/\/www.noticiasradioreflejos.com.ar\/2021\/","name":"Noticias Radio Reflejos","description":"Las noticias de mi comarca","potentialAction":[{"@type":"SearchAction","target":{"@type":"EntryPoint","urlTemplate":"https:\/\/www.noticiasradioreflejos.com.ar\/2021\/?s={search_term_string}"},"query-input":{"@type":"PropertyValueSpecification","valueRequired":true,"valueName":"search_term_string"}}],"inLanguage":"es"},{"@type":"Person","@id":"https:\/\/www.noticiasradioreflejos.com.ar\/2021\/#\/schema\/person\/ad82545263dcc5ec0996818884fd5fb1","name":"Arnaldo Botto","image":{"@type":"ImageObject","inLanguage":"es","@id":"https:\/\/www.noticiasradioreflejos.com.ar\/2021\/#\/schema\/person\/image\/","url":"https:\/\/secure.gravatar.com\/avatar\/55cb5e37c1efa326397366e6974cb338056df65cb50e7d64d1cf314e87504837?s=96&d=mm&r=g","contentUrl":"https:\/\/secure.gravatar.com\/avatar\/55cb5e37c1efa326397366e6974cb338056df65cb50e7d64d1cf314e87504837?s=96&d=mm&r=g","caption":"Arnaldo Botto"},"url":"https:\/\/www.noticiasradioreflejos.com.ar\/2021\/author\/arnaldo\/"}]}},"_links":{"self":[{"href":"https:\/\/www.noticiasradioreflejos.com.ar\/2021\/wp-json\/wp\/v2\/posts\/68303","targetHints":{"allow":["GET"]}}],"collection":[{"href":"https:\/\/www.noticiasradioreflejos.com.ar\/2021\/wp-json\/wp\/v2\/posts"}],"about":[{"href":"https:\/\/www.noticiasradioreflejos.com.ar\/2021\/wp-json\/wp\/v2\/types\/post"}],"author":[{"embeddable":true,"href":"https:\/\/www.noticiasradioreflejos.com.ar\/2021\/wp-json\/wp\/v2\/users\/3"}],"replies":[{"embeddable":true,"href":"https:\/\/www.noticiasradioreflejos.com.ar\/2021\/wp-json\/wp\/v2\/comments?post=68303"}],"version-history":[{"count":1,"href":"https:\/\/www.noticiasradioreflejos.com.ar\/2021\/wp-json\/wp\/v2\/posts\/68303\/revisions"}],"predecessor-version":[{"id":68305,"href":"https:\/\/www.noticiasradioreflejos.com.ar\/2021\/wp-json\/wp\/v2\/posts\/68303\/revisions\/68305"}],"wp:attachment":[{"href":"https:\/\/www.noticiasradioreflejos.com.ar\/2021\/wp-json\/wp\/v2\/media?parent=68303"}],"wp:term":[{"taxonomy":"category","embeddable":true,"href":"https:\/\/www.noticiasradioreflejos.com.ar\/2021\/wp-json\/wp\/v2\/categories?post=68303"},{"taxonomy":"post_tag","embeddable":true,"href":"https:\/\/www.noticiasradioreflejos.com.ar\/2021\/wp-json\/wp\/v2\/tags?post=68303"}],"curies":[{"name":"wp","href":"https:\/\/api.w.org\/{rel}","templated":true}]}}