{"id":68299,"date":"2022-02-15T21:08:02","date_gmt":"2022-02-15T21:08:02","guid":{"rendered":"http:\/\/www.noticiasradioreflejos.com.ar\/2021\/?p=68299"},"modified":"2022-02-16T19:43:33","modified_gmt":"2022-02-16T19:43:33","slug":"cnel-pringles-atacado-por-un-pitbull-en-la-via-publica","status":"publish","type":"post","link":"https:\/\/www.noticiasradioreflejos.com.ar\/2021\/cnel-pringles-atacado-por-un-pitbull-en-la-via-publica\/","title":{"rendered":"Cnel. Pringles: atacado por un pitbull en la v\u00eda p\u00fablica."},"content":{"rendered":"<p>\u00abNo quiero que a otras personas, le pase lo mismo que a mi\u00bb<strong> Cristian Gandolfi<\/strong>, es un pringlense que result\u00f3 atacado por un perro en la v\u00eda p\u00fablica hace 12 d\u00edas . El hecho ocurri\u00f3 en la ciudad vecina.<!--more--><\/p>\n<p><iframe loading=\"lazy\" title=\"YouTube video player\" src=\"https:\/\/www.youtube.com\/embed\/MZ6Vdi5Wgr8\" width=\"640\" height=\"480\" frameborder=\"0\" allowfullscreen=\"allowfullscreen\"><\/iframe><br \/>\n\u201cPens\u00e9 que me com\u00eda la mano, es por ello que no quiero que a otras personas, les pase lo mismo\u201d, expres\u00f3 Cristian Gandolfi, un pringlense que hace 12 d\u00edas, mientras paseaba con su perro, fue atacado por un perro raza Sharpei que le produjo serias heridas en una de sus manos, donde tuvieron que aplicarle 16 puntos de sutura.<\/p>\n<p>Seg\u00fan indic\u00f3, el propietario del perro no lo ayud\u00f3 y una pareja que circulaba en auto, lo traslad\u00f3 hasta el nosocomio local. Hoy contin\u00faa sin poder trabajar y recuper\u00e1ndose de las heridas, adem\u00e1s de haber tenido que costear todos los gastos m\u00e9dicos.<\/p>\n<p>En di\u00e1logo con \u201cEl Diario de Pringles\u201d expres\u00f3 \u201ccuando intento separar a los perros, el otro me agarra la mano y no me suelta. El chico quer\u00eda abrirle la boca, pero me tiraba y lastimaba m\u00e1s\u201d. \u201cUna vez que los separamos, me voy caminando chorreando sangre, y pasa una pareja en auto a la que le agradezco mucho que me llev\u00f3 al hospital. Cuando llegu\u00e9 me desmay\u00e9, me dieron varias inyecciones y 16 puntos\u201d, agreg\u00f3.<\/p>\n<p><a title=\"perro2\" href=\"https:\/\/www.flickr.com\/photos\/182279889@N02\/51885851013\/in\/dateposted-public\/\" data-flickr-embed=\"true\"><img loading=\"lazy\" decoding=\"async\" src=\"https:\/\/live.staticflickr.com\/65535\/51885851013_dc67dbd78a_c.jpg\" alt=\"perro2\" width=\"665\" height=\"800\" \/><\/a><script async src=\"\/\/embedr.flickr.com\/assets\/client-code.js\" charset=\"utf-8\"><\/script><\/p>\n<h4>Cristian Gandolfi<\/h4>\n<p>El incidente se produjo en calle Alvear al 700 de Coronel Pringles. \u201cDesde hace 12 d\u00edas estoy yendo a la enfermer\u00eda a curarme la mano y viendo cu\u00e1ndo me pueden sacar los puntos, ya que hasta el momento no han podido y est\u00e1 muy hinchada la mano. Despu\u00e9s no s\u00e9 si voy a tener que hacer rehabilitaci\u00f3n, ya que no puedo ni mover la mano. En casa no puedo hacer nada: limpiar ni cocinar ni trabajar\u201d, afirm\u00f3 Gandolfi.<\/p>\n<p>El damnificado se quej\u00f3 por la falta de atenci\u00f3n del due\u00f1o del animal que lo mordi\u00f3.<\/p>\n<p>\u201cMe estoy haciendo cargo de todos los medicamentos porque el due\u00f1o del perro jam\u00e1s se contact\u00f3 conmigo para preguntarme c\u00f3mo estaba ni fue a verme al hospital. Pens\u00e9 que el perro me com\u00eda la mano. No quer\u00eda hacer la nota porque me da mucha verg\u00fcenza, pero en realidad no quiero que a otras personas, les pase lo mismo que a m\u00ed\u201d, indic\u00f3 Gandolfi.<\/p>\n<h3>Tambi\u00e9n habl\u00f3 el propietario del perro que atac\u00f3<\/h3>\n<p><a title=\"perro3\" href=\"https:\/\/www.flickr.com\/photos\/182279889@N02\/51885849628\/in\/dateposted-public\/\" data-flickr-embed=\"true\"><img loading=\"lazy\" decoding=\"async\" src=\"https:\/\/live.staticflickr.com\/65535\/51885849628_35e6b22830_c.jpg\" alt=\"perro3\" width=\"800\" height=\"497\" \/><\/a><script async src=\"\/\/embedr.flickr.com\/assets\/client-code.js\" charset=\"utf-8\"><\/script><\/p>\n<p>Alexis Arizmendi, due\u00f1o del perro que mordi\u00f3 a Cristian Gandolfi, tuvo su derecho a r\u00e9plica.<\/p>\n<p>Dijo que, mientras encerraba a sus mascotas, Cristian se fue del lugar y, al no conocerlo, no sab\u00eda c\u00f3mo ubicarlo.<\/p>\n<p>\u201cA este muchacho no lo conoc\u00eda hasta que ayer que vi la nota en El Diario. Nunca saco al perro; sal\u00ed porque le estaba regalando un cachorro a una persona y los perros de esta persona se cruzan y se empiezan a pelear con el m\u00edo. Intentamos separarlos, \u00e9l puso la mano y mi perro lo mordi\u00f3. Intent\u00e9 abrirle la boca para que lo soltara hasta que logramos separarlos. Cuando sal\u00ed ya no estaba este muchacho, aunque s\u00ed su perro y como no sab\u00eda qui\u00e9n era ya que nunca lo hab\u00eda visto, no pude comunicarme para ver c\u00f3mo estaba\u201d, manifest\u00f3.<\/p>\n<p>\u201cAhora no lo dejar\u00e9 salir para nada y a este muchacho le digo que venga a hablar conmigo, que si no me comuniqu\u00e9 antes con \u00e9l, era porque no sab\u00eda qui\u00e9n era\u201d, expres\u00f3 Arizmendi.<\/p>\n<p>Fuente: El Diario de Pringles<\/p>\n","protected":false},"excerpt":{"rendered":"<p>\u00abNo quiero que a otras personas, le pase lo mismo que a mi\u00bb Cristian Gandolfi, es un pringlense que result\u00f3 atacado por un perro en la v\u00eda p\u00fablica hace 12 d\u00edas . El hecho ocurri\u00f3 en la ciudad vecina.<\/p>\n","protected":false},"author":3,"featured_media":0,"comment_status":"closed","ping_status":"closed","sticky":false,"template":"","format":"standard","meta":{"footnotes":""},"categories":[26],"tags":[48],"class_list":["post-68299","post","type-post","status-publish","format-standard","hentry","category-sociedad","tag-destacada"],"yoast_head":"<!-- This site is optimized with the Yoast SEO plugin v25.9 - https:\/\/yoast.com\/wordpress\/plugins\/seo\/ -->\n<title>Cnel. Pringles: atacado por un pitbull en la v\u00eda p\u00fablica. - Noticias Radio Reflejos<\/title>\n<meta name=\"robots\" content=\"index, follow, max-snippet:-1, max-image-preview:large, max-video-preview:-1\" \/>\n<link rel=\"canonical\" href=\"https:\/\/www.noticiasradioreflejos.com.ar\/2021\/cnel-pringles-atacado-por-un-pitbull-en-la-via-publica\/\" \/>\n<meta property=\"og:locale\" content=\"es_ES\" \/>\n<meta property=\"og:type\" content=\"article\" \/>\n<meta property=\"og:title\" content=\"Cnel. Pringles: atacado por un pitbull en la v\u00eda p\u00fablica. - Noticias Radio Reflejos\" \/>\n<meta property=\"og:description\" content=\"\u00abNo quiero que a otras personas, le pase lo mismo que a mi\u00bb Cristian Gandolfi, es un pringlense que result\u00f3 atacado por un perro en la v\u00eda p\u00fablica hace 12 d\u00edas . El hecho ocurri\u00f3 en la ciudad vecina.\" \/>\n<meta property=\"og:url\" content=\"https:\/\/www.noticiasradioreflejos.com.ar\/2021\/cnel-pringles-atacado-por-un-pitbull-en-la-via-publica\/\" \/>\n<meta property=\"og:site_name\" content=\"Noticias Radio Reflejos\" \/>\n<meta property=\"article:published_time\" content=\"2022-02-15T21:08:02+00:00\" \/>\n<meta property=\"article:modified_time\" content=\"2022-02-16T19:43:33+00:00\" \/>\n<meta property=\"og:image\" content=\"https:\/\/live.staticflickr.com\/65535\/51885851013_dc67dbd78a_c.jpg\" \/>\n<meta name=\"author\" content=\"Arnaldo Botto\" \/>\n<meta name=\"twitter:card\" content=\"summary_large_image\" \/>\n<script type=\"application\/ld+json\" class=\"yoast-schema-graph\">{\"@context\":\"https:\/\/schema.org\",\"@graph\":[{\"@type\":\"WebPage\",\"@id\":\"https:\/\/www.noticiasradioreflejos.com.ar\/2021\/cnel-pringles-atacado-por-un-pitbull-en-la-via-publica\/\",\"url\":\"https:\/\/www.noticiasradioreflejos.com.ar\/2021\/cnel-pringles-atacado-por-un-pitbull-en-la-via-publica\/\",\"name\":\"Cnel. Pringles: atacado por un pitbull en la v\u00eda p\u00fablica. - Noticias Radio Reflejos\",\"isPartOf\":{\"@id\":\"https:\/\/www.noticiasradioreflejos.com.ar\/2021\/#website\"},\"primaryImageOfPage\":{\"@id\":\"https:\/\/www.noticiasradioreflejos.com.ar\/2021\/cnel-pringles-atacado-por-un-pitbull-en-la-via-publica\/#primaryimage\"},\"image\":{\"@id\":\"https:\/\/www.noticiasradioreflejos.com.ar\/2021\/cnel-pringles-atacado-por-un-pitbull-en-la-via-publica\/#primaryimage\"},\"thumbnailUrl\":\"https:\/\/live.staticflickr.com\/65535\/51885851013_dc67dbd78a_c.jpg\",\"datePublished\":\"2022-02-15T21:08:02+00:00\",\"dateModified\":\"2022-02-16T19:43:33+00:00\",\"author\":{\"@id\":\"https:\/\/www.noticiasradioreflejos.com.ar\/2021\/#\/schema\/person\/ad82545263dcc5ec0996818884fd5fb1\"},\"breadcrumb\":{\"@id\":\"https:\/\/www.noticiasradioreflejos.com.ar\/2021\/cnel-pringles-atacado-por-un-pitbull-en-la-via-publica\/#breadcrumb\"},\"inLanguage\":\"es\",\"potentialAction\":[{\"@type\":\"ReadAction\",\"target\":[\"https:\/\/www.noticiasradioreflejos.com.ar\/2021\/cnel-pringles-atacado-por-un-pitbull-en-la-via-publica\/\"]}]},{\"@type\":\"ImageObject\",\"inLanguage\":\"es\",\"@id\":\"https:\/\/www.noticiasradioreflejos.com.ar\/2021\/cnel-pringles-atacado-por-un-pitbull-en-la-via-publica\/#primaryimage\",\"url\":\"https:\/\/live.staticflickr.com\/65535\/51885851013_dc67dbd78a_c.jpg\",\"contentUrl\":\"https:\/\/live.staticflickr.com\/65535\/51885851013_dc67dbd78a_c.jpg\"},{\"@type\":\"BreadcrumbList\",\"@id\":\"https:\/\/www.noticiasradioreflejos.com.ar\/2021\/cnel-pringles-atacado-por-un-pitbull-en-la-via-publica\/#breadcrumb\",\"itemListElement\":[{\"@type\":\"ListItem\",\"position\":1,\"name\":\"Portada\",\"item\":\"https:\/\/www.noticiasradioreflejos.com.ar\/2021\/\"},{\"@type\":\"ListItem\",\"position\":2,\"name\":\"Cnel. Pringles: atacado por un pitbull en la v\u00eda p\u00fablica.\"}]},{\"@type\":\"WebSite\",\"@id\":\"https:\/\/www.noticiasradioreflejos.com.ar\/2021\/#website\",\"url\":\"https:\/\/www.noticiasradioreflejos.com.ar\/2021\/\",\"name\":\"Noticias Radio Reflejos\",\"description\":\"Las noticias de mi comarca\",\"potentialAction\":[{\"@type\":\"SearchAction\",\"target\":{\"@type\":\"EntryPoint\",\"urlTemplate\":\"https:\/\/www.noticiasradioreflejos.com.ar\/2021\/?s={search_term_string}\"},\"query-input\":{\"@type\":\"PropertyValueSpecification\",\"valueRequired\":true,\"valueName\":\"search_term_string\"}}],\"inLanguage\":\"es\"},{\"@type\":\"Person\",\"@id\":\"https:\/\/www.noticiasradioreflejos.com.ar\/2021\/#\/schema\/person\/ad82545263dcc5ec0996818884fd5fb1\",\"name\":\"Arnaldo Botto\",\"image\":{\"@type\":\"ImageObject\",\"inLanguage\":\"es\",\"@id\":\"https:\/\/www.noticiasradioreflejos.com.ar\/2021\/#\/schema\/person\/image\/\",\"url\":\"https:\/\/secure.gravatar.com\/avatar\/55cb5e37c1efa326397366e6974cb338056df65cb50e7d64d1cf314e87504837?s=96&d=mm&r=g\",\"contentUrl\":\"https:\/\/secure.gravatar.com\/avatar\/55cb5e37c1efa326397366e6974cb338056df65cb50e7d64d1cf314e87504837?s=96&d=mm&r=g\",\"caption\":\"Arnaldo Botto\"},\"url\":\"https:\/\/www.noticiasradioreflejos.com.ar\/2021\/author\/arnaldo\/\"}]}<\/script>\n<!-- \/ Yoast SEO plugin. -->","yoast_head_json":{"title":"Cnel. Pringles: atacado por un pitbull en la v\u00eda p\u00fablica. - Noticias Radio Reflejos","robots":{"index":"index","follow":"follow","max-snippet":"max-snippet:-1","max-image-preview":"max-image-preview:large","max-video-preview":"max-video-preview:-1"},"canonical":"https:\/\/www.noticiasradioreflejos.com.ar\/2021\/cnel-pringles-atacado-por-un-pitbull-en-la-via-publica\/","og_locale":"es_ES","og_type":"article","og_title":"Cnel. Pringles: atacado por un pitbull en la v\u00eda p\u00fablica. - Noticias Radio Reflejos","og_description":"\u00abNo quiero que a otras personas, le pase lo mismo que a mi\u00bb Cristian Gandolfi, es un pringlense que result\u00f3 atacado por un perro en la v\u00eda p\u00fablica hace 12 d\u00edas . El hecho ocurri\u00f3 en la ciudad vecina.","og_url":"https:\/\/www.noticiasradioreflejos.com.ar\/2021\/cnel-pringles-atacado-por-un-pitbull-en-la-via-publica\/","og_site_name":"Noticias Radio Reflejos","article_published_time":"2022-02-15T21:08:02+00:00","article_modified_time":"2022-02-16T19:43:33+00:00","og_image":[{"url":"https:\/\/live.staticflickr.com\/65535\/51885851013_dc67dbd78a_c.jpg","type":"","width":"","height":""}],"author":"Arnaldo Botto","twitter_card":"summary_large_image","schema":{"@context":"https:\/\/schema.org","@graph":[{"@type":"WebPage","@id":"https:\/\/www.noticiasradioreflejos.com.ar\/2021\/cnel-pringles-atacado-por-un-pitbull-en-la-via-publica\/","url":"https:\/\/www.noticiasradioreflejos.com.ar\/2021\/cnel-pringles-atacado-por-un-pitbull-en-la-via-publica\/","name":"Cnel. Pringles: atacado por un pitbull en la v\u00eda p\u00fablica. - Noticias Radio Reflejos","isPartOf":{"@id":"https:\/\/www.noticiasradioreflejos.com.ar\/2021\/#website"},"primaryImageOfPage":{"@id":"https:\/\/www.noticiasradioreflejos.com.ar\/2021\/cnel-pringles-atacado-por-un-pitbull-en-la-via-publica\/#primaryimage"},"image":{"@id":"https:\/\/www.noticiasradioreflejos.com.ar\/2021\/cnel-pringles-atacado-por-un-pitbull-en-la-via-publica\/#primaryimage"},"thumbnailUrl":"https:\/\/live.staticflickr.com\/65535\/51885851013_dc67dbd78a_c.jpg","datePublished":"2022-02-15T21:08:02+00:00","dateModified":"2022-02-16T19:43:33+00:00","author":{"@id":"https:\/\/www.noticiasradioreflejos.com.ar\/2021\/#\/schema\/person\/ad82545263dcc5ec0996818884fd5fb1"},"breadcrumb":{"@id":"https:\/\/www.noticiasradioreflejos.com.ar\/2021\/cnel-pringles-atacado-por-un-pitbull-en-la-via-publica\/#breadcrumb"},"inLanguage":"es","potentialAction":[{"@type":"ReadAction","target":["https:\/\/www.noticiasradioreflejos.com.ar\/2021\/cnel-pringles-atacado-por-un-pitbull-en-la-via-publica\/"]}]},{"@type":"ImageObject","inLanguage":"es","@id":"https:\/\/www.noticiasradioreflejos.com.ar\/2021\/cnel-pringles-atacado-por-un-pitbull-en-la-via-publica\/#primaryimage","url":"https:\/\/live.staticflickr.com\/65535\/51885851013_dc67dbd78a_c.jpg","contentUrl":"https:\/\/live.staticflickr.com\/65535\/51885851013_dc67dbd78a_c.jpg"},{"@type":"BreadcrumbList","@id":"https:\/\/www.noticiasradioreflejos.com.ar\/2021\/cnel-pringles-atacado-por-un-pitbull-en-la-via-publica\/#breadcrumb","itemListElement":[{"@type":"ListItem","position":1,"name":"Portada","item":"https:\/\/www.noticiasradioreflejos.com.ar\/2021\/"},{"@type":"ListItem","position":2,"name":"Cnel. Pringles: atacado por un pitbull en la v\u00eda p\u00fablica."}]},{"@type":"WebSite","@id":"https:\/\/www.noticiasradioreflejos.com.ar\/2021\/#website","url":"https:\/\/www.noticiasradioreflejos.com.ar\/2021\/","name":"Noticias Radio Reflejos","description":"Las noticias de mi comarca","potentialAction":[{"@type":"SearchAction","target":{"@type":"EntryPoint","urlTemplate":"https:\/\/www.noticiasradioreflejos.com.ar\/2021\/?s={search_term_string}"},"query-input":{"@type":"PropertyValueSpecification","valueRequired":true,"valueName":"search_term_string"}}],"inLanguage":"es"},{"@type":"Person","@id":"https:\/\/www.noticiasradioreflejos.com.ar\/2021\/#\/schema\/person\/ad82545263dcc5ec0996818884fd5fb1","name":"Arnaldo Botto","image":{"@type":"ImageObject","inLanguage":"es","@id":"https:\/\/www.noticiasradioreflejos.com.ar\/2021\/#\/schema\/person\/image\/","url":"https:\/\/secure.gravatar.com\/avatar\/55cb5e37c1efa326397366e6974cb338056df65cb50e7d64d1cf314e87504837?s=96&d=mm&r=g","contentUrl":"https:\/\/secure.gravatar.com\/avatar\/55cb5e37c1efa326397366e6974cb338056df65cb50e7d64d1cf314e87504837?s=96&d=mm&r=g","caption":"Arnaldo Botto"},"url":"https:\/\/www.noticiasradioreflejos.com.ar\/2021\/author\/arnaldo\/"}]}},"_links":{"self":[{"href":"https:\/\/www.noticiasradioreflejos.com.ar\/2021\/wp-json\/wp\/v2\/posts\/68299","targetHints":{"allow":["GET"]}}],"collection":[{"href":"https:\/\/www.noticiasradioreflejos.com.ar\/2021\/wp-json\/wp\/v2\/posts"}],"about":[{"href":"https:\/\/www.noticiasradioreflejos.com.ar\/2021\/wp-json\/wp\/v2\/types\/post"}],"author":[{"embeddable":true,"href":"https:\/\/www.noticiasradioreflejos.com.ar\/2021\/wp-json\/wp\/v2\/users\/3"}],"replies":[{"embeddable":true,"href":"https:\/\/www.noticiasradioreflejos.com.ar\/2021\/wp-json\/wp\/v2\/comments?post=68299"}],"version-history":[{"count":4,"href":"https:\/\/www.noticiasradioreflejos.com.ar\/2021\/wp-json\/wp\/v2\/posts\/68299\/revisions"}],"predecessor-version":[{"id":68333,"href":"https:\/\/www.noticiasradioreflejos.com.ar\/2021\/wp-json\/wp\/v2\/posts\/68299\/revisions\/68333"}],"wp:attachment":[{"href":"https:\/\/www.noticiasradioreflejos.com.ar\/2021\/wp-json\/wp\/v2\/media?parent=68299"}],"wp:term":[{"taxonomy":"category","embeddable":true,"href":"https:\/\/www.noticiasradioreflejos.com.ar\/2021\/wp-json\/wp\/v2\/categories?post=68299"},{"taxonomy":"post_tag","embeddable":true,"href":"https:\/\/www.noticiasradioreflejos.com.ar\/2021\/wp-json\/wp\/v2\/tags?post=68299"}],"curies":[{"name":"wp","href":"https:\/\/api.w.org\/{rel}","templated":true}]}}