{"id":68293,"date":"2022-02-15T20:52:59","date_gmt":"2022-02-15T20:52:59","guid":{"rendered":"http:\/\/www.noticiasradioreflejos.com.ar\/2021\/?p=68293"},"modified":"2022-02-15T20:54:09","modified_gmt":"2022-02-15T20:54:09","slug":"no-se-puede-obligar-a-un-habitante-a-hacer-algo-que-no-esta-escrito-por-ley","status":"publish","type":"post","link":"https:\/\/www.noticiasradioreflejos.com.ar\/2021\/no-se-puede-obligar-a-un-habitante-a-hacer-algo-que-no-esta-escrito-por-ley\/","title":{"rendered":"\u00abNo se puede obligar a un habitante a hacer algo que no est\u00e1 escrito por ley\u00bb"},"content":{"rendered":"<p>La Concejal de Juntos por el Cambio, define el proyecto de resoluci\u00f3n que busca declarar la no Obligatoriedad de la presentaci\u00f3n del Pase Sanitario en ninguna circunstancia y ante ning\u00fan ente en el territorio del Partido de Tornquist.<!--more--><\/p>\n<p>\u00abA nuestro entender, es un claro avasallamiento a los derechos individuales, a los derechos ciudadanos\u00bb expres\u00f3 Elisabet en relaci\u00f3n al pedido del Pase Sanitario.<\/p>\n<p>La concejal comenta que ella es pro vacuna y que est\u00e1 convencida que la vacuna, en su caso, es una herramienta para disminuir los riesgos de contraer Covid-19. \u00abNo tiene nada que ver una cosa con la otra. El Pase Sanitario es un claro condicionamiento, hay una restricci\u00f3n que no corresponde y por eso elaboramos esta resoluci\u00f3n\u00bb.<\/p>\n<p>Le consultamos a Elisabet si estas resoluciones locales pueden dejar de lado las disposiciones Provinciales, a lo que explic\u00f3: \u00abUna resoluci\u00f3n es una postura de, en este caso, dos bloques del Concejo Deliberante, que todav\u00eda no est\u00e1 aprobada porque no pas\u00f3 por sesi\u00f3n, pero es una postura. No quiere decir que se deba cumplir, porque no es una ordenanza\u00bb. Dej\u00f3 en claro que, estas medidas que se est\u00e1n tomando, se contraponen a lo que dicta la Constituci\u00f3n tanto en lo Nacional como en lo Provincial. \u00abNo se puede obligar a un habitante a hacer algo que no est\u00e1 escrito por ley\u00bb record\u00f3. <\/p>\n<p>Nota completa a continuaci\u00f3n:<br \/>\n<iframe loading=\"lazy\" width=\"100%\" height=\"166\" scrolling=\"no\" frameborder=\"no\" allow=\"autoplay\" src=\"https:\/\/w.soundcloud.com\/player\/?url=https%3A\/\/api.soundcloud.com\/tracks\/1216295812&#038;color=%23ff5500&#038;auto_play=false&#038;hide_related=false&#038;show_comments=true&#038;show_user=true&#038;show_reposts=false&#038;show_teaser=true\"><\/iframe><\/p>\n<div style=\"font-size: 10px; color: #cccccc;line-break: anywhere;word-break: normal;overflow: hidden;white-space: nowrap;text-overflow: ellipsis; font-family: Interstate,Lucida Grande,Lucida Sans Unicode,Lucida Sans,Garuda,Verdana,Tahoma,sans-serif;font-weight: 100;\"><a href=\"https:\/\/soundcloud.com\/fmreflejos-103-7\" title=\"fmreflejos 103.7\" target=\"_blank\" style=\"color: #cccccc; text-decoration: none;\" rel=\"noopener\">fmreflejos 103.7<\/a> \u00b7 <a href=\"https:\/\/soundcloud.com\/fmreflejos-103-7\/elisabet-nori\" title=\"Elisabet Nori\" target=\"_blank\" style=\"color: #cccccc; text-decoration: none;\" rel=\"noopener\">Elisabet Nori<\/a><\/div>\n","protected":false},"excerpt":{"rendered":"<p>La Concejal de Juntos por el Cambio, define el proyecto de resoluci\u00f3n que busca declarar la no Obligatoriedad de la presentaci\u00f3n del Pase Sanitario en ninguna circunstancia y ante ning\u00fan ente en el territorio del Partido de Tornquist.<\/p>\n","protected":false},"author":3,"featured_media":0,"comment_status":"closed","ping_status":"closed","sticky":false,"template":"","format":"standard","meta":{"footnotes":""},"categories":[24],"tags":[48],"class_list":["post-68293","post","type-post","status-publish","format-standard","hentry","category-politica","tag-destacada"],"yoast_head":"<!-- This site is optimized with the Yoast SEO plugin v25.9 - https:\/\/yoast.com\/wordpress\/plugins\/seo\/ -->\n<title>&quot;No se puede obligar a un habitante a hacer algo que no est\u00e1 escrito por ley&quot; - Noticias Radio Reflejos<\/title>\n<meta name=\"robots\" content=\"index, follow, max-snippet:-1, max-image-preview:large, max-video-preview:-1\" \/>\n<link rel=\"canonical\" href=\"https:\/\/www.noticiasradioreflejos.com.ar\/2021\/no-se-puede-obligar-a-un-habitante-a-hacer-algo-que-no-esta-escrito-por-ley\/\" \/>\n<meta property=\"og:locale\" content=\"es_ES\" \/>\n<meta property=\"og:type\" content=\"article\" \/>\n<meta property=\"og:title\" content=\"&quot;No se puede obligar a un habitante a hacer algo que no est\u00e1 escrito por ley&quot; - Noticias Radio Reflejos\" \/>\n<meta property=\"og:description\" content=\"La Concejal de Juntos por el Cambio, define el proyecto de resoluci\u00f3n que busca declarar la no Obligatoriedad de la presentaci\u00f3n del Pase Sanitario en ninguna circunstancia y ante ning\u00fan ente en el territorio del Partido de Tornquist.\" \/>\n<meta property=\"og:url\" content=\"https:\/\/www.noticiasradioreflejos.com.ar\/2021\/no-se-puede-obligar-a-un-habitante-a-hacer-algo-que-no-esta-escrito-por-ley\/\" \/>\n<meta property=\"og:site_name\" content=\"Noticias Radio Reflejos\" \/>\n<meta property=\"article:published_time\" content=\"2022-02-15T20:52:59+00:00\" \/>\n<meta property=\"article:modified_time\" content=\"2022-02-15T20:54:09+00:00\" \/>\n<meta property=\"og:image\" content=\"https:\/\/www.noticiasradioreflejos.com.ar\/2021\/wp-content\/uploads\/2021\/07\/logosol300x200.png\" \/>\n\t<meta property=\"og:image:width\" content=\"300\" \/>\n\t<meta property=\"og:image:height\" content=\"200\" \/>\n\t<meta property=\"og:image:type\" content=\"image\/png\" \/>\n<meta name=\"author\" content=\"Arnaldo Botto\" \/>\n<meta name=\"twitter:card\" content=\"summary_large_image\" \/>\n<script type=\"application\/ld+json\" class=\"yoast-schema-graph\">{\"@context\":\"https:\/\/schema.org\",\"@graph\":[{\"@type\":\"WebPage\",\"@id\":\"https:\/\/www.noticiasradioreflejos.com.ar\/2021\/no-se-puede-obligar-a-un-habitante-a-hacer-algo-que-no-esta-escrito-por-ley\/\",\"url\":\"https:\/\/www.noticiasradioreflejos.com.ar\/2021\/no-se-puede-obligar-a-un-habitante-a-hacer-algo-que-no-esta-escrito-por-ley\/\",\"name\":\"\\\"No se puede obligar a un habitante a hacer algo que no est\u00e1 escrito por ley\\\" - Noticias Radio Reflejos\",\"isPartOf\":{\"@id\":\"https:\/\/www.noticiasradioreflejos.com.ar\/2021\/#website\"},\"datePublished\":\"2022-02-15T20:52:59+00:00\",\"dateModified\":\"2022-02-15T20:54:09+00:00\",\"author\":{\"@id\":\"https:\/\/www.noticiasradioreflejos.com.ar\/2021\/#\/schema\/person\/ad82545263dcc5ec0996818884fd5fb1\"},\"breadcrumb\":{\"@id\":\"https:\/\/www.noticiasradioreflejos.com.ar\/2021\/no-se-puede-obligar-a-un-habitante-a-hacer-algo-que-no-esta-escrito-por-ley\/#breadcrumb\"},\"inLanguage\":\"es\",\"potentialAction\":[{\"@type\":\"ReadAction\",\"target\":[\"https:\/\/www.noticiasradioreflejos.com.ar\/2021\/no-se-puede-obligar-a-un-habitante-a-hacer-algo-que-no-esta-escrito-por-ley\/\"]}]},{\"@type\":\"BreadcrumbList\",\"@id\":\"https:\/\/www.noticiasradioreflejos.com.ar\/2021\/no-se-puede-obligar-a-un-habitante-a-hacer-algo-que-no-esta-escrito-por-ley\/#breadcrumb\",\"itemListElement\":[{\"@type\":\"ListItem\",\"position\":1,\"name\":\"Portada\",\"item\":\"https:\/\/www.noticiasradioreflejos.com.ar\/2021\/\"},{\"@type\":\"ListItem\",\"position\":2,\"name\":\"\u00abNo se puede obligar a un habitante a hacer algo que no est\u00e1 escrito por ley\u00bb\"}]},{\"@type\":\"WebSite\",\"@id\":\"https:\/\/www.noticiasradioreflejos.com.ar\/2021\/#website\",\"url\":\"https:\/\/www.noticiasradioreflejos.com.ar\/2021\/\",\"name\":\"Noticias Radio Reflejos\",\"description\":\"Las noticias de mi comarca\",\"potentialAction\":[{\"@type\":\"SearchAction\",\"target\":{\"@type\":\"EntryPoint\",\"urlTemplate\":\"https:\/\/www.noticiasradioreflejos.com.ar\/2021\/?s={search_term_string}\"},\"query-input\":{\"@type\":\"PropertyValueSpecification\",\"valueRequired\":true,\"valueName\":\"search_term_string\"}}],\"inLanguage\":\"es\"},{\"@type\":\"Person\",\"@id\":\"https:\/\/www.noticiasradioreflejos.com.ar\/2021\/#\/schema\/person\/ad82545263dcc5ec0996818884fd5fb1\",\"name\":\"Arnaldo Botto\",\"image\":{\"@type\":\"ImageObject\",\"inLanguage\":\"es\",\"@id\":\"https:\/\/www.noticiasradioreflejos.com.ar\/2021\/#\/schema\/person\/image\/\",\"url\":\"https:\/\/secure.gravatar.com\/avatar\/55cb5e37c1efa326397366e6974cb338056df65cb50e7d64d1cf314e87504837?s=96&d=mm&r=g\",\"contentUrl\":\"https:\/\/secure.gravatar.com\/avatar\/55cb5e37c1efa326397366e6974cb338056df65cb50e7d64d1cf314e87504837?s=96&d=mm&r=g\",\"caption\":\"Arnaldo Botto\"},\"url\":\"https:\/\/www.noticiasradioreflejos.com.ar\/2021\/author\/arnaldo\/\"}]}<\/script>\n<!-- \/ Yoast SEO plugin. -->","yoast_head_json":{"title":"\"No se puede obligar a un habitante a hacer algo que no est\u00e1 escrito por ley\" - Noticias Radio Reflejos","robots":{"index":"index","follow":"follow","max-snippet":"max-snippet:-1","max-image-preview":"max-image-preview:large","max-video-preview":"max-video-preview:-1"},"canonical":"https:\/\/www.noticiasradioreflejos.com.ar\/2021\/no-se-puede-obligar-a-un-habitante-a-hacer-algo-que-no-esta-escrito-por-ley\/","og_locale":"es_ES","og_type":"article","og_title":"\"No se puede obligar a un habitante a hacer algo que no est\u00e1 escrito por ley\" - Noticias Radio Reflejos","og_description":"La Concejal de Juntos por el Cambio, define el proyecto de resoluci\u00f3n que busca declarar la no Obligatoriedad de la presentaci\u00f3n del Pase Sanitario en ninguna circunstancia y ante ning\u00fan ente en el territorio del Partido de Tornquist.","og_url":"https:\/\/www.noticiasradioreflejos.com.ar\/2021\/no-se-puede-obligar-a-un-habitante-a-hacer-algo-que-no-esta-escrito-por-ley\/","og_site_name":"Noticias Radio Reflejos","article_published_time":"2022-02-15T20:52:59+00:00","article_modified_time":"2022-02-15T20:54:09+00:00","og_image":[{"width":300,"height":200,"url":"https:\/\/www.noticiasradioreflejos.com.ar\/2021\/wp-content\/uploads\/2021\/07\/logosol300x200.png","type":"image\/png"}],"author":"Arnaldo Botto","twitter_card":"summary_large_image","schema":{"@context":"https:\/\/schema.org","@graph":[{"@type":"WebPage","@id":"https:\/\/www.noticiasradioreflejos.com.ar\/2021\/no-se-puede-obligar-a-un-habitante-a-hacer-algo-que-no-esta-escrito-por-ley\/","url":"https:\/\/www.noticiasradioreflejos.com.ar\/2021\/no-se-puede-obligar-a-un-habitante-a-hacer-algo-que-no-esta-escrito-por-ley\/","name":"\"No se puede obligar a un habitante a hacer algo que no est\u00e1 escrito por ley\" - Noticias Radio Reflejos","isPartOf":{"@id":"https:\/\/www.noticiasradioreflejos.com.ar\/2021\/#website"},"datePublished":"2022-02-15T20:52:59+00:00","dateModified":"2022-02-15T20:54:09+00:00","author":{"@id":"https:\/\/www.noticiasradioreflejos.com.ar\/2021\/#\/schema\/person\/ad82545263dcc5ec0996818884fd5fb1"},"breadcrumb":{"@id":"https:\/\/www.noticiasradioreflejos.com.ar\/2021\/no-se-puede-obligar-a-un-habitante-a-hacer-algo-que-no-esta-escrito-por-ley\/#breadcrumb"},"inLanguage":"es","potentialAction":[{"@type":"ReadAction","target":["https:\/\/www.noticiasradioreflejos.com.ar\/2021\/no-se-puede-obligar-a-un-habitante-a-hacer-algo-que-no-esta-escrito-por-ley\/"]}]},{"@type":"BreadcrumbList","@id":"https:\/\/www.noticiasradioreflejos.com.ar\/2021\/no-se-puede-obligar-a-un-habitante-a-hacer-algo-que-no-esta-escrito-por-ley\/#breadcrumb","itemListElement":[{"@type":"ListItem","position":1,"name":"Portada","item":"https:\/\/www.noticiasradioreflejos.com.ar\/2021\/"},{"@type":"ListItem","position":2,"name":"\u00abNo se puede obligar a un habitante a hacer algo que no est\u00e1 escrito por ley\u00bb"}]},{"@type":"WebSite","@id":"https:\/\/www.noticiasradioreflejos.com.ar\/2021\/#website","url":"https:\/\/www.noticiasradioreflejos.com.ar\/2021\/","name":"Noticias Radio Reflejos","description":"Las noticias de mi comarca","potentialAction":[{"@type":"SearchAction","target":{"@type":"EntryPoint","urlTemplate":"https:\/\/www.noticiasradioreflejos.com.ar\/2021\/?s={search_term_string}"},"query-input":{"@type":"PropertyValueSpecification","valueRequired":true,"valueName":"search_term_string"}}],"inLanguage":"es"},{"@type":"Person","@id":"https:\/\/www.noticiasradioreflejos.com.ar\/2021\/#\/schema\/person\/ad82545263dcc5ec0996818884fd5fb1","name":"Arnaldo Botto","image":{"@type":"ImageObject","inLanguage":"es","@id":"https:\/\/www.noticiasradioreflejos.com.ar\/2021\/#\/schema\/person\/image\/","url":"https:\/\/secure.gravatar.com\/avatar\/55cb5e37c1efa326397366e6974cb338056df65cb50e7d64d1cf314e87504837?s=96&d=mm&r=g","contentUrl":"https:\/\/secure.gravatar.com\/avatar\/55cb5e37c1efa326397366e6974cb338056df65cb50e7d64d1cf314e87504837?s=96&d=mm&r=g","caption":"Arnaldo Botto"},"url":"https:\/\/www.noticiasradioreflejos.com.ar\/2021\/author\/arnaldo\/"}]}},"_links":{"self":[{"href":"https:\/\/www.noticiasradioreflejos.com.ar\/2021\/wp-json\/wp\/v2\/posts\/68293","targetHints":{"allow":["GET"]}}],"collection":[{"href":"https:\/\/www.noticiasradioreflejos.com.ar\/2021\/wp-json\/wp\/v2\/posts"}],"about":[{"href":"https:\/\/www.noticiasradioreflejos.com.ar\/2021\/wp-json\/wp\/v2\/types\/post"}],"author":[{"embeddable":true,"href":"https:\/\/www.noticiasradioreflejos.com.ar\/2021\/wp-json\/wp\/v2\/users\/3"}],"replies":[{"embeddable":true,"href":"https:\/\/www.noticiasradioreflejos.com.ar\/2021\/wp-json\/wp\/v2\/comments?post=68293"}],"version-history":[{"count":2,"href":"https:\/\/www.noticiasradioreflejos.com.ar\/2021\/wp-json\/wp\/v2\/posts\/68293\/revisions"}],"predecessor-version":[{"id":68298,"href":"https:\/\/www.noticiasradioreflejos.com.ar\/2021\/wp-json\/wp\/v2\/posts\/68293\/revisions\/68298"}],"wp:attachment":[{"href":"https:\/\/www.noticiasradioreflejos.com.ar\/2021\/wp-json\/wp\/v2\/media?parent=68293"}],"wp:term":[{"taxonomy":"category","embeddable":true,"href":"https:\/\/www.noticiasradioreflejos.com.ar\/2021\/wp-json\/wp\/v2\/categories?post=68293"},{"taxonomy":"post_tag","embeddable":true,"href":"https:\/\/www.noticiasradioreflejos.com.ar\/2021\/wp-json\/wp\/v2\/tags?post=68293"}],"curies":[{"name":"wp","href":"https:\/\/api.w.org\/{rel}","templated":true}]}}