{"id":68291,"date":"2022-02-15T20:47:47","date_gmt":"2022-02-15T20:47:47","guid":{"rendered":"http:\/\/www.noticiasradioreflejos.com.ar\/2021\/?p=68291"},"modified":"2022-02-15T20:47:47","modified_gmt":"2022-02-15T20:47:47","slug":"no-se-puede-depender-de-si-el-turismo-baja-o-sube-para-tener-una-vivienda","status":"publish","type":"post","link":"https:\/\/www.noticiasradioreflejos.com.ar\/2021\/no-se-puede-depender-de-si-el-turismo-baja-o-sube-para-tener-una-vivienda\/","title":{"rendered":"\u00abNo se puede depender de si el turismo baja o sube para tener una vivienda\u00bb"},"content":{"rendered":"<p>La Congresal del Partido Justicialista, militante de Mor\u00f3n, visita la comarca observando y analizando las acciones que llevan adelante el Movimiento Octubre y la Agrupaci\u00f3n Ventania, integrantes del Frente de Todos.<!--more--><\/p>\n<p>\u00abQuer\u00eda ver como se estaba trabajando en las distintas \u00e1reas, y veo que los compa\u00f1eros se han organizado b\u00e1rbaro, con un equipo t\u00e9cnico importante. Veo que no descuidan a la cultura, que no descuidan a los jubilados, veo una agrupaci\u00f3n que est\u00e1 trabajando poniendo su inter\u00e9s en el vecino\u00bb resumi\u00f3 Hebe al comenzar la nota c\u00f3mo es que vio a la Agrupaci\u00f3n Ventania.<\/p>\n<p>\u00abCreo que no estamos en momento para una interna, creo que tenemos que preocuparnos por otras cosas\u00bb opin\u00f3 en relaci\u00f3n a las diferentes posturas que han nacido a ra\u00edz de la renuncia de M\u00e1ximo Kirchner como presidente del Partido Justicialista Bonaerense.<\/p>\n<p>Hebe coment\u00f3 que una de las l\u00edneas de trabajo de la Agrupaci\u00f3n Ventania que destaca es el proyecto de formar a las mujeres rurales. \u00abVeo que ac\u00e1 tienen espacio m\u00e1s que suficiente para trabajar. <\/p>\n<p>Tambi\u00e9n mencion\u00f3 a la diferencia en la calidad de vida que hay entre los turistas y los locales. \u00abConvers\u00e9 con un compa\u00f1ero, que es Carlos Dana, que tiene un proyecto donde hay un sector que se puede utilizar para viviendas sociales\u00bb resalt\u00f3 el problema habitacional. \u00abSon cosas que nos llaman la atenci\u00f3n, no se puede depender de si el turismo baja o sube para tener una vivienda\u00bb expres\u00f3. Tambi\u00e9n que agreg\u00f3 que otra de las cuestiones que capt\u00f3 su atenci\u00f3n es que los residentes deben viajar a Bah\u00eda Blanca para recibir asistencia m\u00e9dica espec\u00edfica.<\/p>\n<p>Nota completa a continuaci\u00f3n:<br \/>\n<iframe loading=\"lazy\" width=\"100%\" height=\"166\" scrolling=\"no\" frameborder=\"no\" allow=\"autoplay\" src=\"https:\/\/w.soundcloud.com\/player\/?url=https%3A\/\/api.soundcloud.com\/tracks\/1216287622&#038;color=%23ff5500&#038;auto_play=false&#038;hide_related=false&#038;show_comments=true&#038;show_user=true&#038;show_reposts=false&#038;show_teaser=true\"><\/iframe><\/p>\n<div style=\"font-size: 10px; color: #cccccc;line-break: anywhere;word-break: normal;overflow: hidden;white-space: nowrap;text-overflow: ellipsis; font-family: Interstate,Lucida Grande,Lucida Sans Unicode,Lucida Sans,Garuda,Verdana,Tahoma,sans-serif;font-weight: 100;\"><a href=\"https:\/\/soundcloud.com\/fmreflejos-103-7\" title=\"fmreflejos 103.7\" target=\"_blank\" style=\"color: #cccccc; text-decoration: none;\" rel=\"noopener\">fmreflejos 103.7<\/a> \u00b7 <a href=\"https:\/\/soundcloud.com\/fmreflejos-103-7\/eve-recalde\" title=\"Ebe Recalde\" target=\"_blank\" style=\"color: #cccccc; text-decoration: none;\" rel=\"noopener\">Ebe Recalde<\/a><\/div>\n","protected":false},"excerpt":{"rendered":"<p>La Congresal del Partido Justicialista, militante de Mor\u00f3n, visita la comarca observando y analizando las acciones que llevan adelante el Movimiento Octubre y la Agrupaci\u00f3n Ventania, integrantes del Frente de Todos.<\/p>\n","protected":false},"author":3,"featured_media":0,"comment_status":"closed","ping_status":"closed","sticky":false,"template":"","format":"standard","meta":{"footnotes":""},"categories":[24],"tags":[48],"class_list":["post-68291","post","type-post","status-publish","format-standard","hentry","category-politica","tag-destacada"],"yoast_head":"<!-- This site is optimized with the Yoast SEO plugin v25.9 - https:\/\/yoast.com\/wordpress\/plugins\/seo\/ -->\n<title>&quot;No se puede depender de si el turismo baja o sube para tener una vivienda&quot; - Noticias Radio Reflejos<\/title>\n<meta name=\"robots\" content=\"index, follow, max-snippet:-1, max-image-preview:large, max-video-preview:-1\" \/>\n<link rel=\"canonical\" href=\"https:\/\/www.noticiasradioreflejos.com.ar\/2021\/no-se-puede-depender-de-si-el-turismo-baja-o-sube-para-tener-una-vivienda\/\" \/>\n<meta property=\"og:locale\" content=\"es_ES\" \/>\n<meta property=\"og:type\" content=\"article\" \/>\n<meta property=\"og:title\" content=\"&quot;No se puede depender de si el turismo baja o sube para tener una vivienda&quot; - Noticias Radio Reflejos\" \/>\n<meta property=\"og:description\" content=\"La Congresal del Partido Justicialista, militante de Mor\u00f3n, visita la comarca observando y analizando las acciones que llevan adelante el Movimiento Octubre y la Agrupaci\u00f3n Ventania, integrantes del Frente de Todos.\" \/>\n<meta property=\"og:url\" content=\"https:\/\/www.noticiasradioreflejos.com.ar\/2021\/no-se-puede-depender-de-si-el-turismo-baja-o-sube-para-tener-una-vivienda\/\" \/>\n<meta property=\"og:site_name\" content=\"Noticias Radio Reflejos\" \/>\n<meta property=\"article:published_time\" content=\"2022-02-15T20:47:47+00:00\" \/>\n<meta property=\"og:image\" content=\"https:\/\/www.noticiasradioreflejos.com.ar\/2021\/wp-content\/uploads\/2021\/07\/logosol300x200.png\" \/>\n\t<meta property=\"og:image:width\" content=\"300\" \/>\n\t<meta property=\"og:image:height\" content=\"200\" \/>\n\t<meta property=\"og:image:type\" content=\"image\/png\" \/>\n<meta name=\"author\" content=\"Arnaldo Botto\" \/>\n<meta name=\"twitter:card\" content=\"summary_large_image\" \/>\n<script type=\"application\/ld+json\" class=\"yoast-schema-graph\">{\"@context\":\"https:\/\/schema.org\",\"@graph\":[{\"@type\":\"WebPage\",\"@id\":\"https:\/\/www.noticiasradioreflejos.com.ar\/2021\/no-se-puede-depender-de-si-el-turismo-baja-o-sube-para-tener-una-vivienda\/\",\"url\":\"https:\/\/www.noticiasradioreflejos.com.ar\/2021\/no-se-puede-depender-de-si-el-turismo-baja-o-sube-para-tener-una-vivienda\/\",\"name\":\"\\\"No se puede depender de si el turismo baja o sube para tener una vivienda\\\" - Noticias Radio Reflejos\",\"isPartOf\":{\"@id\":\"https:\/\/www.noticiasradioreflejos.com.ar\/2021\/#website\"},\"datePublished\":\"2022-02-15T20:47:47+00:00\",\"author\":{\"@id\":\"https:\/\/www.noticiasradioreflejos.com.ar\/2021\/#\/schema\/person\/ad82545263dcc5ec0996818884fd5fb1\"},\"breadcrumb\":{\"@id\":\"https:\/\/www.noticiasradioreflejos.com.ar\/2021\/no-se-puede-depender-de-si-el-turismo-baja-o-sube-para-tener-una-vivienda\/#breadcrumb\"},\"inLanguage\":\"es\",\"potentialAction\":[{\"@type\":\"ReadAction\",\"target\":[\"https:\/\/www.noticiasradioreflejos.com.ar\/2021\/no-se-puede-depender-de-si-el-turismo-baja-o-sube-para-tener-una-vivienda\/\"]}]},{\"@type\":\"BreadcrumbList\",\"@id\":\"https:\/\/www.noticiasradioreflejos.com.ar\/2021\/no-se-puede-depender-de-si-el-turismo-baja-o-sube-para-tener-una-vivienda\/#breadcrumb\",\"itemListElement\":[{\"@type\":\"ListItem\",\"position\":1,\"name\":\"Portada\",\"item\":\"https:\/\/www.noticiasradioreflejos.com.ar\/2021\/\"},{\"@type\":\"ListItem\",\"position\":2,\"name\":\"\u00abNo se puede depender de si el turismo baja o sube para tener una vivienda\u00bb\"}]},{\"@type\":\"WebSite\",\"@id\":\"https:\/\/www.noticiasradioreflejos.com.ar\/2021\/#website\",\"url\":\"https:\/\/www.noticiasradioreflejos.com.ar\/2021\/\",\"name\":\"Noticias Radio Reflejos\",\"description\":\"Las noticias de mi comarca\",\"potentialAction\":[{\"@type\":\"SearchAction\",\"target\":{\"@type\":\"EntryPoint\",\"urlTemplate\":\"https:\/\/www.noticiasradioreflejos.com.ar\/2021\/?s={search_term_string}\"},\"query-input\":{\"@type\":\"PropertyValueSpecification\",\"valueRequired\":true,\"valueName\":\"search_term_string\"}}],\"inLanguage\":\"es\"},{\"@type\":\"Person\",\"@id\":\"https:\/\/www.noticiasradioreflejos.com.ar\/2021\/#\/schema\/person\/ad82545263dcc5ec0996818884fd5fb1\",\"name\":\"Arnaldo Botto\",\"image\":{\"@type\":\"ImageObject\",\"inLanguage\":\"es\",\"@id\":\"https:\/\/www.noticiasradioreflejos.com.ar\/2021\/#\/schema\/person\/image\/\",\"url\":\"https:\/\/secure.gravatar.com\/avatar\/55cb5e37c1efa326397366e6974cb338056df65cb50e7d64d1cf314e87504837?s=96&d=mm&r=g\",\"contentUrl\":\"https:\/\/secure.gravatar.com\/avatar\/55cb5e37c1efa326397366e6974cb338056df65cb50e7d64d1cf314e87504837?s=96&d=mm&r=g\",\"caption\":\"Arnaldo Botto\"},\"url\":\"https:\/\/www.noticiasradioreflejos.com.ar\/2021\/author\/arnaldo\/\"}]}<\/script>\n<!-- \/ Yoast SEO plugin. -->","yoast_head_json":{"title":"\"No se puede depender de si el turismo baja o sube para tener una vivienda\" - Noticias Radio Reflejos","robots":{"index":"index","follow":"follow","max-snippet":"max-snippet:-1","max-image-preview":"max-image-preview:large","max-video-preview":"max-video-preview:-1"},"canonical":"https:\/\/www.noticiasradioreflejos.com.ar\/2021\/no-se-puede-depender-de-si-el-turismo-baja-o-sube-para-tener-una-vivienda\/","og_locale":"es_ES","og_type":"article","og_title":"\"No se puede depender de si el turismo baja o sube para tener una vivienda\" - Noticias Radio Reflejos","og_description":"La Congresal del Partido Justicialista, militante de Mor\u00f3n, visita la comarca observando y analizando las acciones que llevan adelante el Movimiento Octubre y la Agrupaci\u00f3n Ventania, integrantes del Frente de Todos.","og_url":"https:\/\/www.noticiasradioreflejos.com.ar\/2021\/no-se-puede-depender-de-si-el-turismo-baja-o-sube-para-tener-una-vivienda\/","og_site_name":"Noticias Radio Reflejos","article_published_time":"2022-02-15T20:47:47+00:00","og_image":[{"width":300,"height":200,"url":"https:\/\/www.noticiasradioreflejos.com.ar\/2021\/wp-content\/uploads\/2021\/07\/logosol300x200.png","type":"image\/png"}],"author":"Arnaldo Botto","twitter_card":"summary_large_image","schema":{"@context":"https:\/\/schema.org","@graph":[{"@type":"WebPage","@id":"https:\/\/www.noticiasradioreflejos.com.ar\/2021\/no-se-puede-depender-de-si-el-turismo-baja-o-sube-para-tener-una-vivienda\/","url":"https:\/\/www.noticiasradioreflejos.com.ar\/2021\/no-se-puede-depender-de-si-el-turismo-baja-o-sube-para-tener-una-vivienda\/","name":"\"No se puede depender de si el turismo baja o sube para tener una vivienda\" - Noticias Radio Reflejos","isPartOf":{"@id":"https:\/\/www.noticiasradioreflejos.com.ar\/2021\/#website"},"datePublished":"2022-02-15T20:47:47+00:00","author":{"@id":"https:\/\/www.noticiasradioreflejos.com.ar\/2021\/#\/schema\/person\/ad82545263dcc5ec0996818884fd5fb1"},"breadcrumb":{"@id":"https:\/\/www.noticiasradioreflejos.com.ar\/2021\/no-se-puede-depender-de-si-el-turismo-baja-o-sube-para-tener-una-vivienda\/#breadcrumb"},"inLanguage":"es","potentialAction":[{"@type":"ReadAction","target":["https:\/\/www.noticiasradioreflejos.com.ar\/2021\/no-se-puede-depender-de-si-el-turismo-baja-o-sube-para-tener-una-vivienda\/"]}]},{"@type":"BreadcrumbList","@id":"https:\/\/www.noticiasradioreflejos.com.ar\/2021\/no-se-puede-depender-de-si-el-turismo-baja-o-sube-para-tener-una-vivienda\/#breadcrumb","itemListElement":[{"@type":"ListItem","position":1,"name":"Portada","item":"https:\/\/www.noticiasradioreflejos.com.ar\/2021\/"},{"@type":"ListItem","position":2,"name":"\u00abNo se puede depender de si el turismo baja o sube para tener una vivienda\u00bb"}]},{"@type":"WebSite","@id":"https:\/\/www.noticiasradioreflejos.com.ar\/2021\/#website","url":"https:\/\/www.noticiasradioreflejos.com.ar\/2021\/","name":"Noticias Radio Reflejos","description":"Las noticias de mi comarca","potentialAction":[{"@type":"SearchAction","target":{"@type":"EntryPoint","urlTemplate":"https:\/\/www.noticiasradioreflejos.com.ar\/2021\/?s={search_term_string}"},"query-input":{"@type":"PropertyValueSpecification","valueRequired":true,"valueName":"search_term_string"}}],"inLanguage":"es"},{"@type":"Person","@id":"https:\/\/www.noticiasradioreflejos.com.ar\/2021\/#\/schema\/person\/ad82545263dcc5ec0996818884fd5fb1","name":"Arnaldo Botto","image":{"@type":"ImageObject","inLanguage":"es","@id":"https:\/\/www.noticiasradioreflejos.com.ar\/2021\/#\/schema\/person\/image\/","url":"https:\/\/secure.gravatar.com\/avatar\/55cb5e37c1efa326397366e6974cb338056df65cb50e7d64d1cf314e87504837?s=96&d=mm&r=g","contentUrl":"https:\/\/secure.gravatar.com\/avatar\/55cb5e37c1efa326397366e6974cb338056df65cb50e7d64d1cf314e87504837?s=96&d=mm&r=g","caption":"Arnaldo Botto"},"url":"https:\/\/www.noticiasradioreflejos.com.ar\/2021\/author\/arnaldo\/"}]}},"_links":{"self":[{"href":"https:\/\/www.noticiasradioreflejos.com.ar\/2021\/wp-json\/wp\/v2\/posts\/68291","targetHints":{"allow":["GET"]}}],"collection":[{"href":"https:\/\/www.noticiasradioreflejos.com.ar\/2021\/wp-json\/wp\/v2\/posts"}],"about":[{"href":"https:\/\/www.noticiasradioreflejos.com.ar\/2021\/wp-json\/wp\/v2\/types\/post"}],"author":[{"embeddable":true,"href":"https:\/\/www.noticiasradioreflejos.com.ar\/2021\/wp-json\/wp\/v2\/users\/3"}],"replies":[{"embeddable":true,"href":"https:\/\/www.noticiasradioreflejos.com.ar\/2021\/wp-json\/wp\/v2\/comments?post=68291"}],"version-history":[{"count":2,"href":"https:\/\/www.noticiasradioreflejos.com.ar\/2021\/wp-json\/wp\/v2\/posts\/68291\/revisions"}],"predecessor-version":[{"id":68296,"href":"https:\/\/www.noticiasradioreflejos.com.ar\/2021\/wp-json\/wp\/v2\/posts\/68291\/revisions\/68296"}],"wp:attachment":[{"href":"https:\/\/www.noticiasradioreflejos.com.ar\/2021\/wp-json\/wp\/v2\/media?parent=68291"}],"wp:term":[{"taxonomy":"category","embeddable":true,"href":"https:\/\/www.noticiasradioreflejos.com.ar\/2021\/wp-json\/wp\/v2\/categories?post=68291"},{"taxonomy":"post_tag","embeddable":true,"href":"https:\/\/www.noticiasradioreflejos.com.ar\/2021\/wp-json\/wp\/v2\/tags?post=68291"}],"curies":[{"name":"wp","href":"https:\/\/api.w.org\/{rel}","templated":true}]}}