{"id":68288,"date":"2022-02-15T17:27:46","date_gmt":"2022-02-15T17:27:46","guid":{"rendered":"http:\/\/www.noticiasradioreflejos.com.ar\/2021\/?p=68288"},"modified":"2022-02-15T17:27:46","modified_gmt":"2022-02-15T17:27:46","slug":"la-oficina-anticorrupcion-abrio-una-investigacion-por-el-escandalo-michetti-alonso","status":"publish","type":"post","link":"https:\/\/www.noticiasradioreflejos.com.ar\/2021\/la-oficina-anticorrupcion-abrio-una-investigacion-por-el-escandalo-michetti-alonso\/","title":{"rendered":"La Oficina Anticorrupci\u00f3n abri\u00f3 una investigaci\u00f3n por el esc\u00e1ndalo Michetti-Alonso"},"content":{"rendered":"<p>F\u00e9lix Crous, titular del organismo, solicit\u00f3 que se \u00abreleve toda la informaci\u00f3n\u00bb sobre los audios en que la exvicepresidente pide desvincular de una investigaci\u00f3n a un colaborador suyo. Los antecedentes de Michetti en este tipo de manejos irregulares.<!--more--><\/p>\n<div>\n<div class=\"container-md\">\n<div class=\"row\">\n<div class=\"col-md-12 speak\">\n<div class=\"paragraph\">\n<figure class=\"mb-3\"><img decoding=\"async\" src=\"https:\/\/www.telam.com.ar\/thumbs\/bluesteel\/advf\/imagenes\/2018\/02\/5a81f1803f8ee_900.jpg\" alt=\"Telam SE\" width=\"100%\" height=\"100%\" \/><\/p>\n<div class=\"media-icons\"><\/div><figcaption><\/figcaption><\/figure>\n<p>El titular de la Oficina Anticorrupci\u00f3n (OA),\u00a0<strong>F\u00e9lix Crous<\/strong>, confirm\u00f3 este martes que le solicit\u00f3 a los funcionarios a su cargo que\u00a0<strong>\u00abreleven informaci\u00f3n\u00bb<\/strong>\u00a0sobre los audios en los cuales la exvicepresidenta\u00a0<strong>Gabriela Michet<\/strong>ti le pide a<strong>\u00a0Laura Alonso<\/strong>, titular del organismo durante el gobierno de Cambiemos, que interceda para desvincular de una investigaci\u00f3n a\u00a0<strong>Gabriel Pino<\/strong>, quien era un allegado de la entonces titular del Senado.<\/p>\n<p>\u00abLe solicit\u00e9 a los funcionarios que releven la informaci\u00f3n relativa a los hechos que estar\u00edan vinculados con esos audios de Michetti con Laura Alonso\u00bb, se\u00f1al\u00f3 Crous en declaraciones a El Destape Radio.<\/p>\n<p>Croux consider\u00f3 que las grabaciones aluden \u00aba una actividad propia de la Oficina\u00bb que encabeza, y confirm\u00f3 que\u00a0<strong>ya tiene \u00abalguna documentaci\u00f3n en estudio\u00bb<\/strong>, mientras se analizan otras informaciones sobre los hechos aludidos en esos registros que ayer fueron difundidos por varios medios period\u00edsticos.<\/p>\n<p><strong>\u00abLaura, necesito que te juntes con un amigo m\u00edo, que est\u00e1 trabajando conmigo adem\u00e1s es una persona de confianza. Lo conozco hace mucho. Es realmente una s\u00faper buena persona y lo embocaste en una denuncia y encima Clar\u00edn lo nombr\u00f3\u00bb<\/strong>, sostiene Michetti en uno de los audios que trascendieron.<\/p>\n<p>A fines de octubre de 2017, el diario Clar\u00edn consign\u00f3 en una nota que la OA hab\u00eda denunciado a la Anses por haber desviado 118 millones de pesos entre 2010 y 2015 a publicidad, y en la informaci\u00f3n se detallaba que Pino, como gerente del organismo, hab\u00eda favorecido a una agencia de publicidad al efectuar licitaciones \u00abde urgencia\u00bb.<\/p>\n<p>En consecuencia, la OA encabezada por Alonso hab\u00eda iniciado una investigaci\u00f3n del hecho en el que estaba involucrado Pino, que en ese momento era un agente de prensa vinculado a Michetti.<\/p>\n<p><strong>\u00abLa verdad es que no tiene una mierda que ver. \u00c9l -en definitiva, no- la denuncia. No quiere obviamente que lo empiecen a nombrar porque la verdad es que es una injusticia absoluta\u00bb<\/strong>, le remarca Michetti a Alonso.<\/p>\n<p>Y en ese sentido, la exvicepresidenta insiste: \u00abAs\u00ed que, por favor te pido, que me avises a ver si lo pod\u00e9s ver ma\u00f1ana s\u00e1bado un rato, en un cafecito, o el lunes, pero lo m\u00e1s r\u00e1pido posible\u00bb.<\/p>\n<p>Para Crous, lo difundido en esa grabaci\u00f3n<strong>\u00a0\u00abes una situaci\u00f3n anormal y las caracter\u00edsticas de esa situaci\u00f3n depender\u00e1 de lo que encontremos cuando tengamos toda la informaci\u00f3n completa\u00bb.<\/strong><\/p>\n<p>\u00abQuiero ser muy cauteloso porque no quiero hacer consideraciones en abstracto y si bien se han difundido profusamente algunos audios, en mi caso particular me gustar\u00eda tener m\u00e1s informaci\u00f3n que adem\u00e1s vincule inequ\u00edvocamente esas situaciones que all\u00ed se aluden informaciones\u00bb, subray\u00f3 Crous.<\/p>\n<p>No es primera vez que se conoce este tipo de manejos por parte de Michetti, ya que\u00a0<strong>en 2020 le hab\u00eda comunicado al quien era el titular de la Unidad Especial de Investigaci\u00f3n (UEI) AMIA, Mario Cimadevilla, su malestar por la forma en la cual se hab\u00eda indagado al exfiscal Jos\u00e9 Barbaccia por parte de la querella del Estado.<\/strong><\/p>\n<p>\u00abEscuchame una cosa. Estoy ac\u00e1 enter\u00e1ndome de que fue muy mal la indagatoria de Jos\u00e9, y que los\u2026 el tema pas\u00f3 por vos pero que no est\u00e1s actuando como nos dijiste. \u00bfMe pod\u00e9s explicar?\u00bb, le indic\u00f3 Michetti al radical Cimadevilla.<\/p>\n<p>El exsenador dej\u00f3 la Unidad del Ministerio de Justicia, despu\u00e9s del esc\u00e1ndalo que signific\u00f3 que la querella del gobierno no acusara a los exfiscales Barbaccia y Eamon Mullen en el juicio por el encubrimiento del atentado a la mutual jud\u00eda, ocurrido el 18 de julio de 1994.<\/p>\n<\/div>\n<\/div>\n<\/div>\n<\/div>\n<\/div>\n","protected":false},"excerpt":{"rendered":"<p>F\u00e9lix Crous, titular del organismo, solicit\u00f3 que se \u00abreleve toda la informaci\u00f3n\u00bb sobre los audios en que la exvicepresidente pide desvincular de una investigaci\u00f3n a un colaborador suyo. Los antecedentes de Michetti en este tipo de manejos irregulares.<\/p>\n","protected":false},"author":3,"featured_media":0,"comment_status":"closed","ping_status":"closed","sticky":false,"template":"","format":"standard","meta":{"footnotes":""},"categories":[24],"tags":[],"class_list":["post-68288","post","type-post","status-publish","format-standard","hentry","category-politica"],"yoast_head":"<!-- This site is optimized with the Yoast SEO plugin v25.9 - https:\/\/yoast.com\/wordpress\/plugins\/seo\/ -->\n<title>La Oficina Anticorrupci\u00f3n abri\u00f3 una investigaci\u00f3n por el esc\u00e1ndalo Michetti-Alonso - Noticias Radio Reflejos<\/title>\n<meta name=\"robots\" content=\"index, follow, max-snippet:-1, max-image-preview:large, max-video-preview:-1\" \/>\n<link rel=\"canonical\" href=\"https:\/\/www.noticiasradioreflejos.com.ar\/2021\/la-oficina-anticorrupcion-abrio-una-investigacion-por-el-escandalo-michetti-alonso\/\" \/>\n<meta property=\"og:locale\" content=\"es_ES\" \/>\n<meta property=\"og:type\" content=\"article\" \/>\n<meta property=\"og:title\" content=\"La Oficina Anticorrupci\u00f3n abri\u00f3 una investigaci\u00f3n por el esc\u00e1ndalo Michetti-Alonso - Noticias Radio Reflejos\" \/>\n<meta property=\"og:description\" content=\"F\u00e9lix Crous, titular del organismo, solicit\u00f3 que se \u00abreleve toda la informaci\u00f3n\u00bb sobre los audios en que la exvicepresidente pide desvincular de una investigaci\u00f3n a un colaborador suyo. Los antecedentes de Michetti en este tipo de manejos irregulares.\" \/>\n<meta property=\"og:url\" content=\"https:\/\/www.noticiasradioreflejos.com.ar\/2021\/la-oficina-anticorrupcion-abrio-una-investigacion-por-el-escandalo-michetti-alonso\/\" \/>\n<meta property=\"og:site_name\" content=\"Noticias Radio Reflejos\" \/>\n<meta property=\"article:published_time\" content=\"2022-02-15T17:27:46+00:00\" \/>\n<meta property=\"og:image\" content=\"https:\/\/www.telam.com.ar\/thumbs\/bluesteel\/advf\/imagenes\/2018\/02\/5a81f1803f8ee_900.jpg\" \/>\n<meta name=\"author\" content=\"Arnaldo Botto\" \/>\n<meta name=\"twitter:card\" content=\"summary_large_image\" \/>\n<script type=\"application\/ld+json\" class=\"yoast-schema-graph\">{\"@context\":\"https:\/\/schema.org\",\"@graph\":[{\"@type\":\"WebPage\",\"@id\":\"https:\/\/www.noticiasradioreflejos.com.ar\/2021\/la-oficina-anticorrupcion-abrio-una-investigacion-por-el-escandalo-michetti-alonso\/\",\"url\":\"https:\/\/www.noticiasradioreflejos.com.ar\/2021\/la-oficina-anticorrupcion-abrio-una-investigacion-por-el-escandalo-michetti-alonso\/\",\"name\":\"La Oficina Anticorrupci\u00f3n abri\u00f3 una investigaci\u00f3n por el esc\u00e1ndalo Michetti-Alonso - Noticias Radio Reflejos\",\"isPartOf\":{\"@id\":\"https:\/\/www.noticiasradioreflejos.com.ar\/2021\/#website\"},\"primaryImageOfPage\":{\"@id\":\"https:\/\/www.noticiasradioreflejos.com.ar\/2021\/la-oficina-anticorrupcion-abrio-una-investigacion-por-el-escandalo-michetti-alonso\/#primaryimage\"},\"image\":{\"@id\":\"https:\/\/www.noticiasradioreflejos.com.ar\/2021\/la-oficina-anticorrupcion-abrio-una-investigacion-por-el-escandalo-michetti-alonso\/#primaryimage\"},\"thumbnailUrl\":\"https:\/\/www.telam.com.ar\/thumbs\/bluesteel\/advf\/imagenes\/2018\/02\/5a81f1803f8ee_900.jpg\",\"datePublished\":\"2022-02-15T17:27:46+00:00\",\"author\":{\"@id\":\"https:\/\/www.noticiasradioreflejos.com.ar\/2021\/#\/schema\/person\/ad82545263dcc5ec0996818884fd5fb1\"},\"breadcrumb\":{\"@id\":\"https:\/\/www.noticiasradioreflejos.com.ar\/2021\/la-oficina-anticorrupcion-abrio-una-investigacion-por-el-escandalo-michetti-alonso\/#breadcrumb\"},\"inLanguage\":\"es\",\"potentialAction\":[{\"@type\":\"ReadAction\",\"target\":[\"https:\/\/www.noticiasradioreflejos.com.ar\/2021\/la-oficina-anticorrupcion-abrio-una-investigacion-por-el-escandalo-michetti-alonso\/\"]}]},{\"@type\":\"ImageObject\",\"inLanguage\":\"es\",\"@id\":\"https:\/\/www.noticiasradioreflejos.com.ar\/2021\/la-oficina-anticorrupcion-abrio-una-investigacion-por-el-escandalo-michetti-alonso\/#primaryimage\",\"url\":\"https:\/\/www.telam.com.ar\/thumbs\/bluesteel\/advf\/imagenes\/2018\/02\/5a81f1803f8ee_900.jpg\",\"contentUrl\":\"https:\/\/www.telam.com.ar\/thumbs\/bluesteel\/advf\/imagenes\/2018\/02\/5a81f1803f8ee_900.jpg\"},{\"@type\":\"BreadcrumbList\",\"@id\":\"https:\/\/www.noticiasradioreflejos.com.ar\/2021\/la-oficina-anticorrupcion-abrio-una-investigacion-por-el-escandalo-michetti-alonso\/#breadcrumb\",\"itemListElement\":[{\"@type\":\"ListItem\",\"position\":1,\"name\":\"Portada\",\"item\":\"https:\/\/www.noticiasradioreflejos.com.ar\/2021\/\"},{\"@type\":\"ListItem\",\"position\":2,\"name\":\"La Oficina Anticorrupci\u00f3n abri\u00f3 una investigaci\u00f3n por el esc\u00e1ndalo Michetti-Alonso\"}]},{\"@type\":\"WebSite\",\"@id\":\"https:\/\/www.noticiasradioreflejos.com.ar\/2021\/#website\",\"url\":\"https:\/\/www.noticiasradioreflejos.com.ar\/2021\/\",\"name\":\"Noticias Radio Reflejos\",\"description\":\"Las noticias de mi comarca\",\"potentialAction\":[{\"@type\":\"SearchAction\",\"target\":{\"@type\":\"EntryPoint\",\"urlTemplate\":\"https:\/\/www.noticiasradioreflejos.com.ar\/2021\/?s={search_term_string}\"},\"query-input\":{\"@type\":\"PropertyValueSpecification\",\"valueRequired\":true,\"valueName\":\"search_term_string\"}}],\"inLanguage\":\"es\"},{\"@type\":\"Person\",\"@id\":\"https:\/\/www.noticiasradioreflejos.com.ar\/2021\/#\/schema\/person\/ad82545263dcc5ec0996818884fd5fb1\",\"name\":\"Arnaldo Botto\",\"image\":{\"@type\":\"ImageObject\",\"inLanguage\":\"es\",\"@id\":\"https:\/\/www.noticiasradioreflejos.com.ar\/2021\/#\/schema\/person\/image\/\",\"url\":\"https:\/\/secure.gravatar.com\/avatar\/55cb5e37c1efa326397366e6974cb338056df65cb50e7d64d1cf314e87504837?s=96&d=mm&r=g\",\"contentUrl\":\"https:\/\/secure.gravatar.com\/avatar\/55cb5e37c1efa326397366e6974cb338056df65cb50e7d64d1cf314e87504837?s=96&d=mm&r=g\",\"caption\":\"Arnaldo Botto\"},\"url\":\"https:\/\/www.noticiasradioreflejos.com.ar\/2021\/author\/arnaldo\/\"}]}<\/script>\n<!-- \/ Yoast SEO plugin. -->","yoast_head_json":{"title":"La Oficina Anticorrupci\u00f3n abri\u00f3 una investigaci\u00f3n por el esc\u00e1ndalo Michetti-Alonso - Noticias Radio Reflejos","robots":{"index":"index","follow":"follow","max-snippet":"max-snippet:-1","max-image-preview":"max-image-preview:large","max-video-preview":"max-video-preview:-1"},"canonical":"https:\/\/www.noticiasradioreflejos.com.ar\/2021\/la-oficina-anticorrupcion-abrio-una-investigacion-por-el-escandalo-michetti-alonso\/","og_locale":"es_ES","og_type":"article","og_title":"La Oficina Anticorrupci\u00f3n abri\u00f3 una investigaci\u00f3n por el esc\u00e1ndalo Michetti-Alonso - Noticias Radio Reflejos","og_description":"F\u00e9lix Crous, titular del organismo, solicit\u00f3 que se \u00abreleve toda la informaci\u00f3n\u00bb sobre los audios en que la exvicepresidente pide desvincular de una investigaci\u00f3n a un colaborador suyo. Los antecedentes de Michetti en este tipo de manejos irregulares.","og_url":"https:\/\/www.noticiasradioreflejos.com.ar\/2021\/la-oficina-anticorrupcion-abrio-una-investigacion-por-el-escandalo-michetti-alonso\/","og_site_name":"Noticias Radio Reflejos","article_published_time":"2022-02-15T17:27:46+00:00","og_image":[{"url":"https:\/\/www.telam.com.ar\/thumbs\/bluesteel\/advf\/imagenes\/2018\/02\/5a81f1803f8ee_900.jpg","type":"","width":"","height":""}],"author":"Arnaldo Botto","twitter_card":"summary_large_image","schema":{"@context":"https:\/\/schema.org","@graph":[{"@type":"WebPage","@id":"https:\/\/www.noticiasradioreflejos.com.ar\/2021\/la-oficina-anticorrupcion-abrio-una-investigacion-por-el-escandalo-michetti-alonso\/","url":"https:\/\/www.noticiasradioreflejos.com.ar\/2021\/la-oficina-anticorrupcion-abrio-una-investigacion-por-el-escandalo-michetti-alonso\/","name":"La Oficina Anticorrupci\u00f3n abri\u00f3 una investigaci\u00f3n por el esc\u00e1ndalo Michetti-Alonso - Noticias Radio Reflejos","isPartOf":{"@id":"https:\/\/www.noticiasradioreflejos.com.ar\/2021\/#website"},"primaryImageOfPage":{"@id":"https:\/\/www.noticiasradioreflejos.com.ar\/2021\/la-oficina-anticorrupcion-abrio-una-investigacion-por-el-escandalo-michetti-alonso\/#primaryimage"},"image":{"@id":"https:\/\/www.noticiasradioreflejos.com.ar\/2021\/la-oficina-anticorrupcion-abrio-una-investigacion-por-el-escandalo-michetti-alonso\/#primaryimage"},"thumbnailUrl":"https:\/\/www.telam.com.ar\/thumbs\/bluesteel\/advf\/imagenes\/2018\/02\/5a81f1803f8ee_900.jpg","datePublished":"2022-02-15T17:27:46+00:00","author":{"@id":"https:\/\/www.noticiasradioreflejos.com.ar\/2021\/#\/schema\/person\/ad82545263dcc5ec0996818884fd5fb1"},"breadcrumb":{"@id":"https:\/\/www.noticiasradioreflejos.com.ar\/2021\/la-oficina-anticorrupcion-abrio-una-investigacion-por-el-escandalo-michetti-alonso\/#breadcrumb"},"inLanguage":"es","potentialAction":[{"@type":"ReadAction","target":["https:\/\/www.noticiasradioreflejos.com.ar\/2021\/la-oficina-anticorrupcion-abrio-una-investigacion-por-el-escandalo-michetti-alonso\/"]}]},{"@type":"ImageObject","inLanguage":"es","@id":"https:\/\/www.noticiasradioreflejos.com.ar\/2021\/la-oficina-anticorrupcion-abrio-una-investigacion-por-el-escandalo-michetti-alonso\/#primaryimage","url":"https:\/\/www.telam.com.ar\/thumbs\/bluesteel\/advf\/imagenes\/2018\/02\/5a81f1803f8ee_900.jpg","contentUrl":"https:\/\/www.telam.com.ar\/thumbs\/bluesteel\/advf\/imagenes\/2018\/02\/5a81f1803f8ee_900.jpg"},{"@type":"BreadcrumbList","@id":"https:\/\/www.noticiasradioreflejos.com.ar\/2021\/la-oficina-anticorrupcion-abrio-una-investigacion-por-el-escandalo-michetti-alonso\/#breadcrumb","itemListElement":[{"@type":"ListItem","position":1,"name":"Portada","item":"https:\/\/www.noticiasradioreflejos.com.ar\/2021\/"},{"@type":"ListItem","position":2,"name":"La Oficina Anticorrupci\u00f3n abri\u00f3 una investigaci\u00f3n por el esc\u00e1ndalo Michetti-Alonso"}]},{"@type":"WebSite","@id":"https:\/\/www.noticiasradioreflejos.com.ar\/2021\/#website","url":"https:\/\/www.noticiasradioreflejos.com.ar\/2021\/","name":"Noticias Radio Reflejos","description":"Las noticias de mi comarca","potentialAction":[{"@type":"SearchAction","target":{"@type":"EntryPoint","urlTemplate":"https:\/\/www.noticiasradioreflejos.com.ar\/2021\/?s={search_term_string}"},"query-input":{"@type":"PropertyValueSpecification","valueRequired":true,"valueName":"search_term_string"}}],"inLanguage":"es"},{"@type":"Person","@id":"https:\/\/www.noticiasradioreflejos.com.ar\/2021\/#\/schema\/person\/ad82545263dcc5ec0996818884fd5fb1","name":"Arnaldo Botto","image":{"@type":"ImageObject","inLanguage":"es","@id":"https:\/\/www.noticiasradioreflejos.com.ar\/2021\/#\/schema\/person\/image\/","url":"https:\/\/secure.gravatar.com\/avatar\/55cb5e37c1efa326397366e6974cb338056df65cb50e7d64d1cf314e87504837?s=96&d=mm&r=g","contentUrl":"https:\/\/secure.gravatar.com\/avatar\/55cb5e37c1efa326397366e6974cb338056df65cb50e7d64d1cf314e87504837?s=96&d=mm&r=g","caption":"Arnaldo Botto"},"url":"https:\/\/www.noticiasradioreflejos.com.ar\/2021\/author\/arnaldo\/"}]}},"_links":{"self":[{"href":"https:\/\/www.noticiasradioreflejos.com.ar\/2021\/wp-json\/wp\/v2\/posts\/68288","targetHints":{"allow":["GET"]}}],"collection":[{"href":"https:\/\/www.noticiasradioreflejos.com.ar\/2021\/wp-json\/wp\/v2\/posts"}],"about":[{"href":"https:\/\/www.noticiasradioreflejos.com.ar\/2021\/wp-json\/wp\/v2\/types\/post"}],"author":[{"embeddable":true,"href":"https:\/\/www.noticiasradioreflejos.com.ar\/2021\/wp-json\/wp\/v2\/users\/3"}],"replies":[{"embeddable":true,"href":"https:\/\/www.noticiasradioreflejos.com.ar\/2021\/wp-json\/wp\/v2\/comments?post=68288"}],"version-history":[{"count":1,"href":"https:\/\/www.noticiasradioreflejos.com.ar\/2021\/wp-json\/wp\/v2\/posts\/68288\/revisions"}],"predecessor-version":[{"id":68290,"href":"https:\/\/www.noticiasradioreflejos.com.ar\/2021\/wp-json\/wp\/v2\/posts\/68288\/revisions\/68290"}],"wp:attachment":[{"href":"https:\/\/www.noticiasradioreflejos.com.ar\/2021\/wp-json\/wp\/v2\/media?parent=68288"}],"wp:term":[{"taxonomy":"category","embeddable":true,"href":"https:\/\/www.noticiasradioreflejos.com.ar\/2021\/wp-json\/wp\/v2\/categories?post=68288"},{"taxonomy":"post_tag","embeddable":true,"href":"https:\/\/www.noticiasradioreflejos.com.ar\/2021\/wp-json\/wp\/v2\/tags?post=68288"}],"curies":[{"name":"wp","href":"https:\/\/api.w.org\/{rel}","templated":true}]}}