{"id":68276,"date":"2022-02-15T17:13:02","date_gmt":"2022-02-15T17:13:02","guid":{"rendered":"http:\/\/www.noticiasradioreflejos.com.ar\/2021\/?p=68276"},"modified":"2022-02-15T17:15:30","modified_gmt":"2022-02-15T17:15:30","slug":"proyecto-de-resolucion-para-preservar-las-fuentes-laborales-en-educacion-dentro-del-distrito","status":"publish","type":"post","link":"https:\/\/www.noticiasradioreflejos.com.ar\/2021\/proyecto-de-resolucion-para-preservar-las-fuentes-laborales-en-educacion-dentro-del-distrito\/","title":{"rendered":"Proyecto de resoluci\u00f3n para preservar las fuentes laborales en educaci\u00f3n dentro del distrito"},"content":{"rendered":"<p>Acompa\u00f1ando el proyecto de ley provincial que limita el cupo de traslados docentes, el bloque de concejales del Frente de Todos present\u00f3 un proyecto de resoluci\u00f3n local. El documento lleva la firma de la presidenta del bloque Marcela Gim\u00e9nez. <!--more--><\/p>\n<p><a title=\"IMG_20220215_102447079\" href=\"https:\/\/www.flickr.com\/photos\/182279889@N02\/51882706877\/in\/dateposted-public\/\" data-flickr-embed=\"true\"><img loading=\"lazy\" decoding=\"async\" src=\"https:\/\/live.staticflickr.com\/65535\/51882706877_c91ef71e0b_z.jpg\" alt=\"IMG_20220215_102447079\" width=\"350\" height=\"640\" \/><\/a><script async src=\"\/\/embedr.flickr.com\/assets\/client-code.js\" charset=\"utf-8\"><\/script><\/p>\n<p><a title=\"IMG_20220215_102337584\" href=\"https:\/\/www.flickr.com\/photos\/182279889@N02\/51883995054\/in\/dateposted-public\/\" data-flickr-embed=\"true\"><img loading=\"lazy\" decoding=\"async\" src=\"https:\/\/live.staticflickr.com\/65535\/51883995054_cc0412af3c_z.jpg\" alt=\"IMG_20220215_102337584\" width=\"406\" height=\"640\" \/><\/a><script async src=\"\/\/embedr.flickr.com\/assets\/client-code.js\" charset=\"utf-8\"><\/script><\/p>\n","protected":false},"excerpt":{"rendered":"<p>Acompa\u00f1ando el proyecto de ley provincial que limita el cupo de traslados docentes, el bloque de concejales del Frente de Todos present\u00f3 un proyecto de resoluci\u00f3n local. El documento lleva la firma de la presidenta del bloque Marcela Gim\u00e9nez.<\/p>\n","protected":false},"author":3,"featured_media":0,"comment_status":"closed","ping_status":"closed","sticky":false,"template":"","format":"standard","meta":{"footnotes":""},"categories":[34,24],"tags":[],"class_list":["post-68276","post","type-post","status-publish","format-standard","hentry","category-educacion","category-politica"],"yoast_head":"<!-- This site is optimized with the Yoast SEO plugin v25.9 - https:\/\/yoast.com\/wordpress\/plugins\/seo\/ -->\n<title>Proyecto de resoluci\u00f3n para preservar las fuentes laborales en educaci\u00f3n dentro del distrito - Noticias Radio Reflejos<\/title>\n<meta name=\"robots\" content=\"index, follow, max-snippet:-1, max-image-preview:large, max-video-preview:-1\" \/>\n<link rel=\"canonical\" href=\"https:\/\/www.noticiasradioreflejos.com.ar\/2021\/proyecto-de-resolucion-para-preservar-las-fuentes-laborales-en-educacion-dentro-del-distrito\/\" \/>\n<meta property=\"og:locale\" content=\"es_ES\" \/>\n<meta property=\"og:type\" content=\"article\" \/>\n<meta property=\"og:title\" content=\"Proyecto de resoluci\u00f3n para preservar las fuentes laborales en educaci\u00f3n dentro del distrito - Noticias Radio Reflejos\" \/>\n<meta property=\"og:description\" content=\"Acompa\u00f1ando el proyecto de ley provincial que limita el cupo de traslados docentes, el bloque de concejales del Frente de Todos present\u00f3 un proyecto de resoluci\u00f3n local. El documento lleva la firma de la presidenta del bloque Marcela Gim\u00e9nez.\" \/>\n<meta property=\"og:url\" content=\"https:\/\/www.noticiasradioreflejos.com.ar\/2021\/proyecto-de-resolucion-para-preservar-las-fuentes-laborales-en-educacion-dentro-del-distrito\/\" \/>\n<meta property=\"og:site_name\" content=\"Noticias Radio Reflejos\" \/>\n<meta property=\"article:published_time\" content=\"2022-02-15T17:13:02+00:00\" \/>\n<meta property=\"article:modified_time\" content=\"2022-02-15T17:15:30+00:00\" \/>\n<meta property=\"og:image\" content=\"https:\/\/live.staticflickr.com\/65535\/51882706877_c91ef71e0b_z.jpg\" \/>\n<meta name=\"author\" content=\"Arnaldo Botto\" \/>\n<meta name=\"twitter:card\" content=\"summary_large_image\" \/>\n<script type=\"application\/ld+json\" class=\"yoast-schema-graph\">{\"@context\":\"https:\/\/schema.org\",\"@graph\":[{\"@type\":\"WebPage\",\"@id\":\"https:\/\/www.noticiasradioreflejos.com.ar\/2021\/proyecto-de-resolucion-para-preservar-las-fuentes-laborales-en-educacion-dentro-del-distrito\/\",\"url\":\"https:\/\/www.noticiasradioreflejos.com.ar\/2021\/proyecto-de-resolucion-para-preservar-las-fuentes-laborales-en-educacion-dentro-del-distrito\/\",\"name\":\"Proyecto de resoluci\u00f3n para preservar las fuentes laborales en educaci\u00f3n dentro del distrito - Noticias Radio Reflejos\",\"isPartOf\":{\"@id\":\"https:\/\/www.noticiasradioreflejos.com.ar\/2021\/#website\"},\"primaryImageOfPage\":{\"@id\":\"https:\/\/www.noticiasradioreflejos.com.ar\/2021\/proyecto-de-resolucion-para-preservar-las-fuentes-laborales-en-educacion-dentro-del-distrito\/#primaryimage\"},\"image\":{\"@id\":\"https:\/\/www.noticiasradioreflejos.com.ar\/2021\/proyecto-de-resolucion-para-preservar-las-fuentes-laborales-en-educacion-dentro-del-distrito\/#primaryimage\"},\"thumbnailUrl\":\"https:\/\/live.staticflickr.com\/65535\/51882706877_c91ef71e0b_z.jpg\",\"datePublished\":\"2022-02-15T17:13:02+00:00\",\"dateModified\":\"2022-02-15T17:15:30+00:00\",\"author\":{\"@id\":\"https:\/\/www.noticiasradioreflejos.com.ar\/2021\/#\/schema\/person\/ad82545263dcc5ec0996818884fd5fb1\"},\"breadcrumb\":{\"@id\":\"https:\/\/www.noticiasradioreflejos.com.ar\/2021\/proyecto-de-resolucion-para-preservar-las-fuentes-laborales-en-educacion-dentro-del-distrito\/#breadcrumb\"},\"inLanguage\":\"es\",\"potentialAction\":[{\"@type\":\"ReadAction\",\"target\":[\"https:\/\/www.noticiasradioreflejos.com.ar\/2021\/proyecto-de-resolucion-para-preservar-las-fuentes-laborales-en-educacion-dentro-del-distrito\/\"]}]},{\"@type\":\"ImageObject\",\"inLanguage\":\"es\",\"@id\":\"https:\/\/www.noticiasradioreflejos.com.ar\/2021\/proyecto-de-resolucion-para-preservar-las-fuentes-laborales-en-educacion-dentro-del-distrito\/#primaryimage\",\"url\":\"https:\/\/live.staticflickr.com\/65535\/51882706877_c91ef71e0b_z.jpg\",\"contentUrl\":\"https:\/\/live.staticflickr.com\/65535\/51882706877_c91ef71e0b_z.jpg\"},{\"@type\":\"BreadcrumbList\",\"@id\":\"https:\/\/www.noticiasradioreflejos.com.ar\/2021\/proyecto-de-resolucion-para-preservar-las-fuentes-laborales-en-educacion-dentro-del-distrito\/#breadcrumb\",\"itemListElement\":[{\"@type\":\"ListItem\",\"position\":1,\"name\":\"Portada\",\"item\":\"https:\/\/www.noticiasradioreflejos.com.ar\/2021\/\"},{\"@type\":\"ListItem\",\"position\":2,\"name\":\"Proyecto de resoluci\u00f3n para preservar las fuentes laborales en educaci\u00f3n dentro del distrito\"}]},{\"@type\":\"WebSite\",\"@id\":\"https:\/\/www.noticiasradioreflejos.com.ar\/2021\/#website\",\"url\":\"https:\/\/www.noticiasradioreflejos.com.ar\/2021\/\",\"name\":\"Noticias Radio Reflejos\",\"description\":\"Las noticias de mi comarca\",\"potentialAction\":[{\"@type\":\"SearchAction\",\"target\":{\"@type\":\"EntryPoint\",\"urlTemplate\":\"https:\/\/www.noticiasradioreflejos.com.ar\/2021\/?s={search_term_string}\"},\"query-input\":{\"@type\":\"PropertyValueSpecification\",\"valueRequired\":true,\"valueName\":\"search_term_string\"}}],\"inLanguage\":\"es\"},{\"@type\":\"Person\",\"@id\":\"https:\/\/www.noticiasradioreflejos.com.ar\/2021\/#\/schema\/person\/ad82545263dcc5ec0996818884fd5fb1\",\"name\":\"Arnaldo Botto\",\"image\":{\"@type\":\"ImageObject\",\"inLanguage\":\"es\",\"@id\":\"https:\/\/www.noticiasradioreflejos.com.ar\/2021\/#\/schema\/person\/image\/\",\"url\":\"https:\/\/secure.gravatar.com\/avatar\/55cb5e37c1efa326397366e6974cb338056df65cb50e7d64d1cf314e87504837?s=96&d=mm&r=g\",\"contentUrl\":\"https:\/\/secure.gravatar.com\/avatar\/55cb5e37c1efa326397366e6974cb338056df65cb50e7d64d1cf314e87504837?s=96&d=mm&r=g\",\"caption\":\"Arnaldo Botto\"},\"url\":\"https:\/\/www.noticiasradioreflejos.com.ar\/2021\/author\/arnaldo\/\"}]}<\/script>\n<!-- \/ Yoast SEO plugin. -->","yoast_head_json":{"title":"Proyecto de resoluci\u00f3n para preservar las fuentes laborales en educaci\u00f3n dentro del distrito - Noticias Radio Reflejos","robots":{"index":"index","follow":"follow","max-snippet":"max-snippet:-1","max-image-preview":"max-image-preview:large","max-video-preview":"max-video-preview:-1"},"canonical":"https:\/\/www.noticiasradioreflejos.com.ar\/2021\/proyecto-de-resolucion-para-preservar-las-fuentes-laborales-en-educacion-dentro-del-distrito\/","og_locale":"es_ES","og_type":"article","og_title":"Proyecto de resoluci\u00f3n para preservar las fuentes laborales en educaci\u00f3n dentro del distrito - Noticias Radio Reflejos","og_description":"Acompa\u00f1ando el proyecto de ley provincial que limita el cupo de traslados docentes, el bloque de concejales del Frente de Todos present\u00f3 un proyecto de resoluci\u00f3n local. El documento lleva la firma de la presidenta del bloque Marcela Gim\u00e9nez.","og_url":"https:\/\/www.noticiasradioreflejos.com.ar\/2021\/proyecto-de-resolucion-para-preservar-las-fuentes-laborales-en-educacion-dentro-del-distrito\/","og_site_name":"Noticias Radio Reflejos","article_published_time":"2022-02-15T17:13:02+00:00","article_modified_time":"2022-02-15T17:15:30+00:00","og_image":[{"url":"https:\/\/live.staticflickr.com\/65535\/51882706877_c91ef71e0b_z.jpg","type":"","width":"","height":""}],"author":"Arnaldo Botto","twitter_card":"summary_large_image","schema":{"@context":"https:\/\/schema.org","@graph":[{"@type":"WebPage","@id":"https:\/\/www.noticiasradioreflejos.com.ar\/2021\/proyecto-de-resolucion-para-preservar-las-fuentes-laborales-en-educacion-dentro-del-distrito\/","url":"https:\/\/www.noticiasradioreflejos.com.ar\/2021\/proyecto-de-resolucion-para-preservar-las-fuentes-laborales-en-educacion-dentro-del-distrito\/","name":"Proyecto de resoluci\u00f3n para preservar las fuentes laborales en educaci\u00f3n dentro del distrito - Noticias Radio Reflejos","isPartOf":{"@id":"https:\/\/www.noticiasradioreflejos.com.ar\/2021\/#website"},"primaryImageOfPage":{"@id":"https:\/\/www.noticiasradioreflejos.com.ar\/2021\/proyecto-de-resolucion-para-preservar-las-fuentes-laborales-en-educacion-dentro-del-distrito\/#primaryimage"},"image":{"@id":"https:\/\/www.noticiasradioreflejos.com.ar\/2021\/proyecto-de-resolucion-para-preservar-las-fuentes-laborales-en-educacion-dentro-del-distrito\/#primaryimage"},"thumbnailUrl":"https:\/\/live.staticflickr.com\/65535\/51882706877_c91ef71e0b_z.jpg","datePublished":"2022-02-15T17:13:02+00:00","dateModified":"2022-02-15T17:15:30+00:00","author":{"@id":"https:\/\/www.noticiasradioreflejos.com.ar\/2021\/#\/schema\/person\/ad82545263dcc5ec0996818884fd5fb1"},"breadcrumb":{"@id":"https:\/\/www.noticiasradioreflejos.com.ar\/2021\/proyecto-de-resolucion-para-preservar-las-fuentes-laborales-en-educacion-dentro-del-distrito\/#breadcrumb"},"inLanguage":"es","potentialAction":[{"@type":"ReadAction","target":["https:\/\/www.noticiasradioreflejos.com.ar\/2021\/proyecto-de-resolucion-para-preservar-las-fuentes-laborales-en-educacion-dentro-del-distrito\/"]}]},{"@type":"ImageObject","inLanguage":"es","@id":"https:\/\/www.noticiasradioreflejos.com.ar\/2021\/proyecto-de-resolucion-para-preservar-las-fuentes-laborales-en-educacion-dentro-del-distrito\/#primaryimage","url":"https:\/\/live.staticflickr.com\/65535\/51882706877_c91ef71e0b_z.jpg","contentUrl":"https:\/\/live.staticflickr.com\/65535\/51882706877_c91ef71e0b_z.jpg"},{"@type":"BreadcrumbList","@id":"https:\/\/www.noticiasradioreflejos.com.ar\/2021\/proyecto-de-resolucion-para-preservar-las-fuentes-laborales-en-educacion-dentro-del-distrito\/#breadcrumb","itemListElement":[{"@type":"ListItem","position":1,"name":"Portada","item":"https:\/\/www.noticiasradioreflejos.com.ar\/2021\/"},{"@type":"ListItem","position":2,"name":"Proyecto de resoluci\u00f3n para preservar las fuentes laborales en educaci\u00f3n dentro del distrito"}]},{"@type":"WebSite","@id":"https:\/\/www.noticiasradioreflejos.com.ar\/2021\/#website","url":"https:\/\/www.noticiasradioreflejos.com.ar\/2021\/","name":"Noticias Radio Reflejos","description":"Las noticias de mi comarca","potentialAction":[{"@type":"SearchAction","target":{"@type":"EntryPoint","urlTemplate":"https:\/\/www.noticiasradioreflejos.com.ar\/2021\/?s={search_term_string}"},"query-input":{"@type":"PropertyValueSpecification","valueRequired":true,"valueName":"search_term_string"}}],"inLanguage":"es"},{"@type":"Person","@id":"https:\/\/www.noticiasradioreflejos.com.ar\/2021\/#\/schema\/person\/ad82545263dcc5ec0996818884fd5fb1","name":"Arnaldo Botto","image":{"@type":"ImageObject","inLanguage":"es","@id":"https:\/\/www.noticiasradioreflejos.com.ar\/2021\/#\/schema\/person\/image\/","url":"https:\/\/secure.gravatar.com\/avatar\/55cb5e37c1efa326397366e6974cb338056df65cb50e7d64d1cf314e87504837?s=96&d=mm&r=g","contentUrl":"https:\/\/secure.gravatar.com\/avatar\/55cb5e37c1efa326397366e6974cb338056df65cb50e7d64d1cf314e87504837?s=96&d=mm&r=g","caption":"Arnaldo Botto"},"url":"https:\/\/www.noticiasradioreflejos.com.ar\/2021\/author\/arnaldo\/"}]}},"_links":{"self":[{"href":"https:\/\/www.noticiasradioreflejos.com.ar\/2021\/wp-json\/wp\/v2\/posts\/68276","targetHints":{"allow":["GET"]}}],"collection":[{"href":"https:\/\/www.noticiasradioreflejos.com.ar\/2021\/wp-json\/wp\/v2\/posts"}],"about":[{"href":"https:\/\/www.noticiasradioreflejos.com.ar\/2021\/wp-json\/wp\/v2\/types\/post"}],"author":[{"embeddable":true,"href":"https:\/\/www.noticiasradioreflejos.com.ar\/2021\/wp-json\/wp\/v2\/users\/3"}],"replies":[{"embeddable":true,"href":"https:\/\/www.noticiasradioreflejos.com.ar\/2021\/wp-json\/wp\/v2\/comments?post=68276"}],"version-history":[{"count":3,"href":"https:\/\/www.noticiasradioreflejos.com.ar\/2021\/wp-json\/wp\/v2\/posts\/68276\/revisions"}],"predecessor-version":[{"id":68280,"href":"https:\/\/www.noticiasradioreflejos.com.ar\/2021\/wp-json\/wp\/v2\/posts\/68276\/revisions\/68280"}],"wp:attachment":[{"href":"https:\/\/www.noticiasradioreflejos.com.ar\/2021\/wp-json\/wp\/v2\/media?parent=68276"}],"wp:term":[{"taxonomy":"category","embeddable":true,"href":"https:\/\/www.noticiasradioreflejos.com.ar\/2021\/wp-json\/wp\/v2\/categories?post=68276"},{"taxonomy":"post_tag","embeddable":true,"href":"https:\/\/www.noticiasradioreflejos.com.ar\/2021\/wp-json\/wp\/v2\/tags?post=68276"}],"curies":[{"name":"wp","href":"https:\/\/api.w.org\/{rel}","templated":true}]}}