{"id":68268,"date":"2022-02-15T10:52:32","date_gmt":"2022-02-15T10:52:32","guid":{"rendered":"http:\/\/www.noticiasradioreflejos.com.ar\/2021\/?p=68268"},"modified":"2022-02-15T10:52:32","modified_gmt":"2022-02-15T10:52:32","slug":"primer-fin-de-semana-xxl-del-ano-cuando-es-y-cuantos-feriados-habra-en-2022","status":"publish","type":"post","link":"https:\/\/www.noticiasradioreflejos.com.ar\/2021\/primer-fin-de-semana-xxl-del-ano-cuando-es-y-cuantos-feriados-habra-en-2022\/","title":{"rendered":"Primer fin de semana XXL del a\u00f1o: cu\u00e1ndo es y cu\u00e1ntos feriados habr\u00e1 en 2022"},"content":{"rendered":"<header class=\"article-header-wrapper\">\n<div class=\"article-header\">\n<p class=\"article-subheadline\">Falta menos de dos semanas para los carnavales, fechas que se unir\u00e1n al \u00faltimo s\u00e1bado y domingo de febrero<\/p>\n<\/div>\n<\/header>\n<p><!--more--><\/p>\n<article class=\"article\">\n<div class=\"nd-body-article\">\n<div class=\"visual__image \"><img loading=\"lazy\" decoding=\"async\" src=\"https:\/\/www.infobae.com\/new-resizer\/jvBKmFq87yna0R4u2ILslBnIGZg=\/420x236\/filters:format(webp):quality(85)\/cloudfront-us-east-1.images.arcpublishing.com\/infobae\/EKLGB2Y2CRHBLFTO375N5FGBAI.jpg%20420w\" sizes=\"auto, (min-width: 800px) 50vw, 90vw\" srcset=\"https:\/\/www.infobae.com\/new-resizer\/jvBKmFq87yna0R4u2ILslBnIGZg=\/420x236\/filters:format(webp):quality(85)\/cloudfront-us-east-1.images.arcpublishing.com\/infobae\/EKLGB2Y2CRHBLFTO375N5FGBAI.jpg 420w,https:\/\/www.infobae.com\/new-resizer\/1hXdyTJrm9dfQcTTHXVo7YqokWs=\/768x432\/filters:format(webp):quality(85)\/cloudfront-us-east-1.images.arcpublishing.com\/infobae\/EKLGB2Y2CRHBLFTO375N5FGBAI.jpg 768w,https:\/\/www.infobae.com\/new-resizer\/-lwr1QAduZkhjSlQ6xYBQ5uUbLw=\/992x558\/filters:format(webp):quality(85)\/cloudfront-us-east-1.images.arcpublishing.com\/infobae\/EKLGB2Y2CRHBLFTO375N5FGBAI.jpg 992w,https:\/\/www.infobae.com\/new-resizer\/jSK58Jzr_6gvAQ3Oa9p_qh2gJ10=\/1200x675\/filters:format(webp):quality(85)\/cloudfront-us-east-1.images.arcpublishing.com\/infobae\/EKLGB2Y2CRHBLFTO375N5FGBAI.jpg 1200w,https:\/\/www.infobae.com\/new-resizer\/TBBwbJx0zkqgMFiwU1toH7HKkDo=\/1440x810\/filters:format(webp):quality(85)\/cloudfront-us-east-1.images.arcpublishing.com\/infobae\/EKLGB2Y2CRHBLFTO375N5FGBAI.jpg 1440w\" alt=\"Cuando ser\u00e1 el primer fin de semana largo del 2022\n\" width=\"1920\" height=\"1080\" \/>Cuando ser\u00e1 el primer fin de semana largo del 2022<\/div>\n<p class=\"paragraph\">Sobre el cierre de la actual temporada de verano, que las autoridades nacionales califican como hist\u00f3rica por la cantidad de turistas registrados,\u00a0<b>se celebrar\u00e1 el Carnaval y durante esos d\u00edas se tendr\u00e1 el primer fin de semana largo de este a\u00f1o.<\/b><\/p>\n<p class=\"paragraph\"><b>El Gobierno nacional ya defini\u00f3 el calendario oficial para este 2022.\u00a0<\/b>El Ministerio de Interior y el de Turismo y Deportes dieron a conocer el cronograma de feriados, dispuestos por el Decreto 789, firmado por el presidente Alberto Fern\u00e1ndez, el cual estableci\u00f3 que habr\u00e1<b>\u00a012 que ser\u00e1n inamovibles, dos trasladables y tres con fines tur\u00edsticos<\/b>.<\/p>\n<p class=\"paragraph\">De acuerdo con la informaci\u00f3n oficial, el primer feriado fue, como suele ocurrir, el 1\u00ba de enero pasado, cuando se celebr\u00f3 A\u00f1o Nuevo. Desde ese momento, hubo que esperar varios d\u00edas hasta la siguiente fecha festiva:\u00a0<mark class=\"hl_yellow\">se trata de los\u00a0<b>feriados por<\/b>\u00a0<b>carnaval,<\/b>\u00a0que caer\u00e1n los pr\u00f3ximo 28 de febrero y 1\u00b0 de marzo.<\/mark><\/p>\n<p class=\"paragraph\">En ambos casos son inamovibles, por lo que dentro de dos semanas, tanto el lunes como el martes ser\u00e1 una jornada de fiesta, las cl\u00e1sicas comparsas por las calles y sin actividad laboral en la mayor\u00eda de los casos.<\/p>\n<p class=\"paragraph\">La fecha de festejos llega sobre el cierre de la temporada de verano que, seg\u00fan creen las autoridades nacionales, es\u00a0<a href=\"https:\/\/www.infobae.com\/economia\/2022\/01\/29\/verano-2022-segun-el-ministerio-de-turismo-sera-una-de-las-mejores-temporadas-de-los-ultimos-20-anos\/\">una de las mejores\u00a0<\/a>de los \u00faltimos 20 a\u00f1os, ya que\u00a0<b>la Costa Atl\u00e1ntica argentina<\/b>\u00a0<b>finaliz\u00f3 enero habiendo recibido a aproximadamente 1.290.000 turistas.<\/b><\/p>\n<p class=\"paragraph\">En lo que se refiere al\u00a0<b>programa\u00a0<\/b><a href=\"https:\/\/www.infobae.com\/tag\/previaje\/\"><b>Previaje<\/b><\/a>, precisaron que\u00a0<b>ya lo utilizaron 4,5 millones de argentinos y fueron cargadas facturas de servicios tur\u00edsticos por $99 mil millones.\u00a0<\/b>Asimismo, destacaron que durante la segunda quincena de enero 650 mil personas viajaron con dicho plan y gastaron alrededor de $16 mil millones.<\/p>\n<p class=\"paragraph\">En lo que respecta a los Carnavales, tras un a\u00f1o de inactividad por la pandemia del coronavirus, desde hace algunos d\u00edas la ciudad de<b>\u00a0Gualeguaych\u00fa<\/b>, donde se realizan habitualmente las principales actividades del pa\u00eds para esta celebraci\u00f3n, volvi\u00f3 a llenarse de color, brillo y alegr\u00eda, t\u00edpicos de esta \u00e9poca del a\u00f1o.<\/p>\n<div class=\"visual__image \"><img loading=\"lazy\" decoding=\"async\" src=\"https:\/\/www.infobae.com\/new-resizer\/MUHb0BUzGNGWEzJxMB6ah68QePs=\/420x236\/filters:format(webp):quality(85)\/cloudfront-us-east-1.images.arcpublishing.com\/infobae\/EOLWPXUEAVDALN3EBZFI24VMYQ.jpg%20420w\" sizes=\"auto, (min-width: 800px) 50vw, 90vw\" srcset=\"https:\/\/www.infobae.com\/new-resizer\/MUHb0BUzGNGWEzJxMB6ah68QePs=\/420x236\/filters:format(webp):quality(85)\/cloudfront-us-east-1.images.arcpublishing.com\/infobae\/EOLWPXUEAVDALN3EBZFI24VMYQ.jpg 420w,https:\/\/www.infobae.com\/new-resizer\/Lh2sWkdCqKVkQQdXSijfgLTAO1g=\/768x432\/filters:format(webp):quality(85)\/cloudfront-us-east-1.images.arcpublishing.com\/infobae\/EOLWPXUEAVDALN3EBZFI24VMYQ.jpg 768w,https:\/\/www.infobae.com\/new-resizer\/fAQNyf4kPtqIQKWi57HkVsTP0Vw=\/992x558\/filters:format(webp):quality(85)\/cloudfront-us-east-1.images.arcpublishing.com\/infobae\/EOLWPXUEAVDALN3EBZFI24VMYQ.jpg 992w,https:\/\/www.infobae.com\/new-resizer\/RBT-6nlYow_QSC_DLUIpVjdX5gg=\/1200x675\/filters:format(webp):quality(85)\/cloudfront-us-east-1.images.arcpublishing.com\/infobae\/EOLWPXUEAVDALN3EBZFI24VMYQ.jpg 1200w,https:\/\/www.infobae.com\/new-resizer\/jcbntPPudkN1r2_DOmD_3ZtDZaE=\/1440x810\/filters:format(webp):quality(85)\/cloudfront-us-east-1.images.arcpublishing.com\/infobae\/EOLWPXUEAVDALN3EBZFI24VMYQ.jpg 1440w\" alt=\"Carnavales de Gualeguaych\u00fa\" width=\"1920\" height=\"1080\" \/>Carnavales de Gualeguaych\u00fa<\/div>\n<p class=\"paragraph\">Sin embargo, este no es el \u00fanico lugar en donde regresaron los festejos: en todo Entre R\u00edos se juega con espuma, el p\u00fablico se disfraza y utiliza m\u00e1scaras, en algunos la gente interact\u00faa en la pista, y en otros disponen de mesas y espacios VIP.<\/p>\n<p class=\"paragraph\">Para ingresar a la provincia no se necesita test de COVID-19 negativo, ni seguro sanitario ni carnet de vacunaci\u00f3n, pero s\u00ed gestionar el \u201cCertificado Turismo\u201d, aunque para ingresar a boliches, recitales y eventos masivos se requiere el Pase sanitario.<\/p>\n<p class=\"paragraph\"><b>En la Ciudad de Buenos Aires, est\u00e1n previstas actividades en diferentes barrios porte\u00f1os a lo largo de todos los fines de semana de febrero<\/b>, los s\u00e1bados de 20 a 02 y los domingos, de 20 a 00, con la participaci\u00f3n de las murgas se prepararon durante todo el a\u00f1o para este momento.<\/p>\n<p class=\"paragraph\">Esta segunda quincena de febrero, habr\u00e1 festejos en San Telmo, en el anfiteatro del parque Lezama; en Parque Patricios, en el parque Espa\u00f1a; en Boedo, en el play\u00f3n de San Lorenzo; en Caballito, en la plaza Irlanda; en Mataderos, en el anfiteatro, y en Saavedra, en Avenida Balbin, entre Arias y Correa<\/p>\n<p class=\"paragraph\">Los Carnavales ya empezaron tambi\u00e9n en la ciudad de Bariloche, provincia de R\u00edo Negro, y empezar\u00e1n el 20 de febrero pr\u00f3ximo en Villa Regina; el 23 en Cipolletti; el 24 en R\u00edo Colorado; el 25 en Viedma, Conesa, y San Antonio; el 27 en El Bols\u00f3n; el uno de marzo en Ramos Mexia y el cinco del mismo mes en Sierra Colorada.<\/p>\n<div class=\"visual__image \"><img loading=\"lazy\" decoding=\"async\" src=\"https:\/\/www.infobae.com\/new-resizer\/ZljE543iYvsBKAhQpIko7-AoFfY=\/420x236\/filters:format(webp):quality(85)\/arc-anglerfish-arc2-prod-infobae.s3.amazonaws.com\/public\/7RYZEROILFAIZITWKNUOQTLMPA%20420w\" sizes=\"auto, (min-width: 800px) 50vw, 90vw\" srcset=\"https:\/\/www.infobae.com\/new-resizer\/ZljE543iYvsBKAhQpIko7-AoFfY=\/420x236\/filters:format(webp):quality(85)\/arc-anglerfish-arc2-prod-infobae.s3.amazonaws.com\/public\/7RYZEROILFAIZITWKNUOQTLMPA 420w,https:\/\/www.infobae.com\/new-resizer\/tTimPfQ9oS_P4FVIJ5lGC2RKVyo=\/768x432\/filters:format(webp):quality(85)\/arc-anglerfish-arc2-prod-infobae.s3.amazonaws.com\/public\/7RYZEROILFAIZITWKNUOQTLMPA 768w,https:\/\/www.infobae.com\/new-resizer\/vwuOH_o4eppF-ruvXkPFVcFtw-8=\/992x558\/filters:format(webp):quality(85)\/arc-anglerfish-arc2-prod-infobae.s3.amazonaws.com\/public\/7RYZEROILFAIZITWKNUOQTLMPA 992w,https:\/\/www.infobae.com\/new-resizer\/IGvljEIebm9X9wf2qJmIMG3uSXA=\/1200x675\/filters:format(webp):quality(85)\/arc-anglerfish-arc2-prod-infobae.s3.amazonaws.com\/public\/7RYZEROILFAIZITWKNUOQTLMPA 1200w,https:\/\/www.infobae.com\/new-resizer\/03KA6ukRRhry1hUW7nyCmTkGLvw=\/1440x810\/filters:format(webp):quality(85)\/arc-anglerfish-arc2-prod-infobae.s3.amazonaws.com\/public\/7RYZEROILFAIZITWKNUOQTLMPA 1440w\" alt=\"Tambi\u00e9n habr\u00e1 festejos en la Ciudad de Buenos Aires (NA)\" width=\"1170\" height=\"658\" \/>Tambi\u00e9n habr\u00e1 festejos en la Ciudad de Buenos Aires (NA)<\/div>\n<p class=\"paragraph\"><mark class=\"hl_yellow\">Este a\u00f1o contar\u00e1 con cuatro fines de semana largos<\/mark>, de cuatro d\u00edas cada uno: del s\u00e1bado 26 de febrero al martes 1\u00b0 de marzo; del viernes 17 al lunes 20 de junio; del viernes 7 al lunes 10 de octubre; y del jueves 8 al domingo 11 de diciembre, los que contribuir\u00e1n a impulsar las escapadas y, con ellas, la reactivaci\u00f3n de la actividad tur\u00edstica.<\/p>\n<p class=\"paragraph\"><b>El calendario de feriados 2022:<\/b><\/p>\n<p class=\"paragraph\">1\u00b0 de enero: A\u00f1o Nuevo<\/p>\n<p class=\"paragraph\">28 de febrero: Feriado de Carnaval<\/p>\n<p class=\"paragraph\">1\u00b0 de marzo: Feriado de Carnaval<\/p>\n<p class=\"paragraph\">24 de marzo: D\u00eda Nacional de la Memoria por la Verdad y la Justicia<\/p>\n<p class=\"paragraph\">2 de abril: D\u00eda del Veterano y de los Ca\u00eddos en la Guerra de Malvinas<\/p>\n<p class=\"paragraph\">15 de abril: Viernes Santo<\/p>\n<p class=\"paragraph\">1\u00b0 de mayo: D\u00eda del Trabajador<\/p>\n<p class=\"paragraph\">25 de mayo: D\u00eda de la Revoluci\u00f3n de Mayo<\/p>\n<p class=\"paragraph\">17 de junio: Paso a la Inmortalidad del General Don Mart\u00edn Miguel de G\u00fcemes se celebrar\u00e1 el mismo viernes<\/p>\n<p class=\"paragraph\">20 de junio: Paso a la Inmortalidad del General Manuel Belgrano<\/p>\n<p class=\"paragraph\">9 de julio: D\u00eda de la Independencia<\/p>\n<p class=\"paragraph\">17 de agosto: Paso a la Inmortalidad del General. Jos\u00e9 de San Mart\u00edn se celebrar\u00e1 el 15 de agosto<\/p>\n<p class=\"paragraph\">7 de octubre: Feriado con fines tur\u00edsticos<\/p>\n<p class=\"paragraph\">12 de octubre: D\u00eda del Respeto a la Diversidad Cultural se celebrar\u00e1 el 10 de octubre<\/p>\n<p class=\"paragraph\">21 de noviembre: Feriado con fines tur\u00edsticos<\/p>\n<p class=\"paragraph\">8 de diciembre: D\u00eda de la Inmaculada Concepci\u00f3n de Mar\u00eda<\/p>\n<p class=\"paragraph\">9 de diciembre: Feriado con fines tur\u00edsticos<\/p>\n<p class=\"paragraph\">25 de diciembre: Navidad<\/p>\n<p class=\"paragraph\"><span style=\"color: #ff6600;\"><b>Fuente Infobae<\/b><\/span><\/p>\n<\/div>\n<\/article>\n","protected":false},"excerpt":{"rendered":"<p>Falta menos de dos semanas para los carnavales, fechas que se unir\u00e1n al \u00faltimo s\u00e1bado y domingo de febrero<\/p>\n","protected":false},"author":3,"featured_media":0,"comment_status":"closed","ping_status":"closed","sticky":false,"template":"","format":"standard","meta":{"footnotes":""},"categories":[26,33],"tags":[],"class_list":["post-68268","post","type-post","status-publish","format-standard","hentry","category-sociedad","category-turismo"],"yoast_head":"<!-- This site is optimized with the Yoast SEO plugin v25.9 - https:\/\/yoast.com\/wordpress\/plugins\/seo\/ -->\n<title>Primer fin de semana XXL del a\u00f1o: cu\u00e1ndo es y cu\u00e1ntos feriados habr\u00e1 en 2022 - Noticias Radio Reflejos<\/title>\n<meta name=\"robots\" content=\"index, follow, max-snippet:-1, max-image-preview:large, max-video-preview:-1\" \/>\n<link rel=\"canonical\" href=\"https:\/\/www.noticiasradioreflejos.com.ar\/2021\/primer-fin-de-semana-xxl-del-ano-cuando-es-y-cuantos-feriados-habra-en-2022\/\" \/>\n<meta property=\"og:locale\" content=\"es_ES\" \/>\n<meta property=\"og:type\" content=\"article\" \/>\n<meta property=\"og:title\" content=\"Primer fin de semana XXL del a\u00f1o: cu\u00e1ndo es y cu\u00e1ntos feriados habr\u00e1 en 2022 - Noticias Radio Reflejos\" \/>\n<meta property=\"og:description\" content=\"Falta menos de dos semanas para los carnavales, fechas que se unir\u00e1n al \u00faltimo s\u00e1bado y domingo de febrero\" \/>\n<meta property=\"og:url\" content=\"https:\/\/www.noticiasradioreflejos.com.ar\/2021\/primer-fin-de-semana-xxl-del-ano-cuando-es-y-cuantos-feriados-habra-en-2022\/\" \/>\n<meta property=\"og:site_name\" content=\"Noticias Radio Reflejos\" \/>\n<meta property=\"article:published_time\" content=\"2022-02-15T10:52:32+00:00\" \/>\n<meta property=\"og:image\" content=\"https:\/\/www.infobae.com\/new-resizer\/jvBKmFq87yna0R4u2ILslBnIGZg=\/420x236\/filters:format(webp):quality(85)\/cloudfront-us-east-1.images.arcpublishing.com\/infobae\/EKLGB2Y2CRHBLFTO375N5FGBAI.jpg%20420w\" \/>\n<meta name=\"author\" content=\"Arnaldo Botto\" \/>\n<meta name=\"twitter:card\" content=\"summary_large_image\" \/>\n<script type=\"application\/ld+json\" class=\"yoast-schema-graph\">{\"@context\":\"https:\/\/schema.org\",\"@graph\":[{\"@type\":\"WebPage\",\"@id\":\"https:\/\/www.noticiasradioreflejos.com.ar\/2021\/primer-fin-de-semana-xxl-del-ano-cuando-es-y-cuantos-feriados-habra-en-2022\/\",\"url\":\"https:\/\/www.noticiasradioreflejos.com.ar\/2021\/primer-fin-de-semana-xxl-del-ano-cuando-es-y-cuantos-feriados-habra-en-2022\/\",\"name\":\"Primer fin de semana XXL del a\u00f1o: cu\u00e1ndo es y cu\u00e1ntos feriados habr\u00e1 en 2022 - Noticias Radio Reflejos\",\"isPartOf\":{\"@id\":\"https:\/\/www.noticiasradioreflejos.com.ar\/2021\/#website\"},\"primaryImageOfPage\":{\"@id\":\"https:\/\/www.noticiasradioreflejos.com.ar\/2021\/primer-fin-de-semana-xxl-del-ano-cuando-es-y-cuantos-feriados-habra-en-2022\/#primaryimage\"},\"image\":{\"@id\":\"https:\/\/www.noticiasradioreflejos.com.ar\/2021\/primer-fin-de-semana-xxl-del-ano-cuando-es-y-cuantos-feriados-habra-en-2022\/#primaryimage\"},\"thumbnailUrl\":\"https:\/\/www.infobae.com\/new-resizer\/jvBKmFq87yna0R4u2ILslBnIGZg=\/420x236\/filters:format(webp):quality(85)\/cloudfront-us-east-1.images.arcpublishing.com\/infobae\/EKLGB2Y2CRHBLFTO375N5FGBAI.jpg%20420w\",\"datePublished\":\"2022-02-15T10:52:32+00:00\",\"author\":{\"@id\":\"https:\/\/www.noticiasradioreflejos.com.ar\/2021\/#\/schema\/person\/ad82545263dcc5ec0996818884fd5fb1\"},\"breadcrumb\":{\"@id\":\"https:\/\/www.noticiasradioreflejos.com.ar\/2021\/primer-fin-de-semana-xxl-del-ano-cuando-es-y-cuantos-feriados-habra-en-2022\/#breadcrumb\"},\"inLanguage\":\"es\",\"potentialAction\":[{\"@type\":\"ReadAction\",\"target\":[\"https:\/\/www.noticiasradioreflejos.com.ar\/2021\/primer-fin-de-semana-xxl-del-ano-cuando-es-y-cuantos-feriados-habra-en-2022\/\"]}]},{\"@type\":\"ImageObject\",\"inLanguage\":\"es\",\"@id\":\"https:\/\/www.noticiasradioreflejos.com.ar\/2021\/primer-fin-de-semana-xxl-del-ano-cuando-es-y-cuantos-feriados-habra-en-2022\/#primaryimage\",\"url\":\"https:\/\/www.infobae.com\/new-resizer\/jvBKmFq87yna0R4u2ILslBnIGZg=\/420x236\/filters:format(webp):quality(85)\/cloudfront-us-east-1.images.arcpublishing.com\/infobae\/EKLGB2Y2CRHBLFTO375N5FGBAI.jpg%20420w\",\"contentUrl\":\"https:\/\/www.infobae.com\/new-resizer\/jvBKmFq87yna0R4u2ILslBnIGZg=\/420x236\/filters:format(webp):quality(85)\/cloudfront-us-east-1.images.arcpublishing.com\/infobae\/EKLGB2Y2CRHBLFTO375N5FGBAI.jpg%20420w\"},{\"@type\":\"BreadcrumbList\",\"@id\":\"https:\/\/www.noticiasradioreflejos.com.ar\/2021\/primer-fin-de-semana-xxl-del-ano-cuando-es-y-cuantos-feriados-habra-en-2022\/#breadcrumb\",\"itemListElement\":[{\"@type\":\"ListItem\",\"position\":1,\"name\":\"Portada\",\"item\":\"https:\/\/www.noticiasradioreflejos.com.ar\/2021\/\"},{\"@type\":\"ListItem\",\"position\":2,\"name\":\"Primer fin de semana XXL del a\u00f1o: cu\u00e1ndo es y cu\u00e1ntos feriados habr\u00e1 en 2022\"}]},{\"@type\":\"WebSite\",\"@id\":\"https:\/\/www.noticiasradioreflejos.com.ar\/2021\/#website\",\"url\":\"https:\/\/www.noticiasradioreflejos.com.ar\/2021\/\",\"name\":\"Noticias Radio Reflejos\",\"description\":\"Las noticias de mi comarca\",\"potentialAction\":[{\"@type\":\"SearchAction\",\"target\":{\"@type\":\"EntryPoint\",\"urlTemplate\":\"https:\/\/www.noticiasradioreflejos.com.ar\/2021\/?s={search_term_string}\"},\"query-input\":{\"@type\":\"PropertyValueSpecification\",\"valueRequired\":true,\"valueName\":\"search_term_string\"}}],\"inLanguage\":\"es\"},{\"@type\":\"Person\",\"@id\":\"https:\/\/www.noticiasradioreflejos.com.ar\/2021\/#\/schema\/person\/ad82545263dcc5ec0996818884fd5fb1\",\"name\":\"Arnaldo Botto\",\"image\":{\"@type\":\"ImageObject\",\"inLanguage\":\"es\",\"@id\":\"https:\/\/www.noticiasradioreflejos.com.ar\/2021\/#\/schema\/person\/image\/\",\"url\":\"https:\/\/secure.gravatar.com\/avatar\/55cb5e37c1efa326397366e6974cb338056df65cb50e7d64d1cf314e87504837?s=96&d=mm&r=g\",\"contentUrl\":\"https:\/\/secure.gravatar.com\/avatar\/55cb5e37c1efa326397366e6974cb338056df65cb50e7d64d1cf314e87504837?s=96&d=mm&r=g\",\"caption\":\"Arnaldo Botto\"},\"url\":\"https:\/\/www.noticiasradioreflejos.com.ar\/2021\/author\/arnaldo\/\"}]}<\/script>\n<!-- \/ Yoast SEO plugin. -->","yoast_head_json":{"title":"Primer fin de semana XXL del a\u00f1o: cu\u00e1ndo es y cu\u00e1ntos feriados habr\u00e1 en 2022 - Noticias Radio Reflejos","robots":{"index":"index","follow":"follow","max-snippet":"max-snippet:-1","max-image-preview":"max-image-preview:large","max-video-preview":"max-video-preview:-1"},"canonical":"https:\/\/www.noticiasradioreflejos.com.ar\/2021\/primer-fin-de-semana-xxl-del-ano-cuando-es-y-cuantos-feriados-habra-en-2022\/","og_locale":"es_ES","og_type":"article","og_title":"Primer fin de semana XXL del a\u00f1o: cu\u00e1ndo es y cu\u00e1ntos feriados habr\u00e1 en 2022 - Noticias Radio Reflejos","og_description":"Falta menos de dos semanas para los carnavales, fechas que se unir\u00e1n al \u00faltimo s\u00e1bado y domingo de febrero","og_url":"https:\/\/www.noticiasradioreflejos.com.ar\/2021\/primer-fin-de-semana-xxl-del-ano-cuando-es-y-cuantos-feriados-habra-en-2022\/","og_site_name":"Noticias Radio Reflejos","article_published_time":"2022-02-15T10:52:32+00:00","og_image":[{"url":"https:\/\/www.infobae.com\/new-resizer\/jvBKmFq87yna0R4u2ILslBnIGZg=\/420x236\/filters:format(webp):quality(85)\/cloudfront-us-east-1.images.arcpublishing.com\/infobae\/EKLGB2Y2CRHBLFTO375N5FGBAI.jpg%20420w","type":"","width":"","height":""}],"author":"Arnaldo Botto","twitter_card":"summary_large_image","schema":{"@context":"https:\/\/schema.org","@graph":[{"@type":"WebPage","@id":"https:\/\/www.noticiasradioreflejos.com.ar\/2021\/primer-fin-de-semana-xxl-del-ano-cuando-es-y-cuantos-feriados-habra-en-2022\/","url":"https:\/\/www.noticiasradioreflejos.com.ar\/2021\/primer-fin-de-semana-xxl-del-ano-cuando-es-y-cuantos-feriados-habra-en-2022\/","name":"Primer fin de semana XXL del a\u00f1o: cu\u00e1ndo es y cu\u00e1ntos feriados habr\u00e1 en 2022 - Noticias Radio Reflejos","isPartOf":{"@id":"https:\/\/www.noticiasradioreflejos.com.ar\/2021\/#website"},"primaryImageOfPage":{"@id":"https:\/\/www.noticiasradioreflejos.com.ar\/2021\/primer-fin-de-semana-xxl-del-ano-cuando-es-y-cuantos-feriados-habra-en-2022\/#primaryimage"},"image":{"@id":"https:\/\/www.noticiasradioreflejos.com.ar\/2021\/primer-fin-de-semana-xxl-del-ano-cuando-es-y-cuantos-feriados-habra-en-2022\/#primaryimage"},"thumbnailUrl":"https:\/\/www.infobae.com\/new-resizer\/jvBKmFq87yna0R4u2ILslBnIGZg=\/420x236\/filters:format(webp):quality(85)\/cloudfront-us-east-1.images.arcpublishing.com\/infobae\/EKLGB2Y2CRHBLFTO375N5FGBAI.jpg%20420w","datePublished":"2022-02-15T10:52:32+00:00","author":{"@id":"https:\/\/www.noticiasradioreflejos.com.ar\/2021\/#\/schema\/person\/ad82545263dcc5ec0996818884fd5fb1"},"breadcrumb":{"@id":"https:\/\/www.noticiasradioreflejos.com.ar\/2021\/primer-fin-de-semana-xxl-del-ano-cuando-es-y-cuantos-feriados-habra-en-2022\/#breadcrumb"},"inLanguage":"es","potentialAction":[{"@type":"ReadAction","target":["https:\/\/www.noticiasradioreflejos.com.ar\/2021\/primer-fin-de-semana-xxl-del-ano-cuando-es-y-cuantos-feriados-habra-en-2022\/"]}]},{"@type":"ImageObject","inLanguage":"es","@id":"https:\/\/www.noticiasradioreflejos.com.ar\/2021\/primer-fin-de-semana-xxl-del-ano-cuando-es-y-cuantos-feriados-habra-en-2022\/#primaryimage","url":"https:\/\/www.infobae.com\/new-resizer\/jvBKmFq87yna0R4u2ILslBnIGZg=\/420x236\/filters:format(webp):quality(85)\/cloudfront-us-east-1.images.arcpublishing.com\/infobae\/EKLGB2Y2CRHBLFTO375N5FGBAI.jpg%20420w","contentUrl":"https:\/\/www.infobae.com\/new-resizer\/jvBKmFq87yna0R4u2ILslBnIGZg=\/420x236\/filters:format(webp):quality(85)\/cloudfront-us-east-1.images.arcpublishing.com\/infobae\/EKLGB2Y2CRHBLFTO375N5FGBAI.jpg%20420w"},{"@type":"BreadcrumbList","@id":"https:\/\/www.noticiasradioreflejos.com.ar\/2021\/primer-fin-de-semana-xxl-del-ano-cuando-es-y-cuantos-feriados-habra-en-2022\/#breadcrumb","itemListElement":[{"@type":"ListItem","position":1,"name":"Portada","item":"https:\/\/www.noticiasradioreflejos.com.ar\/2021\/"},{"@type":"ListItem","position":2,"name":"Primer fin de semana XXL del a\u00f1o: cu\u00e1ndo es y cu\u00e1ntos feriados habr\u00e1 en 2022"}]},{"@type":"WebSite","@id":"https:\/\/www.noticiasradioreflejos.com.ar\/2021\/#website","url":"https:\/\/www.noticiasradioreflejos.com.ar\/2021\/","name":"Noticias Radio Reflejos","description":"Las noticias de mi comarca","potentialAction":[{"@type":"SearchAction","target":{"@type":"EntryPoint","urlTemplate":"https:\/\/www.noticiasradioreflejos.com.ar\/2021\/?s={search_term_string}"},"query-input":{"@type":"PropertyValueSpecification","valueRequired":true,"valueName":"search_term_string"}}],"inLanguage":"es"},{"@type":"Person","@id":"https:\/\/www.noticiasradioreflejos.com.ar\/2021\/#\/schema\/person\/ad82545263dcc5ec0996818884fd5fb1","name":"Arnaldo Botto","image":{"@type":"ImageObject","inLanguage":"es","@id":"https:\/\/www.noticiasradioreflejos.com.ar\/2021\/#\/schema\/person\/image\/","url":"https:\/\/secure.gravatar.com\/avatar\/55cb5e37c1efa326397366e6974cb338056df65cb50e7d64d1cf314e87504837?s=96&d=mm&r=g","contentUrl":"https:\/\/secure.gravatar.com\/avatar\/55cb5e37c1efa326397366e6974cb338056df65cb50e7d64d1cf314e87504837?s=96&d=mm&r=g","caption":"Arnaldo Botto"},"url":"https:\/\/www.noticiasradioreflejos.com.ar\/2021\/author\/arnaldo\/"}]}},"_links":{"self":[{"href":"https:\/\/www.noticiasradioreflejos.com.ar\/2021\/wp-json\/wp\/v2\/posts\/68268","targetHints":{"allow":["GET"]}}],"collection":[{"href":"https:\/\/www.noticiasradioreflejos.com.ar\/2021\/wp-json\/wp\/v2\/posts"}],"about":[{"href":"https:\/\/www.noticiasradioreflejos.com.ar\/2021\/wp-json\/wp\/v2\/types\/post"}],"author":[{"embeddable":true,"href":"https:\/\/www.noticiasradioreflejos.com.ar\/2021\/wp-json\/wp\/v2\/users\/3"}],"replies":[{"embeddable":true,"href":"https:\/\/www.noticiasradioreflejos.com.ar\/2021\/wp-json\/wp\/v2\/comments?post=68268"}],"version-history":[{"count":1,"href":"https:\/\/www.noticiasradioreflejos.com.ar\/2021\/wp-json\/wp\/v2\/posts\/68268\/revisions"}],"predecessor-version":[{"id":68270,"href":"https:\/\/www.noticiasradioreflejos.com.ar\/2021\/wp-json\/wp\/v2\/posts\/68268\/revisions\/68270"}],"wp:attachment":[{"href":"https:\/\/www.noticiasradioreflejos.com.ar\/2021\/wp-json\/wp\/v2\/media?parent=68268"}],"wp:term":[{"taxonomy":"category","embeddable":true,"href":"https:\/\/www.noticiasradioreflejos.com.ar\/2021\/wp-json\/wp\/v2\/categories?post=68268"},{"taxonomy":"post_tag","embeddable":true,"href":"https:\/\/www.noticiasradioreflejos.com.ar\/2021\/wp-json\/wp\/v2\/tags?post=68268"}],"curies":[{"name":"wp","href":"https:\/\/api.w.org\/{rel}","templated":true}]}}