{"id":68265,"date":"2022-02-15T10:45:35","date_gmt":"2022-02-15T10:45:35","guid":{"rendered":"http:\/\/www.noticiasradioreflejos.com.ar\/2021\/?p=68265"},"modified":"2022-02-15T10:45:35","modified_gmt":"2022-02-15T10:45:35","slug":"bahia-blanca-comienza-el-juicio-a-38-militares-y-policias-por-delitos-de-lesa-humanidad","status":"publish","type":"post","link":"https:\/\/www.noticiasradioreflejos.com.ar\/2021\/bahia-blanca-comienza-el-juicio-a-38-militares-y-policias-por-delitos-de-lesa-humanidad\/","title":{"rendered":"Bah\u00eda Blanca: comienza el juicio a 38 militares y polic\u00edas por delitos de lesa humanidad"},"content":{"rendered":"<p>Unos 300 testigos prestar\u00e1n declaraci\u00f3n desde el jueves en la denominada \u00abMegacausa Zona V\u00bb, que investiga detenciones ilegales, torturas y violaciones a los derechos humanos en el sur bonaerense, Neuqu\u00e9n, R\u00edo Negro y la regi\u00f3n patag\u00f3nica.<!--more--><\/p>\n<figure class=\"mb-3\"><img decoding=\"async\" src=\"https:\/\/www.telam.com.ar\/thumbs\/bluesteel\/advf\/imagenes\/2021\/10\/616602113faf2_900.jpg\" alt=\"Foto David Snchez\" width=\"100%\" height=\"100%\" \/><\/p>\n<div class=\"media-icons\"><\/div><figcaption>Foto: David S\u00e1nchez<\/figcaption><\/figure>\n<p>Un Tribunal Oral en lo Federal de<strong>\u00a0Bah\u00eda Blanca<\/strong>\u00a0comenzar\u00e1 este jueves el juicio por el cual se encuentran imputados\u00a0<strong>38 integrantes de distintas fuerzas armadas y de seguridad<\/strong>, acusados de cometer delitos de lesa humanidad contra\u00a0<strong>270 v\u00edctimas<\/strong>, informaron fuentes judiciales. Se estima que declarar\u00e1n unos\u00a0<strong>300 testigos.<\/strong><\/p>\n<p>El Tribunal Oral, integrado por los jueces Ernesto Sebasti\u00e1n, Sebasti\u00e1n Foglia y Marcos Aguerrido, est\u00e1 a cargo del debate en el marco de la denominada\u00a0<strong>\u00abMegacausa Zona V\u00bb<\/strong>\u00a0que abarc\u00f3 el sur bonaerense, Neuqu\u00e9n, R\u00edo Negro y la regi\u00f3n patag\u00f3nica.<\/p>\n<p>El debate comenzar\u00e1 a las 9 y por decisi\u00f3n del Tribunal se llevar\u00e1 a cabo en la sala de audiencia ubicada en la sede de Chiclana y Lavalle, y no como sucedi\u00f3 en otros debates del aula Magna de la Universidad Nacional del Sur.<\/p>\n<p>Fuentes judiciales indicaron a T\u00e9lam que \u00abteniendo en consideraci\u00f3n la cuesti\u00f3n sanitaria producto de la pandemia a\u00fan vigente, la cantidad de partes de este proceso como testigos que tienen que declarar, la modalidad de debate que se impone necesariamente es el \u00ab<strong>virtual<\/strong>\u00ab, o \u00ab<strong>telem\u00e1tico<\/strong>\u00ab, por videoconferencia a trav\u00e9s de la plataforma digital\u00a0<strong>Zoom<\/strong>\u00ab.<\/p>\n<p>\u00abLas audiencias se desarrollar\u00e1n los d\u00edas jueves entre las 9 y las 15 horas con la posibilidad de agregar una fecha complementaria en otro d\u00eda de la semana en la medida de lo posible y teniendo en consideraci\u00f3n la disponibilidad de la agenda de los Jueces de este Tribunal y del Juez subrogante\u00bb, se\u00f1al\u00f3 el Tribunal durante una resoluci\u00f3n del pasado 10 de febrero.<\/p>\n<p>Adem\u00e1s, los magistrados indicaron que \u00absin perjuicio de la modalidad fijada se hace saber a las partes que se evaluar\u00e1 la presencialidad en la sala de Audiencias de dicho Tribunal para diligencias determinadas siempre que las circunstancias del caso as\u00ed lo ameriten y sean debidamente justificadas\u00bb.<\/p>\n<p>Tambi\u00e9n se indic\u00f3 que<strong>\u00a0estar\u00e1 habilitado el acceso de personas interesadas en o\u00edr el debate directamente en sede del Tribunal,<\/strong>\u00a0donde se sumar\u00e1 a la Sala de Audiencias un sistema de proyecci\u00f3n en directo de la audiencia en el Hall, con pantalla y sillas.<\/p>\n<p>\u00abDe la misma forma, en atenci\u00f3n al inter\u00e9s p\u00fablico que suscita un juicio de esta magnitud, se realizar\u00e1 una\u00a0<strong>proyecci\u00f3n simult\u00e1nea de la audiencia<\/strong>\u00a0tambi\u00e9n en el Aula Magna del edificio de la Universidad Nacional del Sur ubicado en Avenida Col\u00f3n 80&#8243;, agregaron las fuentes.<\/p>\n<p>Se trata del octavo juicio consecutivo por delitos de lesa humanidad que se realizar\u00e1 en la ciudad, desde sus inicios en el a\u00f1o 2011.<\/p>\n","protected":false},"excerpt":{"rendered":"<p>Unos 300 testigos prestar\u00e1n declaraci\u00f3n desde el jueves en la denominada \u00abMegacausa Zona V\u00bb, que investiga detenciones ilegales, torturas y violaciones a los derechos humanos en el sur bonaerense, Neuqu\u00e9n, R\u00edo Negro y la regi\u00f3n patag\u00f3nica.<\/p>\n","protected":false},"author":3,"featured_media":0,"comment_status":"closed","ping_status":"closed","sticky":false,"template":"","format":"standard","meta":{"footnotes":""},"categories":[1],"tags":[],"class_list":["post-68265","post","type-post","status-publish","format-standard","hentry","category-sin-categoria"],"yoast_head":"<!-- This site is optimized with the Yoast SEO plugin v25.9 - https:\/\/yoast.com\/wordpress\/plugins\/seo\/ -->\n<title>Bah\u00eda Blanca: comienza el juicio a 38 militares y polic\u00edas por delitos de lesa humanidad - Noticias Radio Reflejos<\/title>\n<meta name=\"robots\" content=\"index, follow, max-snippet:-1, max-image-preview:large, max-video-preview:-1\" \/>\n<link rel=\"canonical\" href=\"https:\/\/www.noticiasradioreflejos.com.ar\/2021\/bahia-blanca-comienza-el-juicio-a-38-militares-y-policias-por-delitos-de-lesa-humanidad\/\" \/>\n<meta property=\"og:locale\" content=\"es_ES\" \/>\n<meta property=\"og:type\" content=\"article\" \/>\n<meta property=\"og:title\" content=\"Bah\u00eda Blanca: comienza el juicio a 38 militares y polic\u00edas por delitos de lesa humanidad - Noticias Radio Reflejos\" \/>\n<meta property=\"og:description\" content=\"Unos 300 testigos prestar\u00e1n declaraci\u00f3n desde el jueves en la denominada \u00abMegacausa Zona V\u00bb, que investiga detenciones ilegales, torturas y violaciones a los derechos humanos en el sur bonaerense, Neuqu\u00e9n, R\u00edo Negro y la regi\u00f3n patag\u00f3nica.\" \/>\n<meta property=\"og:url\" content=\"https:\/\/www.noticiasradioreflejos.com.ar\/2021\/bahia-blanca-comienza-el-juicio-a-38-militares-y-policias-por-delitos-de-lesa-humanidad\/\" \/>\n<meta property=\"og:site_name\" content=\"Noticias Radio Reflejos\" \/>\n<meta property=\"article:published_time\" content=\"2022-02-15T10:45:35+00:00\" \/>\n<meta property=\"og:image\" content=\"https:\/\/www.telam.com.ar\/thumbs\/bluesteel\/advf\/imagenes\/2021\/10\/616602113faf2_900.jpg\" \/>\n<meta name=\"author\" content=\"Arnaldo Botto\" \/>\n<meta name=\"twitter:card\" content=\"summary_large_image\" \/>\n<script type=\"application\/ld+json\" class=\"yoast-schema-graph\">{\"@context\":\"https:\/\/schema.org\",\"@graph\":[{\"@type\":\"WebPage\",\"@id\":\"https:\/\/www.noticiasradioreflejos.com.ar\/2021\/bahia-blanca-comienza-el-juicio-a-38-militares-y-policias-por-delitos-de-lesa-humanidad\/\",\"url\":\"https:\/\/www.noticiasradioreflejos.com.ar\/2021\/bahia-blanca-comienza-el-juicio-a-38-militares-y-policias-por-delitos-de-lesa-humanidad\/\",\"name\":\"Bah\u00eda Blanca: comienza el juicio a 38 militares y polic\u00edas por delitos de lesa humanidad - Noticias Radio Reflejos\",\"isPartOf\":{\"@id\":\"https:\/\/www.noticiasradioreflejos.com.ar\/2021\/#website\"},\"primaryImageOfPage\":{\"@id\":\"https:\/\/www.noticiasradioreflejos.com.ar\/2021\/bahia-blanca-comienza-el-juicio-a-38-militares-y-policias-por-delitos-de-lesa-humanidad\/#primaryimage\"},\"image\":{\"@id\":\"https:\/\/www.noticiasradioreflejos.com.ar\/2021\/bahia-blanca-comienza-el-juicio-a-38-militares-y-policias-por-delitos-de-lesa-humanidad\/#primaryimage\"},\"thumbnailUrl\":\"https:\/\/www.telam.com.ar\/thumbs\/bluesteel\/advf\/imagenes\/2021\/10\/616602113faf2_900.jpg\",\"datePublished\":\"2022-02-15T10:45:35+00:00\",\"author\":{\"@id\":\"https:\/\/www.noticiasradioreflejos.com.ar\/2021\/#\/schema\/person\/ad82545263dcc5ec0996818884fd5fb1\"},\"breadcrumb\":{\"@id\":\"https:\/\/www.noticiasradioreflejos.com.ar\/2021\/bahia-blanca-comienza-el-juicio-a-38-militares-y-policias-por-delitos-de-lesa-humanidad\/#breadcrumb\"},\"inLanguage\":\"es\",\"potentialAction\":[{\"@type\":\"ReadAction\",\"target\":[\"https:\/\/www.noticiasradioreflejos.com.ar\/2021\/bahia-blanca-comienza-el-juicio-a-38-militares-y-policias-por-delitos-de-lesa-humanidad\/\"]}]},{\"@type\":\"ImageObject\",\"inLanguage\":\"es\",\"@id\":\"https:\/\/www.noticiasradioreflejos.com.ar\/2021\/bahia-blanca-comienza-el-juicio-a-38-militares-y-policias-por-delitos-de-lesa-humanidad\/#primaryimage\",\"url\":\"https:\/\/www.telam.com.ar\/thumbs\/bluesteel\/advf\/imagenes\/2021\/10\/616602113faf2_900.jpg\",\"contentUrl\":\"https:\/\/www.telam.com.ar\/thumbs\/bluesteel\/advf\/imagenes\/2021\/10\/616602113faf2_900.jpg\"},{\"@type\":\"BreadcrumbList\",\"@id\":\"https:\/\/www.noticiasradioreflejos.com.ar\/2021\/bahia-blanca-comienza-el-juicio-a-38-militares-y-policias-por-delitos-de-lesa-humanidad\/#breadcrumb\",\"itemListElement\":[{\"@type\":\"ListItem\",\"position\":1,\"name\":\"Portada\",\"item\":\"https:\/\/www.noticiasradioreflejos.com.ar\/2021\/\"},{\"@type\":\"ListItem\",\"position\":2,\"name\":\"Bah\u00eda Blanca: comienza el juicio a 38 militares y polic\u00edas por delitos de lesa humanidad\"}]},{\"@type\":\"WebSite\",\"@id\":\"https:\/\/www.noticiasradioreflejos.com.ar\/2021\/#website\",\"url\":\"https:\/\/www.noticiasradioreflejos.com.ar\/2021\/\",\"name\":\"Noticias Radio Reflejos\",\"description\":\"Las noticias de mi comarca\",\"potentialAction\":[{\"@type\":\"SearchAction\",\"target\":{\"@type\":\"EntryPoint\",\"urlTemplate\":\"https:\/\/www.noticiasradioreflejos.com.ar\/2021\/?s={search_term_string}\"},\"query-input\":{\"@type\":\"PropertyValueSpecification\",\"valueRequired\":true,\"valueName\":\"search_term_string\"}}],\"inLanguage\":\"es\"},{\"@type\":\"Person\",\"@id\":\"https:\/\/www.noticiasradioreflejos.com.ar\/2021\/#\/schema\/person\/ad82545263dcc5ec0996818884fd5fb1\",\"name\":\"Arnaldo Botto\",\"image\":{\"@type\":\"ImageObject\",\"inLanguage\":\"es\",\"@id\":\"https:\/\/www.noticiasradioreflejos.com.ar\/2021\/#\/schema\/person\/image\/\",\"url\":\"https:\/\/secure.gravatar.com\/avatar\/55cb5e37c1efa326397366e6974cb338056df65cb50e7d64d1cf314e87504837?s=96&d=mm&r=g\",\"contentUrl\":\"https:\/\/secure.gravatar.com\/avatar\/55cb5e37c1efa326397366e6974cb338056df65cb50e7d64d1cf314e87504837?s=96&d=mm&r=g\",\"caption\":\"Arnaldo Botto\"},\"url\":\"https:\/\/www.noticiasradioreflejos.com.ar\/2021\/author\/arnaldo\/\"}]}<\/script>\n<!-- \/ Yoast SEO plugin. -->","yoast_head_json":{"title":"Bah\u00eda Blanca: comienza el juicio a 38 militares y polic\u00edas por delitos de lesa humanidad - Noticias Radio Reflejos","robots":{"index":"index","follow":"follow","max-snippet":"max-snippet:-1","max-image-preview":"max-image-preview:large","max-video-preview":"max-video-preview:-1"},"canonical":"https:\/\/www.noticiasradioreflejos.com.ar\/2021\/bahia-blanca-comienza-el-juicio-a-38-militares-y-policias-por-delitos-de-lesa-humanidad\/","og_locale":"es_ES","og_type":"article","og_title":"Bah\u00eda Blanca: comienza el juicio a 38 militares y polic\u00edas por delitos de lesa humanidad - Noticias Radio Reflejos","og_description":"Unos 300 testigos prestar\u00e1n declaraci\u00f3n desde el jueves en la denominada \u00abMegacausa Zona V\u00bb, que investiga detenciones ilegales, torturas y violaciones a los derechos humanos en el sur bonaerense, Neuqu\u00e9n, R\u00edo Negro y la regi\u00f3n patag\u00f3nica.","og_url":"https:\/\/www.noticiasradioreflejos.com.ar\/2021\/bahia-blanca-comienza-el-juicio-a-38-militares-y-policias-por-delitos-de-lesa-humanidad\/","og_site_name":"Noticias Radio Reflejos","article_published_time":"2022-02-15T10:45:35+00:00","og_image":[{"url":"https:\/\/www.telam.com.ar\/thumbs\/bluesteel\/advf\/imagenes\/2021\/10\/616602113faf2_900.jpg","type":"","width":"","height":""}],"author":"Arnaldo Botto","twitter_card":"summary_large_image","schema":{"@context":"https:\/\/schema.org","@graph":[{"@type":"WebPage","@id":"https:\/\/www.noticiasradioreflejos.com.ar\/2021\/bahia-blanca-comienza-el-juicio-a-38-militares-y-policias-por-delitos-de-lesa-humanidad\/","url":"https:\/\/www.noticiasradioreflejos.com.ar\/2021\/bahia-blanca-comienza-el-juicio-a-38-militares-y-policias-por-delitos-de-lesa-humanidad\/","name":"Bah\u00eda Blanca: comienza el juicio a 38 militares y polic\u00edas por delitos de lesa humanidad - Noticias Radio Reflejos","isPartOf":{"@id":"https:\/\/www.noticiasradioreflejos.com.ar\/2021\/#website"},"primaryImageOfPage":{"@id":"https:\/\/www.noticiasradioreflejos.com.ar\/2021\/bahia-blanca-comienza-el-juicio-a-38-militares-y-policias-por-delitos-de-lesa-humanidad\/#primaryimage"},"image":{"@id":"https:\/\/www.noticiasradioreflejos.com.ar\/2021\/bahia-blanca-comienza-el-juicio-a-38-militares-y-policias-por-delitos-de-lesa-humanidad\/#primaryimage"},"thumbnailUrl":"https:\/\/www.telam.com.ar\/thumbs\/bluesteel\/advf\/imagenes\/2021\/10\/616602113faf2_900.jpg","datePublished":"2022-02-15T10:45:35+00:00","author":{"@id":"https:\/\/www.noticiasradioreflejos.com.ar\/2021\/#\/schema\/person\/ad82545263dcc5ec0996818884fd5fb1"},"breadcrumb":{"@id":"https:\/\/www.noticiasradioreflejos.com.ar\/2021\/bahia-blanca-comienza-el-juicio-a-38-militares-y-policias-por-delitos-de-lesa-humanidad\/#breadcrumb"},"inLanguage":"es","potentialAction":[{"@type":"ReadAction","target":["https:\/\/www.noticiasradioreflejos.com.ar\/2021\/bahia-blanca-comienza-el-juicio-a-38-militares-y-policias-por-delitos-de-lesa-humanidad\/"]}]},{"@type":"ImageObject","inLanguage":"es","@id":"https:\/\/www.noticiasradioreflejos.com.ar\/2021\/bahia-blanca-comienza-el-juicio-a-38-militares-y-policias-por-delitos-de-lesa-humanidad\/#primaryimage","url":"https:\/\/www.telam.com.ar\/thumbs\/bluesteel\/advf\/imagenes\/2021\/10\/616602113faf2_900.jpg","contentUrl":"https:\/\/www.telam.com.ar\/thumbs\/bluesteel\/advf\/imagenes\/2021\/10\/616602113faf2_900.jpg"},{"@type":"BreadcrumbList","@id":"https:\/\/www.noticiasradioreflejos.com.ar\/2021\/bahia-blanca-comienza-el-juicio-a-38-militares-y-policias-por-delitos-de-lesa-humanidad\/#breadcrumb","itemListElement":[{"@type":"ListItem","position":1,"name":"Portada","item":"https:\/\/www.noticiasradioreflejos.com.ar\/2021\/"},{"@type":"ListItem","position":2,"name":"Bah\u00eda Blanca: comienza el juicio a 38 militares y polic\u00edas por delitos de lesa humanidad"}]},{"@type":"WebSite","@id":"https:\/\/www.noticiasradioreflejos.com.ar\/2021\/#website","url":"https:\/\/www.noticiasradioreflejos.com.ar\/2021\/","name":"Noticias Radio Reflejos","description":"Las noticias de mi comarca","potentialAction":[{"@type":"SearchAction","target":{"@type":"EntryPoint","urlTemplate":"https:\/\/www.noticiasradioreflejos.com.ar\/2021\/?s={search_term_string}"},"query-input":{"@type":"PropertyValueSpecification","valueRequired":true,"valueName":"search_term_string"}}],"inLanguage":"es"},{"@type":"Person","@id":"https:\/\/www.noticiasradioreflejos.com.ar\/2021\/#\/schema\/person\/ad82545263dcc5ec0996818884fd5fb1","name":"Arnaldo Botto","image":{"@type":"ImageObject","inLanguage":"es","@id":"https:\/\/www.noticiasradioreflejos.com.ar\/2021\/#\/schema\/person\/image\/","url":"https:\/\/secure.gravatar.com\/avatar\/55cb5e37c1efa326397366e6974cb338056df65cb50e7d64d1cf314e87504837?s=96&d=mm&r=g","contentUrl":"https:\/\/secure.gravatar.com\/avatar\/55cb5e37c1efa326397366e6974cb338056df65cb50e7d64d1cf314e87504837?s=96&d=mm&r=g","caption":"Arnaldo Botto"},"url":"https:\/\/www.noticiasradioreflejos.com.ar\/2021\/author\/arnaldo\/"}]}},"_links":{"self":[{"href":"https:\/\/www.noticiasradioreflejos.com.ar\/2021\/wp-json\/wp\/v2\/posts\/68265","targetHints":{"allow":["GET"]}}],"collection":[{"href":"https:\/\/www.noticiasradioreflejos.com.ar\/2021\/wp-json\/wp\/v2\/posts"}],"about":[{"href":"https:\/\/www.noticiasradioreflejos.com.ar\/2021\/wp-json\/wp\/v2\/types\/post"}],"author":[{"embeddable":true,"href":"https:\/\/www.noticiasradioreflejos.com.ar\/2021\/wp-json\/wp\/v2\/users\/3"}],"replies":[{"embeddable":true,"href":"https:\/\/www.noticiasradioreflejos.com.ar\/2021\/wp-json\/wp\/v2\/comments?post=68265"}],"version-history":[{"count":1,"href":"https:\/\/www.noticiasradioreflejos.com.ar\/2021\/wp-json\/wp\/v2\/posts\/68265\/revisions"}],"predecessor-version":[{"id":68267,"href":"https:\/\/www.noticiasradioreflejos.com.ar\/2021\/wp-json\/wp\/v2\/posts\/68265\/revisions\/68267"}],"wp:attachment":[{"href":"https:\/\/www.noticiasradioreflejos.com.ar\/2021\/wp-json\/wp\/v2\/media?parent=68265"}],"wp:term":[{"taxonomy":"category","embeddable":true,"href":"https:\/\/www.noticiasradioreflejos.com.ar\/2021\/wp-json\/wp\/v2\/categories?post=68265"},{"taxonomy":"post_tag","embeddable":true,"href":"https:\/\/www.noticiasradioreflejos.com.ar\/2021\/wp-json\/wp\/v2\/tags?post=68265"}],"curies":[{"name":"wp","href":"https:\/\/api.w.org\/{rel}","templated":true}]}}