{"id":68253,"date":"2022-02-14T23:25:35","date_gmt":"2022-02-14T23:25:35","guid":{"rendered":"http:\/\/www.noticiasradioreflejos.com.ar\/2021\/?p=68253"},"modified":"2022-02-14T23:25:35","modified_gmt":"2022-02-14T23:25:35","slug":"decenas-de-toninas-quedaron-varadas-en-la-bahia-de-ushuaia","status":"publish","type":"post","link":"https:\/\/www.noticiasradioreflejos.com.ar\/2021\/decenas-de-toninas-quedaron-varadas-en-la-bahia-de-ushuaia\/","title":{"rendered":"Decenas de toninas quedaron varadas en la bah\u00eda de Ushuaia"},"content":{"rendered":"<div class=\"section-2-col article-header\">\n<div class=\"col 2-col\">\n<p>La mayor\u00eda de los animales que encallaron en Ushuaia fueron devueltos al mar aunque se inici\u00f3 una investigaci\u00f3n para determinar si hubo toninas muertas.<\/p>\n<\/div>\n<\/div>\n<p><!--more--><\/p>\n<div class=\"section-2-col article-main-image\">\n<div class=\"col 2-col\">\n<div class=\"article-main-media-image__container\">\n<div class=\"image-wrapper\">\n<figure>\n<figure class=\"object-fit-block--contain intrinsic-container intrinsic-container-3x2\"><img decoding=\"async\" class=\" \" src=\"https:\/\/images.pagina12.com.ar\/styles\/focal_3_2_960x640\/public\/2022-02\/350601-whatsapp-20image-202022-02-14-20at-2019-17-33.jpeg?itok=TIL-6C2V\" alt=\"Toninas varadas en la costa de Ushuaia\" \/><\/figure><figcaption>Toninas varadas en la costa de Ushuaia<\/figcaption><\/figure>\n<\/div>\n<\/div>\n<\/div>\n<\/div>\n<div class=\"section-2-col article-main-content\">\n<div class=\"col 1-col\"><\/div>\n<div class=\"col 2-col\">\n<div class=\"article-main-content article-text \">\n<p>Este domingo, los vecinos de la ciudad fueguina de\u00a0<b><a href=\"https:\/\/www.pagina12.com.ar\/tags\/7731-ushuaia\">Ushuaia<\/a><\/b>\u00a0se vieron sorprendidos con la llegada imprevista de\u00a0<b>decenas de toninas\u00a0<\/b>que\u00a0<b>quedaron varadas en la bah\u00eda.<\/b>\u00a0Seg\u00fan relataron los testigos, los animales parec\u00edan huir del mar hacia la costa.<\/p>\n<p>El hecho se registr\u00f3 en el<b>\u00a0puerto del Club N\u00e1utico<\/b>\u00a0de esa ciudad y llam\u00f3 la atenci\u00f3n de las personas que se acercaron con sus tel\u00e9fonos celulares a registrar la extra\u00f1a escena.<\/p>\n<div id=\"talkFireEvent\"><\/div>\n<p>Estos delfines, tambi\u00e9n conocidos como \u00abfalsas orcas\u00bb,<b>\u00a0parec\u00edan estar desorientados y aun no se sabe por qu\u00e9 arribaron de esa manera a la playa.<\/b><\/p>\n<p>Sin embargo,\u00a0<b>algunos se\u00f1alan que estar\u00edan huyendo de alg\u00fan depredador\u00a0<\/b>o que alg\u00fan fen\u00f3meno clim\u00e1tico hizo escapar desde el mar hacia la costa.<\/p>\n<blockquote class=\"twitter-tweet\" data-width=\"500\" data-dnt=\"true\">\n<p lang=\"es\" dir=\"ltr\"><a href=\"https:\/\/twitter.com\/hashtag\/Ushuaia?src=hash&amp;ref_src=twsrc%5Etfw\">#Ushuaia<\/a><br \/>Costanera de la ciudad durante la jornada de \u00e9ste <a href=\"https:\/\/twitter.com\/hashtag\/domingo?src=hash&amp;ref_src=twsrc%5Etfw\">#domingo<\/a>.<br \/>Vecinos ayudaron a los animales acu\u00e1ticos a regresar a su H\u00e1bitat. <a href=\"https:\/\/t.co\/YaDrZszlzI\">pic.twitter.com\/YaDrZszlzI<\/a><\/p>\n<p>&mdash; Angel Fretes (@angelfretestdf) <a href=\"https:\/\/twitter.com\/angelfretestdf\/status\/1492945471136010243?ref_src=twsrc%5Etfw\">February 13, 2022<\/a><\/p><\/blockquote>\n<p><script async src=\"https:\/\/platform.twitter.com\/widgets.js\" charset=\"utf-8\"><\/script><\/p>\n<p>Lo cierto es que, ante la desesperaci\u00f3n,\u00a0<b>m\u00e1s de 50 toninas quedaron encalladas en la costa y fueron socorridas por los transe\u00fantes del lugar\u00a0<\/b>que las ayudaron a que puedan regresar por el camino del Canal Beagle.<\/p>\n<h2>La explicaci\u00f3n cient\u00edfica<\/h2>\n<p>Consultado sobre este extra\u00f1o fen\u00f3meno,\u00a0Miguel I\u00f1iguez, presidente e investigador de Fundaci\u00f3n Cethus, se\u00f1al\u00f3 que \u00abesta es una e<strong>specie oce\u00e1nica<\/strong>\u00a0que viven a mucha\u00a0<strong>profundidad<\/strong>. Si puede haber alg\u00fan registro en la zona del\u00a0<strong>Estrecho de Magallanes<\/strong>, pero en general son especies de aguas muy profundas\u00bb.<\/p>\n<p>Por lo cual una de las principales hip\u00f3tesis que manejan los especialistas es que \u00ab<b>por tratarse de animales que vive en la profundidad, al llegar a aguas menos profundas se desorientan y pueden llegar a varar\u00bb.<\/b><\/p>\n<p>Asimismo, surgi\u00f3 el dato que hab\u00eda un<strong>\u00a0grupo de orcas<\/strong>, predadores naturales de toninas, cerca del\u00a0<strong>Canal de Beagle<\/strong>. En este sentido indic\u00f3 que esto podr\u00eda haber asustado a estos delfines y haber provocado ese comportamiento.<\/p>\n<p>https:\/\/twitter.com\/migliorinijuli\/status\/1492904607571492870?ref_src=twsrc%5Etfw%7Ctwcamp%5Etweetembed%7Ctwterm%5E1492904607571492870%7Ctwgr%5E%7Ctwcon%5Es1_c10&#038;ref_url=https%3A%2F%2Fiframely.pagina12.com.ar%2Fapi%2Fiframe%3Furl%3Dhttps3A2F2Ftwitter.com2Fmigliorinijuli2Fstatus2F1492904607571492870v%3D1app%3D1key%3D68ad19d170f26a7756ad0a90caf18fc1playerjs%3D1<\/p>\n<p>Por otra parte, I\u00f1iguez explic\u00f3 que se est\u00e1n evaluando m\u00e1s variables que podr\u00edan haber influido en el extra\u00f1o suceso. Al respecto, ampli\u00f3: \u00abHay otras causas que pueden ocasionar varamientos en cet\u00e1ceos, por ejemplo las\u00a0<strong>prospecciones s\u00edsmicas<\/strong>\u00a0para la b\u00fasqueda de\u00a0<strong>petr\u00f3leo<\/strong>\u00a0y\u00a0<strong>gas<\/strong>. El mundo de los cet\u00e1ceos es ac\u00fastico, entonces cualquier interferencia que haya en su sistema auditivo puede ocasionarle una desorientaci\u00f3n o da\u00f1o y esto lo lleva a varar\u00bb.<\/p>\n<p>Adem\u00e1s, cont\u00f3 que las toninas viven en manadas y normalmente son lideradas. Si el esp\u00e9cimen al mando est\u00e1 enfermo o es muy viejo puede desorientarse. \u00abLos animales fieles a su l\u00edder, ante llamadas que este emite, empiezan a seguirlo\u00bb y terminan varadas tambi\u00e9n.<\/p>\n<p>Por \u00faltimo, el especialista se\u00f1al\u00f3 que\u00a0<b>la mayor\u00eda de los animales que encallaron en Ushuaia fueron devueltos al mar y se inici\u00f3 una investigaci\u00f3n para determinar si hubo animales que han muerto.<\/b><\/p>\n<\/div>\n<\/div>\n<\/div>\n","protected":false},"excerpt":{"rendered":"<p>La mayor\u00eda de los animales que encallaron en Ushuaia fueron devueltos al mar aunque se inici\u00f3 una investigaci\u00f3n para determinar si hubo toninas muertas.<\/p>\n","protected":false},"author":3,"featured_media":0,"comment_status":"closed","ping_status":"closed","sticky":false,"template":"","format":"standard","meta":{"footnotes":""},"categories":[46],"tags":[],"class_list":["post-68253","post","type-post","status-publish","format-standard","hentry","category-ciencia-y-tecnologia"],"yoast_head":"<!-- This site is optimized with the Yoast SEO plugin v25.9 - https:\/\/yoast.com\/wordpress\/plugins\/seo\/ -->\n<title>Decenas de toninas quedaron varadas en la bah\u00eda de Ushuaia - Noticias Radio Reflejos<\/title>\n<meta name=\"robots\" content=\"index, follow, max-snippet:-1, max-image-preview:large, max-video-preview:-1\" \/>\n<link rel=\"canonical\" href=\"https:\/\/www.noticiasradioreflejos.com.ar\/2021\/decenas-de-toninas-quedaron-varadas-en-la-bahia-de-ushuaia\/\" \/>\n<meta property=\"og:locale\" content=\"es_ES\" \/>\n<meta property=\"og:type\" content=\"article\" \/>\n<meta property=\"og:title\" content=\"Decenas de toninas quedaron varadas en la bah\u00eda de Ushuaia - Noticias Radio Reflejos\" \/>\n<meta property=\"og:description\" content=\"La mayor\u00eda de los animales que encallaron en Ushuaia fueron devueltos al mar aunque se inici\u00f3 una investigaci\u00f3n para determinar si hubo toninas muertas.\" \/>\n<meta property=\"og:url\" content=\"https:\/\/www.noticiasradioreflejos.com.ar\/2021\/decenas-de-toninas-quedaron-varadas-en-la-bahia-de-ushuaia\/\" \/>\n<meta property=\"og:site_name\" content=\"Noticias Radio Reflejos\" \/>\n<meta property=\"article:published_time\" content=\"2022-02-14T23:25:35+00:00\" \/>\n<meta property=\"og:image\" content=\"https:\/\/images.pagina12.com.ar\/styles\/focal_3_2_960x640\/public\/2022-02\/350601-whatsapp-20image-202022-02-14-20at-2019-17-33.jpeg?itok=TIL-6C2V\" \/>\n<meta name=\"author\" content=\"Arnaldo Botto\" \/>\n<meta name=\"twitter:card\" content=\"summary_large_image\" \/>\n<script type=\"application\/ld+json\" class=\"yoast-schema-graph\">{\"@context\":\"https:\/\/schema.org\",\"@graph\":[{\"@type\":\"WebPage\",\"@id\":\"https:\/\/www.noticiasradioreflejos.com.ar\/2021\/decenas-de-toninas-quedaron-varadas-en-la-bahia-de-ushuaia\/\",\"url\":\"https:\/\/www.noticiasradioreflejos.com.ar\/2021\/decenas-de-toninas-quedaron-varadas-en-la-bahia-de-ushuaia\/\",\"name\":\"Decenas de toninas quedaron varadas en la bah\u00eda de Ushuaia - Noticias Radio Reflejos\",\"isPartOf\":{\"@id\":\"https:\/\/www.noticiasradioreflejos.com.ar\/2021\/#website\"},\"primaryImageOfPage\":{\"@id\":\"https:\/\/www.noticiasradioreflejos.com.ar\/2021\/decenas-de-toninas-quedaron-varadas-en-la-bahia-de-ushuaia\/#primaryimage\"},\"image\":{\"@id\":\"https:\/\/www.noticiasradioreflejos.com.ar\/2021\/decenas-de-toninas-quedaron-varadas-en-la-bahia-de-ushuaia\/#primaryimage\"},\"thumbnailUrl\":\"https:\/\/images.pagina12.com.ar\/styles\/focal_3_2_960x640\/public\/2022-02\/350601-whatsapp-20image-202022-02-14-20at-2019-17-33.jpeg?itok=TIL-6C2V\",\"datePublished\":\"2022-02-14T23:25:35+00:00\",\"author\":{\"@id\":\"https:\/\/www.noticiasradioreflejos.com.ar\/2021\/#\/schema\/person\/ad82545263dcc5ec0996818884fd5fb1\"},\"breadcrumb\":{\"@id\":\"https:\/\/www.noticiasradioreflejos.com.ar\/2021\/decenas-de-toninas-quedaron-varadas-en-la-bahia-de-ushuaia\/#breadcrumb\"},\"inLanguage\":\"es\",\"potentialAction\":[{\"@type\":\"ReadAction\",\"target\":[\"https:\/\/www.noticiasradioreflejos.com.ar\/2021\/decenas-de-toninas-quedaron-varadas-en-la-bahia-de-ushuaia\/\"]}]},{\"@type\":\"ImageObject\",\"inLanguage\":\"es\",\"@id\":\"https:\/\/www.noticiasradioreflejos.com.ar\/2021\/decenas-de-toninas-quedaron-varadas-en-la-bahia-de-ushuaia\/#primaryimage\",\"url\":\"https:\/\/images.pagina12.com.ar\/styles\/focal_3_2_960x640\/public\/2022-02\/350601-whatsapp-20image-202022-02-14-20at-2019-17-33.jpeg?itok=TIL-6C2V\",\"contentUrl\":\"https:\/\/images.pagina12.com.ar\/styles\/focal_3_2_960x640\/public\/2022-02\/350601-whatsapp-20image-202022-02-14-20at-2019-17-33.jpeg?itok=TIL-6C2V\"},{\"@type\":\"BreadcrumbList\",\"@id\":\"https:\/\/www.noticiasradioreflejos.com.ar\/2021\/decenas-de-toninas-quedaron-varadas-en-la-bahia-de-ushuaia\/#breadcrumb\",\"itemListElement\":[{\"@type\":\"ListItem\",\"position\":1,\"name\":\"Portada\",\"item\":\"https:\/\/www.noticiasradioreflejos.com.ar\/2021\/\"},{\"@type\":\"ListItem\",\"position\":2,\"name\":\"Decenas de toninas quedaron varadas en la bah\u00eda de Ushuaia\"}]},{\"@type\":\"WebSite\",\"@id\":\"https:\/\/www.noticiasradioreflejos.com.ar\/2021\/#website\",\"url\":\"https:\/\/www.noticiasradioreflejos.com.ar\/2021\/\",\"name\":\"Noticias Radio Reflejos\",\"description\":\"Las noticias de mi comarca\",\"potentialAction\":[{\"@type\":\"SearchAction\",\"target\":{\"@type\":\"EntryPoint\",\"urlTemplate\":\"https:\/\/www.noticiasradioreflejos.com.ar\/2021\/?s={search_term_string}\"},\"query-input\":{\"@type\":\"PropertyValueSpecification\",\"valueRequired\":true,\"valueName\":\"search_term_string\"}}],\"inLanguage\":\"es\"},{\"@type\":\"Person\",\"@id\":\"https:\/\/www.noticiasradioreflejos.com.ar\/2021\/#\/schema\/person\/ad82545263dcc5ec0996818884fd5fb1\",\"name\":\"Arnaldo Botto\",\"image\":{\"@type\":\"ImageObject\",\"inLanguage\":\"es\",\"@id\":\"https:\/\/www.noticiasradioreflejos.com.ar\/2021\/#\/schema\/person\/image\/\",\"url\":\"https:\/\/secure.gravatar.com\/avatar\/55cb5e37c1efa326397366e6974cb338056df65cb50e7d64d1cf314e87504837?s=96&d=mm&r=g\",\"contentUrl\":\"https:\/\/secure.gravatar.com\/avatar\/55cb5e37c1efa326397366e6974cb338056df65cb50e7d64d1cf314e87504837?s=96&d=mm&r=g\",\"caption\":\"Arnaldo Botto\"},\"url\":\"https:\/\/www.noticiasradioreflejos.com.ar\/2021\/author\/arnaldo\/\"}]}<\/script>\n<!-- \/ Yoast SEO plugin. -->","yoast_head_json":{"title":"Decenas de toninas quedaron varadas en la bah\u00eda de Ushuaia - Noticias Radio Reflejos","robots":{"index":"index","follow":"follow","max-snippet":"max-snippet:-1","max-image-preview":"max-image-preview:large","max-video-preview":"max-video-preview:-1"},"canonical":"https:\/\/www.noticiasradioreflejos.com.ar\/2021\/decenas-de-toninas-quedaron-varadas-en-la-bahia-de-ushuaia\/","og_locale":"es_ES","og_type":"article","og_title":"Decenas de toninas quedaron varadas en la bah\u00eda de Ushuaia - Noticias Radio Reflejos","og_description":"La mayor\u00eda de los animales que encallaron en Ushuaia fueron devueltos al mar aunque se inici\u00f3 una investigaci\u00f3n para determinar si hubo toninas muertas.","og_url":"https:\/\/www.noticiasradioreflejos.com.ar\/2021\/decenas-de-toninas-quedaron-varadas-en-la-bahia-de-ushuaia\/","og_site_name":"Noticias Radio Reflejos","article_published_time":"2022-02-14T23:25:35+00:00","og_image":[{"url":"https:\/\/images.pagina12.com.ar\/styles\/focal_3_2_960x640\/public\/2022-02\/350601-whatsapp-20image-202022-02-14-20at-2019-17-33.jpeg?itok=TIL-6C2V","type":"","width":"","height":""}],"author":"Arnaldo Botto","twitter_card":"summary_large_image","schema":{"@context":"https:\/\/schema.org","@graph":[{"@type":"WebPage","@id":"https:\/\/www.noticiasradioreflejos.com.ar\/2021\/decenas-de-toninas-quedaron-varadas-en-la-bahia-de-ushuaia\/","url":"https:\/\/www.noticiasradioreflejos.com.ar\/2021\/decenas-de-toninas-quedaron-varadas-en-la-bahia-de-ushuaia\/","name":"Decenas de toninas quedaron varadas en la bah\u00eda de Ushuaia - Noticias Radio Reflejos","isPartOf":{"@id":"https:\/\/www.noticiasradioreflejos.com.ar\/2021\/#website"},"primaryImageOfPage":{"@id":"https:\/\/www.noticiasradioreflejos.com.ar\/2021\/decenas-de-toninas-quedaron-varadas-en-la-bahia-de-ushuaia\/#primaryimage"},"image":{"@id":"https:\/\/www.noticiasradioreflejos.com.ar\/2021\/decenas-de-toninas-quedaron-varadas-en-la-bahia-de-ushuaia\/#primaryimage"},"thumbnailUrl":"https:\/\/images.pagina12.com.ar\/styles\/focal_3_2_960x640\/public\/2022-02\/350601-whatsapp-20image-202022-02-14-20at-2019-17-33.jpeg?itok=TIL-6C2V","datePublished":"2022-02-14T23:25:35+00:00","author":{"@id":"https:\/\/www.noticiasradioreflejos.com.ar\/2021\/#\/schema\/person\/ad82545263dcc5ec0996818884fd5fb1"},"breadcrumb":{"@id":"https:\/\/www.noticiasradioreflejos.com.ar\/2021\/decenas-de-toninas-quedaron-varadas-en-la-bahia-de-ushuaia\/#breadcrumb"},"inLanguage":"es","potentialAction":[{"@type":"ReadAction","target":["https:\/\/www.noticiasradioreflejos.com.ar\/2021\/decenas-de-toninas-quedaron-varadas-en-la-bahia-de-ushuaia\/"]}]},{"@type":"ImageObject","inLanguage":"es","@id":"https:\/\/www.noticiasradioreflejos.com.ar\/2021\/decenas-de-toninas-quedaron-varadas-en-la-bahia-de-ushuaia\/#primaryimage","url":"https:\/\/images.pagina12.com.ar\/styles\/focal_3_2_960x640\/public\/2022-02\/350601-whatsapp-20image-202022-02-14-20at-2019-17-33.jpeg?itok=TIL-6C2V","contentUrl":"https:\/\/images.pagina12.com.ar\/styles\/focal_3_2_960x640\/public\/2022-02\/350601-whatsapp-20image-202022-02-14-20at-2019-17-33.jpeg?itok=TIL-6C2V"},{"@type":"BreadcrumbList","@id":"https:\/\/www.noticiasradioreflejos.com.ar\/2021\/decenas-de-toninas-quedaron-varadas-en-la-bahia-de-ushuaia\/#breadcrumb","itemListElement":[{"@type":"ListItem","position":1,"name":"Portada","item":"https:\/\/www.noticiasradioreflejos.com.ar\/2021\/"},{"@type":"ListItem","position":2,"name":"Decenas de toninas quedaron varadas en la bah\u00eda de Ushuaia"}]},{"@type":"WebSite","@id":"https:\/\/www.noticiasradioreflejos.com.ar\/2021\/#website","url":"https:\/\/www.noticiasradioreflejos.com.ar\/2021\/","name":"Noticias Radio Reflejos","description":"Las noticias de mi comarca","potentialAction":[{"@type":"SearchAction","target":{"@type":"EntryPoint","urlTemplate":"https:\/\/www.noticiasradioreflejos.com.ar\/2021\/?s={search_term_string}"},"query-input":{"@type":"PropertyValueSpecification","valueRequired":true,"valueName":"search_term_string"}}],"inLanguage":"es"},{"@type":"Person","@id":"https:\/\/www.noticiasradioreflejos.com.ar\/2021\/#\/schema\/person\/ad82545263dcc5ec0996818884fd5fb1","name":"Arnaldo Botto","image":{"@type":"ImageObject","inLanguage":"es","@id":"https:\/\/www.noticiasradioreflejos.com.ar\/2021\/#\/schema\/person\/image\/","url":"https:\/\/secure.gravatar.com\/avatar\/55cb5e37c1efa326397366e6974cb338056df65cb50e7d64d1cf314e87504837?s=96&d=mm&r=g","contentUrl":"https:\/\/secure.gravatar.com\/avatar\/55cb5e37c1efa326397366e6974cb338056df65cb50e7d64d1cf314e87504837?s=96&d=mm&r=g","caption":"Arnaldo Botto"},"url":"https:\/\/www.noticiasradioreflejos.com.ar\/2021\/author\/arnaldo\/"}]}},"_links":{"self":[{"href":"https:\/\/www.noticiasradioreflejos.com.ar\/2021\/wp-json\/wp\/v2\/posts\/68253","targetHints":{"allow":["GET"]}}],"collection":[{"href":"https:\/\/www.noticiasradioreflejos.com.ar\/2021\/wp-json\/wp\/v2\/posts"}],"about":[{"href":"https:\/\/www.noticiasradioreflejos.com.ar\/2021\/wp-json\/wp\/v2\/types\/post"}],"author":[{"embeddable":true,"href":"https:\/\/www.noticiasradioreflejos.com.ar\/2021\/wp-json\/wp\/v2\/users\/3"}],"replies":[{"embeddable":true,"href":"https:\/\/www.noticiasradioreflejos.com.ar\/2021\/wp-json\/wp\/v2\/comments?post=68253"}],"version-history":[{"count":1,"href":"https:\/\/www.noticiasradioreflejos.com.ar\/2021\/wp-json\/wp\/v2\/posts\/68253\/revisions"}],"predecessor-version":[{"id":68255,"href":"https:\/\/www.noticiasradioreflejos.com.ar\/2021\/wp-json\/wp\/v2\/posts\/68253\/revisions\/68255"}],"wp:attachment":[{"href":"https:\/\/www.noticiasradioreflejos.com.ar\/2021\/wp-json\/wp\/v2\/media?parent=68253"}],"wp:term":[{"taxonomy":"category","embeddable":true,"href":"https:\/\/www.noticiasradioreflejos.com.ar\/2021\/wp-json\/wp\/v2\/categories?post=68253"},{"taxonomy":"post_tag","embeddable":true,"href":"https:\/\/www.noticiasradioreflejos.com.ar\/2021\/wp-json\/wp\/v2\/tags?post=68253"}],"curies":[{"name":"wp","href":"https:\/\/api.w.org\/{rel}","templated":true}]}}