{"id":68250,"date":"2022-02-14T23:12:57","date_gmt":"2022-02-14T23:12:57","guid":{"rendered":"http:\/\/www.noticiasradioreflejos.com.ar\/2021\/?p=68250"},"modified":"2022-02-14T23:12:57","modified_gmt":"2022-02-14T23:12:57","slug":"mas-de-100-mil-madres-accedieron-a-su-jubilacion-con-el-reconocimiento-de-aportes-por-tareas-de-cuidado","status":"publish","type":"post","link":"https:\/\/www.noticiasradioreflejos.com.ar\/2021\/mas-de-100-mil-madres-accedieron-a-su-jubilacion-con-el-reconocimiento-de-aportes-por-tareas-de-cuidado\/","title":{"rendered":"M\u00e1s de 100 mil madres accedieron a su jubilaci\u00f3n con el reconocimiento de aportes por tareas de cuidado"},"content":{"rendered":"<p style=\"font-weight: 400;\">En la Casa de la Cultura de Quilmes, la directora ejecutiva de ANSES,\u00a0<strong>Fernanda Raverta<\/strong>, junto a la intendenta,\u00a0<strong>Mayra Mendoza<\/strong>, otorgaron hoy la jubilaci\u00f3n n\u00famero 100 mil por la pol\u00edtica de Reconocimiento de Aportes por Tareas de Cuidado.<!--more--><\/p>\n<p style=\"font-weight: 400;\"><em>\u201cReconocer aportes por tareas de cuidado significa reconocer que las madres hacen un esfuerzo enorme para que nuestras hijas e hijos puedan crecer y ver cumplidos sus sue\u00f1os y deseos. Tambi\u00e9n implica entender que ese cuidado tiene un rol central en la reconstrucci\u00f3n de la Argentina\u00bb,<\/em>\u00a0expres\u00f3 la titular de ANSES durante el encuentro.<\/p>\n<p style=\"font-weight: 400;\"><em>\u00abPara la ANSES estos encuentros donde podemos escucharlas son muy importantes ya que nos permite mejorar y construir derechos y pol\u00edticas p\u00fablicas. Sabemos que nos falta un mont\u00f3n. Nosotros no decimos que ya hicimos todo, decimos que apenas estamos empezando a ver los frutos de haber cambiado un gobierno, para el que los jubilados estaban olvidados, y hoy debemos transitar un camino para que tengan una respuesta y lo que se merecen de parte del Estado nacional\u00bb,<\/em>\u00a0complet\u00f3.<\/p>\n<p style=\"font-weight: 400;\">Por su parte,\u00a0<strong>Mayra Mendoza<\/strong>\u00a0agradeci\u00f3 en nombre de los vecinas y vecinos de Quilmes\u00a0<em>\u00abel trabajo incansable que hacen desde la ANSES\u00bb<\/em>.<\/p>\n<p style=\"font-weight: 400;\">En este marco, se\u00f1al\u00f3: \u201c<em>Este acto refleja lo que es un Estado presente, con personas con sensibilidad y el coraje para llevar adelante un organismo que en alg\u00fan momento fue la columna vertebral de las pol\u00edticas sociales con los gobiernos de N\u00e9stor y Cristina Kirchner. Como por ejemplo, las moratorias que permitieron la inclusi\u00f3n a la seguridad social de miles y miles de personas, principalmente de mujeres\u201d.<\/em><\/p>\n<p style=\"font-weight: 400;\">Durante el encuentro, se realiz\u00f3 el Reconocimiento de Aportes por Tareas de Cuidado a mujeres quilme\u00f1as y se otorg\u00f3 la jubilaci\u00f3n n\u00famero 100 mil a Francisca Ang\u00e9lica Bonavota, de 61 a\u00f1os.<\/p>\n<p style=\"font-weight: 400;\">De esta manera, ya son m\u00e1s de 140 mil las madres que iniciaron su camino a la jubilaci\u00f3n gracias a esta pol\u00edtica que visibiliza y repara una desigualdad hist\u00f3rica y estructural, reconociendo y valorando el tiempo que las mujeres destinaron y destinan a la crianza de sus hijas e hijos.<\/p>\n<p style=\"font-weight: 400;\">M\u00e1s informaci\u00f3n\u00a0<a href=\"https:\/\/www.anses.gob.ar\/reconocimiento-de-aportes-por-tareas-de-cuidado\" data-saferedirecturl=\"https:\/\/www.google.com\/url?q=https:\/\/www.anses.gob.ar\/reconocimiento-de-aportes-por-tareas-de-cuidado&amp;source=gmail&amp;ust=1644966440069000&amp;usg=AOvVaw3k7ljdwvfREg2d-Ih_7MDZ\">aqu\u00ed<\/a><\/p>\n","protected":false},"excerpt":{"rendered":"<p>En la Casa de la Cultura de Quilmes, la directora ejecutiva de ANSES,\u00a0Fernanda Raverta, junto a la intendenta,\u00a0Mayra Mendoza, otorgaron hoy la jubilaci\u00f3n n\u00famero 100 mil por la pol\u00edtica de Reconocimiento de Aportes por Tareas de Cuidado.<\/p>\n","protected":false},"author":3,"featured_media":0,"comment_status":"closed","ping_status":"closed","sticky":false,"template":"","format":"standard","meta":{"footnotes":""},"categories":[24],"tags":[],"class_list":["post-68250","post","type-post","status-publish","format-standard","hentry","category-politica"],"yoast_head":"<!-- This site is optimized with the Yoast SEO plugin v25.9 - https:\/\/yoast.com\/wordpress\/plugins\/seo\/ -->\n<title>M\u00e1s de 100 mil madres accedieron a su jubilaci\u00f3n con el reconocimiento de aportes por tareas de cuidado - Noticias Radio Reflejos<\/title>\n<meta name=\"robots\" content=\"index, follow, max-snippet:-1, max-image-preview:large, max-video-preview:-1\" \/>\n<link rel=\"canonical\" href=\"https:\/\/www.noticiasradioreflejos.com.ar\/2021\/mas-de-100-mil-madres-accedieron-a-su-jubilacion-con-el-reconocimiento-de-aportes-por-tareas-de-cuidado\/\" \/>\n<meta property=\"og:locale\" content=\"es_ES\" \/>\n<meta property=\"og:type\" content=\"article\" \/>\n<meta property=\"og:title\" content=\"M\u00e1s de 100 mil madres accedieron a su jubilaci\u00f3n con el reconocimiento de aportes por tareas de cuidado - Noticias Radio Reflejos\" \/>\n<meta property=\"og:description\" content=\"En la Casa de la Cultura de Quilmes, la directora ejecutiva de ANSES,\u00a0Fernanda Raverta, junto a la intendenta,\u00a0Mayra Mendoza, otorgaron hoy la jubilaci\u00f3n n\u00famero 100 mil por la pol\u00edtica de Reconocimiento de Aportes por Tareas de Cuidado.\" \/>\n<meta property=\"og:url\" content=\"https:\/\/www.noticiasradioreflejos.com.ar\/2021\/mas-de-100-mil-madres-accedieron-a-su-jubilacion-con-el-reconocimiento-de-aportes-por-tareas-de-cuidado\/\" \/>\n<meta property=\"og:site_name\" content=\"Noticias Radio Reflejos\" \/>\n<meta property=\"article:published_time\" content=\"2022-02-14T23:12:57+00:00\" \/>\n<meta property=\"og:image\" content=\"https:\/\/www.noticiasradioreflejos.com.ar\/2021\/wp-content\/uploads\/2021\/07\/logosol300x200.png\" \/>\n\t<meta property=\"og:image:width\" content=\"300\" \/>\n\t<meta property=\"og:image:height\" content=\"200\" \/>\n\t<meta property=\"og:image:type\" content=\"image\/png\" \/>\n<meta name=\"author\" content=\"Arnaldo Botto\" \/>\n<meta name=\"twitter:card\" content=\"summary_large_image\" \/>\n<script type=\"application\/ld+json\" class=\"yoast-schema-graph\">{\"@context\":\"https:\/\/schema.org\",\"@graph\":[{\"@type\":\"WebPage\",\"@id\":\"https:\/\/www.noticiasradioreflejos.com.ar\/2021\/mas-de-100-mil-madres-accedieron-a-su-jubilacion-con-el-reconocimiento-de-aportes-por-tareas-de-cuidado\/\",\"url\":\"https:\/\/www.noticiasradioreflejos.com.ar\/2021\/mas-de-100-mil-madres-accedieron-a-su-jubilacion-con-el-reconocimiento-de-aportes-por-tareas-de-cuidado\/\",\"name\":\"M\u00e1s de 100 mil madres accedieron a su jubilaci\u00f3n con el reconocimiento de aportes por tareas de cuidado - Noticias Radio Reflejos\",\"isPartOf\":{\"@id\":\"https:\/\/www.noticiasradioreflejos.com.ar\/2021\/#website\"},\"datePublished\":\"2022-02-14T23:12:57+00:00\",\"author\":{\"@id\":\"https:\/\/www.noticiasradioreflejos.com.ar\/2021\/#\/schema\/person\/ad82545263dcc5ec0996818884fd5fb1\"},\"breadcrumb\":{\"@id\":\"https:\/\/www.noticiasradioreflejos.com.ar\/2021\/mas-de-100-mil-madres-accedieron-a-su-jubilacion-con-el-reconocimiento-de-aportes-por-tareas-de-cuidado\/#breadcrumb\"},\"inLanguage\":\"es\",\"potentialAction\":[{\"@type\":\"ReadAction\",\"target\":[\"https:\/\/www.noticiasradioreflejos.com.ar\/2021\/mas-de-100-mil-madres-accedieron-a-su-jubilacion-con-el-reconocimiento-de-aportes-por-tareas-de-cuidado\/\"]}]},{\"@type\":\"BreadcrumbList\",\"@id\":\"https:\/\/www.noticiasradioreflejos.com.ar\/2021\/mas-de-100-mil-madres-accedieron-a-su-jubilacion-con-el-reconocimiento-de-aportes-por-tareas-de-cuidado\/#breadcrumb\",\"itemListElement\":[{\"@type\":\"ListItem\",\"position\":1,\"name\":\"Portada\",\"item\":\"https:\/\/www.noticiasradioreflejos.com.ar\/2021\/\"},{\"@type\":\"ListItem\",\"position\":2,\"name\":\"M\u00e1s de 100 mil madres accedieron a su jubilaci\u00f3n con el reconocimiento de aportes por tareas de cuidado\"}]},{\"@type\":\"WebSite\",\"@id\":\"https:\/\/www.noticiasradioreflejos.com.ar\/2021\/#website\",\"url\":\"https:\/\/www.noticiasradioreflejos.com.ar\/2021\/\",\"name\":\"Noticias Radio Reflejos\",\"description\":\"Las noticias de mi comarca\",\"potentialAction\":[{\"@type\":\"SearchAction\",\"target\":{\"@type\":\"EntryPoint\",\"urlTemplate\":\"https:\/\/www.noticiasradioreflejos.com.ar\/2021\/?s={search_term_string}\"},\"query-input\":{\"@type\":\"PropertyValueSpecification\",\"valueRequired\":true,\"valueName\":\"search_term_string\"}}],\"inLanguage\":\"es\"},{\"@type\":\"Person\",\"@id\":\"https:\/\/www.noticiasradioreflejos.com.ar\/2021\/#\/schema\/person\/ad82545263dcc5ec0996818884fd5fb1\",\"name\":\"Arnaldo Botto\",\"image\":{\"@type\":\"ImageObject\",\"inLanguage\":\"es\",\"@id\":\"https:\/\/www.noticiasradioreflejos.com.ar\/2021\/#\/schema\/person\/image\/\",\"url\":\"https:\/\/secure.gravatar.com\/avatar\/55cb5e37c1efa326397366e6974cb338056df65cb50e7d64d1cf314e87504837?s=96&d=mm&r=g\",\"contentUrl\":\"https:\/\/secure.gravatar.com\/avatar\/55cb5e37c1efa326397366e6974cb338056df65cb50e7d64d1cf314e87504837?s=96&d=mm&r=g\",\"caption\":\"Arnaldo Botto\"},\"url\":\"https:\/\/www.noticiasradioreflejos.com.ar\/2021\/author\/arnaldo\/\"}]}<\/script>\n<!-- \/ Yoast SEO plugin. -->","yoast_head_json":{"title":"M\u00e1s de 100 mil madres accedieron a su jubilaci\u00f3n con el reconocimiento de aportes por tareas de cuidado - Noticias Radio Reflejos","robots":{"index":"index","follow":"follow","max-snippet":"max-snippet:-1","max-image-preview":"max-image-preview:large","max-video-preview":"max-video-preview:-1"},"canonical":"https:\/\/www.noticiasradioreflejos.com.ar\/2021\/mas-de-100-mil-madres-accedieron-a-su-jubilacion-con-el-reconocimiento-de-aportes-por-tareas-de-cuidado\/","og_locale":"es_ES","og_type":"article","og_title":"M\u00e1s de 100 mil madres accedieron a su jubilaci\u00f3n con el reconocimiento de aportes por tareas de cuidado - Noticias Radio Reflejos","og_description":"En la Casa de la Cultura de Quilmes, la directora ejecutiva de ANSES,\u00a0Fernanda Raverta, junto a la intendenta,\u00a0Mayra Mendoza, otorgaron hoy la jubilaci\u00f3n n\u00famero 100 mil por la pol\u00edtica de Reconocimiento de Aportes por Tareas de Cuidado.","og_url":"https:\/\/www.noticiasradioreflejos.com.ar\/2021\/mas-de-100-mil-madres-accedieron-a-su-jubilacion-con-el-reconocimiento-de-aportes-por-tareas-de-cuidado\/","og_site_name":"Noticias Radio Reflejos","article_published_time":"2022-02-14T23:12:57+00:00","og_image":[{"width":300,"height":200,"url":"https:\/\/www.noticiasradioreflejos.com.ar\/2021\/wp-content\/uploads\/2021\/07\/logosol300x200.png","type":"image\/png"}],"author":"Arnaldo Botto","twitter_card":"summary_large_image","schema":{"@context":"https:\/\/schema.org","@graph":[{"@type":"WebPage","@id":"https:\/\/www.noticiasradioreflejos.com.ar\/2021\/mas-de-100-mil-madres-accedieron-a-su-jubilacion-con-el-reconocimiento-de-aportes-por-tareas-de-cuidado\/","url":"https:\/\/www.noticiasradioreflejos.com.ar\/2021\/mas-de-100-mil-madres-accedieron-a-su-jubilacion-con-el-reconocimiento-de-aportes-por-tareas-de-cuidado\/","name":"M\u00e1s de 100 mil madres accedieron a su jubilaci\u00f3n con el reconocimiento de aportes por tareas de cuidado - Noticias Radio Reflejos","isPartOf":{"@id":"https:\/\/www.noticiasradioreflejos.com.ar\/2021\/#website"},"datePublished":"2022-02-14T23:12:57+00:00","author":{"@id":"https:\/\/www.noticiasradioreflejos.com.ar\/2021\/#\/schema\/person\/ad82545263dcc5ec0996818884fd5fb1"},"breadcrumb":{"@id":"https:\/\/www.noticiasradioreflejos.com.ar\/2021\/mas-de-100-mil-madres-accedieron-a-su-jubilacion-con-el-reconocimiento-de-aportes-por-tareas-de-cuidado\/#breadcrumb"},"inLanguage":"es","potentialAction":[{"@type":"ReadAction","target":["https:\/\/www.noticiasradioreflejos.com.ar\/2021\/mas-de-100-mil-madres-accedieron-a-su-jubilacion-con-el-reconocimiento-de-aportes-por-tareas-de-cuidado\/"]}]},{"@type":"BreadcrumbList","@id":"https:\/\/www.noticiasradioreflejos.com.ar\/2021\/mas-de-100-mil-madres-accedieron-a-su-jubilacion-con-el-reconocimiento-de-aportes-por-tareas-de-cuidado\/#breadcrumb","itemListElement":[{"@type":"ListItem","position":1,"name":"Portada","item":"https:\/\/www.noticiasradioreflejos.com.ar\/2021\/"},{"@type":"ListItem","position":2,"name":"M\u00e1s de 100 mil madres accedieron a su jubilaci\u00f3n con el reconocimiento de aportes por tareas de cuidado"}]},{"@type":"WebSite","@id":"https:\/\/www.noticiasradioreflejos.com.ar\/2021\/#website","url":"https:\/\/www.noticiasradioreflejos.com.ar\/2021\/","name":"Noticias Radio Reflejos","description":"Las noticias de mi comarca","potentialAction":[{"@type":"SearchAction","target":{"@type":"EntryPoint","urlTemplate":"https:\/\/www.noticiasradioreflejos.com.ar\/2021\/?s={search_term_string}"},"query-input":{"@type":"PropertyValueSpecification","valueRequired":true,"valueName":"search_term_string"}}],"inLanguage":"es"},{"@type":"Person","@id":"https:\/\/www.noticiasradioreflejos.com.ar\/2021\/#\/schema\/person\/ad82545263dcc5ec0996818884fd5fb1","name":"Arnaldo Botto","image":{"@type":"ImageObject","inLanguage":"es","@id":"https:\/\/www.noticiasradioreflejos.com.ar\/2021\/#\/schema\/person\/image\/","url":"https:\/\/secure.gravatar.com\/avatar\/55cb5e37c1efa326397366e6974cb338056df65cb50e7d64d1cf314e87504837?s=96&d=mm&r=g","contentUrl":"https:\/\/secure.gravatar.com\/avatar\/55cb5e37c1efa326397366e6974cb338056df65cb50e7d64d1cf314e87504837?s=96&d=mm&r=g","caption":"Arnaldo Botto"},"url":"https:\/\/www.noticiasradioreflejos.com.ar\/2021\/author\/arnaldo\/"}]}},"_links":{"self":[{"href":"https:\/\/www.noticiasradioreflejos.com.ar\/2021\/wp-json\/wp\/v2\/posts\/68250","targetHints":{"allow":["GET"]}}],"collection":[{"href":"https:\/\/www.noticiasradioreflejos.com.ar\/2021\/wp-json\/wp\/v2\/posts"}],"about":[{"href":"https:\/\/www.noticiasradioreflejos.com.ar\/2021\/wp-json\/wp\/v2\/types\/post"}],"author":[{"embeddable":true,"href":"https:\/\/www.noticiasradioreflejos.com.ar\/2021\/wp-json\/wp\/v2\/users\/3"}],"replies":[{"embeddable":true,"href":"https:\/\/www.noticiasradioreflejos.com.ar\/2021\/wp-json\/wp\/v2\/comments?post=68250"}],"version-history":[{"count":1,"href":"https:\/\/www.noticiasradioreflejos.com.ar\/2021\/wp-json\/wp\/v2\/posts\/68250\/revisions"}],"predecessor-version":[{"id":68252,"href":"https:\/\/www.noticiasradioreflejos.com.ar\/2021\/wp-json\/wp\/v2\/posts\/68250\/revisions\/68252"}],"wp:attachment":[{"href":"https:\/\/www.noticiasradioreflejos.com.ar\/2021\/wp-json\/wp\/v2\/media?parent=68250"}],"wp:term":[{"taxonomy":"category","embeddable":true,"href":"https:\/\/www.noticiasradioreflejos.com.ar\/2021\/wp-json\/wp\/v2\/categories?post=68250"},{"taxonomy":"post_tag","embeddable":true,"href":"https:\/\/www.noticiasradioreflejos.com.ar\/2021\/wp-json\/wp\/v2\/tags?post=68250"}],"curies":[{"name":"wp","href":"https:\/\/api.w.org\/{rel}","templated":true}]}}