{"id":68248,"date":"2022-02-14T23:10:16","date_gmt":"2022-02-14T23:10:16","guid":{"rendered":"http:\/\/www.noticiasradioreflejos.com.ar\/2021\/?p=68248"},"modified":"2022-02-14T23:10:16","modified_gmt":"2022-02-14T23:10:16","slug":"proyecto-de-resolucion-presentado-por-el-bloque-juntos-y-juntos-por-el-cambio","status":"publish","type":"post","link":"https:\/\/www.noticiasradioreflejos.com.ar\/2021\/proyecto-de-resolucion-presentado-por-el-bloque-juntos-y-juntos-por-el-cambio\/","title":{"rendered":"Proyecto de Resoluci\u00f3n presentado por el Bloque Juntos y Juntos por el Cambio."},"content":{"rendered":"<p>La decisi\u00f3n Administrativa del Jefe Ministros del Gobierno Nacional en la que se establece que se deber\u00e1 acreditar esquema de vacunaci\u00f3n completo contra el Covid-19 para actividades definidas como ACTIVIDADES DE MAYOR RIESGO EPIDEMIOL\u00d3GICO Y SANITARIO<!--more--> y la adhesi\u00f3n a la misma por parte del gobierno de la Provincia de Buenos Aires, agregando por resoluci\u00f3n conjunta\u00a0\u00a0 el pedido de Pase Sanitario, para la realizaci\u00f3n de tr\u00e1mites presenciales ante organismos p\u00fablicos provinciales y\/o municipales; tr\u00e1mites presenciales ante entidades privadas, cuando impliquen aglomeraci\u00f3n \u00a0de personas y a trabajadores que realicen atenci\u00f3n al p\u00fablico,\u00a0 y ;<\/p>\n<p>&nbsp;<\/p>\n<p><u>CONSIDERANDO:<\/u><\/p>\n<p>&nbsp;<\/p>\n<p>Que la necesidad de acreditar el esquema de vacunaci\u00f3n es para incentivar la misma, siendo que en Tornquist este porcentaje supera el 70% de personas con esquema completo (al menos 2 dosis) y que seg\u00fan los estudios realizados el COVID-19 tiene un factor de reproducci\u00f3n (R0) 3 lo que implica que con un 70% de vacunaci\u00f3n se considera haber alcanzado la inmunidad necesaria para una poblaci\u00f3n;<\/p>\n<p>&nbsp;<\/p>\n<p>Que en nuestro pa\u00eds no se ha establecido como obligatoria la vacuna siendo inconsistente el pedido de acreditaci\u00f3n de haber realizado una acci\u00f3n no obligatoria;<\/p>\n<p>&nbsp;<\/p>\n<p>Que todas las vacunas a las que se tiene acceso a\u00fan se encuentran en fase de investigaci\u00f3n y fueron autorizadas en su uso en calidad de \u201cEmergencia\u201d, exigir demostrar la vacunaci\u00f3n contradice el Art\u00edculo N\u00ba 58 inciso f del C\u00f3digo Civil que dice que \u201c\u2026toda investigaci\u00f3n en humanos [\u2026] f) contar con el consentimiento previo, libre, escrito, informado y espec\u00edfico de la persona que participa\u2026\u201d;<\/p>\n<p>&nbsp;<\/p>\n<p>Que si bien el sentido es aumentar el porcentaje de vacunaci\u00f3n nunca puede realizarse sobre la base de la prohibici\u00f3n, o estigmatizaci\u00f3n de las personas\u00a0\u00a0\u00a0\u00a0\u00a0\u00a0 que eligieron libremente no hacerlo;<\/p>\n<p>&nbsp;<\/p>\n<p>Que La ley N\u00ba 27573 &#8211; Ley De Vacunas Destinadas A Generar Inmunidad Adquirida Contra El COVID-19 en su art\u00edculo N\u00ba4 establece \u201c\u2026 indemnidad patrimonial respecto de indemnizaciones y otras reclamaciones pecuniarias\u2026\u201d para las farmac\u00e9uticas. Implica que no se puede obligar a demostrar una acci\u00f3n en la\u00a0\u00a0 que se proh\u00edbe reclamar ante alg\u00fan problema;<\/p>\n<p>&nbsp;<\/p>\n<p>Que la Constituci\u00f3n Nacional en su Art\u00edculo N\u00ba19 establece \u201c\u2026Ning\u00fan habitante de la Naci\u00f3n ser\u00e1 obligado a hacer lo que no manda la Ley, ni privado de lo que ella no proh\u00edbe.\u201d, y que no existe Ley que declare la obligatoriedad de las vacunas contra el COVID-19. No puede ser obligatorio demostrar haber realizado un acto que la ley no manda;<\/p>\n<p>&nbsp;<\/p>\n<p>Que desde el mismo Gobierno Nacional decidieron no apoyar un proyecto de Ley\u00a0 para establecer la obligatoriedad de la vacuna con expresiones como las de la titular del Ministerio de Salud de la Naci\u00f3n Dra. Carla Vizzotti \u201cNo es la obligatoriedad la soluci\u00f3n para mejorar las coberturas. En Argentina tenemos coberturas muy altas y seguimos avanzando. No es necesario una ley desde lo regulatorio y desde el \u00e1rea t\u00e9cnica no creemos que sea el momento\u201d;<\/p>\n<p>&nbsp;<\/p>\n<p>Que la Ley N\u00b0 23.592 &#8211; Actos Discriminatorios en su Art\u00edculo N\u00b01 establece \u201cQuien arbitrariamente impida, obstruya, restrinja o de alg\u00fan modo menoscabe el pleno ejercicio sobre bases igualitarias de los derechos y garant\u00edas fundamentales reconocidos en la Constituci\u00f3n Nacional, ser\u00e1 obligado, a pedido del damnificado, a dejar sin efecto el acto discriminatorio o cesar en su realizaci\u00f3n y a reparar el da\u00f1o moral y material ocasionados. A los efectos del presente art\u00edculo se considerar\u00e1n particularmente los actos u omisiones discriminatorios determinados por motivos tales como raza, religi\u00f3n, nacionalidad, ideolog\u00eda, opini\u00f3n pol\u00edtica o gremial, sexo, posici\u00f3n econ\u00f3mica, condici\u00f3n social o caracteres f\u00edsicos.\u201d;<\/p>\n<p>Que la obligatoriedad de presentar el Pase Sanitario contradice la Constituci\u00f3n de la Provincia de Buenos Aires que en su Art\u00edculo N\u00ba 11 establece: \u201c\u2026 La Provincia no admite distinciones, discriminaciones ni privilegios por razones de sexo, raza, religi\u00f3n, nacionalidad, lengua, ideolog\u00eda, opini\u00f3n, enfermedades de riesgo, caracter\u00edsticas f\u00edsicas o cualquier otra condici\u00f3n amparada por las normas Constitucionales. \u2026\u201d;<\/p>\n<p>&nbsp;<\/p>\n<p>POR ELLO:<\/p>\n<p>&nbsp;<\/p>\n<p><strong><u>LOS BLOQUES DE JUNTOS POR EL CAMBIO Y JUNTOS <\/u><\/strong><\/p>\n<p><strong><u>PRESENTAN \u00a0EL SIGUIENTE<\/u><\/strong><\/p>\n<p><strong><u>\u00a0 PROYECTO DE RESOLUCION:<\/u><\/strong><\/p>\n<p>&nbsp;<\/p>\n<p><u>ART\u00cdCULO 1\u00ba:<\/u> Declarar la no Obligatoriedad de la presentaci\u00f3n del Pase Sanitario en ninguna circunstancia y ante ning\u00fan ente en el territorio del Partido de Tornquist.<\/p>\n<p><u>ART\u00cdCULO 2\u00ba:<\/u> Instar al Departamento Ejecutivo no asignar partidas monetarias, personal y\/o material al control del cumplimiento del pedido Obligatorio del Pase Sanitario.<\/p>\n<p><u>ART\u00cdCULO 3\u00ba:<\/u> Instar a las m\u00e1ximas autoridades a nivel local de los organismos p\u00fablicos provinciales y\/o municipales y de las entidades privadas, no solicitar el Pase Sanitario a los ciudadanos que ingresen a los establecimientos.<\/p>\n<p><u>\u00a0ART\u00cdCULO 4\u00ba:<\/u> De forma.<\/p>\n","protected":false},"excerpt":{"rendered":"<p>La decisi\u00f3n Administrativa del Jefe Ministros del Gobierno Nacional en la que se establece que se deber\u00e1 acreditar esquema de vacunaci\u00f3n completo contra el Covid-19 para actividades definidas como ACTIVIDADES DE MAYOR RIESGO EPIDEMIOL\u00d3GICO Y SANITARIO<\/p>\n","protected":false},"author":3,"featured_media":0,"comment_status":"closed","ping_status":"closed","sticky":false,"template":"","format":"standard","meta":{"footnotes":""},"categories":[24],"tags":[],"class_list":["post-68248","post","type-post","status-publish","format-standard","hentry","category-politica"],"yoast_head":"<!-- This site is optimized with the Yoast SEO plugin v25.9 - https:\/\/yoast.com\/wordpress\/plugins\/seo\/ -->\n<title>Proyecto de Resoluci\u00f3n presentado por el Bloque Juntos y Juntos por el Cambio. - Noticias Radio Reflejos<\/title>\n<meta name=\"robots\" content=\"index, follow, max-snippet:-1, max-image-preview:large, max-video-preview:-1\" \/>\n<link rel=\"canonical\" href=\"https:\/\/www.noticiasradioreflejos.com.ar\/2021\/proyecto-de-resolucion-presentado-por-el-bloque-juntos-y-juntos-por-el-cambio\/\" \/>\n<meta property=\"og:locale\" content=\"es_ES\" \/>\n<meta property=\"og:type\" content=\"article\" \/>\n<meta property=\"og:title\" content=\"Proyecto de Resoluci\u00f3n presentado por el Bloque Juntos y Juntos por el Cambio. - Noticias Radio Reflejos\" \/>\n<meta property=\"og:description\" content=\"La decisi\u00f3n Administrativa del Jefe Ministros del Gobierno Nacional en la que se establece que se deber\u00e1 acreditar esquema de vacunaci\u00f3n completo contra el Covid-19 para actividades definidas como ACTIVIDADES DE MAYOR RIESGO EPIDEMIOL\u00d3GICO Y SANITARIO\" \/>\n<meta property=\"og:url\" content=\"https:\/\/www.noticiasradioreflejos.com.ar\/2021\/proyecto-de-resolucion-presentado-por-el-bloque-juntos-y-juntos-por-el-cambio\/\" \/>\n<meta property=\"og:site_name\" content=\"Noticias Radio Reflejos\" \/>\n<meta property=\"article:published_time\" content=\"2022-02-14T23:10:16+00:00\" \/>\n<meta property=\"og:image\" content=\"https:\/\/www.noticiasradioreflejos.com.ar\/2021\/wp-content\/uploads\/2021\/07\/logosol300x200.png\" \/>\n\t<meta property=\"og:image:width\" content=\"300\" \/>\n\t<meta property=\"og:image:height\" content=\"200\" \/>\n\t<meta property=\"og:image:type\" content=\"image\/png\" \/>\n<meta name=\"author\" content=\"Arnaldo Botto\" \/>\n<meta name=\"twitter:card\" content=\"summary_large_image\" \/>\n<script type=\"application\/ld+json\" class=\"yoast-schema-graph\">{\"@context\":\"https:\/\/schema.org\",\"@graph\":[{\"@type\":\"WebPage\",\"@id\":\"https:\/\/www.noticiasradioreflejos.com.ar\/2021\/proyecto-de-resolucion-presentado-por-el-bloque-juntos-y-juntos-por-el-cambio\/\",\"url\":\"https:\/\/www.noticiasradioreflejos.com.ar\/2021\/proyecto-de-resolucion-presentado-por-el-bloque-juntos-y-juntos-por-el-cambio\/\",\"name\":\"Proyecto de Resoluci\u00f3n presentado por el Bloque Juntos y Juntos por el Cambio. - Noticias Radio Reflejos\",\"isPartOf\":{\"@id\":\"https:\/\/www.noticiasradioreflejos.com.ar\/2021\/#website\"},\"datePublished\":\"2022-02-14T23:10:16+00:00\",\"author\":{\"@id\":\"https:\/\/www.noticiasradioreflejos.com.ar\/2021\/#\/schema\/person\/ad82545263dcc5ec0996818884fd5fb1\"},\"breadcrumb\":{\"@id\":\"https:\/\/www.noticiasradioreflejos.com.ar\/2021\/proyecto-de-resolucion-presentado-por-el-bloque-juntos-y-juntos-por-el-cambio\/#breadcrumb\"},\"inLanguage\":\"es\",\"potentialAction\":[{\"@type\":\"ReadAction\",\"target\":[\"https:\/\/www.noticiasradioreflejos.com.ar\/2021\/proyecto-de-resolucion-presentado-por-el-bloque-juntos-y-juntos-por-el-cambio\/\"]}]},{\"@type\":\"BreadcrumbList\",\"@id\":\"https:\/\/www.noticiasradioreflejos.com.ar\/2021\/proyecto-de-resolucion-presentado-por-el-bloque-juntos-y-juntos-por-el-cambio\/#breadcrumb\",\"itemListElement\":[{\"@type\":\"ListItem\",\"position\":1,\"name\":\"Portada\",\"item\":\"https:\/\/www.noticiasradioreflejos.com.ar\/2021\/\"},{\"@type\":\"ListItem\",\"position\":2,\"name\":\"Proyecto de Resoluci\u00f3n presentado por el Bloque Juntos y Juntos por el Cambio.\"}]},{\"@type\":\"WebSite\",\"@id\":\"https:\/\/www.noticiasradioreflejos.com.ar\/2021\/#website\",\"url\":\"https:\/\/www.noticiasradioreflejos.com.ar\/2021\/\",\"name\":\"Noticias Radio Reflejos\",\"description\":\"Las noticias de mi comarca\",\"potentialAction\":[{\"@type\":\"SearchAction\",\"target\":{\"@type\":\"EntryPoint\",\"urlTemplate\":\"https:\/\/www.noticiasradioreflejos.com.ar\/2021\/?s={search_term_string}\"},\"query-input\":{\"@type\":\"PropertyValueSpecification\",\"valueRequired\":true,\"valueName\":\"search_term_string\"}}],\"inLanguage\":\"es\"},{\"@type\":\"Person\",\"@id\":\"https:\/\/www.noticiasradioreflejos.com.ar\/2021\/#\/schema\/person\/ad82545263dcc5ec0996818884fd5fb1\",\"name\":\"Arnaldo Botto\",\"image\":{\"@type\":\"ImageObject\",\"inLanguage\":\"es\",\"@id\":\"https:\/\/www.noticiasradioreflejos.com.ar\/2021\/#\/schema\/person\/image\/\",\"url\":\"https:\/\/secure.gravatar.com\/avatar\/55cb5e37c1efa326397366e6974cb338056df65cb50e7d64d1cf314e87504837?s=96&d=mm&r=g\",\"contentUrl\":\"https:\/\/secure.gravatar.com\/avatar\/55cb5e37c1efa326397366e6974cb338056df65cb50e7d64d1cf314e87504837?s=96&d=mm&r=g\",\"caption\":\"Arnaldo Botto\"},\"url\":\"https:\/\/www.noticiasradioreflejos.com.ar\/2021\/author\/arnaldo\/\"}]}<\/script>\n<!-- \/ Yoast SEO plugin. -->","yoast_head_json":{"title":"Proyecto de Resoluci\u00f3n presentado por el Bloque Juntos y Juntos por el Cambio. - Noticias Radio Reflejos","robots":{"index":"index","follow":"follow","max-snippet":"max-snippet:-1","max-image-preview":"max-image-preview:large","max-video-preview":"max-video-preview:-1"},"canonical":"https:\/\/www.noticiasradioreflejos.com.ar\/2021\/proyecto-de-resolucion-presentado-por-el-bloque-juntos-y-juntos-por-el-cambio\/","og_locale":"es_ES","og_type":"article","og_title":"Proyecto de Resoluci\u00f3n presentado por el Bloque Juntos y Juntos por el Cambio. - Noticias Radio Reflejos","og_description":"La decisi\u00f3n Administrativa del Jefe Ministros del Gobierno Nacional en la que se establece que se deber\u00e1 acreditar esquema de vacunaci\u00f3n completo contra el Covid-19 para actividades definidas como ACTIVIDADES DE MAYOR RIESGO EPIDEMIOL\u00d3GICO Y SANITARIO","og_url":"https:\/\/www.noticiasradioreflejos.com.ar\/2021\/proyecto-de-resolucion-presentado-por-el-bloque-juntos-y-juntos-por-el-cambio\/","og_site_name":"Noticias Radio Reflejos","article_published_time":"2022-02-14T23:10:16+00:00","og_image":[{"width":300,"height":200,"url":"https:\/\/www.noticiasradioreflejos.com.ar\/2021\/wp-content\/uploads\/2021\/07\/logosol300x200.png","type":"image\/png"}],"author":"Arnaldo Botto","twitter_card":"summary_large_image","schema":{"@context":"https:\/\/schema.org","@graph":[{"@type":"WebPage","@id":"https:\/\/www.noticiasradioreflejos.com.ar\/2021\/proyecto-de-resolucion-presentado-por-el-bloque-juntos-y-juntos-por-el-cambio\/","url":"https:\/\/www.noticiasradioreflejos.com.ar\/2021\/proyecto-de-resolucion-presentado-por-el-bloque-juntos-y-juntos-por-el-cambio\/","name":"Proyecto de Resoluci\u00f3n presentado por el Bloque Juntos y Juntos por el Cambio. - Noticias Radio Reflejos","isPartOf":{"@id":"https:\/\/www.noticiasradioreflejos.com.ar\/2021\/#website"},"datePublished":"2022-02-14T23:10:16+00:00","author":{"@id":"https:\/\/www.noticiasradioreflejos.com.ar\/2021\/#\/schema\/person\/ad82545263dcc5ec0996818884fd5fb1"},"breadcrumb":{"@id":"https:\/\/www.noticiasradioreflejos.com.ar\/2021\/proyecto-de-resolucion-presentado-por-el-bloque-juntos-y-juntos-por-el-cambio\/#breadcrumb"},"inLanguage":"es","potentialAction":[{"@type":"ReadAction","target":["https:\/\/www.noticiasradioreflejos.com.ar\/2021\/proyecto-de-resolucion-presentado-por-el-bloque-juntos-y-juntos-por-el-cambio\/"]}]},{"@type":"BreadcrumbList","@id":"https:\/\/www.noticiasradioreflejos.com.ar\/2021\/proyecto-de-resolucion-presentado-por-el-bloque-juntos-y-juntos-por-el-cambio\/#breadcrumb","itemListElement":[{"@type":"ListItem","position":1,"name":"Portada","item":"https:\/\/www.noticiasradioreflejos.com.ar\/2021\/"},{"@type":"ListItem","position":2,"name":"Proyecto de Resoluci\u00f3n presentado por el Bloque Juntos y Juntos por el Cambio."}]},{"@type":"WebSite","@id":"https:\/\/www.noticiasradioreflejos.com.ar\/2021\/#website","url":"https:\/\/www.noticiasradioreflejos.com.ar\/2021\/","name":"Noticias Radio Reflejos","description":"Las noticias de mi comarca","potentialAction":[{"@type":"SearchAction","target":{"@type":"EntryPoint","urlTemplate":"https:\/\/www.noticiasradioreflejos.com.ar\/2021\/?s={search_term_string}"},"query-input":{"@type":"PropertyValueSpecification","valueRequired":true,"valueName":"search_term_string"}}],"inLanguage":"es"},{"@type":"Person","@id":"https:\/\/www.noticiasradioreflejos.com.ar\/2021\/#\/schema\/person\/ad82545263dcc5ec0996818884fd5fb1","name":"Arnaldo Botto","image":{"@type":"ImageObject","inLanguage":"es","@id":"https:\/\/www.noticiasradioreflejos.com.ar\/2021\/#\/schema\/person\/image\/","url":"https:\/\/secure.gravatar.com\/avatar\/55cb5e37c1efa326397366e6974cb338056df65cb50e7d64d1cf314e87504837?s=96&d=mm&r=g","contentUrl":"https:\/\/secure.gravatar.com\/avatar\/55cb5e37c1efa326397366e6974cb338056df65cb50e7d64d1cf314e87504837?s=96&d=mm&r=g","caption":"Arnaldo Botto"},"url":"https:\/\/www.noticiasradioreflejos.com.ar\/2021\/author\/arnaldo\/"}]}},"_links":{"self":[{"href":"https:\/\/www.noticiasradioreflejos.com.ar\/2021\/wp-json\/wp\/v2\/posts\/68248","targetHints":{"allow":["GET"]}}],"collection":[{"href":"https:\/\/www.noticiasradioreflejos.com.ar\/2021\/wp-json\/wp\/v2\/posts"}],"about":[{"href":"https:\/\/www.noticiasradioreflejos.com.ar\/2021\/wp-json\/wp\/v2\/types\/post"}],"author":[{"embeddable":true,"href":"https:\/\/www.noticiasradioreflejos.com.ar\/2021\/wp-json\/wp\/v2\/users\/3"}],"replies":[{"embeddable":true,"href":"https:\/\/www.noticiasradioreflejos.com.ar\/2021\/wp-json\/wp\/v2\/comments?post=68248"}],"version-history":[{"count":1,"href":"https:\/\/www.noticiasradioreflejos.com.ar\/2021\/wp-json\/wp\/v2\/posts\/68248\/revisions"}],"predecessor-version":[{"id":68249,"href":"https:\/\/www.noticiasradioreflejos.com.ar\/2021\/wp-json\/wp\/v2\/posts\/68248\/revisions\/68249"}],"wp:attachment":[{"href":"https:\/\/www.noticiasradioreflejos.com.ar\/2021\/wp-json\/wp\/v2\/media?parent=68248"}],"wp:term":[{"taxonomy":"category","embeddable":true,"href":"https:\/\/www.noticiasradioreflejos.com.ar\/2021\/wp-json\/wp\/v2\/categories?post=68248"},{"taxonomy":"post_tag","embeddable":true,"href":"https:\/\/www.noticiasradioreflejos.com.ar\/2021\/wp-json\/wp\/v2\/tags?post=68248"}],"curies":[{"name":"wp","href":"https:\/\/api.w.org\/{rel}","templated":true}]}}