{"id":68242,"date":"2022-02-14T20:28:32","date_gmt":"2022-02-14T20:28:32","guid":{"rendered":"http:\/\/www.noticiasradioreflejos.com.ar\/2021\/?p=68242"},"modified":"2022-02-14T20:29:35","modified_gmt":"2022-02-14T20:29:35","slug":"cambio-climatico-dramatico-preinforme-de-la-onu","status":"publish","type":"post","link":"https:\/\/www.noticiasradioreflejos.com.ar\/2021\/cambio-climatico-dramatico-preinforme-de-la-onu\/","title":{"rendered":"Cambio clim\u00e1tico: dram\u00e1tico preinforme de la ONU"},"content":{"rendered":"<p>\u00abLas personas deber\u00e1n adaptarse para enfrentar las consecuencias devastadoras e inevitables del calentamiento global\u00bb, advirti\u00f3 dram\u00e1ticamente este lunes el presidente del Panel Intergubernamental de Expertos sobre el Cambio Clim\u00e1tico de las Naciones Unidas (IPCC), Hoesung Lee, durante el comienzo de las reuniones que tratar\u00e1n el impacto destructor de este fen\u00f3meno en el medioambiente y las medidas urgentes que los Gobiernos tendr\u00e1n que tomar para aliviar la cat\u00e1strofe clim\u00e1tica.<!--more--><\/p>\n<p>El jefe del grupo de expertos de la ONU sostuvo que \u00abnunca ha habido tanto en juego y la lucha contra el cambio clim\u00e1tico es mayor que nunca\u00bb, por lo que se reunir\u00e1n durante las pr\u00f3ximas dos semanas para analizar y elaborar la segunda parte del Informe Especial sobre los impactos del calentamiento global.<\/p>\n<div id=\"talkFireEvent\"><\/div>\n<p>Si bien desde hace muchos a\u00f1os la IPCC viene alertando sobre las nefastas consecuencias del calentamiento global, la novedad de este \u00faltimo informe es que se enfoca en la adaptaci\u00f3n: el cambio clim\u00e1tico tendr\u00e1 un impacto devastador e inevitable en la Tierra y las personas no tendr\u00e1n m\u00e1s opci\u00f3n que adaptarse a ese nuevo escenario.<\/p>\n<p>De las reuniones que comienzan este lunes, en las que participan 195 pa\u00edses, surgir\u00e1 un documento de 40 p\u00e1ginas que ser\u00e1 publicado el 28 de febrero, y que \u00abva a integrar m\u00e1s estrechamente las ciencias econ\u00f3micas y sociales y va a aportar a los responsables de pol\u00edticas p\u00fablicas los conocimientos para ayudarlos a elaborar directivas y tomar decisiones\u00bb, destac\u00f3\u00a0Hoesung Lee.<\/p>\n<p><b>Los informes<\/b><\/p>\n<p>\u00abEn ciertas zonas, si las temperaturas exceden niveles muy elevados, la vida humana ya no ser\u00e1 posible\u00bb, ya hab\u00eda advertido uno de los autores del primer informe, el climat\u00f3logo Laurent Bopp.<\/p>\n<p>En dicho documento, publicado en agosto pasado, los expertos del IPCC estimaron que para 2030, diez a\u00f1os antes de lo previsto, la temperatura global habr\u00e1 aumentado en 1,5\u00baC.<\/p>\n<p>El segundo cap\u00edtulo del informe advierte sobre las consecuencias inevitables del calentamiento global y destaca que la forma para enfrentarlo ser\u00e1 la adaptaci\u00f3n.<\/p>\n<p>La tercera parte, que saldr\u00e1 en abril, estar\u00e1 orientada a las soluciones para reducir las emisiones de gas de efecto invernadero.<\/p>\n<p><b>Consecuencias visibles<\/b><\/p>\n<p>Tras m\u00e1s de un siglo y medio de desarrollo econ\u00f3mico basado en las energ\u00edas f\u00f3siles, la temperatura del planeta ha subido 1,1 \u00baC desde la era preindustrial, multiplicando las can\u00edculas, las sequ\u00edas, las tormentas y las inundaciones devastadoras.<\/p>\n<p>La extinci\u00f3n de especies, el colapso de ecosistemas, las enfermedades transmitidas por los mosquitos, las olas de calor mortales, la sequ\u00eda y la reducci\u00f3n de las cosechas, ya son consecuencias palpables del alza de las temperaturas.<\/p>\n<p>En casi todos los continentes, el mundo sufre cat\u00e1strofes, como los incendios en el oeste de Estados Unidos, Grecia o Turqu\u00eda el a\u00f1o pasado, las inundaciones que afectaron Alemania o China, y el calor de casi 50\u00baC en Canad\u00e1.<\/p>\n<p>Cerca de \u00ab4.500 millones de habitantes del planeta sufrieron alguna cat\u00e1strofe ligada a un evento clim\u00e1tico en los \u00faltimos 20 a\u00f1os\u00bb, agreg\u00f3 el jefe del Organizaci\u00f3n Meteorol\u00f3gica Mundial (OMM), se\u00f1alando que las energ\u00edas f\u00f3siles \u00abdoparon\u00bb la atm\u00f3sfera, reforzando el efecto invernadero.<\/p>\n<p>Las consecuencias del calentamiento global impactar\u00e1n a todos los continentes y todos los aspectos: salud, seguridad alimentaria, escasez de agua, desplazamiento de poblaciones, destrucci\u00f3n de ecosistemas.<\/p>\n<p><b>Necesidad de medidas urgentes<\/b><\/p>\n<p>Sin embargo, \u00abel aumento de los impactos clim\u00e1ticos supera ampliamente nuestros esfuerzos para adaptarnos\u00bb, se\u00f1al\u00f3 que Inger Andersen, directora del Programa de la ONU para el Medio Ambiente (PNUMA).<\/p>\n<p>Para Andersen, el mundo ya est\u00e1 informado sobre los resultados cient\u00edficos que presentan los expertos de la ONU cada a\u00f1o y de d\u00e9cada en d\u00e9cada, pero recalc\u00f3 que \u00abreconocer las pruebas s\u00f3lo es el primer paso\u00bb.<\/p>\n<p>Frente a la necesidad de reducir las emisiones de gases que atrapan el calor de aqu\u00ed al 2030 -en cerca del 50%-, para no superar el l\u00edmite de +1,5\u00baC de la temperatura global, el mundo se comprometi\u00f3 en la COP26 de Glasgow, en noviembre pasado, a acelerar la lucha contra el calentamiento.<\/p>\n<p>No obstante, el secretario general de la ONU, Antonio Guterres, calific\u00f3 dicha iniciativa como \u00abinsuficiente\u00bb para aplazar \u00abla cat\u00e1strofe clim\u00e1tica que a\u00fan toca la puerta\u00bb.<\/p>\n<p>En tanto, la copresidenta del grupo de expertos de la ONU, Debra Roberts, hizo hincapi\u00e9 en que este segundo informe no se trata \u00absimplemente una lista de cosas que se puede hacer, sino tambi\u00e9n una evaluaci\u00f3n de la eficacia y la viabilidad\u00bb de las medidas.<\/p>\n<p>&nbsp;<\/p>\n<p><span style=\"color: #0000ff;\"><em><strong>Fuente P\u00e1gina 12<\/strong><\/em><\/span><\/p>\n","protected":false},"excerpt":{"rendered":"<p>\u00abLas personas deber\u00e1n adaptarse para enfrentar las consecuencias devastadoras e inevitables del calentamiento global\u00bb, advirti\u00f3 dram\u00e1ticamente este lunes el presidente del Panel Intergubernamental de Expertos sobre el Cambio Clim\u00e1tico de las Naciones Unidas (IPCC), Hoesung Lee, durante el comienzo de las reuniones que tratar\u00e1n el impacto destructor de este fen\u00f3meno en el medioambiente y las [&hellip;]<\/p>\n","protected":false},"author":3,"featured_media":0,"comment_status":"closed","ping_status":"closed","sticky":false,"template":"","format":"standard","meta":{"footnotes":""},"categories":[46,26],"tags":[],"class_list":["post-68242","post","type-post","status-publish","format-standard","hentry","category-ciencia-y-tecnologia","category-sociedad"],"yoast_head":"<!-- This site is optimized with the Yoast SEO plugin v25.9 - https:\/\/yoast.com\/wordpress\/plugins\/seo\/ -->\n<title>Cambio clim\u00e1tico: dram\u00e1tico preinforme de la ONU - Noticias Radio Reflejos<\/title>\n<meta name=\"robots\" content=\"index, follow, max-snippet:-1, max-image-preview:large, max-video-preview:-1\" \/>\n<link rel=\"canonical\" href=\"https:\/\/www.noticiasradioreflejos.com.ar\/2021\/cambio-climatico-dramatico-preinforme-de-la-onu\/\" \/>\n<meta property=\"og:locale\" content=\"es_ES\" \/>\n<meta property=\"og:type\" content=\"article\" \/>\n<meta property=\"og:title\" content=\"Cambio clim\u00e1tico: dram\u00e1tico preinforme de la ONU - Noticias Radio Reflejos\" \/>\n<meta property=\"og:description\" content=\"\u00abLas personas deber\u00e1n adaptarse para enfrentar las consecuencias devastadoras e inevitables del calentamiento global\u00bb, advirti\u00f3 dram\u00e1ticamente este lunes el presidente del Panel Intergubernamental de Expertos sobre el Cambio Clim\u00e1tico de las Naciones Unidas (IPCC), Hoesung Lee, durante el comienzo de las reuniones que tratar\u00e1n el impacto destructor de este fen\u00f3meno en el medioambiente y las [&hellip;]\" \/>\n<meta property=\"og:url\" content=\"https:\/\/www.noticiasradioreflejos.com.ar\/2021\/cambio-climatico-dramatico-preinforme-de-la-onu\/\" \/>\n<meta property=\"og:site_name\" content=\"Noticias Radio Reflejos\" \/>\n<meta property=\"article:published_time\" content=\"2022-02-14T20:28:32+00:00\" \/>\n<meta property=\"article:modified_time\" content=\"2022-02-14T20:29:35+00:00\" \/>\n<meta property=\"og:image\" content=\"https:\/\/www.noticiasradioreflejos.com.ar\/2021\/wp-content\/uploads\/2021\/07\/logosol300x200.png\" \/>\n\t<meta property=\"og:image:width\" content=\"300\" \/>\n\t<meta property=\"og:image:height\" content=\"200\" \/>\n\t<meta property=\"og:image:type\" content=\"image\/png\" \/>\n<meta name=\"author\" content=\"Arnaldo Botto\" \/>\n<meta name=\"twitter:card\" content=\"summary_large_image\" \/>\n<script type=\"application\/ld+json\" class=\"yoast-schema-graph\">{\"@context\":\"https:\/\/schema.org\",\"@graph\":[{\"@type\":\"WebPage\",\"@id\":\"https:\/\/www.noticiasradioreflejos.com.ar\/2021\/cambio-climatico-dramatico-preinforme-de-la-onu\/\",\"url\":\"https:\/\/www.noticiasradioreflejos.com.ar\/2021\/cambio-climatico-dramatico-preinforme-de-la-onu\/\",\"name\":\"Cambio clim\u00e1tico: dram\u00e1tico preinforme de la ONU - Noticias Radio Reflejos\",\"isPartOf\":{\"@id\":\"https:\/\/www.noticiasradioreflejos.com.ar\/2021\/#website\"},\"datePublished\":\"2022-02-14T20:28:32+00:00\",\"dateModified\":\"2022-02-14T20:29:35+00:00\",\"author\":{\"@id\":\"https:\/\/www.noticiasradioreflejos.com.ar\/2021\/#\/schema\/person\/ad82545263dcc5ec0996818884fd5fb1\"},\"breadcrumb\":{\"@id\":\"https:\/\/www.noticiasradioreflejos.com.ar\/2021\/cambio-climatico-dramatico-preinforme-de-la-onu\/#breadcrumb\"},\"inLanguage\":\"es\",\"potentialAction\":[{\"@type\":\"ReadAction\",\"target\":[\"https:\/\/www.noticiasradioreflejos.com.ar\/2021\/cambio-climatico-dramatico-preinforme-de-la-onu\/\"]}]},{\"@type\":\"BreadcrumbList\",\"@id\":\"https:\/\/www.noticiasradioreflejos.com.ar\/2021\/cambio-climatico-dramatico-preinforme-de-la-onu\/#breadcrumb\",\"itemListElement\":[{\"@type\":\"ListItem\",\"position\":1,\"name\":\"Portada\",\"item\":\"https:\/\/www.noticiasradioreflejos.com.ar\/2021\/\"},{\"@type\":\"ListItem\",\"position\":2,\"name\":\"Cambio clim\u00e1tico: dram\u00e1tico preinforme de la ONU\"}]},{\"@type\":\"WebSite\",\"@id\":\"https:\/\/www.noticiasradioreflejos.com.ar\/2021\/#website\",\"url\":\"https:\/\/www.noticiasradioreflejos.com.ar\/2021\/\",\"name\":\"Noticias Radio Reflejos\",\"description\":\"Las noticias de mi comarca\",\"potentialAction\":[{\"@type\":\"SearchAction\",\"target\":{\"@type\":\"EntryPoint\",\"urlTemplate\":\"https:\/\/www.noticiasradioreflejos.com.ar\/2021\/?s={search_term_string}\"},\"query-input\":{\"@type\":\"PropertyValueSpecification\",\"valueRequired\":true,\"valueName\":\"search_term_string\"}}],\"inLanguage\":\"es\"},{\"@type\":\"Person\",\"@id\":\"https:\/\/www.noticiasradioreflejos.com.ar\/2021\/#\/schema\/person\/ad82545263dcc5ec0996818884fd5fb1\",\"name\":\"Arnaldo Botto\",\"image\":{\"@type\":\"ImageObject\",\"inLanguage\":\"es\",\"@id\":\"https:\/\/www.noticiasradioreflejos.com.ar\/2021\/#\/schema\/person\/image\/\",\"url\":\"https:\/\/secure.gravatar.com\/avatar\/55cb5e37c1efa326397366e6974cb338056df65cb50e7d64d1cf314e87504837?s=96&d=mm&r=g\",\"contentUrl\":\"https:\/\/secure.gravatar.com\/avatar\/55cb5e37c1efa326397366e6974cb338056df65cb50e7d64d1cf314e87504837?s=96&d=mm&r=g\",\"caption\":\"Arnaldo Botto\"},\"url\":\"https:\/\/www.noticiasradioreflejos.com.ar\/2021\/author\/arnaldo\/\"}]}<\/script>\n<!-- \/ Yoast SEO plugin. -->","yoast_head_json":{"title":"Cambio clim\u00e1tico: dram\u00e1tico preinforme de la ONU - Noticias Radio Reflejos","robots":{"index":"index","follow":"follow","max-snippet":"max-snippet:-1","max-image-preview":"max-image-preview:large","max-video-preview":"max-video-preview:-1"},"canonical":"https:\/\/www.noticiasradioreflejos.com.ar\/2021\/cambio-climatico-dramatico-preinforme-de-la-onu\/","og_locale":"es_ES","og_type":"article","og_title":"Cambio clim\u00e1tico: dram\u00e1tico preinforme de la ONU - Noticias Radio Reflejos","og_description":"\u00abLas personas deber\u00e1n adaptarse para enfrentar las consecuencias devastadoras e inevitables del calentamiento global\u00bb, advirti\u00f3 dram\u00e1ticamente este lunes el presidente del Panel Intergubernamental de Expertos sobre el Cambio Clim\u00e1tico de las Naciones Unidas (IPCC), Hoesung Lee, durante el comienzo de las reuniones que tratar\u00e1n el impacto destructor de este fen\u00f3meno en el medioambiente y las [&hellip;]","og_url":"https:\/\/www.noticiasradioreflejos.com.ar\/2021\/cambio-climatico-dramatico-preinforme-de-la-onu\/","og_site_name":"Noticias Radio Reflejos","article_published_time":"2022-02-14T20:28:32+00:00","article_modified_time":"2022-02-14T20:29:35+00:00","og_image":[{"width":300,"height":200,"url":"https:\/\/www.noticiasradioreflejos.com.ar\/2021\/wp-content\/uploads\/2021\/07\/logosol300x200.png","type":"image\/png"}],"author":"Arnaldo Botto","twitter_card":"summary_large_image","schema":{"@context":"https:\/\/schema.org","@graph":[{"@type":"WebPage","@id":"https:\/\/www.noticiasradioreflejos.com.ar\/2021\/cambio-climatico-dramatico-preinforme-de-la-onu\/","url":"https:\/\/www.noticiasradioreflejos.com.ar\/2021\/cambio-climatico-dramatico-preinforme-de-la-onu\/","name":"Cambio clim\u00e1tico: dram\u00e1tico preinforme de la ONU - Noticias Radio Reflejos","isPartOf":{"@id":"https:\/\/www.noticiasradioreflejos.com.ar\/2021\/#website"},"datePublished":"2022-02-14T20:28:32+00:00","dateModified":"2022-02-14T20:29:35+00:00","author":{"@id":"https:\/\/www.noticiasradioreflejos.com.ar\/2021\/#\/schema\/person\/ad82545263dcc5ec0996818884fd5fb1"},"breadcrumb":{"@id":"https:\/\/www.noticiasradioreflejos.com.ar\/2021\/cambio-climatico-dramatico-preinforme-de-la-onu\/#breadcrumb"},"inLanguage":"es","potentialAction":[{"@type":"ReadAction","target":["https:\/\/www.noticiasradioreflejos.com.ar\/2021\/cambio-climatico-dramatico-preinforme-de-la-onu\/"]}]},{"@type":"BreadcrumbList","@id":"https:\/\/www.noticiasradioreflejos.com.ar\/2021\/cambio-climatico-dramatico-preinforme-de-la-onu\/#breadcrumb","itemListElement":[{"@type":"ListItem","position":1,"name":"Portada","item":"https:\/\/www.noticiasradioreflejos.com.ar\/2021\/"},{"@type":"ListItem","position":2,"name":"Cambio clim\u00e1tico: dram\u00e1tico preinforme de la ONU"}]},{"@type":"WebSite","@id":"https:\/\/www.noticiasradioreflejos.com.ar\/2021\/#website","url":"https:\/\/www.noticiasradioreflejos.com.ar\/2021\/","name":"Noticias Radio Reflejos","description":"Las noticias de mi comarca","potentialAction":[{"@type":"SearchAction","target":{"@type":"EntryPoint","urlTemplate":"https:\/\/www.noticiasradioreflejos.com.ar\/2021\/?s={search_term_string}"},"query-input":{"@type":"PropertyValueSpecification","valueRequired":true,"valueName":"search_term_string"}}],"inLanguage":"es"},{"@type":"Person","@id":"https:\/\/www.noticiasradioreflejos.com.ar\/2021\/#\/schema\/person\/ad82545263dcc5ec0996818884fd5fb1","name":"Arnaldo Botto","image":{"@type":"ImageObject","inLanguage":"es","@id":"https:\/\/www.noticiasradioreflejos.com.ar\/2021\/#\/schema\/person\/image\/","url":"https:\/\/secure.gravatar.com\/avatar\/55cb5e37c1efa326397366e6974cb338056df65cb50e7d64d1cf314e87504837?s=96&d=mm&r=g","contentUrl":"https:\/\/secure.gravatar.com\/avatar\/55cb5e37c1efa326397366e6974cb338056df65cb50e7d64d1cf314e87504837?s=96&d=mm&r=g","caption":"Arnaldo Botto"},"url":"https:\/\/www.noticiasradioreflejos.com.ar\/2021\/author\/arnaldo\/"}]}},"_links":{"self":[{"href":"https:\/\/www.noticiasradioreflejos.com.ar\/2021\/wp-json\/wp\/v2\/posts\/68242","targetHints":{"allow":["GET"]}}],"collection":[{"href":"https:\/\/www.noticiasradioreflejos.com.ar\/2021\/wp-json\/wp\/v2\/posts"}],"about":[{"href":"https:\/\/www.noticiasradioreflejos.com.ar\/2021\/wp-json\/wp\/v2\/types\/post"}],"author":[{"embeddable":true,"href":"https:\/\/www.noticiasradioreflejos.com.ar\/2021\/wp-json\/wp\/v2\/users\/3"}],"replies":[{"embeddable":true,"href":"https:\/\/www.noticiasradioreflejos.com.ar\/2021\/wp-json\/wp\/v2\/comments?post=68242"}],"version-history":[{"count":2,"href":"https:\/\/www.noticiasradioreflejos.com.ar\/2021\/wp-json\/wp\/v2\/posts\/68242\/revisions"}],"predecessor-version":[{"id":68245,"href":"https:\/\/www.noticiasradioreflejos.com.ar\/2021\/wp-json\/wp\/v2\/posts\/68242\/revisions\/68245"}],"wp:attachment":[{"href":"https:\/\/www.noticiasradioreflejos.com.ar\/2021\/wp-json\/wp\/v2\/media?parent=68242"}],"wp:term":[{"taxonomy":"category","embeddable":true,"href":"https:\/\/www.noticiasradioreflejos.com.ar\/2021\/wp-json\/wp\/v2\/categories?post=68242"},{"taxonomy":"post_tag","embeddable":true,"href":"https:\/\/www.noticiasradioreflejos.com.ar\/2021\/wp-json\/wp\/v2\/tags?post=68242"}],"curies":[{"name":"wp","href":"https:\/\/api.w.org\/{rel}","templated":true}]}}