{"id":68232,"date":"2022-02-14T20:40:20","date_gmt":"2022-02-14T20:40:20","guid":{"rendered":"http:\/\/www.noticiasradioreflejos.com.ar\/2021\/?p=68232"},"modified":"2022-02-14T20:40:20","modified_gmt":"2022-02-14T20:40:20","slug":"el-tiempo-corre-un-mediometraje-integramente-realizado-en-tornquist","status":"publish","type":"post","link":"https:\/\/www.noticiasradioreflejos.com.ar\/2021\/el-tiempo-corre-un-mediometraje-integramente-realizado-en-tornquist\/","title":{"rendered":"\u00abEl Tiempo Corre\u00bb: Un mediometraje \u00edntegramente realizado en Tornquist"},"content":{"rendered":"<p>El domingo 20 de febrero se estrena en el<strong> Teatro Rodolfo Funke <\/strong>el mediometraje <strong>\u00abEl tiempo corre\u00bb<\/strong>, una pel\u00edcula producida por <strong>Agust\u00edn y Matias Ciancia<\/strong>, dos hermanos de 19 a\u00f1os que se dedican a la cinematograf\u00eda como hobby desde el comienzo de la pandemia y que les gusta compartir sus obras con la gente del distrito.<!--more--><\/p>\n<p>\u00abNosotros empezamos en pandemia grabando videos en el patio con una c\u00e1mara que hab\u00eda comprado mi hermano\u00bb dijo Agust\u00edn, uno de los hermanos integrantes de Ciancia producciones. Coment\u00f3 que luego de abrirse un poco las salidas durante la pandemia, siguieron grabando videos de persecuci\u00f3n en el Calvario.<\/p>\n<p>\u00abDespu\u00e9s nos aburrimos de hacer siempre lo mismo e hicimos una serie, que tiene 3 temporadas y que se la mostramos m\u00e1s que nada a nuestros conocidos\u00bb continu\u00f3 contando Agust\u00edn como es que siguieron trabajando en la cinematograf\u00eda. \u00abDespu\u00e9s de eso hicimos un cortometraje y despu\u00e9s ya si hicimos una serie para que la vea todo el pueblo, que fue Los Oasis de Sarah\u00bb hizo referencia Agust\u00edn a la serie que se estren\u00f3 en el Teatro Rodolfo Funke.<\/p>\n<p>Mencion\u00f3 que desde el mes de mayo que est\u00e1n trabajando en el medio metraje \u00abEl tiempo corre\u00bb, una producci\u00f3n que se estrenar\u00e1 el 20 de febrero a las 20hs en el Teatro Rodolfo Funke.<\/p>\n<p>Avance de \u00abEl Tiempo Corre\u00bb:<br \/>\n<iframe loading=\"lazy\" title=\"YouTube video player\" src=\"https:\/\/www.youtube.com\/embed\/UscIc73I9B0\" width=\"560\" height=\"315\" frameborder=\"0\" allowfullscreen=\"allowfullscreen\"><\/iframe><\/p>\n<p>El mediometraje se trata de una mujer que viene de Buenos Aires, se muda con sus dos hijos a Tornquist en busca de tranquilidad. Tiempo despu\u00e9s, secuestran al hijo menor y, se lo van a devolver si ella entrega una cantidad de dinero a los secuestradores.<\/p>\n<p>Reconociendo que algunos de los artistas que forman parte del elenco de \u00abEl tiempo corre\u00bb, como lo es Julieta Braun, los Ciancia admiten que no se les fue muy complicado conseguir los actores, los buscaron sin ning\u00fan casting y sin mayores complicaciones. El mismo est\u00e1 formado por Julieta Braun, Agust\u00edn Ciancia, Ignacio Latini, Santiago M\u00fcller, Cintia Caporicci, Fernando Baleix, Dylan Ere\u00f1\u00fa, Javier Di Clemente y Lautaro Mac Niles.<\/p>\n<p>\u00abAgust\u00edn hizo un cursito de 4 d\u00edas, pero fue algo muy peque\u00f1o. Pero no estudiamos ni estamos estudiando nada relacionado a lo audiovisual, pero tenemos pensado estudiar Cine en un futuro\u00bb mencion\u00f3 Matias, el otro gemelo dentro de la dupla.<\/p>\n<p>Nota completa a continuaci\u00f3n:<br \/>\n<iframe loading=\"lazy\" src=\"https:\/\/w.soundcloud.com\/player\/?url=https%3A\/\/api.soundcloud.com\/tracks\/1215629716&amp;color=%23ff5500&amp;auto_play=false&amp;hide_related=false&amp;show_comments=true&amp;show_user=true&amp;show_reposts=false&amp;show_teaser=true\" width=\"100%\" height=\"166\" frameborder=\"no\" scrolling=\"no\"><\/iframe><\/p>\n<div style=\"font-size: 10px; color: #cccccc; line-break: anywhere; word-break: normal; overflow: hidden; white-space: nowrap; text-overflow: ellipsis; font-family: Interstate,Lucida Grande,Lucida Sans Unicode,Lucida Sans,Garuda,Verdana,Tahoma,sans-serif; font-weight: 100;\"><a style=\"color: #cccccc; text-decoration: none;\" title=\"fmreflejos 103.7\" href=\"https:\/\/soundcloud.com\/fmreflejos-103-7\" target=\"_blank\" rel=\"noopener\">fmreflejos 103.7<\/a> \u00b7 <a style=\"color: #cccccc; text-decoration: none;\" title=\"Agustin y Matias Ciancia\" href=\"https:\/\/soundcloud.com\/fmreflejos-103-7\/agustin-y-matias-ciancia\" target=\"_blank\" rel=\"noopener\">Agustin y Matias Ciancia<\/a><\/div>\n","protected":false},"excerpt":{"rendered":"<p>El domingo 20 de febrero se estrena en el Teatro Rodolfo Funke el mediometraje \u00abEl tiempo corre\u00bb, una pel\u00edcula producida por Agust\u00edn y Matias Ciancia, dos hermanos de 19 a\u00f1os que se dedican a la cinematograf\u00eda como hobby desde el comienzo de la pandemia y que les gusta compartir sus obras con la gente del [&hellip;]<\/p>\n","protected":false},"author":3,"featured_media":0,"comment_status":"closed","ping_status":"closed","sticky":false,"template":"","format":"standard","meta":{"footnotes":""},"categories":[35,26],"tags":[48],"class_list":["post-68232","post","type-post","status-publish","format-standard","hentry","category-cultura","category-sociedad","tag-destacada"],"yoast_head":"<!-- This site is optimized with the Yoast SEO plugin v25.9 - https:\/\/yoast.com\/wordpress\/plugins\/seo\/ -->\n<title>&quot;El Tiempo Corre&quot;: Un mediometraje \u00edntegramente realizado en Tornquist - Noticias Radio Reflejos<\/title>\n<meta name=\"robots\" content=\"index, follow, max-snippet:-1, max-image-preview:large, max-video-preview:-1\" \/>\n<link rel=\"canonical\" href=\"https:\/\/www.noticiasradioreflejos.com.ar\/2021\/el-tiempo-corre-un-mediometraje-integramente-realizado-en-tornquist\/\" \/>\n<meta property=\"og:locale\" content=\"es_ES\" \/>\n<meta property=\"og:type\" content=\"article\" \/>\n<meta property=\"og:title\" content=\"&quot;El Tiempo Corre&quot;: Un mediometraje \u00edntegramente realizado en Tornquist - Noticias Radio Reflejos\" \/>\n<meta property=\"og:description\" content=\"El domingo 20 de febrero se estrena en el Teatro Rodolfo Funke el mediometraje \u00abEl tiempo corre\u00bb, una pel\u00edcula producida por Agust\u00edn y Matias Ciancia, dos hermanos de 19 a\u00f1os que se dedican a la cinematograf\u00eda como hobby desde el comienzo de la pandemia y que les gusta compartir sus obras con la gente del [&hellip;]\" \/>\n<meta property=\"og:url\" content=\"https:\/\/www.noticiasradioreflejos.com.ar\/2021\/el-tiempo-corre-un-mediometraje-integramente-realizado-en-tornquist\/\" \/>\n<meta property=\"og:site_name\" content=\"Noticias Radio Reflejos\" \/>\n<meta property=\"article:published_time\" content=\"2022-02-14T20:40:20+00:00\" \/>\n<meta property=\"og:image\" content=\"https:\/\/www.noticiasradioreflejos.com.ar\/2021\/wp-content\/uploads\/2021\/07\/logosol300x200.png\" \/>\n\t<meta property=\"og:image:width\" content=\"300\" \/>\n\t<meta property=\"og:image:height\" content=\"200\" \/>\n\t<meta property=\"og:image:type\" content=\"image\/png\" \/>\n<meta name=\"author\" content=\"Arnaldo Botto\" \/>\n<meta name=\"twitter:card\" content=\"summary_large_image\" \/>\n<script type=\"application\/ld+json\" class=\"yoast-schema-graph\">{\"@context\":\"https:\/\/schema.org\",\"@graph\":[{\"@type\":\"WebPage\",\"@id\":\"https:\/\/www.noticiasradioreflejos.com.ar\/2021\/el-tiempo-corre-un-mediometraje-integramente-realizado-en-tornquist\/\",\"url\":\"https:\/\/www.noticiasradioreflejos.com.ar\/2021\/el-tiempo-corre-un-mediometraje-integramente-realizado-en-tornquist\/\",\"name\":\"\\\"El Tiempo Corre\\\": Un mediometraje \u00edntegramente realizado en Tornquist - Noticias Radio Reflejos\",\"isPartOf\":{\"@id\":\"https:\/\/www.noticiasradioreflejos.com.ar\/2021\/#website\"},\"datePublished\":\"2022-02-14T20:40:20+00:00\",\"author\":{\"@id\":\"https:\/\/www.noticiasradioreflejos.com.ar\/2021\/#\/schema\/person\/ad82545263dcc5ec0996818884fd5fb1\"},\"breadcrumb\":{\"@id\":\"https:\/\/www.noticiasradioreflejos.com.ar\/2021\/el-tiempo-corre-un-mediometraje-integramente-realizado-en-tornquist\/#breadcrumb\"},\"inLanguage\":\"es\",\"potentialAction\":[{\"@type\":\"ReadAction\",\"target\":[\"https:\/\/www.noticiasradioreflejos.com.ar\/2021\/el-tiempo-corre-un-mediometraje-integramente-realizado-en-tornquist\/\"]}]},{\"@type\":\"BreadcrumbList\",\"@id\":\"https:\/\/www.noticiasradioreflejos.com.ar\/2021\/el-tiempo-corre-un-mediometraje-integramente-realizado-en-tornquist\/#breadcrumb\",\"itemListElement\":[{\"@type\":\"ListItem\",\"position\":1,\"name\":\"Portada\",\"item\":\"https:\/\/www.noticiasradioreflejos.com.ar\/2021\/\"},{\"@type\":\"ListItem\",\"position\":2,\"name\":\"\u00abEl Tiempo Corre\u00bb: Un mediometraje \u00edntegramente realizado en Tornquist\"}]},{\"@type\":\"WebSite\",\"@id\":\"https:\/\/www.noticiasradioreflejos.com.ar\/2021\/#website\",\"url\":\"https:\/\/www.noticiasradioreflejos.com.ar\/2021\/\",\"name\":\"Noticias Radio Reflejos\",\"description\":\"Las noticias de mi comarca\",\"potentialAction\":[{\"@type\":\"SearchAction\",\"target\":{\"@type\":\"EntryPoint\",\"urlTemplate\":\"https:\/\/www.noticiasradioreflejos.com.ar\/2021\/?s={search_term_string}\"},\"query-input\":{\"@type\":\"PropertyValueSpecification\",\"valueRequired\":true,\"valueName\":\"search_term_string\"}}],\"inLanguage\":\"es\"},{\"@type\":\"Person\",\"@id\":\"https:\/\/www.noticiasradioreflejos.com.ar\/2021\/#\/schema\/person\/ad82545263dcc5ec0996818884fd5fb1\",\"name\":\"Arnaldo Botto\",\"image\":{\"@type\":\"ImageObject\",\"inLanguage\":\"es\",\"@id\":\"https:\/\/www.noticiasradioreflejos.com.ar\/2021\/#\/schema\/person\/image\/\",\"url\":\"https:\/\/secure.gravatar.com\/avatar\/55cb5e37c1efa326397366e6974cb338056df65cb50e7d64d1cf314e87504837?s=96&d=mm&r=g\",\"contentUrl\":\"https:\/\/secure.gravatar.com\/avatar\/55cb5e37c1efa326397366e6974cb338056df65cb50e7d64d1cf314e87504837?s=96&d=mm&r=g\",\"caption\":\"Arnaldo Botto\"},\"url\":\"https:\/\/www.noticiasradioreflejos.com.ar\/2021\/author\/arnaldo\/\"}]}<\/script>\n<!-- \/ Yoast SEO plugin. -->","yoast_head_json":{"title":"\"El Tiempo Corre\": Un mediometraje \u00edntegramente realizado en Tornquist - Noticias Radio Reflejos","robots":{"index":"index","follow":"follow","max-snippet":"max-snippet:-1","max-image-preview":"max-image-preview:large","max-video-preview":"max-video-preview:-1"},"canonical":"https:\/\/www.noticiasradioreflejos.com.ar\/2021\/el-tiempo-corre-un-mediometraje-integramente-realizado-en-tornquist\/","og_locale":"es_ES","og_type":"article","og_title":"\"El Tiempo Corre\": Un mediometraje \u00edntegramente realizado en Tornquist - Noticias Radio Reflejos","og_description":"El domingo 20 de febrero se estrena en el Teatro Rodolfo Funke el mediometraje \u00abEl tiempo corre\u00bb, una pel\u00edcula producida por Agust\u00edn y Matias Ciancia, dos hermanos de 19 a\u00f1os que se dedican a la cinematograf\u00eda como hobby desde el comienzo de la pandemia y que les gusta compartir sus obras con la gente del [&hellip;]","og_url":"https:\/\/www.noticiasradioreflejos.com.ar\/2021\/el-tiempo-corre-un-mediometraje-integramente-realizado-en-tornquist\/","og_site_name":"Noticias Radio Reflejos","article_published_time":"2022-02-14T20:40:20+00:00","og_image":[{"width":300,"height":200,"url":"https:\/\/www.noticiasradioreflejos.com.ar\/2021\/wp-content\/uploads\/2021\/07\/logosol300x200.png","type":"image\/png"}],"author":"Arnaldo Botto","twitter_card":"summary_large_image","schema":{"@context":"https:\/\/schema.org","@graph":[{"@type":"WebPage","@id":"https:\/\/www.noticiasradioreflejos.com.ar\/2021\/el-tiempo-corre-un-mediometraje-integramente-realizado-en-tornquist\/","url":"https:\/\/www.noticiasradioreflejos.com.ar\/2021\/el-tiempo-corre-un-mediometraje-integramente-realizado-en-tornquist\/","name":"\"El Tiempo Corre\": Un mediometraje \u00edntegramente realizado en Tornquist - Noticias Radio Reflejos","isPartOf":{"@id":"https:\/\/www.noticiasradioreflejos.com.ar\/2021\/#website"},"datePublished":"2022-02-14T20:40:20+00:00","author":{"@id":"https:\/\/www.noticiasradioreflejos.com.ar\/2021\/#\/schema\/person\/ad82545263dcc5ec0996818884fd5fb1"},"breadcrumb":{"@id":"https:\/\/www.noticiasradioreflejos.com.ar\/2021\/el-tiempo-corre-un-mediometraje-integramente-realizado-en-tornquist\/#breadcrumb"},"inLanguage":"es","potentialAction":[{"@type":"ReadAction","target":["https:\/\/www.noticiasradioreflejos.com.ar\/2021\/el-tiempo-corre-un-mediometraje-integramente-realizado-en-tornquist\/"]}]},{"@type":"BreadcrumbList","@id":"https:\/\/www.noticiasradioreflejos.com.ar\/2021\/el-tiempo-corre-un-mediometraje-integramente-realizado-en-tornquist\/#breadcrumb","itemListElement":[{"@type":"ListItem","position":1,"name":"Portada","item":"https:\/\/www.noticiasradioreflejos.com.ar\/2021\/"},{"@type":"ListItem","position":2,"name":"\u00abEl Tiempo Corre\u00bb: Un mediometraje \u00edntegramente realizado en Tornquist"}]},{"@type":"WebSite","@id":"https:\/\/www.noticiasradioreflejos.com.ar\/2021\/#website","url":"https:\/\/www.noticiasradioreflejos.com.ar\/2021\/","name":"Noticias Radio Reflejos","description":"Las noticias de mi comarca","potentialAction":[{"@type":"SearchAction","target":{"@type":"EntryPoint","urlTemplate":"https:\/\/www.noticiasradioreflejos.com.ar\/2021\/?s={search_term_string}"},"query-input":{"@type":"PropertyValueSpecification","valueRequired":true,"valueName":"search_term_string"}}],"inLanguage":"es"},{"@type":"Person","@id":"https:\/\/www.noticiasradioreflejos.com.ar\/2021\/#\/schema\/person\/ad82545263dcc5ec0996818884fd5fb1","name":"Arnaldo Botto","image":{"@type":"ImageObject","inLanguage":"es","@id":"https:\/\/www.noticiasradioreflejos.com.ar\/2021\/#\/schema\/person\/image\/","url":"https:\/\/secure.gravatar.com\/avatar\/55cb5e37c1efa326397366e6974cb338056df65cb50e7d64d1cf314e87504837?s=96&d=mm&r=g","contentUrl":"https:\/\/secure.gravatar.com\/avatar\/55cb5e37c1efa326397366e6974cb338056df65cb50e7d64d1cf314e87504837?s=96&d=mm&r=g","caption":"Arnaldo Botto"},"url":"https:\/\/www.noticiasradioreflejos.com.ar\/2021\/author\/arnaldo\/"}]}},"_links":{"self":[{"href":"https:\/\/www.noticiasradioreflejos.com.ar\/2021\/wp-json\/wp\/v2\/posts\/68232","targetHints":{"allow":["GET"]}}],"collection":[{"href":"https:\/\/www.noticiasradioreflejos.com.ar\/2021\/wp-json\/wp\/v2\/posts"}],"about":[{"href":"https:\/\/www.noticiasradioreflejos.com.ar\/2021\/wp-json\/wp\/v2\/types\/post"}],"author":[{"embeddable":true,"href":"https:\/\/www.noticiasradioreflejos.com.ar\/2021\/wp-json\/wp\/v2\/users\/3"}],"replies":[{"embeddable":true,"href":"https:\/\/www.noticiasradioreflejos.com.ar\/2021\/wp-json\/wp\/v2\/comments?post=68232"}],"version-history":[{"count":3,"href":"https:\/\/www.noticiasradioreflejos.com.ar\/2021\/wp-json\/wp\/v2\/posts\/68232\/revisions"}],"predecessor-version":[{"id":68247,"href":"https:\/\/www.noticiasradioreflejos.com.ar\/2021\/wp-json\/wp\/v2\/posts\/68232\/revisions\/68247"}],"wp:attachment":[{"href":"https:\/\/www.noticiasradioreflejos.com.ar\/2021\/wp-json\/wp\/v2\/media?parent=68232"}],"wp:term":[{"taxonomy":"category","embeddable":true,"href":"https:\/\/www.noticiasradioreflejos.com.ar\/2021\/wp-json\/wp\/v2\/categories?post=68232"},{"taxonomy":"post_tag","embeddable":true,"href":"https:\/\/www.noticiasradioreflejos.com.ar\/2021\/wp-json\/wp\/v2\/tags?post=68232"}],"curies":[{"name":"wp","href":"https:\/\/api.w.org\/{rel}","templated":true}]}}