{"id":68220,"date":"2022-02-14T16:39:25","date_gmt":"2022-02-14T16:39:25","guid":{"rendered":"http:\/\/www.noticiasradioreflejos.com.ar\/2021\/?p=68220"},"modified":"2022-02-14T16:39:25","modified_gmt":"2022-02-14T16:39:25","slug":"repudio-al-accionar-del-presidente-de-la-liga-argentina-por-los-derechos-humanos","status":"publish","type":"post","link":"https:\/\/www.noticiasradioreflejos.com.ar\/2021\/repudio-al-accionar-del-presidente-de-la-liga-argentina-por-los-derechos-humanos\/","title":{"rendered":"Repudio al accionar del presidente de la Liga Argentina por los Derechos Humanos"},"content":{"rendered":"<p>Ante el hecho de violencia de g\u00e9nero del cual fue v\u00edctima una trabajadora de la terminal de colectivos de la Ciudad de Santa Clara del Mar, en manos del presidente de la Liga Argentina por los Derechos Humanos, Jos\u00e9 Ernesto Schulman, desde JUNTOS POR TORNQUIST, manifestamos nuestro m\u00e1s absoluto rechazo al mismo.<!--more--><\/p>\n<p>Resulta m\u00e1s grave a\u00fan que el hecho se haya producido en manos de quienes reivindican los derechos humanos.<\/p>\n<p>As\u00ed es que, declaramos nuestro completo repudio a este hecho de violencia institucional contra una mujer por su condici\u00f3n de tal, y esperamos la sanci\u00f3n y el repudio de todo el arco pol\u00edtico a este tipo de conductas, en manos de quienes dicen defenderlas.<\/p>\n<p>&nbsp;<\/p>\n<p>&nbsp;<\/p>\n","protected":false},"excerpt":{"rendered":"<p>Ante el hecho de violencia de g\u00e9nero del cual fue v\u00edctima una trabajadora de la terminal de colectivos de la Ciudad de Santa Clara del Mar, en manos del presidente de la Liga Argentina por los Derechos Humanos, Jos\u00e9 Ernesto Schulman, desde JUNTOS POR TORNQUIST, manifestamos nuestro m\u00e1s absoluto rechazo al mismo.<\/p>\n","protected":false},"author":3,"featured_media":0,"comment_status":"closed","ping_status":"closed","sticky":false,"template":"","format":"standard","meta":{"footnotes":""},"categories":[24],"tags":[],"class_list":["post-68220","post","type-post","status-publish","format-standard","hentry","category-politica"],"yoast_head":"<!-- This site is optimized with the Yoast SEO plugin v25.9 - https:\/\/yoast.com\/wordpress\/plugins\/seo\/ -->\n<title>Repudio al accionar del presidente de la Liga Argentina por los Derechos Humanos - Noticias Radio Reflejos<\/title>\n<meta name=\"robots\" content=\"index, follow, max-snippet:-1, max-image-preview:large, max-video-preview:-1\" \/>\n<link rel=\"canonical\" href=\"https:\/\/www.noticiasradioreflejos.com.ar\/2021\/repudio-al-accionar-del-presidente-de-la-liga-argentina-por-los-derechos-humanos\/\" \/>\n<meta property=\"og:locale\" content=\"es_ES\" \/>\n<meta property=\"og:type\" content=\"article\" \/>\n<meta property=\"og:title\" content=\"Repudio al accionar del presidente de la Liga Argentina por los Derechos Humanos - Noticias Radio Reflejos\" \/>\n<meta property=\"og:description\" content=\"Ante el hecho de violencia de g\u00e9nero del cual fue v\u00edctima una trabajadora de la terminal de colectivos de la Ciudad de Santa Clara del Mar, en manos del presidente de la Liga Argentina por los Derechos Humanos, Jos\u00e9 Ernesto Schulman, desde JUNTOS POR TORNQUIST, manifestamos nuestro m\u00e1s absoluto rechazo al mismo.\" \/>\n<meta property=\"og:url\" content=\"https:\/\/www.noticiasradioreflejos.com.ar\/2021\/repudio-al-accionar-del-presidente-de-la-liga-argentina-por-los-derechos-humanos\/\" \/>\n<meta property=\"og:site_name\" content=\"Noticias Radio Reflejos\" \/>\n<meta property=\"article:published_time\" content=\"2022-02-14T16:39:25+00:00\" \/>\n<meta property=\"og:image\" content=\"https:\/\/www.noticiasradioreflejos.com.ar\/2021\/wp-content\/uploads\/2021\/07\/logosol300x200.png\" \/>\n\t<meta property=\"og:image:width\" content=\"300\" \/>\n\t<meta property=\"og:image:height\" content=\"200\" \/>\n\t<meta property=\"og:image:type\" content=\"image\/png\" \/>\n<meta name=\"author\" content=\"Arnaldo Botto\" \/>\n<meta name=\"twitter:card\" content=\"summary_large_image\" \/>\n<script type=\"application\/ld+json\" class=\"yoast-schema-graph\">{\"@context\":\"https:\/\/schema.org\",\"@graph\":[{\"@type\":\"WebPage\",\"@id\":\"https:\/\/www.noticiasradioreflejos.com.ar\/2021\/repudio-al-accionar-del-presidente-de-la-liga-argentina-por-los-derechos-humanos\/\",\"url\":\"https:\/\/www.noticiasradioreflejos.com.ar\/2021\/repudio-al-accionar-del-presidente-de-la-liga-argentina-por-los-derechos-humanos\/\",\"name\":\"Repudio al accionar del presidente de la Liga Argentina por los Derechos Humanos - Noticias Radio Reflejos\",\"isPartOf\":{\"@id\":\"https:\/\/www.noticiasradioreflejos.com.ar\/2021\/#website\"},\"datePublished\":\"2022-02-14T16:39:25+00:00\",\"author\":{\"@id\":\"https:\/\/www.noticiasradioreflejos.com.ar\/2021\/#\/schema\/person\/ad82545263dcc5ec0996818884fd5fb1\"},\"breadcrumb\":{\"@id\":\"https:\/\/www.noticiasradioreflejos.com.ar\/2021\/repudio-al-accionar-del-presidente-de-la-liga-argentina-por-los-derechos-humanos\/#breadcrumb\"},\"inLanguage\":\"es\",\"potentialAction\":[{\"@type\":\"ReadAction\",\"target\":[\"https:\/\/www.noticiasradioreflejos.com.ar\/2021\/repudio-al-accionar-del-presidente-de-la-liga-argentina-por-los-derechos-humanos\/\"]}]},{\"@type\":\"BreadcrumbList\",\"@id\":\"https:\/\/www.noticiasradioreflejos.com.ar\/2021\/repudio-al-accionar-del-presidente-de-la-liga-argentina-por-los-derechos-humanos\/#breadcrumb\",\"itemListElement\":[{\"@type\":\"ListItem\",\"position\":1,\"name\":\"Portada\",\"item\":\"https:\/\/www.noticiasradioreflejos.com.ar\/2021\/\"},{\"@type\":\"ListItem\",\"position\":2,\"name\":\"Repudio al accionar del presidente de la Liga Argentina por los Derechos Humanos\"}]},{\"@type\":\"WebSite\",\"@id\":\"https:\/\/www.noticiasradioreflejos.com.ar\/2021\/#website\",\"url\":\"https:\/\/www.noticiasradioreflejos.com.ar\/2021\/\",\"name\":\"Noticias Radio Reflejos\",\"description\":\"Las noticias de mi comarca\",\"potentialAction\":[{\"@type\":\"SearchAction\",\"target\":{\"@type\":\"EntryPoint\",\"urlTemplate\":\"https:\/\/www.noticiasradioreflejos.com.ar\/2021\/?s={search_term_string}\"},\"query-input\":{\"@type\":\"PropertyValueSpecification\",\"valueRequired\":true,\"valueName\":\"search_term_string\"}}],\"inLanguage\":\"es\"},{\"@type\":\"Person\",\"@id\":\"https:\/\/www.noticiasradioreflejos.com.ar\/2021\/#\/schema\/person\/ad82545263dcc5ec0996818884fd5fb1\",\"name\":\"Arnaldo Botto\",\"image\":{\"@type\":\"ImageObject\",\"inLanguage\":\"es\",\"@id\":\"https:\/\/www.noticiasradioreflejos.com.ar\/2021\/#\/schema\/person\/image\/\",\"url\":\"https:\/\/secure.gravatar.com\/avatar\/55cb5e37c1efa326397366e6974cb338056df65cb50e7d64d1cf314e87504837?s=96&d=mm&r=g\",\"contentUrl\":\"https:\/\/secure.gravatar.com\/avatar\/55cb5e37c1efa326397366e6974cb338056df65cb50e7d64d1cf314e87504837?s=96&d=mm&r=g\",\"caption\":\"Arnaldo Botto\"},\"url\":\"https:\/\/www.noticiasradioreflejos.com.ar\/2021\/author\/arnaldo\/\"}]}<\/script>\n<!-- \/ Yoast SEO plugin. -->","yoast_head_json":{"title":"Repudio al accionar del presidente de la Liga Argentina por los Derechos Humanos - Noticias Radio Reflejos","robots":{"index":"index","follow":"follow","max-snippet":"max-snippet:-1","max-image-preview":"max-image-preview:large","max-video-preview":"max-video-preview:-1"},"canonical":"https:\/\/www.noticiasradioreflejos.com.ar\/2021\/repudio-al-accionar-del-presidente-de-la-liga-argentina-por-los-derechos-humanos\/","og_locale":"es_ES","og_type":"article","og_title":"Repudio al accionar del presidente de la Liga Argentina por los Derechos Humanos - Noticias Radio Reflejos","og_description":"Ante el hecho de violencia de g\u00e9nero del cual fue v\u00edctima una trabajadora de la terminal de colectivos de la Ciudad de Santa Clara del Mar, en manos del presidente de la Liga Argentina por los Derechos Humanos, Jos\u00e9 Ernesto Schulman, desde JUNTOS POR TORNQUIST, manifestamos nuestro m\u00e1s absoluto rechazo al mismo.","og_url":"https:\/\/www.noticiasradioreflejos.com.ar\/2021\/repudio-al-accionar-del-presidente-de-la-liga-argentina-por-los-derechos-humanos\/","og_site_name":"Noticias Radio Reflejos","article_published_time":"2022-02-14T16:39:25+00:00","og_image":[{"width":300,"height":200,"url":"https:\/\/www.noticiasradioreflejos.com.ar\/2021\/wp-content\/uploads\/2021\/07\/logosol300x200.png","type":"image\/png"}],"author":"Arnaldo Botto","twitter_card":"summary_large_image","schema":{"@context":"https:\/\/schema.org","@graph":[{"@type":"WebPage","@id":"https:\/\/www.noticiasradioreflejos.com.ar\/2021\/repudio-al-accionar-del-presidente-de-la-liga-argentina-por-los-derechos-humanos\/","url":"https:\/\/www.noticiasradioreflejos.com.ar\/2021\/repudio-al-accionar-del-presidente-de-la-liga-argentina-por-los-derechos-humanos\/","name":"Repudio al accionar del presidente de la Liga Argentina por los Derechos Humanos - Noticias Radio Reflejos","isPartOf":{"@id":"https:\/\/www.noticiasradioreflejos.com.ar\/2021\/#website"},"datePublished":"2022-02-14T16:39:25+00:00","author":{"@id":"https:\/\/www.noticiasradioreflejos.com.ar\/2021\/#\/schema\/person\/ad82545263dcc5ec0996818884fd5fb1"},"breadcrumb":{"@id":"https:\/\/www.noticiasradioreflejos.com.ar\/2021\/repudio-al-accionar-del-presidente-de-la-liga-argentina-por-los-derechos-humanos\/#breadcrumb"},"inLanguage":"es","potentialAction":[{"@type":"ReadAction","target":["https:\/\/www.noticiasradioreflejos.com.ar\/2021\/repudio-al-accionar-del-presidente-de-la-liga-argentina-por-los-derechos-humanos\/"]}]},{"@type":"BreadcrumbList","@id":"https:\/\/www.noticiasradioreflejos.com.ar\/2021\/repudio-al-accionar-del-presidente-de-la-liga-argentina-por-los-derechos-humanos\/#breadcrumb","itemListElement":[{"@type":"ListItem","position":1,"name":"Portada","item":"https:\/\/www.noticiasradioreflejos.com.ar\/2021\/"},{"@type":"ListItem","position":2,"name":"Repudio al accionar del presidente de la Liga Argentina por los Derechos Humanos"}]},{"@type":"WebSite","@id":"https:\/\/www.noticiasradioreflejos.com.ar\/2021\/#website","url":"https:\/\/www.noticiasradioreflejos.com.ar\/2021\/","name":"Noticias Radio Reflejos","description":"Las noticias de mi comarca","potentialAction":[{"@type":"SearchAction","target":{"@type":"EntryPoint","urlTemplate":"https:\/\/www.noticiasradioreflejos.com.ar\/2021\/?s={search_term_string}"},"query-input":{"@type":"PropertyValueSpecification","valueRequired":true,"valueName":"search_term_string"}}],"inLanguage":"es"},{"@type":"Person","@id":"https:\/\/www.noticiasradioreflejos.com.ar\/2021\/#\/schema\/person\/ad82545263dcc5ec0996818884fd5fb1","name":"Arnaldo Botto","image":{"@type":"ImageObject","inLanguage":"es","@id":"https:\/\/www.noticiasradioreflejos.com.ar\/2021\/#\/schema\/person\/image\/","url":"https:\/\/secure.gravatar.com\/avatar\/55cb5e37c1efa326397366e6974cb338056df65cb50e7d64d1cf314e87504837?s=96&d=mm&r=g","contentUrl":"https:\/\/secure.gravatar.com\/avatar\/55cb5e37c1efa326397366e6974cb338056df65cb50e7d64d1cf314e87504837?s=96&d=mm&r=g","caption":"Arnaldo Botto"},"url":"https:\/\/www.noticiasradioreflejos.com.ar\/2021\/author\/arnaldo\/"}]}},"_links":{"self":[{"href":"https:\/\/www.noticiasradioreflejos.com.ar\/2021\/wp-json\/wp\/v2\/posts\/68220","targetHints":{"allow":["GET"]}}],"collection":[{"href":"https:\/\/www.noticiasradioreflejos.com.ar\/2021\/wp-json\/wp\/v2\/posts"}],"about":[{"href":"https:\/\/www.noticiasradioreflejos.com.ar\/2021\/wp-json\/wp\/v2\/types\/post"}],"author":[{"embeddable":true,"href":"https:\/\/www.noticiasradioreflejos.com.ar\/2021\/wp-json\/wp\/v2\/users\/3"}],"replies":[{"embeddable":true,"href":"https:\/\/www.noticiasradioreflejos.com.ar\/2021\/wp-json\/wp\/v2\/comments?post=68220"}],"version-history":[{"count":1,"href":"https:\/\/www.noticiasradioreflejos.com.ar\/2021\/wp-json\/wp\/v2\/posts\/68220\/revisions"}],"predecessor-version":[{"id":68221,"href":"https:\/\/www.noticiasradioreflejos.com.ar\/2021\/wp-json\/wp\/v2\/posts\/68220\/revisions\/68221"}],"wp:attachment":[{"href":"https:\/\/www.noticiasradioreflejos.com.ar\/2021\/wp-json\/wp\/v2\/media?parent=68220"}],"wp:term":[{"taxonomy":"category","embeddable":true,"href":"https:\/\/www.noticiasradioreflejos.com.ar\/2021\/wp-json\/wp\/v2\/categories?post=68220"},{"taxonomy":"post_tag","embeddable":true,"href":"https:\/\/www.noticiasradioreflejos.com.ar\/2021\/wp-json\/wp\/v2\/tags?post=68220"}],"curies":[{"name":"wp","href":"https:\/\/api.w.org\/{rel}","templated":true}]}}