{"id":68210,"date":"2022-02-14T13:26:17","date_gmt":"2022-02-14T13:26:17","guid":{"rendered":"http:\/\/www.noticiasradioreflejos.com.ar\/2021\/?p=68210"},"modified":"2022-02-14T13:26:17","modified_gmt":"2022-02-14T13:26:17","slug":"cambio-de-quincena-con-restricciones-para-circulacion-de-camiones-en-rutas-nacionales","status":"publish","type":"post","link":"https:\/\/www.noticiasradioreflejos.com.ar\/2021\/cambio-de-quincena-con-restricciones-para-circulacion-de-camiones-en-rutas-nacionales\/","title":{"rendered":"Cambio de quincena con restricciones para circulaci\u00f3n de camiones en rutas nacionales"},"content":{"rendered":"<p class=\"title\">El director del Observatorio Vial de la Agencia Nacional de Seguridad Vial (ANSV), Pablo Rojas brind\u00f3 detalles en T\u00e9lam Radio sobre las restricciones de circulaci\u00f3n de camiones de carga y gran porte en las rutas nacionales determinadas para hoy y ma\u00f1ana, en funci\u00f3n de lo establecido para circunstancias como la actual, que habr\u00e1 recambio tur\u00edstico ante la finalizaci\u00f3n de quincena del mes.<!--more--><\/p>\n<div class=\"content\">\n<p>\u201cEl objetivo principal es facilitar el normal desarrollo de la circulaci\u00f3n de tr\u00e1nsito vehicular y evitar el congestionamiento y potenciales siniestros en la v\u00eda p\u00fablica, permitiendo garantizar una mayor seguridad vial en el tr\u00e1nsito sobre los corredores nacionales\u201d, indic\u00f3 Rojas.<br \/>\nLas restricciones ser\u00e1n por 3 horas para ambos d\u00edas, entre las 18 y las 21, y quedar\u00e1n exceptuados los siguientes casos: Transportes de leche cruda, sus productos derivados y envases asociados; transporte con animales vivos; productos frutihort\u00edcolas en tr\u00e1nsito; exclusivos de prensa y unidades m\u00f3viles de medios de comunicaci\u00f3n audiovisuales; atenci\u00f3n de emergencias; asistencia de veh\u00edculos averiados o accidentados en el lugar del suceso o en el traslado al punto m\u00e1s pr\u00f3ximo a aquel donde pueda quedar depositado, y en regreso en vac\u00edo; cisterna de traslado de combustibles, gas natural comprimido y gas licuado de petr\u00f3leo; transporte de gases necesarios para el funcionamiento de centros sanitarios, as\u00ed como de gases transportados a particulares para asistencias sanitarias domiciliaria; en ambos casos, cuando se acredite que se transportan a dichos destinos; transporte de medicinas; transporte a disposici\u00f3n final de residuos s\u00f3lidos urbanos; transporte que deba circular en cumplimiento directo e inmediato de una orden judicial; transporte de sebo, huesos y cueros.<\/p>\n<\/div>\n","protected":false},"excerpt":{"rendered":"<p>El director del Observatorio Vial de la Agencia Nacional de Seguridad Vial (ANSV), Pablo Rojas brind\u00f3 detalles en T\u00e9lam Radio sobre las restricciones de circulaci\u00f3n de camiones de carga y gran porte en las rutas nacionales determinadas para hoy y ma\u00f1ana, en funci\u00f3n de lo establecido para circunstancias como la actual, que habr\u00e1 recambio tur\u00edstico [&hellip;]<\/p>\n","protected":false},"author":3,"featured_media":0,"comment_status":"closed","ping_status":"closed","sticky":false,"template":"","format":"standard","meta":{"footnotes":""},"categories":[29,24],"tags":[],"class_list":["post-68210","post","type-post","status-publish","format-standard","hentry","category-policiales","category-politica"],"yoast_head":"<!-- This site is optimized with the Yoast SEO plugin v25.9 - https:\/\/yoast.com\/wordpress\/plugins\/seo\/ -->\n<title>Cambio de quincena con restricciones para circulaci\u00f3n de camiones en rutas nacionales - Noticias Radio Reflejos<\/title>\n<meta name=\"robots\" content=\"index, follow, max-snippet:-1, max-image-preview:large, max-video-preview:-1\" \/>\n<link rel=\"canonical\" href=\"https:\/\/www.noticiasradioreflejos.com.ar\/2021\/cambio-de-quincena-con-restricciones-para-circulacion-de-camiones-en-rutas-nacionales\/\" \/>\n<meta property=\"og:locale\" content=\"es_ES\" \/>\n<meta property=\"og:type\" content=\"article\" \/>\n<meta property=\"og:title\" content=\"Cambio de quincena con restricciones para circulaci\u00f3n de camiones en rutas nacionales - Noticias Radio Reflejos\" \/>\n<meta property=\"og:description\" content=\"El director del Observatorio Vial de la Agencia Nacional de Seguridad Vial (ANSV), Pablo Rojas brind\u00f3 detalles en T\u00e9lam Radio sobre las restricciones de circulaci\u00f3n de camiones de carga y gran porte en las rutas nacionales determinadas para hoy y ma\u00f1ana, en funci\u00f3n de lo establecido para circunstancias como la actual, que habr\u00e1 recambio tur\u00edstico [&hellip;]\" \/>\n<meta property=\"og:url\" content=\"https:\/\/www.noticiasradioreflejos.com.ar\/2021\/cambio-de-quincena-con-restricciones-para-circulacion-de-camiones-en-rutas-nacionales\/\" \/>\n<meta property=\"og:site_name\" content=\"Noticias Radio Reflejos\" \/>\n<meta property=\"article:published_time\" content=\"2022-02-14T13:26:17+00:00\" \/>\n<meta property=\"og:image\" content=\"https:\/\/www.noticiasradioreflejos.com.ar\/2021\/wp-content\/uploads\/2021\/07\/logosol300x200.png\" \/>\n\t<meta property=\"og:image:width\" content=\"300\" \/>\n\t<meta property=\"og:image:height\" content=\"200\" \/>\n\t<meta property=\"og:image:type\" content=\"image\/png\" \/>\n<meta name=\"author\" content=\"Arnaldo Botto\" \/>\n<meta name=\"twitter:card\" content=\"summary_large_image\" \/>\n<script type=\"application\/ld+json\" class=\"yoast-schema-graph\">{\"@context\":\"https:\/\/schema.org\",\"@graph\":[{\"@type\":\"WebPage\",\"@id\":\"https:\/\/www.noticiasradioreflejos.com.ar\/2021\/cambio-de-quincena-con-restricciones-para-circulacion-de-camiones-en-rutas-nacionales\/\",\"url\":\"https:\/\/www.noticiasradioreflejos.com.ar\/2021\/cambio-de-quincena-con-restricciones-para-circulacion-de-camiones-en-rutas-nacionales\/\",\"name\":\"Cambio de quincena con restricciones para circulaci\u00f3n de camiones en rutas nacionales - Noticias Radio Reflejos\",\"isPartOf\":{\"@id\":\"https:\/\/www.noticiasradioreflejos.com.ar\/2021\/#website\"},\"datePublished\":\"2022-02-14T13:26:17+00:00\",\"author\":{\"@id\":\"https:\/\/www.noticiasradioreflejos.com.ar\/2021\/#\/schema\/person\/ad82545263dcc5ec0996818884fd5fb1\"},\"breadcrumb\":{\"@id\":\"https:\/\/www.noticiasradioreflejos.com.ar\/2021\/cambio-de-quincena-con-restricciones-para-circulacion-de-camiones-en-rutas-nacionales\/#breadcrumb\"},\"inLanguage\":\"es\",\"potentialAction\":[{\"@type\":\"ReadAction\",\"target\":[\"https:\/\/www.noticiasradioreflejos.com.ar\/2021\/cambio-de-quincena-con-restricciones-para-circulacion-de-camiones-en-rutas-nacionales\/\"]}]},{\"@type\":\"BreadcrumbList\",\"@id\":\"https:\/\/www.noticiasradioreflejos.com.ar\/2021\/cambio-de-quincena-con-restricciones-para-circulacion-de-camiones-en-rutas-nacionales\/#breadcrumb\",\"itemListElement\":[{\"@type\":\"ListItem\",\"position\":1,\"name\":\"Portada\",\"item\":\"https:\/\/www.noticiasradioreflejos.com.ar\/2021\/\"},{\"@type\":\"ListItem\",\"position\":2,\"name\":\"Cambio de quincena con restricciones para circulaci\u00f3n de camiones en rutas nacionales\"}]},{\"@type\":\"WebSite\",\"@id\":\"https:\/\/www.noticiasradioreflejos.com.ar\/2021\/#website\",\"url\":\"https:\/\/www.noticiasradioreflejos.com.ar\/2021\/\",\"name\":\"Noticias Radio Reflejos\",\"description\":\"Las noticias de mi comarca\",\"potentialAction\":[{\"@type\":\"SearchAction\",\"target\":{\"@type\":\"EntryPoint\",\"urlTemplate\":\"https:\/\/www.noticiasradioreflejos.com.ar\/2021\/?s={search_term_string}\"},\"query-input\":{\"@type\":\"PropertyValueSpecification\",\"valueRequired\":true,\"valueName\":\"search_term_string\"}}],\"inLanguage\":\"es\"},{\"@type\":\"Person\",\"@id\":\"https:\/\/www.noticiasradioreflejos.com.ar\/2021\/#\/schema\/person\/ad82545263dcc5ec0996818884fd5fb1\",\"name\":\"Arnaldo Botto\",\"image\":{\"@type\":\"ImageObject\",\"inLanguage\":\"es\",\"@id\":\"https:\/\/www.noticiasradioreflejos.com.ar\/2021\/#\/schema\/person\/image\/\",\"url\":\"https:\/\/secure.gravatar.com\/avatar\/55cb5e37c1efa326397366e6974cb338056df65cb50e7d64d1cf314e87504837?s=96&d=mm&r=g\",\"contentUrl\":\"https:\/\/secure.gravatar.com\/avatar\/55cb5e37c1efa326397366e6974cb338056df65cb50e7d64d1cf314e87504837?s=96&d=mm&r=g\",\"caption\":\"Arnaldo Botto\"},\"url\":\"https:\/\/www.noticiasradioreflejos.com.ar\/2021\/author\/arnaldo\/\"}]}<\/script>\n<!-- \/ Yoast SEO plugin. -->","yoast_head_json":{"title":"Cambio de quincena con restricciones para circulaci\u00f3n de camiones en rutas nacionales - Noticias Radio Reflejos","robots":{"index":"index","follow":"follow","max-snippet":"max-snippet:-1","max-image-preview":"max-image-preview:large","max-video-preview":"max-video-preview:-1"},"canonical":"https:\/\/www.noticiasradioreflejos.com.ar\/2021\/cambio-de-quincena-con-restricciones-para-circulacion-de-camiones-en-rutas-nacionales\/","og_locale":"es_ES","og_type":"article","og_title":"Cambio de quincena con restricciones para circulaci\u00f3n de camiones en rutas nacionales - Noticias Radio Reflejos","og_description":"El director del Observatorio Vial de la Agencia Nacional de Seguridad Vial (ANSV), Pablo Rojas brind\u00f3 detalles en T\u00e9lam Radio sobre las restricciones de circulaci\u00f3n de camiones de carga y gran porte en las rutas nacionales determinadas para hoy y ma\u00f1ana, en funci\u00f3n de lo establecido para circunstancias como la actual, que habr\u00e1 recambio tur\u00edstico [&hellip;]","og_url":"https:\/\/www.noticiasradioreflejos.com.ar\/2021\/cambio-de-quincena-con-restricciones-para-circulacion-de-camiones-en-rutas-nacionales\/","og_site_name":"Noticias Radio Reflejos","article_published_time":"2022-02-14T13:26:17+00:00","og_image":[{"width":300,"height":200,"url":"https:\/\/www.noticiasradioreflejos.com.ar\/2021\/wp-content\/uploads\/2021\/07\/logosol300x200.png","type":"image\/png"}],"author":"Arnaldo Botto","twitter_card":"summary_large_image","schema":{"@context":"https:\/\/schema.org","@graph":[{"@type":"WebPage","@id":"https:\/\/www.noticiasradioreflejos.com.ar\/2021\/cambio-de-quincena-con-restricciones-para-circulacion-de-camiones-en-rutas-nacionales\/","url":"https:\/\/www.noticiasradioreflejos.com.ar\/2021\/cambio-de-quincena-con-restricciones-para-circulacion-de-camiones-en-rutas-nacionales\/","name":"Cambio de quincena con restricciones para circulaci\u00f3n de camiones en rutas nacionales - Noticias Radio Reflejos","isPartOf":{"@id":"https:\/\/www.noticiasradioreflejos.com.ar\/2021\/#website"},"datePublished":"2022-02-14T13:26:17+00:00","author":{"@id":"https:\/\/www.noticiasradioreflejos.com.ar\/2021\/#\/schema\/person\/ad82545263dcc5ec0996818884fd5fb1"},"breadcrumb":{"@id":"https:\/\/www.noticiasradioreflejos.com.ar\/2021\/cambio-de-quincena-con-restricciones-para-circulacion-de-camiones-en-rutas-nacionales\/#breadcrumb"},"inLanguage":"es","potentialAction":[{"@type":"ReadAction","target":["https:\/\/www.noticiasradioreflejos.com.ar\/2021\/cambio-de-quincena-con-restricciones-para-circulacion-de-camiones-en-rutas-nacionales\/"]}]},{"@type":"BreadcrumbList","@id":"https:\/\/www.noticiasradioreflejos.com.ar\/2021\/cambio-de-quincena-con-restricciones-para-circulacion-de-camiones-en-rutas-nacionales\/#breadcrumb","itemListElement":[{"@type":"ListItem","position":1,"name":"Portada","item":"https:\/\/www.noticiasradioreflejos.com.ar\/2021\/"},{"@type":"ListItem","position":2,"name":"Cambio de quincena con restricciones para circulaci\u00f3n de camiones en rutas nacionales"}]},{"@type":"WebSite","@id":"https:\/\/www.noticiasradioreflejos.com.ar\/2021\/#website","url":"https:\/\/www.noticiasradioreflejos.com.ar\/2021\/","name":"Noticias Radio Reflejos","description":"Las noticias de mi comarca","potentialAction":[{"@type":"SearchAction","target":{"@type":"EntryPoint","urlTemplate":"https:\/\/www.noticiasradioreflejos.com.ar\/2021\/?s={search_term_string}"},"query-input":{"@type":"PropertyValueSpecification","valueRequired":true,"valueName":"search_term_string"}}],"inLanguage":"es"},{"@type":"Person","@id":"https:\/\/www.noticiasradioreflejos.com.ar\/2021\/#\/schema\/person\/ad82545263dcc5ec0996818884fd5fb1","name":"Arnaldo Botto","image":{"@type":"ImageObject","inLanguage":"es","@id":"https:\/\/www.noticiasradioreflejos.com.ar\/2021\/#\/schema\/person\/image\/","url":"https:\/\/secure.gravatar.com\/avatar\/55cb5e37c1efa326397366e6974cb338056df65cb50e7d64d1cf314e87504837?s=96&d=mm&r=g","contentUrl":"https:\/\/secure.gravatar.com\/avatar\/55cb5e37c1efa326397366e6974cb338056df65cb50e7d64d1cf314e87504837?s=96&d=mm&r=g","caption":"Arnaldo Botto"},"url":"https:\/\/www.noticiasradioreflejos.com.ar\/2021\/author\/arnaldo\/"}]}},"_links":{"self":[{"href":"https:\/\/www.noticiasradioreflejos.com.ar\/2021\/wp-json\/wp\/v2\/posts\/68210","targetHints":{"allow":["GET"]}}],"collection":[{"href":"https:\/\/www.noticiasradioreflejos.com.ar\/2021\/wp-json\/wp\/v2\/posts"}],"about":[{"href":"https:\/\/www.noticiasradioreflejos.com.ar\/2021\/wp-json\/wp\/v2\/types\/post"}],"author":[{"embeddable":true,"href":"https:\/\/www.noticiasradioreflejos.com.ar\/2021\/wp-json\/wp\/v2\/users\/3"}],"replies":[{"embeddable":true,"href":"https:\/\/www.noticiasradioreflejos.com.ar\/2021\/wp-json\/wp\/v2\/comments?post=68210"}],"version-history":[{"count":1,"href":"https:\/\/www.noticiasradioreflejos.com.ar\/2021\/wp-json\/wp\/v2\/posts\/68210\/revisions"}],"predecessor-version":[{"id":68212,"href":"https:\/\/www.noticiasradioreflejos.com.ar\/2021\/wp-json\/wp\/v2\/posts\/68210\/revisions\/68212"}],"wp:attachment":[{"href":"https:\/\/www.noticiasradioreflejos.com.ar\/2021\/wp-json\/wp\/v2\/media?parent=68210"}],"wp:term":[{"taxonomy":"category","embeddable":true,"href":"https:\/\/www.noticiasradioreflejos.com.ar\/2021\/wp-json\/wp\/v2\/categories?post=68210"},{"taxonomy":"post_tag","embeddable":true,"href":"https:\/\/www.noticiasradioreflejos.com.ar\/2021\/wp-json\/wp\/v2\/tags?post=68210"}],"curies":[{"name":"wp","href":"https:\/\/api.w.org\/{rel}","templated":true}]}}