{"id":68202,"date":"2022-02-14T10:52:23","date_gmt":"2022-02-14T10:52:23","guid":{"rendered":"http:\/\/www.noticiasradioreflejos.com.ar\/2021\/?p=68202"},"modified":"2022-02-14T10:52:23","modified_gmt":"2022-02-14T10:52:23","slug":"el-puma-y-su-habitat-un-desafio-para-buscar-acuerdos-entre-ecologistas-y-ganaderos","status":"publish","type":"post","link":"https:\/\/www.noticiasradioreflejos.com.ar\/2021\/el-puma-y-su-habitat-un-desafio-para-buscar-acuerdos-entre-ecologistas-y-ganaderos\/","title":{"rendered":"El puma y su h\u00e1bitat, un desaf\u00edo para buscar acuerdos entre ecologistas y ganaderos"},"content":{"rendered":"<p>&gt;Mientras en Santa Cruz los ecologistas destacan como virtud la acci\u00f3n depredadora del puma porque favorece el desarrollo de la vegetaci\u00f3n en zonas des\u00e9rticas, los productores ovinos lo se\u00f1alan como una seria amenaza para el ganado, una de las principales fuentes de ingreso de la regi\u00f3n.<!--more--><\/p>\n<figure class=\"mb-3\"><img decoding=\"async\" src=\"https:\/\/www.telam.com.ar\/thumbs\/bluesteel\/advf\/imagenes\/2022\/02\/6209424a577b0_900.jpg\" alt=\"El puma concolor puede alcanzar una velocidad de 90 kilmetros por hora y medir hasta 90 centmetros de altura\" width=\"100%\" height=\"100%\" \/><\/p>\n<div class=\"media-icons\"><\/div><figcaption>El puma concolor puede alcanzar una velocidad de 90 kil\u00f3metros por hora y medir hasta 90 cent\u00edmetros de altura.<\/figcaption><\/figure>\n<p>Grupos conservacionistas, ganaderos y funcionarios de Santa Cruz buscan lograr un equilibrio entre la actividad agropecuaria y la preservaci\u00f3n del puma,\u00a0<strong>uno de los mayores felinos americanos<\/strong>, dado que mientras los ecologistas destacan como virtud su acci\u00f3n depredadora porque favorece el desarrollo de la vegetaci\u00f3n en zonas des\u00e9rticas y la llegada de insectos, los productores lo ven como una amenaza a su ganado, especialmente ovino, por lo que incluso su caza est\u00e1 autorizada en algunos distritos.<\/p>\n<p><strong>El puma concolor<\/strong>, un animal que puede alcanzar los 90 kilos y extiende su h\u00e1bitat a lo largo de la cordillera de los Andes desde Canad\u00e1 hasta la Patagonia,\u00a0<strong>es un cazador que tiene un importante rol ecol\u00f3gico como depredador<\/strong>\u00a0y que, seg\u00fan el Ministerio de Ambiente, est\u00e1 catalogado como especie de \u00abPreocupaci\u00f3n menor\u00bb en la lista de Categorizaci\u00f3n de los Mam\u00edferos de Argentina.<\/p>\n<p>En ese marco, desde hace dos a\u00f1os la Fundaci\u00f3n Rewilding investiga la forma de vida y el rol ecol\u00f3gico que cumple en suelo santacruce\u00f1o\u00a0<strong>el puma, al que definen como \u00abel arquitecto del ecosistema\u00bb<\/strong>, con miras a su preservaci\u00f3n y la posibilidad de implementar a futuro su explotaci\u00f3n tur\u00edstica a trav\u00e9s de avistajes binacionales que ya comenzaron en Chile y que buscan unir con el lado argentino a trav\u00e9s de su proyecto Parque Patagonia Binacional.<\/p>\n<figure class=\"mb-3\"><img decoding=\"async\" src=\"https:\/\/www.telam.com.ar\/thumbs\/bluesteel\/advf\/imagenes\/2022\/02\/6209424a81a14_900.jpg\" alt=\"La Fundacin Rewilding que investiga la forma de vida del puma en suelo santacruceo lo define como el arquitecto del ecosistema\" width=\"100%\" height=\"100%\" \/><\/p>\n<div class=\"media-icons\"><\/div><figcaption>La Fundaci\u00f3n Rewilding que investiga la forma de vida del puma en suelo santacruce\u00f1o lo define como \u00abel arquitecto del ecosistema\u00bb.<\/figcaption><\/figure>\n<p>El bi\u00f3logo Emiliano Donad\u00edo, director del proyecto, explic\u00f3 a T\u00e9lam que<strong>\u00a0\u00aben Parque Patagonia no estamos evaluando la cantidad de pumas que hay, estamos buscando c\u00f3mo el puma tiene estos efectos sobre el ecosistema\u00bb.<\/strong><\/p>\n<p>\u00abEstamos capturando pumas, poni\u00e9ndoles unos collares especiales que tienen un GPS con conexi\u00f3n satelital\u00bb y de ese modo, con una computadora, cada collar \u00abnos permite conocer cu\u00e1l es m\u00e1s o menos la ubicaci\u00f3n en tiempo real, con cierto delay de 24 a 72 horas\u00bb, a\u00f1adi\u00f3.\u00a0Donad\u00edo apunt\u00f3 que \u00ablo m\u00e1s importante es que nos permite obtener peri\u00f3dicamente sus localizaciones\u00bb y as\u00ed, acot\u00f3, podemos saber \u00abque el animal pas\u00f3 mucho tiempo en ese sitio, podemos ir a ver el lugar y determinar qu\u00e9 mat\u00f3 y luego se registran los datos\u00bb.<\/p>\n<blockquote class=\"\"><p>\u00abCon 15 \u00f3 20 pumas en tres a\u00f1os es mucha la informaci\u00f3n que se puede colectar\u00bb<cite class=\"author\">Emiliano Donad\u00edo, de la Fundaci\u00f3n Rewilding<\/cite><\/p><\/blockquote>\n<div class=\"video_repositive\">\n<div id=\"oNxv9wU0YUs\" class=\"video_telam\">\n<div class=\"feature_article_inner\">\n<div class=\"feature_article_title\">\n<h2 class=\"text-center\">La Fundaci\u00f3n Rewilding y el puma concolor<\/h2>\n<p><iframe loading=\"lazy\" title=\"YouTube video player\" src=\"https:\/\/www.youtube.com\/embed\/oNxv9wU0YUs\" width=\"1110\" height=\"624\" frameborder=\"0\" allowfullscreen=\"allowfullscreen\"><\/iframe><\/p>\n<p>La directora de Fauna del Consejo Agrario Provincial, Amanda Manero, resalt\u00f3 ante consultas de T\u00e9lam que es \u00abmuy importante\u00bb el di\u00e1logo entre todos los sectores que intervienen porque\u00a0<strong>el puma es considerado \u00abuna especie perjudicial para la actividad ganadera\u00bb.<\/strong><\/p>\n<p>La funcionaria explic\u00f3 que por eso \u00abdesde el CAP se combate al puma de diversas maneras\u00bb y record\u00f3 que \u00abhasta hace seis o siete a\u00f1os se recib\u00eda un monto en la provincia para control de los depredadores\u00bb.<\/p>\n<p>Una experiencia que marc\u00f3 una evoluci\u00f3n en la comprensi\u00f3n sobre la presencia del puma es la del\u00a0<strong>guardafauna H\u00e9ctor \u00abTito\u00bb Almonacid<\/strong>, quien trabaj\u00f3 en distintos parques nacionales y record\u00f3 haber pasado por las dos etapas.<\/p>\n<p>\u00abMe form\u00e9 en la Escuela Agrot\u00e9cnica Salesiana de R\u00edo Grande y ah\u00ed ten\u00edamos que cuidar nuestro producto del ataque de los pumas. Luego me transform\u00e9 en conservacionista porque\u00a0<strong>mi experiencia me demostr\u00f3 la l\u00f3gica de la naturaleza y el da\u00f1o que hace el hombre<\/strong>\u00ab, remarc\u00f3.<\/p>\n<p>Almonacid explic\u00f3 que los animales aut\u00f3ctonos fueron reduciendo su cantidad y territorio a lo largo de la historia reciente de Santa Cruz y resalt\u00f3 que\u00a0<strong>la oveja es el animal for\u00e1neo que fue tra\u00eddo a estas tierras desde principios del siglo XX y \u00abla que m\u00e1s da\u00f1o hace a la tierra con sus pezu\u00f1as partidas<\/strong>. Tambi\u00e9n la vaca y, en menor medida, los caballos\u00bb.<\/p>\n<div class=\"jumbotron pt-4 mt-3\">\n<h3 class=\"module-title\">DESDE CANAD\u00c1 A LA PATAGONIA, EL PUMA ES EL MAYOR FELINO AMERICANO<\/h3>\n<p>El puma, le\u00f3n de monta\u00f1a o le\u00f3n americano, cuyo nombre cient\u00edfico es puma concolor, es un mam\u00edfero carn\u00edvoro de la familia Felidae, nativo de Am\u00e9rica, y vive en m\u00e1s regiones que cualquier otro mam\u00edfero silvestre terrestre del continente:<strong>\u00a0desde el Yuk\u00f3n, en Canad\u00e1, hasta el sur de la Cordillera de los Andes y la Patagonia.<\/strong><\/p>\n<p>Otra de sus propiedades es que se trata del mayor felino en el continente americano, despu\u00e9s del jaguar, y<strong>\u00a0el cuarto m\u00e1s grande del mundo, despu\u00e9s del tigre, y el le\u00f3n.\u00a0<\/strong>Su tama\u00f1o es algo mayor que el del leopardo, aunque est\u00e1 m\u00e1s emparentado con los peque\u00f1os felinos, ya que, a diferencia de los grandes f\u00e9lidos del g\u00e9nero Panthera, que pueden rugir excepto el irbis, el puma ronronea como los felinos menores.<\/p>\n<p>Como cazador y depredador de emboscada, el puma obtiene una amplia variedad de presas.\u00a0<strong>Su principal alimento son los ungulados como el ciervo<\/strong>, en particular en la parte septentrional de su \u00e1rea de distribuci\u00f3n, pero tambi\u00e9n caza cam\u00e9lidos como el guanaco y especies tan peque\u00f1as como insectos y roedores. Prefiere h\u00e1bitat con vegetaci\u00f3n densa durante las horas de acecho, pero puede vivir en zonas abiertas.<\/p>\n<p><strong>El puma es territorial y tiene una baja densidad poblacional<\/strong>. La extensi\u00f3n de su territorio depende de la vegetaci\u00f3n y de la abundancia de presas. Aunque es un gran depredador, no siempre es la especie dominante en su \u00e1rea de distribuci\u00f3n, como cuando compite con otros depredadores como el jaguar.\u00a0Se trata de un felino solitario, que,\u00a0<strong>por lo general, evita a las personas. Los ataques a seres humanos son raros<\/strong>, aunque su frecuencia ha aumentado en los \u00faltimos a\u00f1os.\u200b<\/p>\n<\/div>\n<figure class=\"mb-3\"><img decoding=\"async\" src=\"https:\/\/www.telam.com.ar\/thumbs\/bluesteel\/advf\/imagenes\/2022\/02\/6209424a8eadc_900.jpg\" alt=\"El puma es un felino solitario que rara vez ataca al ser humano\" width=\"100%\" height=\"100%\" \/><\/p>\n<div class=\"media-icons\"><\/div><figcaption>El puma es un felino solitario que rara vez ataca al ser humano.<\/figcaption><\/figure>\n<p>En medio de la resistencia por parte de algunos criadores a cambiar m\u00e9todos de producci\u00f3n a partir de estudios y no da\u00f1ar tanto el territorio que, adem\u00e1s, padece los embates de la desertificaci\u00f3n y el cambio clim\u00e1tico no pocos estancieros consideran a estos emprendimientos de preservaci\u00f3n natural como una amenaza a sus ganados.<\/p>\n<p>El proceso para respetar el h\u00e1bitat de los pumas encima se enfrente a la arraigada cultura lugare\u00f1a de combatir a este felino por considerarlo\u00a0<strong>una amenaza para las peque\u00f1as econom\u00edas locales dado que, seg\u00fan los antiguos pobladores de campo, \u00aben una noche puede matar 30 ovejas y ni siquiera las come\u00bb.<\/strong><\/p>\n<p>\u00abEl peligro es cuando anda la puma con sus cachorros porque les ense\u00f1a a cazar y<strong>\u00a0las ovejas son m\u00e1s f\u00e1ciles de atrapar que los guanacos<\/strong>\u00ab, resalta al respecto la directora de Fauna, Amanda Manero.<\/p>\n<p>Almonacid coincide en que \u00abseg\u00fan lo que aprendan a cazar lo seguir\u00e1n haciendo siempre\u00bb y recuerda una historia de gendarmes en un puesto en la cordillera que, \u00abcansados de que los pumas les maten los caballos, encontraron la forma de defenderlos poniendo en el grupo una mula o un burro; porque estos se tiran al suelo y les dan patadas, igual que si los tienen cerca. Les hacen frente, no como la oveja o el caballo que solo corre\u00bb.<\/p>\n<div class=\"video_repositive\">\n<div id=\"LtAhAs1RbHc_wrapg\" class=\"wrapg\"><iframe loading=\"lazy\" id=\"LtAhAs1RbHc_player\" title=\"YouTube video player\" src=\"https:\/\/www.youtube.com\/embed\/LtAhAs1RbHc?autoplay=1&amp;autohide=1&amp;controls=2&amp;enablejsapi=1&amp;origin=https%3A%2F%2Fwww.telam.com.ar&amp;widgetid=1\" width=\"800\" height=\"400\" frameborder=\"0\" allowfullscreen=\"allowfullscreen\" data-propio=\"0\" data-id=\"LtAhAs1RbHc\" data-width=\"800\" data-height=\"400\" data-gtm-yt-inspected-1_19=\"true\" data-mce-fragment=\"1\"><\/iframe><\/div>\n<\/div>\n<p>Donad\u00edo, por su parte, se\u00f1al\u00f3 que en la zona\u00a0<strong>\u00abla for\u00e1nea es la oveja que fue tra\u00edda de Malvinas y no tiene el reflejo de defenderse<\/strong>, por ejemplo salir corriendo, ante un ataque. Permanece quieta en los corrales y el puma, por naturaleza, la cazar\u00e1\u00bb.<\/p>\n<p>Los guanacos y otras especies, como comida natural del depredador son m\u00e1s dif\u00edciles de atrapar; aunque \u00abhay muchos menos ahora que hist\u00f3ricamente. Se calcula un 5% en la actualidad\u00bb, a\u00f1adi\u00f3.<\/p>\n<p>Estudiar el comportamiento de estos felinos, m\u00e1ximos depredadores y a la vez equilibradores del ecosistema, es una esperanza para mejorar dado que, seg\u00fan Donad\u00edo, \u00abcon la experiencia previa de estudios realizados en San Juan donde mata vicu\u00f1as y la presencia de este felino afecta la vegetaci\u00f3n, beneficia a los carro\u00f1eros como el c\u00f3ndor y tiene otras ventajas\u00bb.<\/p>\n<p>\u00abEstamos viendo si esto se replica en la Patagonia. Por ejemplo,\u00a0<strong>que el puma controle el n\u00famero de guanacos: ir\u00edan menos donde se sienten amenazados, all\u00ed la vegetaci\u00f3n cambia<\/strong>, se recupera volvi\u00e9ndose m\u00e1s compleja y puede albergar otros organismos, insectos, escarabajos, aves peque\u00f1as, roedores de campo, lagartijas y as\u00ed el puma estar\u00eda manteniendo o reforzando la biodiversidad\u00bb, insiste Donad\u00edo.<\/p>\n<figure class=\"mb-3\"><img decoding=\"async\" src=\"https:\/\/www.telam.com.ar\/thumbs\/bluesteel\/advf\/imagenes\/2022\/02\/6209424a73fdd_900.jpg\" alt=\"El puma es el cuarto felino ms grande del mundo despus del tigre el jaguar y el len\" width=\"100%\" height=\"100%\" \/><\/p>\n<div class=\"media-icons\"><\/div><figcaption>El puma es el cuarto felino m\u00e1s grande del mundo, despu\u00e9s del tigre, el jaguar y el le\u00f3n.<\/figcaption><\/figure>\n<p>La bi\u00f3loga Manero recuerda que \u00ablos productores siguen pregunt\u00e1ndose si hay alguna otra medida elusiva para evitar la acci\u00f3n del depredador. Tal vez manejando diferente al reba\u00f1o de ovejas, encerr\u00e1ndolas donde hay m\u00e1s movimiento de personas, que eso hace en general que los pumas se alejen o por ejemplo con\u00a0<strong>la utilizaci\u00f3n de perros pastores, bombas de estruendo o<\/strong>\u00a0<strong>alg\u00fan otro tipo de cosas que eviten la acci\u00f3n del puma como depredador sobre las ovejas<\/strong>\u00ab.<\/p>\n<p>Almonacid coincide en que \u00abcon m\u00e1s movimiento de gente, con m\u00e1s personal en las estancias, los pumas no se acercar\u00edan porque son miedosos del humano\u00bb.<\/p>\n<p>El desaf\u00edo actual es armonizar la convivencia entre quienes viven de la producci\u00f3n ganadera y quienes conservan con el objetivo de preservar el ciclo de la vida.<\/p>\n<div class=\"card col-md-10 offset-md-1 mb-4\">\n<h3 class=\"pt-2\">Relacionadas<\/h3>\n<div class=\"card-body\">\n<ul>\n<li>\n<h4>La historia de la explotaci\u00f3n de la tierra es clave para entender qu\u00e9 pas\u00f3 en Santa Cruz<\/h4>\n<\/li>\n<\/ul>\n<\/div>\n<\/div>\n<\/div>\n<\/div>\n<\/div>\n<\/div>\n","protected":false},"excerpt":{"rendered":"<p>&gt;Mientras en Santa Cruz los ecologistas destacan como virtud la acci\u00f3n depredadora del puma porque favorece el desarrollo de la vegetaci\u00f3n en zonas des\u00e9rticas, los productores ovinos lo se\u00f1alan como una seria amenaza para el ganado, una de las principales fuentes de ingreso de la regi\u00f3n.<\/p>\n","protected":false},"author":3,"featured_media":0,"comment_status":"closed","ping_status":"closed","sticky":false,"template":"","format":"standard","meta":{"footnotes":""},"categories":[46],"tags":[],"class_list":["post-68202","post","type-post","status-publish","format-standard","hentry","category-ciencia-y-tecnologia"],"yoast_head":"<!-- This site is optimized with the Yoast SEO plugin v25.9 - https:\/\/yoast.com\/wordpress\/plugins\/seo\/ -->\n<title>El puma y su h\u00e1bitat, un desaf\u00edo para buscar acuerdos entre ecologistas y ganaderos - Noticias Radio Reflejos<\/title>\n<meta name=\"robots\" content=\"index, follow, max-snippet:-1, max-image-preview:large, max-video-preview:-1\" \/>\n<link rel=\"canonical\" href=\"https:\/\/www.noticiasradioreflejos.com.ar\/2021\/el-puma-y-su-habitat-un-desafio-para-buscar-acuerdos-entre-ecologistas-y-ganaderos\/\" \/>\n<meta property=\"og:locale\" content=\"es_ES\" \/>\n<meta property=\"og:type\" content=\"article\" \/>\n<meta property=\"og:title\" content=\"El puma y su h\u00e1bitat, un desaf\u00edo para buscar acuerdos entre ecologistas y ganaderos - Noticias Radio Reflejos\" \/>\n<meta property=\"og:description\" content=\"&gt;Mientras en Santa Cruz los ecologistas destacan como virtud la acci\u00f3n depredadora del puma porque favorece el desarrollo de la vegetaci\u00f3n en zonas des\u00e9rticas, los productores ovinos lo se\u00f1alan como una seria amenaza para el ganado, una de las principales fuentes de ingreso de la regi\u00f3n.\" \/>\n<meta property=\"og:url\" content=\"https:\/\/www.noticiasradioreflejos.com.ar\/2021\/el-puma-y-su-habitat-un-desafio-para-buscar-acuerdos-entre-ecologistas-y-ganaderos\/\" \/>\n<meta property=\"og:site_name\" content=\"Noticias Radio Reflejos\" \/>\n<meta property=\"article:published_time\" content=\"2022-02-14T10:52:23+00:00\" \/>\n<meta property=\"og:image\" content=\"https:\/\/www.telam.com.ar\/thumbs\/bluesteel\/advf\/imagenes\/2022\/02\/6209424a577b0_900.jpg\" \/>\n<meta name=\"author\" content=\"Arnaldo Botto\" \/>\n<meta name=\"twitter:card\" content=\"summary_large_image\" \/>\n<script type=\"application\/ld+json\" class=\"yoast-schema-graph\">{\"@context\":\"https:\/\/schema.org\",\"@graph\":[{\"@type\":\"WebPage\",\"@id\":\"https:\/\/www.noticiasradioreflejos.com.ar\/2021\/el-puma-y-su-habitat-un-desafio-para-buscar-acuerdos-entre-ecologistas-y-ganaderos\/\",\"url\":\"https:\/\/www.noticiasradioreflejos.com.ar\/2021\/el-puma-y-su-habitat-un-desafio-para-buscar-acuerdos-entre-ecologistas-y-ganaderos\/\",\"name\":\"El puma y su h\u00e1bitat, un desaf\u00edo para buscar acuerdos entre ecologistas y ganaderos - Noticias Radio Reflejos\",\"isPartOf\":{\"@id\":\"https:\/\/www.noticiasradioreflejos.com.ar\/2021\/#website\"},\"primaryImageOfPage\":{\"@id\":\"https:\/\/www.noticiasradioreflejos.com.ar\/2021\/el-puma-y-su-habitat-un-desafio-para-buscar-acuerdos-entre-ecologistas-y-ganaderos\/#primaryimage\"},\"image\":{\"@id\":\"https:\/\/www.noticiasradioreflejos.com.ar\/2021\/el-puma-y-su-habitat-un-desafio-para-buscar-acuerdos-entre-ecologistas-y-ganaderos\/#primaryimage\"},\"thumbnailUrl\":\"https:\/\/www.telam.com.ar\/thumbs\/bluesteel\/advf\/imagenes\/2022\/02\/6209424a577b0_900.jpg\",\"datePublished\":\"2022-02-14T10:52:23+00:00\",\"author\":{\"@id\":\"https:\/\/www.noticiasradioreflejos.com.ar\/2021\/#\/schema\/person\/ad82545263dcc5ec0996818884fd5fb1\"},\"breadcrumb\":{\"@id\":\"https:\/\/www.noticiasradioreflejos.com.ar\/2021\/el-puma-y-su-habitat-un-desafio-para-buscar-acuerdos-entre-ecologistas-y-ganaderos\/#breadcrumb\"},\"inLanguage\":\"es\",\"potentialAction\":[{\"@type\":\"ReadAction\",\"target\":[\"https:\/\/www.noticiasradioreflejos.com.ar\/2021\/el-puma-y-su-habitat-un-desafio-para-buscar-acuerdos-entre-ecologistas-y-ganaderos\/\"]}]},{\"@type\":\"ImageObject\",\"inLanguage\":\"es\",\"@id\":\"https:\/\/www.noticiasradioreflejos.com.ar\/2021\/el-puma-y-su-habitat-un-desafio-para-buscar-acuerdos-entre-ecologistas-y-ganaderos\/#primaryimage\",\"url\":\"https:\/\/www.telam.com.ar\/thumbs\/bluesteel\/advf\/imagenes\/2022\/02\/6209424a577b0_900.jpg\",\"contentUrl\":\"https:\/\/www.telam.com.ar\/thumbs\/bluesteel\/advf\/imagenes\/2022\/02\/6209424a577b0_900.jpg\"},{\"@type\":\"BreadcrumbList\",\"@id\":\"https:\/\/www.noticiasradioreflejos.com.ar\/2021\/el-puma-y-su-habitat-un-desafio-para-buscar-acuerdos-entre-ecologistas-y-ganaderos\/#breadcrumb\",\"itemListElement\":[{\"@type\":\"ListItem\",\"position\":1,\"name\":\"Portada\",\"item\":\"https:\/\/www.noticiasradioreflejos.com.ar\/2021\/\"},{\"@type\":\"ListItem\",\"position\":2,\"name\":\"El puma y su h\u00e1bitat, un desaf\u00edo para buscar acuerdos entre ecologistas y ganaderos\"}]},{\"@type\":\"WebSite\",\"@id\":\"https:\/\/www.noticiasradioreflejos.com.ar\/2021\/#website\",\"url\":\"https:\/\/www.noticiasradioreflejos.com.ar\/2021\/\",\"name\":\"Noticias Radio Reflejos\",\"description\":\"Las noticias de mi comarca\",\"potentialAction\":[{\"@type\":\"SearchAction\",\"target\":{\"@type\":\"EntryPoint\",\"urlTemplate\":\"https:\/\/www.noticiasradioreflejos.com.ar\/2021\/?s={search_term_string}\"},\"query-input\":{\"@type\":\"PropertyValueSpecification\",\"valueRequired\":true,\"valueName\":\"search_term_string\"}}],\"inLanguage\":\"es\"},{\"@type\":\"Person\",\"@id\":\"https:\/\/www.noticiasradioreflejos.com.ar\/2021\/#\/schema\/person\/ad82545263dcc5ec0996818884fd5fb1\",\"name\":\"Arnaldo Botto\",\"image\":{\"@type\":\"ImageObject\",\"inLanguage\":\"es\",\"@id\":\"https:\/\/www.noticiasradioreflejos.com.ar\/2021\/#\/schema\/person\/image\/\",\"url\":\"https:\/\/secure.gravatar.com\/avatar\/55cb5e37c1efa326397366e6974cb338056df65cb50e7d64d1cf314e87504837?s=96&d=mm&r=g\",\"contentUrl\":\"https:\/\/secure.gravatar.com\/avatar\/55cb5e37c1efa326397366e6974cb338056df65cb50e7d64d1cf314e87504837?s=96&d=mm&r=g\",\"caption\":\"Arnaldo Botto\"},\"url\":\"https:\/\/www.noticiasradioreflejos.com.ar\/2021\/author\/arnaldo\/\"}]}<\/script>\n<!-- \/ Yoast SEO plugin. -->","yoast_head_json":{"title":"El puma y su h\u00e1bitat, un desaf\u00edo para buscar acuerdos entre ecologistas y ganaderos - Noticias Radio Reflejos","robots":{"index":"index","follow":"follow","max-snippet":"max-snippet:-1","max-image-preview":"max-image-preview:large","max-video-preview":"max-video-preview:-1"},"canonical":"https:\/\/www.noticiasradioreflejos.com.ar\/2021\/el-puma-y-su-habitat-un-desafio-para-buscar-acuerdos-entre-ecologistas-y-ganaderos\/","og_locale":"es_ES","og_type":"article","og_title":"El puma y su h\u00e1bitat, un desaf\u00edo para buscar acuerdos entre ecologistas y ganaderos - Noticias Radio Reflejos","og_description":"&gt;Mientras en Santa Cruz los ecologistas destacan como virtud la acci\u00f3n depredadora del puma porque favorece el desarrollo de la vegetaci\u00f3n en zonas des\u00e9rticas, los productores ovinos lo se\u00f1alan como una seria amenaza para el ganado, una de las principales fuentes de ingreso de la regi\u00f3n.","og_url":"https:\/\/www.noticiasradioreflejos.com.ar\/2021\/el-puma-y-su-habitat-un-desafio-para-buscar-acuerdos-entre-ecologistas-y-ganaderos\/","og_site_name":"Noticias Radio Reflejos","article_published_time":"2022-02-14T10:52:23+00:00","og_image":[{"url":"https:\/\/www.telam.com.ar\/thumbs\/bluesteel\/advf\/imagenes\/2022\/02\/6209424a577b0_900.jpg","type":"","width":"","height":""}],"author":"Arnaldo Botto","twitter_card":"summary_large_image","schema":{"@context":"https:\/\/schema.org","@graph":[{"@type":"WebPage","@id":"https:\/\/www.noticiasradioreflejos.com.ar\/2021\/el-puma-y-su-habitat-un-desafio-para-buscar-acuerdos-entre-ecologistas-y-ganaderos\/","url":"https:\/\/www.noticiasradioreflejos.com.ar\/2021\/el-puma-y-su-habitat-un-desafio-para-buscar-acuerdos-entre-ecologistas-y-ganaderos\/","name":"El puma y su h\u00e1bitat, un desaf\u00edo para buscar acuerdos entre ecologistas y ganaderos - Noticias Radio Reflejos","isPartOf":{"@id":"https:\/\/www.noticiasradioreflejos.com.ar\/2021\/#website"},"primaryImageOfPage":{"@id":"https:\/\/www.noticiasradioreflejos.com.ar\/2021\/el-puma-y-su-habitat-un-desafio-para-buscar-acuerdos-entre-ecologistas-y-ganaderos\/#primaryimage"},"image":{"@id":"https:\/\/www.noticiasradioreflejos.com.ar\/2021\/el-puma-y-su-habitat-un-desafio-para-buscar-acuerdos-entre-ecologistas-y-ganaderos\/#primaryimage"},"thumbnailUrl":"https:\/\/www.telam.com.ar\/thumbs\/bluesteel\/advf\/imagenes\/2022\/02\/6209424a577b0_900.jpg","datePublished":"2022-02-14T10:52:23+00:00","author":{"@id":"https:\/\/www.noticiasradioreflejos.com.ar\/2021\/#\/schema\/person\/ad82545263dcc5ec0996818884fd5fb1"},"breadcrumb":{"@id":"https:\/\/www.noticiasradioreflejos.com.ar\/2021\/el-puma-y-su-habitat-un-desafio-para-buscar-acuerdos-entre-ecologistas-y-ganaderos\/#breadcrumb"},"inLanguage":"es","potentialAction":[{"@type":"ReadAction","target":["https:\/\/www.noticiasradioreflejos.com.ar\/2021\/el-puma-y-su-habitat-un-desafio-para-buscar-acuerdos-entre-ecologistas-y-ganaderos\/"]}]},{"@type":"ImageObject","inLanguage":"es","@id":"https:\/\/www.noticiasradioreflejos.com.ar\/2021\/el-puma-y-su-habitat-un-desafio-para-buscar-acuerdos-entre-ecologistas-y-ganaderos\/#primaryimage","url":"https:\/\/www.telam.com.ar\/thumbs\/bluesteel\/advf\/imagenes\/2022\/02\/6209424a577b0_900.jpg","contentUrl":"https:\/\/www.telam.com.ar\/thumbs\/bluesteel\/advf\/imagenes\/2022\/02\/6209424a577b0_900.jpg"},{"@type":"BreadcrumbList","@id":"https:\/\/www.noticiasradioreflejos.com.ar\/2021\/el-puma-y-su-habitat-un-desafio-para-buscar-acuerdos-entre-ecologistas-y-ganaderos\/#breadcrumb","itemListElement":[{"@type":"ListItem","position":1,"name":"Portada","item":"https:\/\/www.noticiasradioreflejos.com.ar\/2021\/"},{"@type":"ListItem","position":2,"name":"El puma y su h\u00e1bitat, un desaf\u00edo para buscar acuerdos entre ecologistas y ganaderos"}]},{"@type":"WebSite","@id":"https:\/\/www.noticiasradioreflejos.com.ar\/2021\/#website","url":"https:\/\/www.noticiasradioreflejos.com.ar\/2021\/","name":"Noticias Radio Reflejos","description":"Las noticias de mi comarca","potentialAction":[{"@type":"SearchAction","target":{"@type":"EntryPoint","urlTemplate":"https:\/\/www.noticiasradioreflejos.com.ar\/2021\/?s={search_term_string}"},"query-input":{"@type":"PropertyValueSpecification","valueRequired":true,"valueName":"search_term_string"}}],"inLanguage":"es"},{"@type":"Person","@id":"https:\/\/www.noticiasradioreflejos.com.ar\/2021\/#\/schema\/person\/ad82545263dcc5ec0996818884fd5fb1","name":"Arnaldo Botto","image":{"@type":"ImageObject","inLanguage":"es","@id":"https:\/\/www.noticiasradioreflejos.com.ar\/2021\/#\/schema\/person\/image\/","url":"https:\/\/secure.gravatar.com\/avatar\/55cb5e37c1efa326397366e6974cb338056df65cb50e7d64d1cf314e87504837?s=96&d=mm&r=g","contentUrl":"https:\/\/secure.gravatar.com\/avatar\/55cb5e37c1efa326397366e6974cb338056df65cb50e7d64d1cf314e87504837?s=96&d=mm&r=g","caption":"Arnaldo Botto"},"url":"https:\/\/www.noticiasradioreflejos.com.ar\/2021\/author\/arnaldo\/"}]}},"_links":{"self":[{"href":"https:\/\/www.noticiasradioreflejos.com.ar\/2021\/wp-json\/wp\/v2\/posts\/68202","targetHints":{"allow":["GET"]}}],"collection":[{"href":"https:\/\/www.noticiasradioreflejos.com.ar\/2021\/wp-json\/wp\/v2\/posts"}],"about":[{"href":"https:\/\/www.noticiasradioreflejos.com.ar\/2021\/wp-json\/wp\/v2\/types\/post"}],"author":[{"embeddable":true,"href":"https:\/\/www.noticiasradioreflejos.com.ar\/2021\/wp-json\/wp\/v2\/users\/3"}],"replies":[{"embeddable":true,"href":"https:\/\/www.noticiasradioreflejos.com.ar\/2021\/wp-json\/wp\/v2\/comments?post=68202"}],"version-history":[{"count":1,"href":"https:\/\/www.noticiasradioreflejos.com.ar\/2021\/wp-json\/wp\/v2\/posts\/68202\/revisions"}],"predecessor-version":[{"id":68204,"href":"https:\/\/www.noticiasradioreflejos.com.ar\/2021\/wp-json\/wp\/v2\/posts\/68202\/revisions\/68204"}],"wp:attachment":[{"href":"https:\/\/www.noticiasradioreflejos.com.ar\/2021\/wp-json\/wp\/v2\/media?parent=68202"}],"wp:term":[{"taxonomy":"category","embeddable":true,"href":"https:\/\/www.noticiasradioreflejos.com.ar\/2021\/wp-json\/wp\/v2\/categories?post=68202"},{"taxonomy":"post_tag","embeddable":true,"href":"https:\/\/www.noticiasradioreflejos.com.ar\/2021\/wp-json\/wp\/v2\/tags?post=68202"}],"curies":[{"name":"wp","href":"https:\/\/api.w.org\/{rel}","templated":true}]}}