{"id":68193,"date":"2022-02-12T14:02:26","date_gmt":"2022-02-12T14:02:26","guid":{"rendered":"http:\/\/www.noticiasradioreflejos.com.ar\/2021\/?p=68193"},"modified":"2022-02-12T14:02:26","modified_gmt":"2022-02-12T14:02:26","slug":"una-fisica-argentina-liderara-un-grupo-de-igualdad-y-diversidad-en-la-ciencia-antartica","status":"publish","type":"post","link":"https:\/\/www.noticiasradioreflejos.com.ar\/2021\/una-fisica-argentina-liderara-un-grupo-de-igualdad-y-diversidad-en-la-ciencia-antartica\/","title":{"rendered":"Una f\u00edsica argentina liderar\u00e1 un grupo de igualdad y diversidad en la ciencia ant\u00e1rtica"},"content":{"rendered":"<p>Se trata de la doctora en F\u00edsica, investigadora del Conicet y jefa a cargo del departamento de Ciencias de la Atm\u00f3sfera del Instituto Ant\u00e1rtico Argentino (IAA), Adriana Gulisano.<!--more--><\/p>\n<div class=\"wrapper-editable-content\">\n<div>\n<div class=\"wrapper-editable-content\">\n<div>\n<div class=\"container-md\">\n<div class=\"row\">\n<div class=\"col-md-12 speak\">\n<div class=\"paragraph\">\n<figure class=\"mb-3\"><img decoding=\"async\" src=\"https:\/\/www.telam.com.ar\/thumbs\/bluesteel\/advf\/imagenes\/2022\/02\/6206f49fa6e5f_900.jpg\" alt=\"Foto Prensa\" width=\"100%\" height=\"100%\" \/><\/p>\n<div class=\"media-icons\"><\/div><figcaption>(Foto Prensa)<\/figcaption><\/figure>\n<p>Una f\u00edsica argentina fue elegida para liderar un grupo de cerca de cien investigadores de diversos pa\u00edses que desarrolla tareas cient\u00edficas en la Ant\u00e1rtida como parte del\u00a0<strong>Grupo de Acci\u00f3n de Igualdad, Diversidad e Inclusi\u00f3n (EDI) dentro del Comit\u00e9 Cient\u00edfico de Investigaci\u00f3n Ant\u00e1rtica (SCAR).\u00a0<\/strong><\/p>\n<p>Se trata de la doctora en F\u00edsica, investigadora del Conicet y jefa a cargo del departamento de\u00a0<strong>Ciencias de la Atm\u00f3sfera del Instituto Ant\u00e1rtico Argentino (IAA)<\/strong>, Adriana Gulisano.<\/p>\n<p>En el marco del D\u00eda Internacional de la Mujer y la Ni\u00f1a en la Ciencia, el SCAR convoc\u00f3 a celebrar \u00aba todas las mujeres que contribuyen a la ciencia polar e inspiran a una nueva generaci\u00f3n de ni\u00f1as en\u00a0<strong>carreras STEM (acr\u00f3nimo en ingl\u00e9s para ciencia, tecnolog\u00eda, ingenier\u00eda y matem\u00e1ticas)\u00bb.<\/strong><\/p>\n<p>El mensaje enfatiza que \u00abm\u00e1s all\u00e1 de la representatividad, queremos celebrar los cambios en las estructuras organizativas que har\u00e1n que la ciencia y las operaciones ant\u00e1rticas sean m\u00e1s equitativas\u00bb.<\/p>\n<blockquote class=\"\"><p>El SCAR convoc\u00f3 a celebrar \u00aba todas las mujeres que contribuyen a la ciencia polar e inspiran a una nueva generaci\u00f3n de ni\u00f1as\u00bb.<\/p><\/blockquote>\n<p>El grupo EDI estar\u00e1 dirigido por un equipo inaugural de liderazgo s\u00e9nior compuesto por Gulisano, la directora adjunta Zia Madani y la secretaria Pilvi Muschitiello.<\/p>\n<p>Gulisano dijo a T\u00e9lam que \u00abArgentina siempre tiene mucho peso en el SCAR porque fue uno de los primeros pa\u00edses firmantes del Tratado Ant\u00e1rtico\u00bb. \u00abLa igualdad de g\u00e9nero es un tema que siempre me interes\u00f3 much\u00edsimo\u00bb, a\u00f1adi\u00f3.<\/p>\n<p>Sore su postulaci\u00f3n, coment\u00f3 que \u00abquedamos seleccionadas para avanzar en un \u00e1mbito que hasta ahora hab\u00eda sido muy masculino, pero donde hay una masa cr\u00edtica de mujeres que impulsan estos cambios\u00bb.<\/p>\n<p>\u00abQueremos lograr igualdad y diversidad en todos los \u00e1mbitos de actividades cient\u00edficas y log\u00edsticas en la Ant\u00e1rtida y para eso el primer objetivo es completar un relevamiento de cu\u00e1les son los protocolos que cada pa\u00eds aplica en esta materia en sus programas ant\u00e1rticos\u00bb, precis\u00f3<\/p>\n<blockquote class=\"\"><p>\u00abQueremos lograr igualdad y diversidad en todos los \u00e1mbitos de actividades cient\u00edficas y log\u00edsticas en la Ant\u00e1rtida\u00bb<cite class=\"author\">Adriana Gulisano<\/cite><\/p><\/blockquote>\n<p>Y complet\u00f3 que no se trata s\u00f3lo de diversidad de g\u00e9nero, \u00absino tambi\u00e9n idiom\u00e1tica y geogr\u00e1fica porque queremos poder mesurar que sectores est\u00e1n sobre representados y cu\u00e1les subrepresentados\u00bb..<\/p>\n<p>\u00abArgentina ha sido pionera en muchas cosas. En esta campa\u00f1a ant\u00e1rtica por primera vez va a haber invernantes mujeres en Belgrano II que es la base m\u00e1s cercana al Polo Sur de nuestro pa\u00eds\u00bb, dijo la cient\u00edfica y a\u00f1adi\u00f3 que \u00absoy la primera mujer en ocupar el cargo de jefa del departamento de Ciencias de la Atm\u00f3sfera del IAA\u00bb,<\/p>\n<p>Indic\u00f3 que todos los cient\u00edficos del Estado \u00abtenemos que avanzar para que se comprenda que la capacidad es independiente del g\u00e9nero y terminar con las cuestiones sociales que a veces hacen que se elijan hombres, por ser hombres, para roles en los que hay mujeres capaces\u00bb.<\/p>\n<blockquote class=\"\"><p>\u00abTenemos que avanzar para que se comprenda que la capacidad es independiente del g\u00e9nero\u00bb<cite class=\"author\">Adriana Gulisano<\/cite><\/p><\/blockquote>\n<p>\u00abMi ingreso al IAA fue en 2011 y Argentina siempre hizo un esfuerzo en este sentido, por supuesto que los cambios culturales son lentos, pero lo importante es que est\u00e1 clara la voluntad de avanzar\u00bb, explic\u00f3.<\/p>\n<p>Al respecto, rememor\u00f3: \u00abEn mi primera campa\u00f1a ant\u00e1rtica cuando llegu\u00e9 a la base todos se sorprendieron porque esperaban al &#8216;doctor en f\u00edsica Gulisano&#8217; y no a la &#8216;doctora en f\u00edsica Gulisano&#8217;, fue una situaci\u00f3n graciosa porque nadie sab\u00eda bien qu\u00e9 hacer con una mujer en la base\u00bb<\/p>\n<p>\u00abLa b\u00fasqueda de la igualdad de g\u00e9nero y la diversidad es una situaci\u00f3n global en la que Argentina puede decir que ya alcanz\u00f3 logros que otros pa\u00edses que algunos creen que son m\u00e1s desarrollados todav\u00eda no, hay un largo camino por delante en el que tambi\u00e9n queremos promover las experiencias de personas con distintos grados de discapacidad que pueden hacer ciencia en la Ant\u00e1rtida, porque la diversidad va m\u00e1s all\u00e1 del g\u00e9nero\u00bb, complet\u00f3.<\/p>\n<p>Gulisano es Investigadora Cient\u00edfica y Jefa del Departamento de Ciencias Atmosf\u00e9ricas del Instituto Ant\u00e1rtico Argentino; ha estado involucrada en numerosos eventos y grupos de expertos de SCAR, sirviendo como directora general adjunta del Grupo Permanente de Ciencias F\u00edsicas de SCAR y como miembro del Grupo de Expertos en Investigaci\u00f3n y Aplicaci\u00f3n de GNSS para el Medio Ambiente Polar de SCAR.<\/p>\n<\/div>\n<\/div>\n<\/div>\n<\/div>\n<\/div>\n<\/div>\n<\/div>\n<\/div>\n","protected":false},"excerpt":{"rendered":"<p>Se trata de la doctora en F\u00edsica, investigadora del Conicet y jefa a cargo del departamento de Ciencias de la Atm\u00f3sfera del Instituto Ant\u00e1rtico Argentino (IAA), Adriana Gulisano.<\/p>\n","protected":false},"author":3,"featured_media":0,"comment_status":"closed","ping_status":"closed","sticky":false,"template":"","format":"standard","meta":{"footnotes":""},"categories":[46,34],"tags":[],"class_list":["post-68193","post","type-post","status-publish","format-standard","hentry","category-ciencia-y-tecnologia","category-educacion"],"yoast_head":"<!-- This site is optimized with the Yoast SEO plugin v25.9 - https:\/\/yoast.com\/wordpress\/plugins\/seo\/ -->\n<title>Una f\u00edsica argentina liderar\u00e1 un grupo de igualdad y diversidad en la ciencia ant\u00e1rtica - Noticias Radio Reflejos<\/title>\n<meta name=\"robots\" content=\"index, follow, max-snippet:-1, max-image-preview:large, max-video-preview:-1\" \/>\n<link rel=\"canonical\" href=\"https:\/\/www.noticiasradioreflejos.com.ar\/2021\/una-fisica-argentina-liderara-un-grupo-de-igualdad-y-diversidad-en-la-ciencia-antartica\/\" \/>\n<meta property=\"og:locale\" content=\"es_ES\" \/>\n<meta property=\"og:type\" content=\"article\" \/>\n<meta property=\"og:title\" content=\"Una f\u00edsica argentina liderar\u00e1 un grupo de igualdad y diversidad en la ciencia ant\u00e1rtica - Noticias Radio Reflejos\" \/>\n<meta property=\"og:description\" content=\"Se trata de la doctora en F\u00edsica, investigadora del Conicet y jefa a cargo del departamento de Ciencias de la Atm\u00f3sfera del Instituto Ant\u00e1rtico Argentino (IAA), Adriana Gulisano.\" \/>\n<meta property=\"og:url\" content=\"https:\/\/www.noticiasradioreflejos.com.ar\/2021\/una-fisica-argentina-liderara-un-grupo-de-igualdad-y-diversidad-en-la-ciencia-antartica\/\" \/>\n<meta property=\"og:site_name\" content=\"Noticias Radio Reflejos\" \/>\n<meta property=\"article:published_time\" content=\"2022-02-12T14:02:26+00:00\" \/>\n<meta property=\"og:image\" content=\"https:\/\/www.telam.com.ar\/thumbs\/bluesteel\/advf\/imagenes\/2022\/02\/6206f49fa6e5f_900.jpg\" \/>\n<meta name=\"author\" content=\"Arnaldo Botto\" \/>\n<meta name=\"twitter:card\" content=\"summary_large_image\" \/>\n<script type=\"application\/ld+json\" class=\"yoast-schema-graph\">{\"@context\":\"https:\/\/schema.org\",\"@graph\":[{\"@type\":\"WebPage\",\"@id\":\"https:\/\/www.noticiasradioreflejos.com.ar\/2021\/una-fisica-argentina-liderara-un-grupo-de-igualdad-y-diversidad-en-la-ciencia-antartica\/\",\"url\":\"https:\/\/www.noticiasradioreflejos.com.ar\/2021\/una-fisica-argentina-liderara-un-grupo-de-igualdad-y-diversidad-en-la-ciencia-antartica\/\",\"name\":\"Una f\u00edsica argentina liderar\u00e1 un grupo de igualdad y diversidad en la ciencia ant\u00e1rtica - Noticias Radio Reflejos\",\"isPartOf\":{\"@id\":\"https:\/\/www.noticiasradioreflejos.com.ar\/2021\/#website\"},\"primaryImageOfPage\":{\"@id\":\"https:\/\/www.noticiasradioreflejos.com.ar\/2021\/una-fisica-argentina-liderara-un-grupo-de-igualdad-y-diversidad-en-la-ciencia-antartica\/#primaryimage\"},\"image\":{\"@id\":\"https:\/\/www.noticiasradioreflejos.com.ar\/2021\/una-fisica-argentina-liderara-un-grupo-de-igualdad-y-diversidad-en-la-ciencia-antartica\/#primaryimage\"},\"thumbnailUrl\":\"https:\/\/www.telam.com.ar\/thumbs\/bluesteel\/advf\/imagenes\/2022\/02\/6206f49fa6e5f_900.jpg\",\"datePublished\":\"2022-02-12T14:02:26+00:00\",\"author\":{\"@id\":\"https:\/\/www.noticiasradioreflejos.com.ar\/2021\/#\/schema\/person\/ad82545263dcc5ec0996818884fd5fb1\"},\"breadcrumb\":{\"@id\":\"https:\/\/www.noticiasradioreflejos.com.ar\/2021\/una-fisica-argentina-liderara-un-grupo-de-igualdad-y-diversidad-en-la-ciencia-antartica\/#breadcrumb\"},\"inLanguage\":\"es\",\"potentialAction\":[{\"@type\":\"ReadAction\",\"target\":[\"https:\/\/www.noticiasradioreflejos.com.ar\/2021\/una-fisica-argentina-liderara-un-grupo-de-igualdad-y-diversidad-en-la-ciencia-antartica\/\"]}]},{\"@type\":\"ImageObject\",\"inLanguage\":\"es\",\"@id\":\"https:\/\/www.noticiasradioreflejos.com.ar\/2021\/una-fisica-argentina-liderara-un-grupo-de-igualdad-y-diversidad-en-la-ciencia-antartica\/#primaryimage\",\"url\":\"https:\/\/www.telam.com.ar\/thumbs\/bluesteel\/advf\/imagenes\/2022\/02\/6206f49fa6e5f_900.jpg\",\"contentUrl\":\"https:\/\/www.telam.com.ar\/thumbs\/bluesteel\/advf\/imagenes\/2022\/02\/6206f49fa6e5f_900.jpg\"},{\"@type\":\"BreadcrumbList\",\"@id\":\"https:\/\/www.noticiasradioreflejos.com.ar\/2021\/una-fisica-argentina-liderara-un-grupo-de-igualdad-y-diversidad-en-la-ciencia-antartica\/#breadcrumb\",\"itemListElement\":[{\"@type\":\"ListItem\",\"position\":1,\"name\":\"Portada\",\"item\":\"https:\/\/www.noticiasradioreflejos.com.ar\/2021\/\"},{\"@type\":\"ListItem\",\"position\":2,\"name\":\"Una f\u00edsica argentina liderar\u00e1 un grupo de igualdad y diversidad en la ciencia ant\u00e1rtica\"}]},{\"@type\":\"WebSite\",\"@id\":\"https:\/\/www.noticiasradioreflejos.com.ar\/2021\/#website\",\"url\":\"https:\/\/www.noticiasradioreflejos.com.ar\/2021\/\",\"name\":\"Noticias Radio Reflejos\",\"description\":\"Las noticias de mi comarca\",\"potentialAction\":[{\"@type\":\"SearchAction\",\"target\":{\"@type\":\"EntryPoint\",\"urlTemplate\":\"https:\/\/www.noticiasradioreflejos.com.ar\/2021\/?s={search_term_string}\"},\"query-input\":{\"@type\":\"PropertyValueSpecification\",\"valueRequired\":true,\"valueName\":\"search_term_string\"}}],\"inLanguage\":\"es\"},{\"@type\":\"Person\",\"@id\":\"https:\/\/www.noticiasradioreflejos.com.ar\/2021\/#\/schema\/person\/ad82545263dcc5ec0996818884fd5fb1\",\"name\":\"Arnaldo Botto\",\"image\":{\"@type\":\"ImageObject\",\"inLanguage\":\"es\",\"@id\":\"https:\/\/www.noticiasradioreflejos.com.ar\/2021\/#\/schema\/person\/image\/\",\"url\":\"https:\/\/secure.gravatar.com\/avatar\/55cb5e37c1efa326397366e6974cb338056df65cb50e7d64d1cf314e87504837?s=96&d=mm&r=g\",\"contentUrl\":\"https:\/\/secure.gravatar.com\/avatar\/55cb5e37c1efa326397366e6974cb338056df65cb50e7d64d1cf314e87504837?s=96&d=mm&r=g\",\"caption\":\"Arnaldo Botto\"},\"url\":\"https:\/\/www.noticiasradioreflejos.com.ar\/2021\/author\/arnaldo\/\"}]}<\/script>\n<!-- \/ Yoast SEO plugin. -->","yoast_head_json":{"title":"Una f\u00edsica argentina liderar\u00e1 un grupo de igualdad y diversidad en la ciencia ant\u00e1rtica - Noticias Radio Reflejos","robots":{"index":"index","follow":"follow","max-snippet":"max-snippet:-1","max-image-preview":"max-image-preview:large","max-video-preview":"max-video-preview:-1"},"canonical":"https:\/\/www.noticiasradioreflejos.com.ar\/2021\/una-fisica-argentina-liderara-un-grupo-de-igualdad-y-diversidad-en-la-ciencia-antartica\/","og_locale":"es_ES","og_type":"article","og_title":"Una f\u00edsica argentina liderar\u00e1 un grupo de igualdad y diversidad en la ciencia ant\u00e1rtica - Noticias Radio Reflejos","og_description":"Se trata de la doctora en F\u00edsica, investigadora del Conicet y jefa a cargo del departamento de Ciencias de la Atm\u00f3sfera del Instituto Ant\u00e1rtico Argentino (IAA), Adriana Gulisano.","og_url":"https:\/\/www.noticiasradioreflejos.com.ar\/2021\/una-fisica-argentina-liderara-un-grupo-de-igualdad-y-diversidad-en-la-ciencia-antartica\/","og_site_name":"Noticias Radio Reflejos","article_published_time":"2022-02-12T14:02:26+00:00","og_image":[{"url":"https:\/\/www.telam.com.ar\/thumbs\/bluesteel\/advf\/imagenes\/2022\/02\/6206f49fa6e5f_900.jpg","type":"","width":"","height":""}],"author":"Arnaldo Botto","twitter_card":"summary_large_image","schema":{"@context":"https:\/\/schema.org","@graph":[{"@type":"WebPage","@id":"https:\/\/www.noticiasradioreflejos.com.ar\/2021\/una-fisica-argentina-liderara-un-grupo-de-igualdad-y-diversidad-en-la-ciencia-antartica\/","url":"https:\/\/www.noticiasradioreflejos.com.ar\/2021\/una-fisica-argentina-liderara-un-grupo-de-igualdad-y-diversidad-en-la-ciencia-antartica\/","name":"Una f\u00edsica argentina liderar\u00e1 un grupo de igualdad y diversidad en la ciencia ant\u00e1rtica - Noticias Radio Reflejos","isPartOf":{"@id":"https:\/\/www.noticiasradioreflejos.com.ar\/2021\/#website"},"primaryImageOfPage":{"@id":"https:\/\/www.noticiasradioreflejos.com.ar\/2021\/una-fisica-argentina-liderara-un-grupo-de-igualdad-y-diversidad-en-la-ciencia-antartica\/#primaryimage"},"image":{"@id":"https:\/\/www.noticiasradioreflejos.com.ar\/2021\/una-fisica-argentina-liderara-un-grupo-de-igualdad-y-diversidad-en-la-ciencia-antartica\/#primaryimage"},"thumbnailUrl":"https:\/\/www.telam.com.ar\/thumbs\/bluesteel\/advf\/imagenes\/2022\/02\/6206f49fa6e5f_900.jpg","datePublished":"2022-02-12T14:02:26+00:00","author":{"@id":"https:\/\/www.noticiasradioreflejos.com.ar\/2021\/#\/schema\/person\/ad82545263dcc5ec0996818884fd5fb1"},"breadcrumb":{"@id":"https:\/\/www.noticiasradioreflejos.com.ar\/2021\/una-fisica-argentina-liderara-un-grupo-de-igualdad-y-diversidad-en-la-ciencia-antartica\/#breadcrumb"},"inLanguage":"es","potentialAction":[{"@type":"ReadAction","target":["https:\/\/www.noticiasradioreflejos.com.ar\/2021\/una-fisica-argentina-liderara-un-grupo-de-igualdad-y-diversidad-en-la-ciencia-antartica\/"]}]},{"@type":"ImageObject","inLanguage":"es","@id":"https:\/\/www.noticiasradioreflejos.com.ar\/2021\/una-fisica-argentina-liderara-un-grupo-de-igualdad-y-diversidad-en-la-ciencia-antartica\/#primaryimage","url":"https:\/\/www.telam.com.ar\/thumbs\/bluesteel\/advf\/imagenes\/2022\/02\/6206f49fa6e5f_900.jpg","contentUrl":"https:\/\/www.telam.com.ar\/thumbs\/bluesteel\/advf\/imagenes\/2022\/02\/6206f49fa6e5f_900.jpg"},{"@type":"BreadcrumbList","@id":"https:\/\/www.noticiasradioreflejos.com.ar\/2021\/una-fisica-argentina-liderara-un-grupo-de-igualdad-y-diversidad-en-la-ciencia-antartica\/#breadcrumb","itemListElement":[{"@type":"ListItem","position":1,"name":"Portada","item":"https:\/\/www.noticiasradioreflejos.com.ar\/2021\/"},{"@type":"ListItem","position":2,"name":"Una f\u00edsica argentina liderar\u00e1 un grupo de igualdad y diversidad en la ciencia ant\u00e1rtica"}]},{"@type":"WebSite","@id":"https:\/\/www.noticiasradioreflejos.com.ar\/2021\/#website","url":"https:\/\/www.noticiasradioreflejos.com.ar\/2021\/","name":"Noticias Radio Reflejos","description":"Las noticias de mi comarca","potentialAction":[{"@type":"SearchAction","target":{"@type":"EntryPoint","urlTemplate":"https:\/\/www.noticiasradioreflejos.com.ar\/2021\/?s={search_term_string}"},"query-input":{"@type":"PropertyValueSpecification","valueRequired":true,"valueName":"search_term_string"}}],"inLanguage":"es"},{"@type":"Person","@id":"https:\/\/www.noticiasradioreflejos.com.ar\/2021\/#\/schema\/person\/ad82545263dcc5ec0996818884fd5fb1","name":"Arnaldo Botto","image":{"@type":"ImageObject","inLanguage":"es","@id":"https:\/\/www.noticiasradioreflejos.com.ar\/2021\/#\/schema\/person\/image\/","url":"https:\/\/secure.gravatar.com\/avatar\/55cb5e37c1efa326397366e6974cb338056df65cb50e7d64d1cf314e87504837?s=96&d=mm&r=g","contentUrl":"https:\/\/secure.gravatar.com\/avatar\/55cb5e37c1efa326397366e6974cb338056df65cb50e7d64d1cf314e87504837?s=96&d=mm&r=g","caption":"Arnaldo Botto"},"url":"https:\/\/www.noticiasradioreflejos.com.ar\/2021\/author\/arnaldo\/"}]}},"_links":{"self":[{"href":"https:\/\/www.noticiasradioreflejos.com.ar\/2021\/wp-json\/wp\/v2\/posts\/68193","targetHints":{"allow":["GET"]}}],"collection":[{"href":"https:\/\/www.noticiasradioreflejos.com.ar\/2021\/wp-json\/wp\/v2\/posts"}],"about":[{"href":"https:\/\/www.noticiasradioreflejos.com.ar\/2021\/wp-json\/wp\/v2\/types\/post"}],"author":[{"embeddable":true,"href":"https:\/\/www.noticiasradioreflejos.com.ar\/2021\/wp-json\/wp\/v2\/users\/3"}],"replies":[{"embeddable":true,"href":"https:\/\/www.noticiasradioreflejos.com.ar\/2021\/wp-json\/wp\/v2\/comments?post=68193"}],"version-history":[{"count":1,"href":"https:\/\/www.noticiasradioreflejos.com.ar\/2021\/wp-json\/wp\/v2\/posts\/68193\/revisions"}],"predecessor-version":[{"id":68195,"href":"https:\/\/www.noticiasradioreflejos.com.ar\/2021\/wp-json\/wp\/v2\/posts\/68193\/revisions\/68195"}],"wp:attachment":[{"href":"https:\/\/www.noticiasradioreflejos.com.ar\/2021\/wp-json\/wp\/v2\/media?parent=68193"}],"wp:term":[{"taxonomy":"category","embeddable":true,"href":"https:\/\/www.noticiasradioreflejos.com.ar\/2021\/wp-json\/wp\/v2\/categories?post=68193"},{"taxonomy":"post_tag","embeddable":true,"href":"https:\/\/www.noticiasradioreflejos.com.ar\/2021\/wp-json\/wp\/v2\/tags?post=68193"}],"curies":[{"name":"wp","href":"https:\/\/api.w.org\/{rel}","templated":true}]}}