{"id":68178,"date":"2022-02-11T19:37:57","date_gmt":"2022-02-11T19:37:57","guid":{"rendered":"http:\/\/www.noticiasradioreflejos.com.ar\/2021\/?p=68178"},"modified":"2022-02-11T19:39:09","modified_gmt":"2022-02-11T19:39:09","slug":"esta-pandemia-ha-golpeado-fisica-y-psicologicamente-a-todo-el-personal-de-salud-al-sistema-lo-devasto","status":"publish","type":"post","link":"https:\/\/www.noticiasradioreflejos.com.ar\/2021\/esta-pandemia-ha-golpeado-fisica-y-psicologicamente-a-todo-el-personal-de-salud-al-sistema-lo-devasto\/","title":{"rendered":"\u00abEsta pandemia ha golpeado f\u00edsica y psicol\u00f3gicamente a todo el personal de salud, al sistema lo devast\u00f3\u00bb."},"content":{"rendered":"<p>La jefa del <strong>Hospital Menor \u00abEmilio Aldaya\u00bb de Sierra dela Ventana<\/strong>, estuvo hablando de las consecuencias, efectos y secuelas en el personal de salud que enfrent\u00f3 la pandemia de Coronavirus durante nuestro programa radial, <strong>\u00abTiempo Educativo\u00bb<\/strong>. Adem\u00e1s, realiza un balance del primer mes del presente a\u00f1o como Directora del Hospital Menor.<!--more--><\/p>\n<p>La m\u00e9dica explic\u00f3 que, luego de la semana de calor extremo que hizo en Enero, estar expuesto a un calor excesivo por m\u00e1s del tiempo al que estamos acostumbrados, nuestro cuerpo se ve m\u00e1s agotado de lo normal. \u00abEl golpe de calor es lo que manifestamos en nuestro cuerpo, donde no podemos regular esa temperatura\u00bb. Agreg\u00f3 que quienes m\u00e1s sufren estos golpes de calor son los ni\u00f1os y los adultos mayores.<\/p>\n<p>La Jefa de salud en Sierra de la Ventana tambi\u00e9n menciona algunas sugerencias para atravesar los d\u00edas muy calurosos. En principal destaca la hidrataci\u00f3n con bebidas no gasificadas, protegerse del sol, el consumo de frutas y la exposici\u00f3n a aparatos de ventilaci\u00f3n o acondicionamiento, aunque explica que estos \u00faltimos no hay que usarlos en menos de 24\u00b0 porque si lo hacemos, exponemos nuestro cuerpo al contraste de temperaturas.<\/p>\n<p>Lucrecia estuvo coment\u00e1ndonos c\u00f3mo fue enero en el Hospital Menor de Sierra de la Ventana. \u00abEste primer mes comenz\u00f3 muy inquieto, si algo estuvo cargado este mes fue el n\u00famero de atenci\u00f3n primaria. Se not\u00f3 que los pacientes internados que tuvieron una complejidad mayor fueron los pacientes no vacunados. Por suerte, con una muy baja tasa de mortalidad. Ahora eso se est\u00e1 comenzando a revertir\u00bb.<\/p>\n<p>\u00abHay que destacar que todas las localidades regionales que no ten\u00edan terapia hoy tuvieron que poner la terapia. Tambi\u00e9n tuvieron la capacitaci\u00f3n del m\u00e9dico, enfermero, camillero, etc.\u00bb agreg\u00f3 destacando lo que sucedi\u00f3 durante el per\u00edodo 2020-2021. Tambi\u00e9n expuso que esta pandemia ha golpeado f\u00edsica y psicol\u00f3gicamente a todo el personal de salud, \u00abal sistema lo devast\u00f3\u00bb resumi\u00f3. \u00abQuienes elegimos la medicina por vocaci\u00f3n, nos replanteamos muchas cosas, que no hubiera pasado si no exist\u00eda el Covid\u00bb.<\/p>\n<p>Nota completa a continuaci\u00f3n:<br \/>\n<iframe loading=\"lazy\" src=\"https:\/\/w.soundcloud.com\/player\/?url=https%3A\/\/api.soundcloud.com\/tracks\/1214067973&amp;color=%23ff5500&amp;auto_play=false&amp;hide_related=false&amp;show_comments=true&amp;show_user=true&amp;show_reposts=false&amp;show_teaser=true\" width=\"100%\" height=\"166\" frameborder=\"no\" scrolling=\"no\"><\/iframe><\/p>\n<div style=\"font-size: 10px; color: #cccccc; line-break: anywhere; word-break: normal; overflow: hidden; white-space: nowrap; text-overflow: ellipsis; font-family: Interstate,Lucida Grande,Lucida Sans Unicode,Lucida Sans,Garuda,Verdana,Tahoma,sans-serif; font-weight: 100;\"><a style=\"color: #cccccc; text-decoration: none;\" title=\"fmreflejos 103.7\" href=\"https:\/\/soundcloud.com\/fmreflejos-103-7\" target=\"_blank\" rel=\"noopener\">fmreflejos 103.7<\/a> \u00b7 <a style=\"color: #cccccc; text-decoration: none;\" title=\"Nota Dra Lucrecia Dube Parte 1\" href=\"https:\/\/soundcloud.com\/fmreflejos-103-7\/nota-dra-lucrecia-dube-parte-1\" target=\"_blank\" rel=\"noopener\">Nota Dra Lucrecia Dube Parte 1<\/a><\/div>\n","protected":false},"excerpt":{"rendered":"<p>La jefa del Hospital Menor \u00abEmilio Aldaya\u00bb de Sierra dela Ventana, estuvo hablando de las consecuencias, efectos y secuelas en el personal de salud que enfrent\u00f3 la pandemia de Coronavirus durante nuestro programa radial, \u00abTiempo Educativo\u00bb. Adem\u00e1s, realiza un balance del primer mes del presente a\u00f1o como Directora del Hospital Menor.<\/p>\n","protected":false},"author":3,"featured_media":0,"comment_status":"closed","ping_status":"closed","sticky":false,"template":"","format":"standard","meta":{"footnotes":""},"categories":[30],"tags":[48],"class_list":["post-68178","post","type-post","status-publish","format-standard","hentry","category-salud","tag-destacada"],"yoast_head":"<!-- This site is optimized with the Yoast SEO plugin v25.9 - https:\/\/yoast.com\/wordpress\/plugins\/seo\/ -->\n<title>&quot;Esta pandemia ha golpeado f\u00edsica y psicol\u00f3gicamente a todo el personal de salud, al sistema lo devast\u00f3&quot;. - Noticias Radio Reflejos<\/title>\n<meta name=\"robots\" content=\"index, follow, max-snippet:-1, max-image-preview:large, max-video-preview:-1\" \/>\n<link rel=\"canonical\" href=\"https:\/\/www.noticiasradioreflejos.com.ar\/2021\/esta-pandemia-ha-golpeado-fisica-y-psicologicamente-a-todo-el-personal-de-salud-al-sistema-lo-devasto\/\" \/>\n<meta property=\"og:locale\" content=\"es_ES\" \/>\n<meta property=\"og:type\" content=\"article\" \/>\n<meta property=\"og:title\" content=\"&quot;Esta pandemia ha golpeado f\u00edsica y psicol\u00f3gicamente a todo el personal de salud, al sistema lo devast\u00f3&quot;. - Noticias Radio Reflejos\" \/>\n<meta property=\"og:description\" content=\"La jefa del Hospital Menor \u00abEmilio Aldaya\u00bb de Sierra dela Ventana, estuvo hablando de las consecuencias, efectos y secuelas en el personal de salud que enfrent\u00f3 la pandemia de Coronavirus durante nuestro programa radial, \u00abTiempo Educativo\u00bb. Adem\u00e1s, realiza un balance del primer mes del presente a\u00f1o como Directora del Hospital Menor.\" \/>\n<meta property=\"og:url\" content=\"https:\/\/www.noticiasradioreflejos.com.ar\/2021\/esta-pandemia-ha-golpeado-fisica-y-psicologicamente-a-todo-el-personal-de-salud-al-sistema-lo-devasto\/\" \/>\n<meta property=\"og:site_name\" content=\"Noticias Radio Reflejos\" \/>\n<meta property=\"article:published_time\" content=\"2022-02-11T19:37:57+00:00\" \/>\n<meta property=\"article:modified_time\" content=\"2022-02-11T19:39:09+00:00\" \/>\n<meta property=\"og:image\" content=\"https:\/\/www.noticiasradioreflejos.com.ar\/2021\/wp-content\/uploads\/2021\/07\/logosol300x200.png\" \/>\n\t<meta property=\"og:image:width\" content=\"300\" \/>\n\t<meta property=\"og:image:height\" content=\"200\" \/>\n\t<meta property=\"og:image:type\" content=\"image\/png\" \/>\n<meta name=\"author\" content=\"Arnaldo Botto\" \/>\n<meta name=\"twitter:card\" content=\"summary_large_image\" \/>\n<script type=\"application\/ld+json\" class=\"yoast-schema-graph\">{\"@context\":\"https:\/\/schema.org\",\"@graph\":[{\"@type\":\"WebPage\",\"@id\":\"https:\/\/www.noticiasradioreflejos.com.ar\/2021\/esta-pandemia-ha-golpeado-fisica-y-psicologicamente-a-todo-el-personal-de-salud-al-sistema-lo-devasto\/\",\"url\":\"https:\/\/www.noticiasradioreflejos.com.ar\/2021\/esta-pandemia-ha-golpeado-fisica-y-psicologicamente-a-todo-el-personal-de-salud-al-sistema-lo-devasto\/\",\"name\":\"\\\"Esta pandemia ha golpeado f\u00edsica y psicol\u00f3gicamente a todo el personal de salud, al sistema lo devast\u00f3\\\". - Noticias Radio Reflejos\",\"isPartOf\":{\"@id\":\"https:\/\/www.noticiasradioreflejos.com.ar\/2021\/#website\"},\"datePublished\":\"2022-02-11T19:37:57+00:00\",\"dateModified\":\"2022-02-11T19:39:09+00:00\",\"author\":{\"@id\":\"https:\/\/www.noticiasradioreflejos.com.ar\/2021\/#\/schema\/person\/ad82545263dcc5ec0996818884fd5fb1\"},\"breadcrumb\":{\"@id\":\"https:\/\/www.noticiasradioreflejos.com.ar\/2021\/esta-pandemia-ha-golpeado-fisica-y-psicologicamente-a-todo-el-personal-de-salud-al-sistema-lo-devasto\/#breadcrumb\"},\"inLanguage\":\"es\",\"potentialAction\":[{\"@type\":\"ReadAction\",\"target\":[\"https:\/\/www.noticiasradioreflejos.com.ar\/2021\/esta-pandemia-ha-golpeado-fisica-y-psicologicamente-a-todo-el-personal-de-salud-al-sistema-lo-devasto\/\"]}]},{\"@type\":\"BreadcrumbList\",\"@id\":\"https:\/\/www.noticiasradioreflejos.com.ar\/2021\/esta-pandemia-ha-golpeado-fisica-y-psicologicamente-a-todo-el-personal-de-salud-al-sistema-lo-devasto\/#breadcrumb\",\"itemListElement\":[{\"@type\":\"ListItem\",\"position\":1,\"name\":\"Portada\",\"item\":\"https:\/\/www.noticiasradioreflejos.com.ar\/2021\/\"},{\"@type\":\"ListItem\",\"position\":2,\"name\":\"\u00abEsta pandemia ha golpeado f\u00edsica y psicol\u00f3gicamente a todo el personal de salud, al sistema lo devast\u00f3\u00bb.\"}]},{\"@type\":\"WebSite\",\"@id\":\"https:\/\/www.noticiasradioreflejos.com.ar\/2021\/#website\",\"url\":\"https:\/\/www.noticiasradioreflejos.com.ar\/2021\/\",\"name\":\"Noticias Radio Reflejos\",\"description\":\"Las noticias de mi comarca\",\"potentialAction\":[{\"@type\":\"SearchAction\",\"target\":{\"@type\":\"EntryPoint\",\"urlTemplate\":\"https:\/\/www.noticiasradioreflejos.com.ar\/2021\/?s={search_term_string}\"},\"query-input\":{\"@type\":\"PropertyValueSpecification\",\"valueRequired\":true,\"valueName\":\"search_term_string\"}}],\"inLanguage\":\"es\"},{\"@type\":\"Person\",\"@id\":\"https:\/\/www.noticiasradioreflejos.com.ar\/2021\/#\/schema\/person\/ad82545263dcc5ec0996818884fd5fb1\",\"name\":\"Arnaldo Botto\",\"image\":{\"@type\":\"ImageObject\",\"inLanguage\":\"es\",\"@id\":\"https:\/\/www.noticiasradioreflejos.com.ar\/2021\/#\/schema\/person\/image\/\",\"url\":\"https:\/\/secure.gravatar.com\/avatar\/55cb5e37c1efa326397366e6974cb338056df65cb50e7d64d1cf314e87504837?s=96&d=mm&r=g\",\"contentUrl\":\"https:\/\/secure.gravatar.com\/avatar\/55cb5e37c1efa326397366e6974cb338056df65cb50e7d64d1cf314e87504837?s=96&d=mm&r=g\",\"caption\":\"Arnaldo Botto\"},\"url\":\"https:\/\/www.noticiasradioreflejos.com.ar\/2021\/author\/arnaldo\/\"}]}<\/script>\n<!-- \/ Yoast SEO plugin. -->","yoast_head_json":{"title":"\"Esta pandemia ha golpeado f\u00edsica y psicol\u00f3gicamente a todo el personal de salud, al sistema lo devast\u00f3\". - Noticias Radio Reflejos","robots":{"index":"index","follow":"follow","max-snippet":"max-snippet:-1","max-image-preview":"max-image-preview:large","max-video-preview":"max-video-preview:-1"},"canonical":"https:\/\/www.noticiasradioreflejos.com.ar\/2021\/esta-pandemia-ha-golpeado-fisica-y-psicologicamente-a-todo-el-personal-de-salud-al-sistema-lo-devasto\/","og_locale":"es_ES","og_type":"article","og_title":"\"Esta pandemia ha golpeado f\u00edsica y psicol\u00f3gicamente a todo el personal de salud, al sistema lo devast\u00f3\". - Noticias Radio Reflejos","og_description":"La jefa del Hospital Menor \u00abEmilio Aldaya\u00bb de Sierra dela Ventana, estuvo hablando de las consecuencias, efectos y secuelas en el personal de salud que enfrent\u00f3 la pandemia de Coronavirus durante nuestro programa radial, \u00abTiempo Educativo\u00bb. Adem\u00e1s, realiza un balance del primer mes del presente a\u00f1o como Directora del Hospital Menor.","og_url":"https:\/\/www.noticiasradioreflejos.com.ar\/2021\/esta-pandemia-ha-golpeado-fisica-y-psicologicamente-a-todo-el-personal-de-salud-al-sistema-lo-devasto\/","og_site_name":"Noticias Radio Reflejos","article_published_time":"2022-02-11T19:37:57+00:00","article_modified_time":"2022-02-11T19:39:09+00:00","og_image":[{"width":300,"height":200,"url":"https:\/\/www.noticiasradioreflejos.com.ar\/2021\/wp-content\/uploads\/2021\/07\/logosol300x200.png","type":"image\/png"}],"author":"Arnaldo Botto","twitter_card":"summary_large_image","schema":{"@context":"https:\/\/schema.org","@graph":[{"@type":"WebPage","@id":"https:\/\/www.noticiasradioreflejos.com.ar\/2021\/esta-pandemia-ha-golpeado-fisica-y-psicologicamente-a-todo-el-personal-de-salud-al-sistema-lo-devasto\/","url":"https:\/\/www.noticiasradioreflejos.com.ar\/2021\/esta-pandemia-ha-golpeado-fisica-y-psicologicamente-a-todo-el-personal-de-salud-al-sistema-lo-devasto\/","name":"\"Esta pandemia ha golpeado f\u00edsica y psicol\u00f3gicamente a todo el personal de salud, al sistema lo devast\u00f3\". - Noticias Radio Reflejos","isPartOf":{"@id":"https:\/\/www.noticiasradioreflejos.com.ar\/2021\/#website"},"datePublished":"2022-02-11T19:37:57+00:00","dateModified":"2022-02-11T19:39:09+00:00","author":{"@id":"https:\/\/www.noticiasradioreflejos.com.ar\/2021\/#\/schema\/person\/ad82545263dcc5ec0996818884fd5fb1"},"breadcrumb":{"@id":"https:\/\/www.noticiasradioreflejos.com.ar\/2021\/esta-pandemia-ha-golpeado-fisica-y-psicologicamente-a-todo-el-personal-de-salud-al-sistema-lo-devasto\/#breadcrumb"},"inLanguage":"es","potentialAction":[{"@type":"ReadAction","target":["https:\/\/www.noticiasradioreflejos.com.ar\/2021\/esta-pandemia-ha-golpeado-fisica-y-psicologicamente-a-todo-el-personal-de-salud-al-sistema-lo-devasto\/"]}]},{"@type":"BreadcrumbList","@id":"https:\/\/www.noticiasradioreflejos.com.ar\/2021\/esta-pandemia-ha-golpeado-fisica-y-psicologicamente-a-todo-el-personal-de-salud-al-sistema-lo-devasto\/#breadcrumb","itemListElement":[{"@type":"ListItem","position":1,"name":"Portada","item":"https:\/\/www.noticiasradioreflejos.com.ar\/2021\/"},{"@type":"ListItem","position":2,"name":"\u00abEsta pandemia ha golpeado f\u00edsica y psicol\u00f3gicamente a todo el personal de salud, al sistema lo devast\u00f3\u00bb."}]},{"@type":"WebSite","@id":"https:\/\/www.noticiasradioreflejos.com.ar\/2021\/#website","url":"https:\/\/www.noticiasradioreflejos.com.ar\/2021\/","name":"Noticias Radio Reflejos","description":"Las noticias de mi comarca","potentialAction":[{"@type":"SearchAction","target":{"@type":"EntryPoint","urlTemplate":"https:\/\/www.noticiasradioreflejos.com.ar\/2021\/?s={search_term_string}"},"query-input":{"@type":"PropertyValueSpecification","valueRequired":true,"valueName":"search_term_string"}}],"inLanguage":"es"},{"@type":"Person","@id":"https:\/\/www.noticiasradioreflejos.com.ar\/2021\/#\/schema\/person\/ad82545263dcc5ec0996818884fd5fb1","name":"Arnaldo Botto","image":{"@type":"ImageObject","inLanguage":"es","@id":"https:\/\/www.noticiasradioreflejos.com.ar\/2021\/#\/schema\/person\/image\/","url":"https:\/\/secure.gravatar.com\/avatar\/55cb5e37c1efa326397366e6974cb338056df65cb50e7d64d1cf314e87504837?s=96&d=mm&r=g","contentUrl":"https:\/\/secure.gravatar.com\/avatar\/55cb5e37c1efa326397366e6974cb338056df65cb50e7d64d1cf314e87504837?s=96&d=mm&r=g","caption":"Arnaldo Botto"},"url":"https:\/\/www.noticiasradioreflejos.com.ar\/2021\/author\/arnaldo\/"}]}},"_links":{"self":[{"href":"https:\/\/www.noticiasradioreflejos.com.ar\/2021\/wp-json\/wp\/v2\/posts\/68178","targetHints":{"allow":["GET"]}}],"collection":[{"href":"https:\/\/www.noticiasradioreflejos.com.ar\/2021\/wp-json\/wp\/v2\/posts"}],"about":[{"href":"https:\/\/www.noticiasradioreflejos.com.ar\/2021\/wp-json\/wp\/v2\/types\/post"}],"author":[{"embeddable":true,"href":"https:\/\/www.noticiasradioreflejos.com.ar\/2021\/wp-json\/wp\/v2\/users\/3"}],"replies":[{"embeddable":true,"href":"https:\/\/www.noticiasradioreflejos.com.ar\/2021\/wp-json\/wp\/v2\/comments?post=68178"}],"version-history":[{"count":3,"href":"https:\/\/www.noticiasradioreflejos.com.ar\/2021\/wp-json\/wp\/v2\/posts\/68178\/revisions"}],"predecessor-version":[{"id":68181,"href":"https:\/\/www.noticiasradioreflejos.com.ar\/2021\/wp-json\/wp\/v2\/posts\/68178\/revisions\/68181"}],"wp:attachment":[{"href":"https:\/\/www.noticiasradioreflejos.com.ar\/2021\/wp-json\/wp\/v2\/media?parent=68178"}],"wp:term":[{"taxonomy":"category","embeddable":true,"href":"https:\/\/www.noticiasradioreflejos.com.ar\/2021\/wp-json\/wp\/v2\/categories?post=68178"},{"taxonomy":"post_tag","embeddable":true,"href":"https:\/\/www.noticiasradioreflejos.com.ar\/2021\/wp-json\/wp\/v2\/tags?post=68178"}],"curies":[{"name":"wp","href":"https:\/\/api.w.org\/{rel}","templated":true}]}}