{"id":68161,"date":"2022-02-11T12:18:19","date_gmt":"2022-02-11T12:18:19","guid":{"rendered":"http:\/\/www.noticiasradioreflejos.com.ar\/2021\/?p=68161"},"modified":"2022-02-11T12:18:19","modified_gmt":"2022-02-11T12:18:19","slug":"las-lluvias-estuvieron-presentes-previo-al-fin-de-semana","status":"publish","type":"post","link":"https:\/\/www.noticiasradioreflejos.com.ar\/2021\/las-lluvias-estuvieron-presentes-previo-al-fin-de-semana\/","title":{"rendered":"Las lluvias estuvieron presentes previo al fin de semana."},"content":{"rendered":"<p>Con un jueves inestable y la presencia de chaparrones aislados en toda la zona serrana llegamos a este viernes, donde las condiciones contin\u00faan, no se descartan precipitaciones aisladas, el cielo permanecer\u00e1 totalmente cubierto durante todo el d\u00eda y la m\u00e1xima se ubicar\u00eda en los 20\u00b0.<!--more--><\/p>\n<p>Con pocos mil\u00edmetros y en forma muy aislada, las localidades de la comarca serrana tuvieron precipitaciones durante el d\u00eda de ayer. los registro apenas llegaron a un par de mil\u00edmetros, donde se presentaron momentos de soleados y hasta la aparici\u00f3n de arco iris. Cabe destacar que en Villa Ventana llevan acumulados 130 mm de precipitaciones en lo que va del a\u00f1o, en tanto Sierra de la Ventana\u00a0 alcanz\u00f3 los 114 mm .<\/p>\n<p><strong>Datos de lluvias hasta las 8 hs<\/strong><\/p>\n<p>1 mm en Sierra de la Ventana<br \/>\n0.5 mm en Villa Ventana<br \/>\n2 mm en Tornquist<br \/>\n1 mm en Pig\u00fc\u00e9<br \/>\n4 mm en Espartillar<br \/>\n6 mm en Carhu\u00e9<br \/>\n15 mm en Coronel Su\u00e1rez<br \/>\n7 mm en Pasman<br \/>\n39 mm en Huanguel\u00e9n<br \/>\n18 mm en Salliquel\u00f3<br \/>\n20 mm en Bonifacio<br \/>\n15 mm en Daireaux<br \/>\n20 mm en Salazar<\/p>\n","protected":false},"excerpt":{"rendered":"<p>Con un jueves inestable y la presencia de chaparrones aislados en toda la zona serrana llegamos a este viernes, donde las condiciones contin\u00faan, no se descartan precipitaciones aisladas, el cielo permanecer\u00e1 totalmente cubierto durante todo el d\u00eda y la m\u00e1xima se ubicar\u00eda en los 20\u00b0.<\/p>\n","protected":false},"author":3,"featured_media":68162,"comment_status":"closed","ping_status":"closed","sticky":false,"template":"","format":"standard","meta":{"footnotes":""},"categories":[26],"tags":[],"class_list":["post-68161","post","type-post","status-publish","format-standard","has-post-thumbnail","hentry","category-sociedad"],"yoast_head":"<!-- This site is optimized with the Yoast SEO plugin v25.9 - https:\/\/yoast.com\/wordpress\/plugins\/seo\/ -->\n<title>Las lluvias estuvieron presentes previo al fin de semana. - Noticias Radio Reflejos<\/title>\n<meta name=\"robots\" content=\"index, follow, max-snippet:-1, max-image-preview:large, max-video-preview:-1\" \/>\n<link rel=\"canonical\" href=\"https:\/\/www.noticiasradioreflejos.com.ar\/2021\/las-lluvias-estuvieron-presentes-previo-al-fin-de-semana\/\" \/>\n<meta property=\"og:locale\" content=\"es_ES\" \/>\n<meta property=\"og:type\" content=\"article\" \/>\n<meta property=\"og:title\" content=\"Las lluvias estuvieron presentes previo al fin de semana. - Noticias Radio Reflejos\" \/>\n<meta property=\"og:description\" content=\"Con un jueves inestable y la presencia de chaparrones aislados en toda la zona serrana llegamos a este viernes, donde las condiciones contin\u00faan, no se descartan precipitaciones aisladas, el cielo permanecer\u00e1 totalmente cubierto durante todo el d\u00eda y la m\u00e1xima se ubicar\u00eda en los 20\u00b0.\" \/>\n<meta property=\"og:url\" content=\"https:\/\/www.noticiasradioreflejos.com.ar\/2021\/las-lluvias-estuvieron-presentes-previo-al-fin-de-semana\/\" \/>\n<meta property=\"og:site_name\" content=\"Noticias Radio Reflejos\" \/>\n<meta property=\"article:published_time\" content=\"2022-02-11T12:18:19+00:00\" \/>\n<meta property=\"og:image\" content=\"https:\/\/www.noticiasradioreflejos.com.ar\/2021\/wp-content\/uploads\/2022\/02\/PArque-Tornquist-Arco-iris.jpg\" \/>\n\t<meta property=\"og:image:width\" content=\"1600\" \/>\n\t<meta property=\"og:image:height\" content=\"1197\" \/>\n\t<meta property=\"og:image:type\" content=\"image\/jpeg\" \/>\n<meta name=\"author\" content=\"Arnaldo Botto\" \/>\n<meta name=\"twitter:card\" content=\"summary_large_image\" \/>\n<script type=\"application\/ld+json\" class=\"yoast-schema-graph\">{\"@context\":\"https:\/\/schema.org\",\"@graph\":[{\"@type\":\"WebPage\",\"@id\":\"https:\/\/www.noticiasradioreflejos.com.ar\/2021\/las-lluvias-estuvieron-presentes-previo-al-fin-de-semana\/\",\"url\":\"https:\/\/www.noticiasradioreflejos.com.ar\/2021\/las-lluvias-estuvieron-presentes-previo-al-fin-de-semana\/\",\"name\":\"Las lluvias estuvieron presentes previo al fin de semana. - Noticias Radio Reflejos\",\"isPartOf\":{\"@id\":\"https:\/\/www.noticiasradioreflejos.com.ar\/2021\/#website\"},\"primaryImageOfPage\":{\"@id\":\"https:\/\/www.noticiasradioreflejos.com.ar\/2021\/las-lluvias-estuvieron-presentes-previo-al-fin-de-semana\/#primaryimage\"},\"image\":{\"@id\":\"https:\/\/www.noticiasradioreflejos.com.ar\/2021\/las-lluvias-estuvieron-presentes-previo-al-fin-de-semana\/#primaryimage\"},\"thumbnailUrl\":\"https:\/\/www.noticiasradioreflejos.com.ar\/2021\/wp-content\/uploads\/2022\/02\/PArque-Tornquist-Arco-iris.jpg\",\"datePublished\":\"2022-02-11T12:18:19+00:00\",\"author\":{\"@id\":\"https:\/\/www.noticiasradioreflejos.com.ar\/2021\/#\/schema\/person\/ad82545263dcc5ec0996818884fd5fb1\"},\"breadcrumb\":{\"@id\":\"https:\/\/www.noticiasradioreflejos.com.ar\/2021\/las-lluvias-estuvieron-presentes-previo-al-fin-de-semana\/#breadcrumb\"},\"inLanguage\":\"es\",\"potentialAction\":[{\"@type\":\"ReadAction\",\"target\":[\"https:\/\/www.noticiasradioreflejos.com.ar\/2021\/las-lluvias-estuvieron-presentes-previo-al-fin-de-semana\/\"]}]},{\"@type\":\"ImageObject\",\"inLanguage\":\"es\",\"@id\":\"https:\/\/www.noticiasradioreflejos.com.ar\/2021\/las-lluvias-estuvieron-presentes-previo-al-fin-de-semana\/#primaryimage\",\"url\":\"https:\/\/www.noticiasradioreflejos.com.ar\/2021\/wp-content\/uploads\/2022\/02\/PArque-Tornquist-Arco-iris.jpg\",\"contentUrl\":\"https:\/\/www.noticiasradioreflejos.com.ar\/2021\/wp-content\/uploads\/2022\/02\/PArque-Tornquist-Arco-iris.jpg\",\"width\":1600,\"height\":1197},{\"@type\":\"BreadcrumbList\",\"@id\":\"https:\/\/www.noticiasradioreflejos.com.ar\/2021\/las-lluvias-estuvieron-presentes-previo-al-fin-de-semana\/#breadcrumb\",\"itemListElement\":[{\"@type\":\"ListItem\",\"position\":1,\"name\":\"Portada\",\"item\":\"https:\/\/www.noticiasradioreflejos.com.ar\/2021\/\"},{\"@type\":\"ListItem\",\"position\":2,\"name\":\"Las lluvias estuvieron presentes previo al fin de semana.\"}]},{\"@type\":\"WebSite\",\"@id\":\"https:\/\/www.noticiasradioreflejos.com.ar\/2021\/#website\",\"url\":\"https:\/\/www.noticiasradioreflejos.com.ar\/2021\/\",\"name\":\"Noticias Radio Reflejos\",\"description\":\"Las noticias de mi comarca\",\"potentialAction\":[{\"@type\":\"SearchAction\",\"target\":{\"@type\":\"EntryPoint\",\"urlTemplate\":\"https:\/\/www.noticiasradioreflejos.com.ar\/2021\/?s={search_term_string}\"},\"query-input\":{\"@type\":\"PropertyValueSpecification\",\"valueRequired\":true,\"valueName\":\"search_term_string\"}}],\"inLanguage\":\"es\"},{\"@type\":\"Person\",\"@id\":\"https:\/\/www.noticiasradioreflejos.com.ar\/2021\/#\/schema\/person\/ad82545263dcc5ec0996818884fd5fb1\",\"name\":\"Arnaldo Botto\",\"image\":{\"@type\":\"ImageObject\",\"inLanguage\":\"es\",\"@id\":\"https:\/\/www.noticiasradioreflejos.com.ar\/2021\/#\/schema\/person\/image\/\",\"url\":\"https:\/\/secure.gravatar.com\/avatar\/55cb5e37c1efa326397366e6974cb338056df65cb50e7d64d1cf314e87504837?s=96&d=mm&r=g\",\"contentUrl\":\"https:\/\/secure.gravatar.com\/avatar\/55cb5e37c1efa326397366e6974cb338056df65cb50e7d64d1cf314e87504837?s=96&d=mm&r=g\",\"caption\":\"Arnaldo Botto\"},\"url\":\"https:\/\/www.noticiasradioreflejos.com.ar\/2021\/author\/arnaldo\/\"}]}<\/script>\n<!-- \/ Yoast SEO plugin. -->","yoast_head_json":{"title":"Las lluvias estuvieron presentes previo al fin de semana. - Noticias Radio Reflejos","robots":{"index":"index","follow":"follow","max-snippet":"max-snippet:-1","max-image-preview":"max-image-preview:large","max-video-preview":"max-video-preview:-1"},"canonical":"https:\/\/www.noticiasradioreflejos.com.ar\/2021\/las-lluvias-estuvieron-presentes-previo-al-fin-de-semana\/","og_locale":"es_ES","og_type":"article","og_title":"Las lluvias estuvieron presentes previo al fin de semana. - Noticias Radio Reflejos","og_description":"Con un jueves inestable y la presencia de chaparrones aislados en toda la zona serrana llegamos a este viernes, donde las condiciones contin\u00faan, no se descartan precipitaciones aisladas, el cielo permanecer\u00e1 totalmente cubierto durante todo el d\u00eda y la m\u00e1xima se ubicar\u00eda en los 20\u00b0.","og_url":"https:\/\/www.noticiasradioreflejos.com.ar\/2021\/las-lluvias-estuvieron-presentes-previo-al-fin-de-semana\/","og_site_name":"Noticias Radio Reflejos","article_published_time":"2022-02-11T12:18:19+00:00","og_image":[{"width":1600,"height":1197,"url":"https:\/\/www.noticiasradioreflejos.com.ar\/2021\/wp-content\/uploads\/2022\/02\/PArque-Tornquist-Arco-iris.jpg","type":"image\/jpeg"}],"author":"Arnaldo Botto","twitter_card":"summary_large_image","schema":{"@context":"https:\/\/schema.org","@graph":[{"@type":"WebPage","@id":"https:\/\/www.noticiasradioreflejos.com.ar\/2021\/las-lluvias-estuvieron-presentes-previo-al-fin-de-semana\/","url":"https:\/\/www.noticiasradioreflejos.com.ar\/2021\/las-lluvias-estuvieron-presentes-previo-al-fin-de-semana\/","name":"Las lluvias estuvieron presentes previo al fin de semana. - Noticias Radio Reflejos","isPartOf":{"@id":"https:\/\/www.noticiasradioreflejos.com.ar\/2021\/#website"},"primaryImageOfPage":{"@id":"https:\/\/www.noticiasradioreflejos.com.ar\/2021\/las-lluvias-estuvieron-presentes-previo-al-fin-de-semana\/#primaryimage"},"image":{"@id":"https:\/\/www.noticiasradioreflejos.com.ar\/2021\/las-lluvias-estuvieron-presentes-previo-al-fin-de-semana\/#primaryimage"},"thumbnailUrl":"https:\/\/www.noticiasradioreflejos.com.ar\/2021\/wp-content\/uploads\/2022\/02\/PArque-Tornquist-Arco-iris.jpg","datePublished":"2022-02-11T12:18:19+00:00","author":{"@id":"https:\/\/www.noticiasradioreflejos.com.ar\/2021\/#\/schema\/person\/ad82545263dcc5ec0996818884fd5fb1"},"breadcrumb":{"@id":"https:\/\/www.noticiasradioreflejos.com.ar\/2021\/las-lluvias-estuvieron-presentes-previo-al-fin-de-semana\/#breadcrumb"},"inLanguage":"es","potentialAction":[{"@type":"ReadAction","target":["https:\/\/www.noticiasradioreflejos.com.ar\/2021\/las-lluvias-estuvieron-presentes-previo-al-fin-de-semana\/"]}]},{"@type":"ImageObject","inLanguage":"es","@id":"https:\/\/www.noticiasradioreflejos.com.ar\/2021\/las-lluvias-estuvieron-presentes-previo-al-fin-de-semana\/#primaryimage","url":"https:\/\/www.noticiasradioreflejos.com.ar\/2021\/wp-content\/uploads\/2022\/02\/PArque-Tornquist-Arco-iris.jpg","contentUrl":"https:\/\/www.noticiasradioreflejos.com.ar\/2021\/wp-content\/uploads\/2022\/02\/PArque-Tornquist-Arco-iris.jpg","width":1600,"height":1197},{"@type":"BreadcrumbList","@id":"https:\/\/www.noticiasradioreflejos.com.ar\/2021\/las-lluvias-estuvieron-presentes-previo-al-fin-de-semana\/#breadcrumb","itemListElement":[{"@type":"ListItem","position":1,"name":"Portada","item":"https:\/\/www.noticiasradioreflejos.com.ar\/2021\/"},{"@type":"ListItem","position":2,"name":"Las lluvias estuvieron presentes previo al fin de semana."}]},{"@type":"WebSite","@id":"https:\/\/www.noticiasradioreflejos.com.ar\/2021\/#website","url":"https:\/\/www.noticiasradioreflejos.com.ar\/2021\/","name":"Noticias Radio Reflejos","description":"Las noticias de mi comarca","potentialAction":[{"@type":"SearchAction","target":{"@type":"EntryPoint","urlTemplate":"https:\/\/www.noticiasradioreflejos.com.ar\/2021\/?s={search_term_string}"},"query-input":{"@type":"PropertyValueSpecification","valueRequired":true,"valueName":"search_term_string"}}],"inLanguage":"es"},{"@type":"Person","@id":"https:\/\/www.noticiasradioreflejos.com.ar\/2021\/#\/schema\/person\/ad82545263dcc5ec0996818884fd5fb1","name":"Arnaldo Botto","image":{"@type":"ImageObject","inLanguage":"es","@id":"https:\/\/www.noticiasradioreflejos.com.ar\/2021\/#\/schema\/person\/image\/","url":"https:\/\/secure.gravatar.com\/avatar\/55cb5e37c1efa326397366e6974cb338056df65cb50e7d64d1cf314e87504837?s=96&d=mm&r=g","contentUrl":"https:\/\/secure.gravatar.com\/avatar\/55cb5e37c1efa326397366e6974cb338056df65cb50e7d64d1cf314e87504837?s=96&d=mm&r=g","caption":"Arnaldo Botto"},"url":"https:\/\/www.noticiasradioreflejos.com.ar\/2021\/author\/arnaldo\/"}]}},"_links":{"self":[{"href":"https:\/\/www.noticiasradioreflejos.com.ar\/2021\/wp-json\/wp\/v2\/posts\/68161","targetHints":{"allow":["GET"]}}],"collection":[{"href":"https:\/\/www.noticiasradioreflejos.com.ar\/2021\/wp-json\/wp\/v2\/posts"}],"about":[{"href":"https:\/\/www.noticiasradioreflejos.com.ar\/2021\/wp-json\/wp\/v2\/types\/post"}],"author":[{"embeddable":true,"href":"https:\/\/www.noticiasradioreflejos.com.ar\/2021\/wp-json\/wp\/v2\/users\/3"}],"replies":[{"embeddable":true,"href":"https:\/\/www.noticiasradioreflejos.com.ar\/2021\/wp-json\/wp\/v2\/comments?post=68161"}],"version-history":[{"count":1,"href":"https:\/\/www.noticiasradioreflejos.com.ar\/2021\/wp-json\/wp\/v2\/posts\/68161\/revisions"}],"predecessor-version":[{"id":68163,"href":"https:\/\/www.noticiasradioreflejos.com.ar\/2021\/wp-json\/wp\/v2\/posts\/68161\/revisions\/68163"}],"wp:featuredmedia":[{"embeddable":true,"href":"https:\/\/www.noticiasradioreflejos.com.ar\/2021\/wp-json\/wp\/v2\/media\/68162"}],"wp:attachment":[{"href":"https:\/\/www.noticiasradioreflejos.com.ar\/2021\/wp-json\/wp\/v2\/media?parent=68161"}],"wp:term":[{"taxonomy":"category","embeddable":true,"href":"https:\/\/www.noticiasradioreflejos.com.ar\/2021\/wp-json\/wp\/v2\/categories?post=68161"},{"taxonomy":"post_tag","embeddable":true,"href":"https:\/\/www.noticiasradioreflejos.com.ar\/2021\/wp-json\/wp\/v2\/tags?post=68161"}],"curies":[{"name":"wp","href":"https:\/\/api.w.org\/{rel}","templated":true}]}}