{"id":68138,"date":"2022-02-10T22:56:59","date_gmt":"2022-02-10T22:56:59","guid":{"rendered":"http:\/\/www.noticiasradioreflejos.com.ar\/2021\/?p=68138"},"modified":"2022-02-11T10:40:29","modified_gmt":"2022-02-11T10:40:29","slug":"chasico-un-ave-emblematica-del-pastizal-pampeano-tiene-un-refugio-dentro-de-un-campo-privado","status":"publish","type":"post","link":"https:\/\/www.noticiasradioreflejos.com.ar\/2021\/chasico-un-ave-emblematica-del-pastizal-pampeano-tiene-un-refugio-dentro-de-un-campo-privado\/","title":{"rendered":"Chasic\u00f3: Un ave emblem\u00e1tica del pastizal pampeano tiene un refugio dentro de un campo privado"},"content":{"rendered":"<p>El Doctor en Leyes y Docente de la UNS cre\u00f3 en su campo el primer sitio para la conservaci\u00f3n in situ de la<strong> Loica pampeana (Leistes defilippii)<\/strong>, t\u00edpica de nuestra regi\u00f3n. Esta ma\u00f1ana, lo entrevistamos para que nos desarrolle de qu\u00e9 se trata este refugio y nos informe acerca de este ave.<!--more--><br \/>\n<a title=\"Loica\" href=\"https:\/\/www.flickr.com\/photos\/182279889@N02\/51874238236\/in\/dateposted-public\/\" data-flickr-embed=\"true\"><img loading=\"lazy\" decoding=\"async\" src=\"https:\/\/live.staticflickr.com\/65535\/51874238236_7c82d45b4d_z.jpg\" alt=\"Loica\" width=\"640\" height=\"360\" \/><\/a><script async src=\"\/\/embedr.flickr.com\/assets\/client-code.js\" charset=\"utf-8\"><\/script><\/p>\n<p>La Loica Pampeana es un ave categorizada En Peligro de extinci\u00f3n, con una preocupante reducci\u00f3n de sus poblaciones. Es una especie t\u00edpica del pastizal pampeano que ha sido muy abundante en el pasado. Es muy selectiva en cuanto al h\u00e1bitat, en parte por su alimentaci\u00f3n y porque abandona el territorio ante cualquier modificaci\u00f3n del pastizal natural.<\/p>\n<p>\u00abHay algunos registros de Loica Pampeana, pero muy pocos y muy aislados. En general, en las Sierras no est\u00e1n. Buscan el pasto natural\u00bb respondi\u00f3 Crist\u00f3bal cuando le preguntamos si hab\u00eda consultado con las Reservas naturales de nuestra comarca, como Sierras Grandes y el Parque Provincial.<\/p>\n<p><a title=\"Loica Pampeana (1)\" href=\"https:\/\/www.flickr.com\/photos\/182279889@N02\/51874880725\/in\/dateposted-public\/\" data-flickr-embed=\"true\"><img loading=\"lazy\" decoding=\"async\" src=\"https:\/\/live.staticflickr.com\/65535\/51874880725_003f5fe388_z.jpg\" alt=\"Loica Pampeana (1)\" width=\"640\" height=\"480\" \/><\/a><script async src=\"\/\/embedr.flickr.com\/assets\/client-code.js\" charset=\"utf-8\"><\/script><\/p>\n<p><strong>\u00bfConoc\u00edas a la loica pampeana? <\/strong><strong>\ud83d\udc26<\/strong><\/p>\n<p><strong>Para la ciencia es Leistes defilippii, para los observadores de aves, es una especie impresionante de coloraci\u00f3n negra parduzca con estr\u00edas claras en el dorso y el pecho de un color rojo intenso. Muy pero muy parecida a la Loica Com\u00fan, se diferencia de ella por tener la parte interna de las alas (\u00abtapadas\u00bb) negras. <\/strong><\/p>\n<p><strong>Es una especie gregaria, esto quiere decir que se mantiene agrupada formando bandadas.\u00a0 Es un ave emblem\u00e1tica de los pastizales naturales <\/strong><strong>\ud83c\udf3e<\/strong><strong>, donde hace sus nidos y se alimenta principalmente de insectos del suelo, ara\u00f1as y semillas <\/strong><strong>\u2728<\/strong><strong>.<\/strong><\/p>\n<p><strong>Su distribuci\u00f3n original se extend\u00eda a toda la regi\u00f3n pampeana de Argentina, casi todo Uruguay y el sur de Brasil <\/strong><strong>\ud83c\udf0e<\/strong><strong>, sin embargo, la p\u00e9rdida y degradaci\u00f3n de su h\u00e1bitat y el abuso de insecticidas han conducido a esta especie hacia el camino de la extinci\u00f3n<\/strong><strong>\u26a0<\/strong><strong>\ufe0f, y sus poblaciones reproductivas son pocas y solamente se encuentran en el sudoeste bonaerense<\/strong><strong>\u2757\ud83c\udde6\ud83c\uddf7<\/strong><strong>.<\/strong><\/p>\n<p><strong>Una vez m\u00e1s, vemos que los pastizales sanos son imprescindibles para la vida <\/strong><strong>\ud83c\udf3f<\/strong><strong>, y especies como la Loica Pampeana nos exigen trabajar para su conservaci\u00f3n, sobre todo en tiempos donde la desaparici\u00f3n de ecosistemas es un problema cada vez m\u00e1s grande <\/strong><strong>\u26a0<\/strong><strong>\ufe0f<\/strong><strong>\u2757<\/strong><strong>.<\/strong><\/p>\n<p><a title=\"mapa de loicas\" href=\"https:\/\/www.flickr.com\/photos\/182279889@N02\/51873276032\/in\/dateposted-public\/\" data-flickr-embed=\"true\"><img loading=\"lazy\" decoding=\"async\" src=\"https:\/\/live.staticflickr.com\/65535\/51873276032_e555795092_z.jpg\" alt=\"mapa de loicas\" width=\"600\" height=\"515\" \/><\/a><script async src=\"\/\/embedr.flickr.com\/assets\/client-code.js\" charset=\"utf-8\"><\/script><\/p>\n<p>\u00abTenemos ese campo en el oeste del partido de Tornquist, nos dedicamos b\u00e1sicamente a la ganader\u00eda, pero requiere tambi\u00e9n actividad agr\u00edcola. Hace ya muchos a\u00f1os que este lote lo venimos resguardando de actividad agr\u00edcola, hace muchos a\u00f1os que est\u00e1 sin intervenci\u00f3n\u00bb hizo referencia a este sector de su campo donde ha creado el Refugio de Vida Silvestre \u201cLoica Pampeana\u201d. Se trata de un lote de pastizal de 120ha que es parte de la chacra agropecuaria mixta <strong>\u201cEl Chasic\u00f3\u201d<\/strong> propiedad de la familia<strong> Doiny Cabr\u00e9<\/strong>. Menciona que hace unos 15 a\u00f1os que esta parte del campo no ha sido intervenida con este fin.<\/p>\n<p>&nbsp;<\/p>\n<p><a title=\"Campo de Loica\" href=\"https:\/\/www.flickr.com\/photos\/182279889@N02\/51873275857\/in\/dateposted-public\/\" data-flickr-embed=\"true\"><img loading=\"lazy\" decoding=\"async\" src=\"https:\/\/live.staticflickr.com\/65535\/51873275857_6361ab77f1_z.jpg\" alt=\"Campo de Loica\" width=\"640\" height=\"480\" \/><\/a><script async src=\"\/\/embedr.flickr.com\/assets\/client-code.js\" charset=\"utf-8\"><\/script><\/p>\n<p>&nbsp;<\/p>\n<p>Crist\u00f3bal adem\u00e1s nos coment\u00f3 qu\u00e9 otras especies ha podido relevar en su refugio. \u00abDepredadores de las Loicas son los zorros. Pero tambi\u00e9n han otras aves de pastizal que anidan en el suelo. Hay cachirlas, en invierno se ven agachonas chicas y otras especies de pastizal como las perdices. Tambi\u00e9n hay algunas migrantes, como las tijeretas\u00bb.<\/p>\n<p><a title=\"Loica Pampeana (1)\" href=\"https:\/\/www.flickr.com\/photos\/182279889@N02\/51873275742\/in\/dateposted-public\/\" data-flickr-embed=\"true\"><img loading=\"lazy\" decoding=\"async\" src=\"https:\/\/live.staticflickr.com\/65535\/51873275742_2a4efb010c_z.jpg\" alt=\"Loica Pampeana (1)\" width=\"640\" height=\"427\" \/><\/a><script async src=\"\/\/embedr.flickr.com\/assets\/client-code.js\" charset=\"utf-8\"><\/script><\/p>\n<p>&nbsp;<\/p>\n<p>\u00abHa ido mucha gente a ver las Loicas, es una figurita media dif\u00edcil, pero siempre las vemos cuando vamos a esa zona. Si alguien quiere ir, se contacta conmigo o con el encargado. Mi idea no es armar ning\u00fan tipo de tour, s\u00ed preservar el potrero, ver si alg\u00fan vecino se quiere enganchar con la idea\u00bb comparti\u00f3 cu\u00e1les son sus intenciones con la creaci\u00f3n del refugio.<\/p>\n<p>Nota completa a continuaci\u00f3n:<br \/>\n<iframe loading=\"lazy\" src=\"https:\/\/w.soundcloud.com\/player\/?url=https%3A\/\/api.soundcloud.com\/tracks\/1213307176&amp;color=%23ff5500&amp;auto_play=false&amp;hide_related=false&amp;show_comments=true&amp;show_user=true&amp;show_reposts=false&amp;show_teaser=true\" width=\"100%\" height=\"166\" frameborder=\"no\" scrolling=\"no\"><\/iframe><\/p>\n<div style=\"font-size: 10px; color: #cccccc; line-break: anywhere; word-break: normal; overflow: hidden; white-space: nowrap; text-overflow: ellipsis; font-family: Interstate,Lucida Grande,Lucida Sans Unicode,Lucida Sans,Garuda,Verdana,Tahoma,sans-serif; font-weight: 100;\"><a style=\"color: #cccccc; text-decoration: none;\" title=\"fmreflejos 103.7\" href=\"https:\/\/soundcloud.com\/fmreflejos-103-7\" target=\"_blank\" rel=\"noopener\">fmreflejos 103.7<\/a> \u00b7 <a style=\"color: #cccccc; text-decoration: none;\" title=\"Cristobal Doiny Cabr\u00e9\" href=\"https:\/\/soundcloud.com\/fmreflejos-103-7\/cristobal-doiny-cabre-1\" target=\"_blank\" rel=\"noopener\">Cristobal Doiny Cabr\u00e9<\/a><\/div>\n<p><a title=\"Loica Pampeana (2)\" href=\"https:\/\/www.flickr.com\/photos\/182279889@N02\/51873275807\/in\/dateposted-public\/\" data-flickr-embed=\"true\"><img loading=\"lazy\" decoding=\"async\" src=\"https:\/\/live.staticflickr.com\/65535\/51873275807_6e9e7e6fef_z.jpg\" alt=\"Loica Pampeana (2)\" width=\"640\" height=\"427\" \/><\/a><script async src=\"\/\/embedr.flickr.com\/assets\/client-code.js\" charset=\"utf-8\"><\/script><\/p>\n<p><a title=\"Refugio Chasic\u00f3 (2)\" href=\"https:\/\/www.flickr.com\/photos\/182279889@N02\/51874315673\/in\/dateposted-public\/\" data-flickr-embed=\"true\"><img loading=\"lazy\" decoding=\"async\" src=\"https:\/\/live.staticflickr.com\/65535\/51874315673_50b21f72d4_z.jpg\" alt=\"Refugio Chasic\u00f3 (2)\" width=\"640\" height=\"480\" \/><\/a><script async src=\"\/\/embedr.flickr.com\/assets\/client-code.js\" charset=\"utf-8\"><\/script><\/p>\n<p><a title=\"Refugio de Loicas (1)\" href=\"https:\/\/www.flickr.com\/photos\/182279889@N02\/51874554529\/in\/dateposted-public\/\" data-flickr-embed=\"true\"><img loading=\"lazy\" decoding=\"async\" src=\"https:\/\/live.staticflickr.com\/65535\/51874554529_d23989b37e_z.jpg\" alt=\"Refugio de Loicas (1)\" width=\"640\" height=\"360\" \/><\/a><script async src=\"\/\/embedr.flickr.com\/assets\/client-code.js\" charset=\"utf-8\"><\/script><\/p>\n","protected":false},"excerpt":{"rendered":"<p>El Doctor en Leyes y Docente de la UNS cre\u00f3 en su campo el primer sitio para la conservaci\u00f3n in situ de la Loica pampeana (Leistes defilippii), t\u00edpica de nuestra regi\u00f3n. Esta ma\u00f1ana, lo entrevistamos para que nos desarrolle de qu\u00e9 se trata este refugio y nos informe acerca de este ave.<\/p>\n","protected":false},"author":3,"featured_media":68149,"comment_status":"closed","ping_status":"closed","sticky":false,"template":"","format":"standard","meta":{"footnotes":""},"categories":[46],"tags":[48],"class_list":["post-68138","post","type-post","status-publish","format-standard","has-post-thumbnail","hentry","category-ciencia-y-tecnologia","tag-destacada"],"yoast_head":"<!-- This site is optimized with the Yoast SEO plugin v25.9 - https:\/\/yoast.com\/wordpress\/plugins\/seo\/ -->\n<title>Chasic\u00f3: Un ave emblem\u00e1tica del pastizal pampeano tiene un refugio dentro de un campo privado - Noticias Radio Reflejos<\/title>\n<meta name=\"robots\" content=\"index, follow, max-snippet:-1, max-image-preview:large, max-video-preview:-1\" \/>\n<link rel=\"canonical\" href=\"https:\/\/www.noticiasradioreflejos.com.ar\/2021\/chasico-un-ave-emblematica-del-pastizal-pampeano-tiene-un-refugio-dentro-de-un-campo-privado\/\" \/>\n<meta property=\"og:locale\" content=\"es_ES\" \/>\n<meta property=\"og:type\" content=\"article\" \/>\n<meta property=\"og:title\" content=\"Chasic\u00f3: Un ave emblem\u00e1tica del pastizal pampeano tiene un refugio dentro de un campo privado - Noticias Radio Reflejos\" \/>\n<meta property=\"og:description\" content=\"El Doctor en Leyes y Docente de la UNS cre\u00f3 en su campo el primer sitio para la conservaci\u00f3n in situ de la Loica pampeana (Leistes defilippii), t\u00edpica de nuestra regi\u00f3n. Esta ma\u00f1ana, lo entrevistamos para que nos desarrolle de qu\u00e9 se trata este refugio y nos informe acerca de este ave.\" \/>\n<meta property=\"og:url\" content=\"https:\/\/www.noticiasradioreflejos.com.ar\/2021\/chasico-un-ave-emblematica-del-pastizal-pampeano-tiene-un-refugio-dentro-de-un-campo-privado\/\" \/>\n<meta property=\"og:site_name\" content=\"Noticias Radio Reflejos\" \/>\n<meta property=\"article:published_time\" content=\"2022-02-10T22:56:59+00:00\" \/>\n<meta property=\"article:modified_time\" content=\"2022-02-11T10:40:29+00:00\" \/>\n<meta property=\"og:image\" content=\"https:\/\/www.noticiasradioreflejos.com.ar\/2021\/wp-content\/uploads\/2022\/02\/Refugio-de-Loicas-2.jpg\" \/>\n\t<meta property=\"og:image:width\" content=\"1599\" \/>\n\t<meta property=\"og:image:height\" content=\"1200\" \/>\n\t<meta property=\"og:image:type\" content=\"image\/jpeg\" \/>\n<meta name=\"author\" content=\"Arnaldo Botto\" \/>\n<meta name=\"twitter:card\" content=\"summary_large_image\" \/>\n<script type=\"application\/ld+json\" class=\"yoast-schema-graph\">{\"@context\":\"https:\/\/schema.org\",\"@graph\":[{\"@type\":\"WebPage\",\"@id\":\"https:\/\/www.noticiasradioreflejos.com.ar\/2021\/chasico-un-ave-emblematica-del-pastizal-pampeano-tiene-un-refugio-dentro-de-un-campo-privado\/\",\"url\":\"https:\/\/www.noticiasradioreflejos.com.ar\/2021\/chasico-un-ave-emblematica-del-pastizal-pampeano-tiene-un-refugio-dentro-de-un-campo-privado\/\",\"name\":\"Chasic\u00f3: Un ave emblem\u00e1tica del pastizal pampeano tiene un refugio dentro de un campo privado - Noticias Radio Reflejos\",\"isPartOf\":{\"@id\":\"https:\/\/www.noticiasradioreflejos.com.ar\/2021\/#website\"},\"primaryImageOfPage\":{\"@id\":\"https:\/\/www.noticiasradioreflejos.com.ar\/2021\/chasico-un-ave-emblematica-del-pastizal-pampeano-tiene-un-refugio-dentro-de-un-campo-privado\/#primaryimage\"},\"image\":{\"@id\":\"https:\/\/www.noticiasradioreflejos.com.ar\/2021\/chasico-un-ave-emblematica-del-pastizal-pampeano-tiene-un-refugio-dentro-de-un-campo-privado\/#primaryimage\"},\"thumbnailUrl\":\"https:\/\/www.noticiasradioreflejos.com.ar\/2021\/wp-content\/uploads\/2022\/02\/Refugio-de-Loicas-2.jpg\",\"datePublished\":\"2022-02-10T22:56:59+00:00\",\"dateModified\":\"2022-02-11T10:40:29+00:00\",\"author\":{\"@id\":\"https:\/\/www.noticiasradioreflejos.com.ar\/2021\/#\/schema\/person\/ad82545263dcc5ec0996818884fd5fb1\"},\"breadcrumb\":{\"@id\":\"https:\/\/www.noticiasradioreflejos.com.ar\/2021\/chasico-un-ave-emblematica-del-pastizal-pampeano-tiene-un-refugio-dentro-de-un-campo-privado\/#breadcrumb\"},\"inLanguage\":\"es\",\"potentialAction\":[{\"@type\":\"ReadAction\",\"target\":[\"https:\/\/www.noticiasradioreflejos.com.ar\/2021\/chasico-un-ave-emblematica-del-pastizal-pampeano-tiene-un-refugio-dentro-de-un-campo-privado\/\"]}]},{\"@type\":\"ImageObject\",\"inLanguage\":\"es\",\"@id\":\"https:\/\/www.noticiasradioreflejos.com.ar\/2021\/chasico-un-ave-emblematica-del-pastizal-pampeano-tiene-un-refugio-dentro-de-un-campo-privado\/#primaryimage\",\"url\":\"https:\/\/www.noticiasradioreflejos.com.ar\/2021\/wp-content\/uploads\/2022\/02\/Refugio-de-Loicas-2.jpg\",\"contentUrl\":\"https:\/\/www.noticiasradioreflejos.com.ar\/2021\/wp-content\/uploads\/2022\/02\/Refugio-de-Loicas-2.jpg\",\"width\":1599,\"height\":1200},{\"@type\":\"BreadcrumbList\",\"@id\":\"https:\/\/www.noticiasradioreflejos.com.ar\/2021\/chasico-un-ave-emblematica-del-pastizal-pampeano-tiene-un-refugio-dentro-de-un-campo-privado\/#breadcrumb\",\"itemListElement\":[{\"@type\":\"ListItem\",\"position\":1,\"name\":\"Portada\",\"item\":\"https:\/\/www.noticiasradioreflejos.com.ar\/2021\/\"},{\"@type\":\"ListItem\",\"position\":2,\"name\":\"Chasic\u00f3: Un ave emblem\u00e1tica del pastizal pampeano tiene un refugio dentro de un campo privado\"}]},{\"@type\":\"WebSite\",\"@id\":\"https:\/\/www.noticiasradioreflejos.com.ar\/2021\/#website\",\"url\":\"https:\/\/www.noticiasradioreflejos.com.ar\/2021\/\",\"name\":\"Noticias Radio Reflejos\",\"description\":\"Las noticias de mi comarca\",\"potentialAction\":[{\"@type\":\"SearchAction\",\"target\":{\"@type\":\"EntryPoint\",\"urlTemplate\":\"https:\/\/www.noticiasradioreflejos.com.ar\/2021\/?s={search_term_string}\"},\"query-input\":{\"@type\":\"PropertyValueSpecification\",\"valueRequired\":true,\"valueName\":\"search_term_string\"}}],\"inLanguage\":\"es\"},{\"@type\":\"Person\",\"@id\":\"https:\/\/www.noticiasradioreflejos.com.ar\/2021\/#\/schema\/person\/ad82545263dcc5ec0996818884fd5fb1\",\"name\":\"Arnaldo Botto\",\"image\":{\"@type\":\"ImageObject\",\"inLanguage\":\"es\",\"@id\":\"https:\/\/www.noticiasradioreflejos.com.ar\/2021\/#\/schema\/person\/image\/\",\"url\":\"https:\/\/secure.gravatar.com\/avatar\/55cb5e37c1efa326397366e6974cb338056df65cb50e7d64d1cf314e87504837?s=96&d=mm&r=g\",\"contentUrl\":\"https:\/\/secure.gravatar.com\/avatar\/55cb5e37c1efa326397366e6974cb338056df65cb50e7d64d1cf314e87504837?s=96&d=mm&r=g\",\"caption\":\"Arnaldo Botto\"},\"url\":\"https:\/\/www.noticiasradioreflejos.com.ar\/2021\/author\/arnaldo\/\"}]}<\/script>\n<!-- \/ Yoast SEO plugin. -->","yoast_head_json":{"title":"Chasic\u00f3: Un ave emblem\u00e1tica del pastizal pampeano tiene un refugio dentro de un campo privado - Noticias Radio Reflejos","robots":{"index":"index","follow":"follow","max-snippet":"max-snippet:-1","max-image-preview":"max-image-preview:large","max-video-preview":"max-video-preview:-1"},"canonical":"https:\/\/www.noticiasradioreflejos.com.ar\/2021\/chasico-un-ave-emblematica-del-pastizal-pampeano-tiene-un-refugio-dentro-de-un-campo-privado\/","og_locale":"es_ES","og_type":"article","og_title":"Chasic\u00f3: Un ave emblem\u00e1tica del pastizal pampeano tiene un refugio dentro de un campo privado - Noticias Radio Reflejos","og_description":"El Doctor en Leyes y Docente de la UNS cre\u00f3 en su campo el primer sitio para la conservaci\u00f3n in situ de la Loica pampeana (Leistes defilippii), t\u00edpica de nuestra regi\u00f3n. Esta ma\u00f1ana, lo entrevistamos para que nos desarrolle de qu\u00e9 se trata este refugio y nos informe acerca de este ave.","og_url":"https:\/\/www.noticiasradioreflejos.com.ar\/2021\/chasico-un-ave-emblematica-del-pastizal-pampeano-tiene-un-refugio-dentro-de-un-campo-privado\/","og_site_name":"Noticias Radio Reflejos","article_published_time":"2022-02-10T22:56:59+00:00","article_modified_time":"2022-02-11T10:40:29+00:00","og_image":[{"width":1599,"height":1200,"url":"https:\/\/www.noticiasradioreflejos.com.ar\/2021\/wp-content\/uploads\/2022\/02\/Refugio-de-Loicas-2.jpg","type":"image\/jpeg"}],"author":"Arnaldo Botto","twitter_card":"summary_large_image","schema":{"@context":"https:\/\/schema.org","@graph":[{"@type":"WebPage","@id":"https:\/\/www.noticiasradioreflejos.com.ar\/2021\/chasico-un-ave-emblematica-del-pastizal-pampeano-tiene-un-refugio-dentro-de-un-campo-privado\/","url":"https:\/\/www.noticiasradioreflejos.com.ar\/2021\/chasico-un-ave-emblematica-del-pastizal-pampeano-tiene-un-refugio-dentro-de-un-campo-privado\/","name":"Chasic\u00f3: Un ave emblem\u00e1tica del pastizal pampeano tiene un refugio dentro de un campo privado - Noticias Radio Reflejos","isPartOf":{"@id":"https:\/\/www.noticiasradioreflejos.com.ar\/2021\/#website"},"primaryImageOfPage":{"@id":"https:\/\/www.noticiasradioreflejos.com.ar\/2021\/chasico-un-ave-emblematica-del-pastizal-pampeano-tiene-un-refugio-dentro-de-un-campo-privado\/#primaryimage"},"image":{"@id":"https:\/\/www.noticiasradioreflejos.com.ar\/2021\/chasico-un-ave-emblematica-del-pastizal-pampeano-tiene-un-refugio-dentro-de-un-campo-privado\/#primaryimage"},"thumbnailUrl":"https:\/\/www.noticiasradioreflejos.com.ar\/2021\/wp-content\/uploads\/2022\/02\/Refugio-de-Loicas-2.jpg","datePublished":"2022-02-10T22:56:59+00:00","dateModified":"2022-02-11T10:40:29+00:00","author":{"@id":"https:\/\/www.noticiasradioreflejos.com.ar\/2021\/#\/schema\/person\/ad82545263dcc5ec0996818884fd5fb1"},"breadcrumb":{"@id":"https:\/\/www.noticiasradioreflejos.com.ar\/2021\/chasico-un-ave-emblematica-del-pastizal-pampeano-tiene-un-refugio-dentro-de-un-campo-privado\/#breadcrumb"},"inLanguage":"es","potentialAction":[{"@type":"ReadAction","target":["https:\/\/www.noticiasradioreflejos.com.ar\/2021\/chasico-un-ave-emblematica-del-pastizal-pampeano-tiene-un-refugio-dentro-de-un-campo-privado\/"]}]},{"@type":"ImageObject","inLanguage":"es","@id":"https:\/\/www.noticiasradioreflejos.com.ar\/2021\/chasico-un-ave-emblematica-del-pastizal-pampeano-tiene-un-refugio-dentro-de-un-campo-privado\/#primaryimage","url":"https:\/\/www.noticiasradioreflejos.com.ar\/2021\/wp-content\/uploads\/2022\/02\/Refugio-de-Loicas-2.jpg","contentUrl":"https:\/\/www.noticiasradioreflejos.com.ar\/2021\/wp-content\/uploads\/2022\/02\/Refugio-de-Loicas-2.jpg","width":1599,"height":1200},{"@type":"BreadcrumbList","@id":"https:\/\/www.noticiasradioreflejos.com.ar\/2021\/chasico-un-ave-emblematica-del-pastizal-pampeano-tiene-un-refugio-dentro-de-un-campo-privado\/#breadcrumb","itemListElement":[{"@type":"ListItem","position":1,"name":"Portada","item":"https:\/\/www.noticiasradioreflejos.com.ar\/2021\/"},{"@type":"ListItem","position":2,"name":"Chasic\u00f3: Un ave emblem\u00e1tica del pastizal pampeano tiene un refugio dentro de un campo privado"}]},{"@type":"WebSite","@id":"https:\/\/www.noticiasradioreflejos.com.ar\/2021\/#website","url":"https:\/\/www.noticiasradioreflejos.com.ar\/2021\/","name":"Noticias Radio Reflejos","description":"Las noticias de mi comarca","potentialAction":[{"@type":"SearchAction","target":{"@type":"EntryPoint","urlTemplate":"https:\/\/www.noticiasradioreflejos.com.ar\/2021\/?s={search_term_string}"},"query-input":{"@type":"PropertyValueSpecification","valueRequired":true,"valueName":"search_term_string"}}],"inLanguage":"es"},{"@type":"Person","@id":"https:\/\/www.noticiasradioreflejos.com.ar\/2021\/#\/schema\/person\/ad82545263dcc5ec0996818884fd5fb1","name":"Arnaldo Botto","image":{"@type":"ImageObject","inLanguage":"es","@id":"https:\/\/www.noticiasradioreflejos.com.ar\/2021\/#\/schema\/person\/image\/","url":"https:\/\/secure.gravatar.com\/avatar\/55cb5e37c1efa326397366e6974cb338056df65cb50e7d64d1cf314e87504837?s=96&d=mm&r=g","contentUrl":"https:\/\/secure.gravatar.com\/avatar\/55cb5e37c1efa326397366e6974cb338056df65cb50e7d64d1cf314e87504837?s=96&d=mm&r=g","caption":"Arnaldo Botto"},"url":"https:\/\/www.noticiasradioreflejos.com.ar\/2021\/author\/arnaldo\/"}]}},"_links":{"self":[{"href":"https:\/\/www.noticiasradioreflejos.com.ar\/2021\/wp-json\/wp\/v2\/posts\/68138","targetHints":{"allow":["GET"]}}],"collection":[{"href":"https:\/\/www.noticiasradioreflejos.com.ar\/2021\/wp-json\/wp\/v2\/posts"}],"about":[{"href":"https:\/\/www.noticiasradioreflejos.com.ar\/2021\/wp-json\/wp\/v2\/types\/post"}],"author":[{"embeddable":true,"href":"https:\/\/www.noticiasradioreflejos.com.ar\/2021\/wp-json\/wp\/v2\/users\/3"}],"replies":[{"embeddable":true,"href":"https:\/\/www.noticiasradioreflejos.com.ar\/2021\/wp-json\/wp\/v2\/comments?post=68138"}],"version-history":[{"count":2,"href":"https:\/\/www.noticiasradioreflejos.com.ar\/2021\/wp-json\/wp\/v2\/posts\/68138\/revisions"}],"predecessor-version":[{"id":68150,"href":"https:\/\/www.noticiasradioreflejos.com.ar\/2021\/wp-json\/wp\/v2\/posts\/68138\/revisions\/68150"}],"wp:featuredmedia":[{"embeddable":true,"href":"https:\/\/www.noticiasradioreflejos.com.ar\/2021\/wp-json\/wp\/v2\/media\/68149"}],"wp:attachment":[{"href":"https:\/\/www.noticiasradioreflejos.com.ar\/2021\/wp-json\/wp\/v2\/media?parent=68138"}],"wp:term":[{"taxonomy":"category","embeddable":true,"href":"https:\/\/www.noticiasradioreflejos.com.ar\/2021\/wp-json\/wp\/v2\/categories?post=68138"},{"taxonomy":"post_tag","embeddable":true,"href":"https:\/\/www.noticiasradioreflejos.com.ar\/2021\/wp-json\/wp\/v2\/tags?post=68138"}],"curies":[{"name":"wp","href":"https:\/\/api.w.org\/{rel}","templated":true}]}}