{"id":68136,"date":"2022-02-10T22:37:42","date_gmt":"2022-02-10T22:37:42","guid":{"rendered":"http:\/\/www.noticiasradioreflejos.com.ar\/2021\/?p=68136"},"modified":"2022-02-10T22:37:42","modified_gmt":"2022-02-10T22:37:42","slug":"polemica-por-los-arboles-y-cooperativa-de-trabajo-hay-una-intencion-politica-de-polemizar-todos-los-temas-y-claramente-hacerse-los-desentendidos-de-algunas-cosas","status":"publish","type":"post","link":"https:\/\/www.noticiasradioreflejos.com.ar\/2021\/polemica-por-los-arboles-y-cooperativa-de-trabajo-hay-una-intencion-politica-de-polemizar-todos-los-temas-y-claramente-hacerse-los-desentendidos-de-algunas-cosas\/","title":{"rendered":"Pol\u00e9mica por los \u00e1rboles y Cooperativa de trabajo:  \u00abHay una intenci\u00f3n pol\u00edtica de polemizar todos los temas y claramente hacerse los desentendidos de algunas cosas\u00bb"},"content":{"rendered":"<p>El Secretario de Hacienda interino del municipio de Tornquist informa sobre la visita del Director Forestal del Ministerio de Desarrollo Agrario de la Provincia de Buenos Aires, Ing. Agr. Emiliano Cucciufo, y responde a los pedidos de informes sobre empleados contratados en una cooperativa de trabajo de Bah\u00eda Blanca.<!--more--><\/p>\n<p>Zacconi aprovech\u00f3 para explicar que el rol del Ingeniero Forestal Paris era el de asesorar al Ejecutivo en relaci\u00f3n a qu\u00e9 medidas tomar para que los espacios p\u00fablicos arbolados sean seguros para la comunidad. \u00abNo dec\u00eda espec\u00edficamente lo que se deb\u00eda o no deb\u00eda hacer. Simplemente era una gu\u00eda de pasos a seguir sobre lo que ten\u00eda que hacer un profesional para hacer una evaluaci\u00f3n de riesgo\u00bb. Aclar\u00f3 que el ingeniero ya no ejerce sus funciones en el municipio.<\/p>\n<p>\u00abLa intenci\u00f3n pol\u00edtica es enmarcarse dentro de la ley, en una referencia en que tenemos que empezar a trabajar en tomas de arbolado para prevenir lo que hoy nos esta pasando\u00bb fundament\u00f3 Bruno la visita del Ingeniero. \u00abFue realmente muy productiva y nos va a permitir empezar a pensar en el arbolado p\u00fablico m\u00e1s all\u00e1 de la urgencia\u00bb evalu\u00f3.<br \/>\n<a data-flickr-embed=\"true\" href=\"https:\/\/www.flickr.com\/photos\/182279889@N02\/51872498426\/in\/dateposted-public\/\" title=\"Visita Cucciufo (4)\"><img loading=\"lazy\" decoding=\"async\" src=\"https:\/\/live.staticflickr.com\/65535\/51872498426_cce21c8d20_z.jpg\" width=\"640\" height=\"427\" alt=\"Visita Cucciufo (4)\"><\/a><script async src=\"\/\/embedr.flickr.com\/assets\/client-code.js\" charset=\"utf-8\"><\/script><\/p>\n<p>\u00abTenemos que empezar a pensar que en el futuro tenemos que trabajar en un plan regulador distrital donde empecemos a pensar en los espacios p\u00fablicos, que tienen gran circulaci\u00f3n, en prevenci\u00f3n para evitar tragedias\u00bb continu\u00f3 explicando de qu\u00e9 van las conclusiones sacadas luego de la reuni\u00f3n con el Director Forestal del Ministerio de Desarrollo Agrario de la Provincia de Buenos Aires.<\/p>\n<p>El Municipio de Tornquist incorpor\u00f3 a una nueva profesional en el \u00e1rea para continuar trabajando en estas problem\u00e1ticas. \u00abEs una chica de la Provincia de la Pampa, es Ingeniera Agr\u00f3noma con incumbencia forestal, es decir, que ha trabajado en la materia de arbolado\u00bb present\u00f3 Bruno a la nueva profesional a cargo del arbolado p\u00fablico,<strong> Lucila Heit<\/strong>.<\/p>\n<p>Bruno resalt\u00f3 que, adem\u00e1s de trabajar en el arbolado p\u00fablico con esta nueva \u00e1rea creada, hay que trabajar fuertemente en la educaci\u00f3n de todos los habitantes del distrito. \u00abMe parece crucial decir que a esta situaci\u00f3n no se llega por una decisi\u00f3n de un gobierno, sino por una desatenci\u00f3n generalizada de todos los gobiernos de todos los colores pol\u00edticos. Pero este s\u00ed es el gobierno que tom\u00f3 la decisi\u00f3n de enmarcarse dentro de la ley y empezar a solucionar problemas estructurales\u00bb.<\/p>\n<p>Por otro lado, Zacconi estuvo respondiendo a los pedidos de informes sobre empleados contratados en una cooperativa de trabajo de Bah\u00eda Blanca que el municipio contrat\u00f3 para realizar el barrido de cordones cuneta. \u00abHay una intenci\u00f3n pol\u00edtica de polemizar todos los temas y claramente hacerse los desentendidos de algunas cosas\u00bb fue lo primero que expres\u00f3 Bruno en relaci\u00f3n al tema.<\/p>\n<p>Continu\u00f3 aclarando que recibi\u00f3 la consulta informal por parte de los concejales sobre qu\u00e9 pasaba con esta cooperativa de trabajo. \u00abSon 4 personas que se incorporan en Tornquist que est\u00e1n, hoy por hoy, supliendo vacaciones y deficiencias que se hab\u00edan generado en el servicio, pero son meramente moment\u00e1neas\u00bb respondi\u00f3.<\/p>\n<p>Nota completa a continuaci\u00f3n:<br \/>\n<iframe loading=\"lazy\" src=\"https:\/\/w.soundcloud.com\/player\/?url=https%3A\/\/api.soundcloud.com\/tracks\/1213285606&amp;color=%23ff5500&amp;auto_play=false&amp;hide_related=false&amp;show_comments=true&amp;show_user=true&amp;show_reposts=false&amp;show_teaser=true\" width=\"100%\" height=\"166\" frameborder=\"no\" scrolling=\"no\"><\/iframe><\/p>\n<div style=\"font-size: 10px; color: #cccccc; line-break: anywhere; word-break: normal; overflow: hidden; white-space: nowrap; text-overflow: ellipsis; font-family: Interstate,Lucida Grande,Lucida Sans Unicode,Lucida Sans,Garuda,Verdana,Tahoma,sans-serif; font-weight: 100;\"><a style=\"color: #cccccc; text-decoration: none;\" title=\"fmreflejos 103.7\" href=\"https:\/\/soundcloud.com\/fmreflejos-103-7\" target=\"_blank\" rel=\"noopener\">fmreflejos 103.7<\/a> \u00b7 <a style=\"color: #cccccc; text-decoration: none;\" title=\"Bruno Zaconni\" href=\"https:\/\/soundcloud.com\/fmreflejos-103-7\/bruno-zaconni-5\" target=\"_blank\" rel=\"noopener\">Bruno Zaconni<\/a><\/div>\n","protected":false},"excerpt":{"rendered":"<p>El Secretario de Hacienda interino del municipio de Tornquist informa sobre la visita del Director Forestal del Ministerio de Desarrollo Agrario de la Provincia de Buenos Aires, Ing. Agr. Emiliano Cucciufo, y responde a los pedidos de informes sobre empleados contratados en una cooperativa de trabajo de Bah\u00eda Blanca.<\/p>\n","protected":false},"author":3,"featured_media":0,"comment_status":"closed","ping_status":"closed","sticky":false,"template":"","format":"standard","meta":{"footnotes":""},"categories":[28],"tags":[48],"class_list":["post-68136","post","type-post","status-publish","format-standard","hentry","category-municipales","tag-destacada"],"yoast_head":"<!-- This site is optimized with the Yoast SEO plugin v25.9 - https:\/\/yoast.com\/wordpress\/plugins\/seo\/ -->\n<title>Pol\u00e9mica por los \u00e1rboles y Cooperativa de trabajo: &quot;Hay una intenci\u00f3n pol\u00edtica de polemizar todos los temas y claramente hacerse los desentendidos de algunas cosas&quot; - Noticias Radio Reflejos<\/title>\n<meta name=\"robots\" content=\"index, follow, max-snippet:-1, max-image-preview:large, max-video-preview:-1\" \/>\n<link rel=\"canonical\" href=\"https:\/\/www.noticiasradioreflejos.com.ar\/2021\/polemica-por-los-arboles-y-cooperativa-de-trabajo-hay-una-intencion-politica-de-polemizar-todos-los-temas-y-claramente-hacerse-los-desentendidos-de-algunas-cosas\/\" \/>\n<meta property=\"og:locale\" content=\"es_ES\" \/>\n<meta property=\"og:type\" content=\"article\" \/>\n<meta property=\"og:title\" content=\"Pol\u00e9mica por los \u00e1rboles y Cooperativa de trabajo: &quot;Hay una intenci\u00f3n pol\u00edtica de polemizar todos los temas y claramente hacerse los desentendidos de algunas cosas&quot; - Noticias Radio Reflejos\" \/>\n<meta property=\"og:description\" content=\"El Secretario de Hacienda interino del municipio de Tornquist informa sobre la visita del Director Forestal del Ministerio de Desarrollo Agrario de la Provincia de Buenos Aires, Ing. Agr. Emiliano Cucciufo, y responde a los pedidos de informes sobre empleados contratados en una cooperativa de trabajo de Bah\u00eda Blanca.\" \/>\n<meta property=\"og:url\" content=\"https:\/\/www.noticiasradioreflejos.com.ar\/2021\/polemica-por-los-arboles-y-cooperativa-de-trabajo-hay-una-intencion-politica-de-polemizar-todos-los-temas-y-claramente-hacerse-los-desentendidos-de-algunas-cosas\/\" \/>\n<meta property=\"og:site_name\" content=\"Noticias Radio Reflejos\" \/>\n<meta property=\"article:published_time\" content=\"2022-02-10T22:37:42+00:00\" \/>\n<meta property=\"og:image\" content=\"https:\/\/live.staticflickr.com\/65535\/51872498426_cce21c8d20_z.jpg\" \/>\n<meta name=\"author\" content=\"Arnaldo Botto\" \/>\n<meta name=\"twitter:card\" content=\"summary_large_image\" \/>\n<script type=\"application\/ld+json\" class=\"yoast-schema-graph\">{\"@context\":\"https:\/\/schema.org\",\"@graph\":[{\"@type\":\"WebPage\",\"@id\":\"https:\/\/www.noticiasradioreflejos.com.ar\/2021\/polemica-por-los-arboles-y-cooperativa-de-trabajo-hay-una-intencion-politica-de-polemizar-todos-los-temas-y-claramente-hacerse-los-desentendidos-de-algunas-cosas\/\",\"url\":\"https:\/\/www.noticiasradioreflejos.com.ar\/2021\/polemica-por-los-arboles-y-cooperativa-de-trabajo-hay-una-intencion-politica-de-polemizar-todos-los-temas-y-claramente-hacerse-los-desentendidos-de-algunas-cosas\/\",\"name\":\"Pol\u00e9mica por los \u00e1rboles y Cooperativa de trabajo: \\\"Hay una intenci\u00f3n pol\u00edtica de polemizar todos los temas y claramente hacerse los desentendidos de algunas cosas\\\" - Noticias Radio Reflejos\",\"isPartOf\":{\"@id\":\"https:\/\/www.noticiasradioreflejos.com.ar\/2021\/#website\"},\"primaryImageOfPage\":{\"@id\":\"https:\/\/www.noticiasradioreflejos.com.ar\/2021\/polemica-por-los-arboles-y-cooperativa-de-trabajo-hay-una-intencion-politica-de-polemizar-todos-los-temas-y-claramente-hacerse-los-desentendidos-de-algunas-cosas\/#primaryimage\"},\"image\":{\"@id\":\"https:\/\/www.noticiasradioreflejos.com.ar\/2021\/polemica-por-los-arboles-y-cooperativa-de-trabajo-hay-una-intencion-politica-de-polemizar-todos-los-temas-y-claramente-hacerse-los-desentendidos-de-algunas-cosas\/#primaryimage\"},\"thumbnailUrl\":\"https:\/\/live.staticflickr.com\/65535\/51872498426_cce21c8d20_z.jpg\",\"datePublished\":\"2022-02-10T22:37:42+00:00\",\"author\":{\"@id\":\"https:\/\/www.noticiasradioreflejos.com.ar\/2021\/#\/schema\/person\/ad82545263dcc5ec0996818884fd5fb1\"},\"breadcrumb\":{\"@id\":\"https:\/\/www.noticiasradioreflejos.com.ar\/2021\/polemica-por-los-arboles-y-cooperativa-de-trabajo-hay-una-intencion-politica-de-polemizar-todos-los-temas-y-claramente-hacerse-los-desentendidos-de-algunas-cosas\/#breadcrumb\"},\"inLanguage\":\"es\",\"potentialAction\":[{\"@type\":\"ReadAction\",\"target\":[\"https:\/\/www.noticiasradioreflejos.com.ar\/2021\/polemica-por-los-arboles-y-cooperativa-de-trabajo-hay-una-intencion-politica-de-polemizar-todos-los-temas-y-claramente-hacerse-los-desentendidos-de-algunas-cosas\/\"]}]},{\"@type\":\"ImageObject\",\"inLanguage\":\"es\",\"@id\":\"https:\/\/www.noticiasradioreflejos.com.ar\/2021\/polemica-por-los-arboles-y-cooperativa-de-trabajo-hay-una-intencion-politica-de-polemizar-todos-los-temas-y-claramente-hacerse-los-desentendidos-de-algunas-cosas\/#primaryimage\",\"url\":\"https:\/\/live.staticflickr.com\/65535\/51872498426_cce21c8d20_z.jpg\",\"contentUrl\":\"https:\/\/live.staticflickr.com\/65535\/51872498426_cce21c8d20_z.jpg\"},{\"@type\":\"BreadcrumbList\",\"@id\":\"https:\/\/www.noticiasradioreflejos.com.ar\/2021\/polemica-por-los-arboles-y-cooperativa-de-trabajo-hay-una-intencion-politica-de-polemizar-todos-los-temas-y-claramente-hacerse-los-desentendidos-de-algunas-cosas\/#breadcrumb\",\"itemListElement\":[{\"@type\":\"ListItem\",\"position\":1,\"name\":\"Portada\",\"item\":\"https:\/\/www.noticiasradioreflejos.com.ar\/2021\/\"},{\"@type\":\"ListItem\",\"position\":2,\"name\":\"Pol\u00e9mica por los \u00e1rboles y Cooperativa de trabajo: \u00abHay una intenci\u00f3n pol\u00edtica de polemizar todos los temas y claramente hacerse los desentendidos de algunas cosas\u00bb\"}]},{\"@type\":\"WebSite\",\"@id\":\"https:\/\/www.noticiasradioreflejos.com.ar\/2021\/#website\",\"url\":\"https:\/\/www.noticiasradioreflejos.com.ar\/2021\/\",\"name\":\"Noticias Radio Reflejos\",\"description\":\"Las noticias de mi comarca\",\"potentialAction\":[{\"@type\":\"SearchAction\",\"target\":{\"@type\":\"EntryPoint\",\"urlTemplate\":\"https:\/\/www.noticiasradioreflejos.com.ar\/2021\/?s={search_term_string}\"},\"query-input\":{\"@type\":\"PropertyValueSpecification\",\"valueRequired\":true,\"valueName\":\"search_term_string\"}}],\"inLanguage\":\"es\"},{\"@type\":\"Person\",\"@id\":\"https:\/\/www.noticiasradioreflejos.com.ar\/2021\/#\/schema\/person\/ad82545263dcc5ec0996818884fd5fb1\",\"name\":\"Arnaldo Botto\",\"image\":{\"@type\":\"ImageObject\",\"inLanguage\":\"es\",\"@id\":\"https:\/\/www.noticiasradioreflejos.com.ar\/2021\/#\/schema\/person\/image\/\",\"url\":\"https:\/\/secure.gravatar.com\/avatar\/55cb5e37c1efa326397366e6974cb338056df65cb50e7d64d1cf314e87504837?s=96&d=mm&r=g\",\"contentUrl\":\"https:\/\/secure.gravatar.com\/avatar\/55cb5e37c1efa326397366e6974cb338056df65cb50e7d64d1cf314e87504837?s=96&d=mm&r=g\",\"caption\":\"Arnaldo Botto\"},\"url\":\"https:\/\/www.noticiasradioreflejos.com.ar\/2021\/author\/arnaldo\/\"}]}<\/script>\n<!-- \/ Yoast SEO plugin. -->","yoast_head_json":{"title":"Pol\u00e9mica por los \u00e1rboles y Cooperativa de trabajo: \"Hay una intenci\u00f3n pol\u00edtica de polemizar todos los temas y claramente hacerse los desentendidos de algunas cosas\" - Noticias Radio Reflejos","robots":{"index":"index","follow":"follow","max-snippet":"max-snippet:-1","max-image-preview":"max-image-preview:large","max-video-preview":"max-video-preview:-1"},"canonical":"https:\/\/www.noticiasradioreflejos.com.ar\/2021\/polemica-por-los-arboles-y-cooperativa-de-trabajo-hay-una-intencion-politica-de-polemizar-todos-los-temas-y-claramente-hacerse-los-desentendidos-de-algunas-cosas\/","og_locale":"es_ES","og_type":"article","og_title":"Pol\u00e9mica por los \u00e1rboles y Cooperativa de trabajo: \"Hay una intenci\u00f3n pol\u00edtica de polemizar todos los temas y claramente hacerse los desentendidos de algunas cosas\" - Noticias Radio Reflejos","og_description":"El Secretario de Hacienda interino del municipio de Tornquist informa sobre la visita del Director Forestal del Ministerio de Desarrollo Agrario de la Provincia de Buenos Aires, Ing. Agr. Emiliano Cucciufo, y responde a los pedidos de informes sobre empleados contratados en una cooperativa de trabajo de Bah\u00eda Blanca.","og_url":"https:\/\/www.noticiasradioreflejos.com.ar\/2021\/polemica-por-los-arboles-y-cooperativa-de-trabajo-hay-una-intencion-politica-de-polemizar-todos-los-temas-y-claramente-hacerse-los-desentendidos-de-algunas-cosas\/","og_site_name":"Noticias Radio Reflejos","article_published_time":"2022-02-10T22:37:42+00:00","og_image":[{"url":"https:\/\/live.staticflickr.com\/65535\/51872498426_cce21c8d20_z.jpg","type":"","width":"","height":""}],"author":"Arnaldo Botto","twitter_card":"summary_large_image","schema":{"@context":"https:\/\/schema.org","@graph":[{"@type":"WebPage","@id":"https:\/\/www.noticiasradioreflejos.com.ar\/2021\/polemica-por-los-arboles-y-cooperativa-de-trabajo-hay-una-intencion-politica-de-polemizar-todos-los-temas-y-claramente-hacerse-los-desentendidos-de-algunas-cosas\/","url":"https:\/\/www.noticiasradioreflejos.com.ar\/2021\/polemica-por-los-arboles-y-cooperativa-de-trabajo-hay-una-intencion-politica-de-polemizar-todos-los-temas-y-claramente-hacerse-los-desentendidos-de-algunas-cosas\/","name":"Pol\u00e9mica por los \u00e1rboles y Cooperativa de trabajo: \"Hay una intenci\u00f3n pol\u00edtica de polemizar todos los temas y claramente hacerse los desentendidos de algunas cosas\" - Noticias Radio Reflejos","isPartOf":{"@id":"https:\/\/www.noticiasradioreflejos.com.ar\/2021\/#website"},"primaryImageOfPage":{"@id":"https:\/\/www.noticiasradioreflejos.com.ar\/2021\/polemica-por-los-arboles-y-cooperativa-de-trabajo-hay-una-intencion-politica-de-polemizar-todos-los-temas-y-claramente-hacerse-los-desentendidos-de-algunas-cosas\/#primaryimage"},"image":{"@id":"https:\/\/www.noticiasradioreflejos.com.ar\/2021\/polemica-por-los-arboles-y-cooperativa-de-trabajo-hay-una-intencion-politica-de-polemizar-todos-los-temas-y-claramente-hacerse-los-desentendidos-de-algunas-cosas\/#primaryimage"},"thumbnailUrl":"https:\/\/live.staticflickr.com\/65535\/51872498426_cce21c8d20_z.jpg","datePublished":"2022-02-10T22:37:42+00:00","author":{"@id":"https:\/\/www.noticiasradioreflejos.com.ar\/2021\/#\/schema\/person\/ad82545263dcc5ec0996818884fd5fb1"},"breadcrumb":{"@id":"https:\/\/www.noticiasradioreflejos.com.ar\/2021\/polemica-por-los-arboles-y-cooperativa-de-trabajo-hay-una-intencion-politica-de-polemizar-todos-los-temas-y-claramente-hacerse-los-desentendidos-de-algunas-cosas\/#breadcrumb"},"inLanguage":"es","potentialAction":[{"@type":"ReadAction","target":["https:\/\/www.noticiasradioreflejos.com.ar\/2021\/polemica-por-los-arboles-y-cooperativa-de-trabajo-hay-una-intencion-politica-de-polemizar-todos-los-temas-y-claramente-hacerse-los-desentendidos-de-algunas-cosas\/"]}]},{"@type":"ImageObject","inLanguage":"es","@id":"https:\/\/www.noticiasradioreflejos.com.ar\/2021\/polemica-por-los-arboles-y-cooperativa-de-trabajo-hay-una-intencion-politica-de-polemizar-todos-los-temas-y-claramente-hacerse-los-desentendidos-de-algunas-cosas\/#primaryimage","url":"https:\/\/live.staticflickr.com\/65535\/51872498426_cce21c8d20_z.jpg","contentUrl":"https:\/\/live.staticflickr.com\/65535\/51872498426_cce21c8d20_z.jpg"},{"@type":"BreadcrumbList","@id":"https:\/\/www.noticiasradioreflejos.com.ar\/2021\/polemica-por-los-arboles-y-cooperativa-de-trabajo-hay-una-intencion-politica-de-polemizar-todos-los-temas-y-claramente-hacerse-los-desentendidos-de-algunas-cosas\/#breadcrumb","itemListElement":[{"@type":"ListItem","position":1,"name":"Portada","item":"https:\/\/www.noticiasradioreflejos.com.ar\/2021\/"},{"@type":"ListItem","position":2,"name":"Pol\u00e9mica por los \u00e1rboles y Cooperativa de trabajo: \u00abHay una intenci\u00f3n pol\u00edtica de polemizar todos los temas y claramente hacerse los desentendidos de algunas cosas\u00bb"}]},{"@type":"WebSite","@id":"https:\/\/www.noticiasradioreflejos.com.ar\/2021\/#website","url":"https:\/\/www.noticiasradioreflejos.com.ar\/2021\/","name":"Noticias Radio Reflejos","description":"Las noticias de mi comarca","potentialAction":[{"@type":"SearchAction","target":{"@type":"EntryPoint","urlTemplate":"https:\/\/www.noticiasradioreflejos.com.ar\/2021\/?s={search_term_string}"},"query-input":{"@type":"PropertyValueSpecification","valueRequired":true,"valueName":"search_term_string"}}],"inLanguage":"es"},{"@type":"Person","@id":"https:\/\/www.noticiasradioreflejos.com.ar\/2021\/#\/schema\/person\/ad82545263dcc5ec0996818884fd5fb1","name":"Arnaldo Botto","image":{"@type":"ImageObject","inLanguage":"es","@id":"https:\/\/www.noticiasradioreflejos.com.ar\/2021\/#\/schema\/person\/image\/","url":"https:\/\/secure.gravatar.com\/avatar\/55cb5e37c1efa326397366e6974cb338056df65cb50e7d64d1cf314e87504837?s=96&d=mm&r=g","contentUrl":"https:\/\/secure.gravatar.com\/avatar\/55cb5e37c1efa326397366e6974cb338056df65cb50e7d64d1cf314e87504837?s=96&d=mm&r=g","caption":"Arnaldo Botto"},"url":"https:\/\/www.noticiasradioreflejos.com.ar\/2021\/author\/arnaldo\/"}]}},"_links":{"self":[{"href":"https:\/\/www.noticiasradioreflejos.com.ar\/2021\/wp-json\/wp\/v2\/posts\/68136","targetHints":{"allow":["GET"]}}],"collection":[{"href":"https:\/\/www.noticiasradioreflejos.com.ar\/2021\/wp-json\/wp\/v2\/posts"}],"about":[{"href":"https:\/\/www.noticiasradioreflejos.com.ar\/2021\/wp-json\/wp\/v2\/types\/post"}],"author":[{"embeddable":true,"href":"https:\/\/www.noticiasradioreflejos.com.ar\/2021\/wp-json\/wp\/v2\/users\/3"}],"replies":[{"embeddable":true,"href":"https:\/\/www.noticiasradioreflejos.com.ar\/2021\/wp-json\/wp\/v2\/comments?post=68136"}],"version-history":[{"count":2,"href":"https:\/\/www.noticiasradioreflejos.com.ar\/2021\/wp-json\/wp\/v2\/posts\/68136\/revisions"}],"predecessor-version":[{"id":68147,"href":"https:\/\/www.noticiasradioreflejos.com.ar\/2021\/wp-json\/wp\/v2\/posts\/68136\/revisions\/68147"}],"wp:attachment":[{"href":"https:\/\/www.noticiasradioreflejos.com.ar\/2021\/wp-json\/wp\/v2\/media?parent=68136"}],"wp:term":[{"taxonomy":"category","embeddable":true,"href":"https:\/\/www.noticiasradioreflejos.com.ar\/2021\/wp-json\/wp\/v2\/categories?post=68136"},{"taxonomy":"post_tag","embeddable":true,"href":"https:\/\/www.noticiasradioreflejos.com.ar\/2021\/wp-json\/wp\/v2\/tags?post=68136"}],"curies":[{"name":"wp","href":"https:\/\/api.w.org\/{rel}","templated":true}]}}