{"id":68129,"date":"2022-02-10T17:17:38","date_gmt":"2022-02-10T17:17:38","guid":{"rendered":"http:\/\/www.noticiasradioreflejos.com.ar\/2021\/?p=68129"},"modified":"2022-02-10T17:17:38","modified_gmt":"2022-02-10T17:17:38","slug":"quedan-pocos-dias-para-anotarse-a-los-viajes-de-egresados-gratuitos","status":"publish","type":"post","link":"https:\/\/www.noticiasradioreflejos.com.ar\/2021\/quedan-pocos-dias-para-anotarse-a-los-viajes-de-egresados-gratuitos\/","title":{"rendered":"Quedan pocos d\u00edas para anotarse a los viajes de egresados gratuitos"},"content":{"rendered":"<p>Los viajes de fin de curso comprendidos en el programa, que durar\u00e1n 4 d\u00edas y 3 noches, contar\u00e1n con dos excursiones diarias, todos los gastos incluidos y ser\u00e1n en distintos destinos tur\u00edsticos bonaerenses, tanto playas como sierras, lagos, lagunas o entornos rurales.<!--more--><\/p>\n<div>\n<div class=\"wrapper-editable-content\">\n<div>\n<div class=\"container-md\">\n<div class=\"row\">\n<div class=\"col-md-12 speak\">\n<div class=\"paragraph\">\n<figure class=\"mb-3\"><img decoding=\"async\" src=\"https:\/\/www.telam.com.ar\/thumbs\/bluesteel\/advf\/imagenes\/2021\/11\/6194ead5429ed_900.jpg\" alt=\"El programa contempla la bonificacin del viaje para un padre o una madre como acompaante cada veinte estudiantes\" width=\"100%\" height=\"100%\" \/><\/p>\n<div class=\"media-icons\"><\/div><figcaption>El programa contempla la bonificaci\u00f3n del viaje para un padre o una madre como acompa\u00f1ante cada veinte estudiantes<\/figcaption><\/figure>\n<p>El gobernador bonaerense, Axel Kicillof, record\u00f3 este jueves que hasta el pr\u00f3ximo martes hay plazo para que las y los estudiantes secundarios que cursaron en 2021 el \u00faltimo a\u00f1o en escuelas p\u00fablicas y privadas de Buenos Aires se inscriban para acceder a los viajes de fin de curso patrocinados por el Gobierno provincial.<\/p>\n<p><strong>\u00ab\u00a1Hac\u00e9 realidad tu viaje de fin de curso! Todav\u00eda pod\u00e9s inscribirte con tus compa\u00f1eros y compa\u00f1eras para disfrutar un viaje inolvidable en alguno de nuestros destinos tur\u00edsticos\u00bb,\u00a0<\/strong>poste\u00f3 el mandatario bonaerense en su cuenta de Twitter y a\u00f1adi\u00f3 que \u00ab\u00a1La temporada sigue siendo un \u00e9xito en la provincia!\u00bb.<\/p>\n<blockquote class=\"twitter-tweet\" data-width=\"500\" data-dnt=\"true\">\n<p lang=\"es\" dir=\"ltr\">\u00a1Hac\u00e9 realidad tu viaje de fin de curso!<\/p>\n<p>Todav\u00eda pod\u00e9s inscribirte con tus compa\u00f1eros y compa\u00f1eras para disfrutar un viaje inolvidable en alguno de nuestros destinos tur\u00edsticos.<\/p>\n<p>\u00a1La temporada sigue siendo un \u00e9xito en la Provincia!\u00a0<\/p>\n<p>M\u00e1s info en \ud83d\udc49\ud83c\udffd <a href=\"https:\/\/t.co\/mslVnhA8V0\">https:\/\/t.co\/mslVnhA8V0<\/a> <a href=\"https:\/\/t.co\/tDgEWoKpp5\">pic.twitter.com\/tDgEWoKpp5<\/a><\/p>\n<p>&mdash; Axel Kicillof (@Kicillofok) <a href=\"https:\/\/twitter.com\/Kicillofok\/status\/1491782270977515522?ref_src=twsrc%5Etfw\">February 10, 2022<\/a><\/p><\/blockquote>\n<p><script async src=\"https:\/\/platform.twitter.com\/widgets.js\" charset=\"utf-8\"><\/script><\/p>\n<p>Kicillof record\u00f3 que el sitio donde las y los j\u00f3venes pueden anotarse para formar parte del Programa Bonaerense de Turismo Estudiantil del Ministerio de Producci\u00f3n, Ciencia e Innovaci\u00f3n Tecnol\u00f3gica es\u00a0<a href=\"http:\/\/viajefindecurso.gba.gob.ar\/\" target=\"_blank\" rel=\"noopener\">http:\/\/viajefindecurso.gba.gob.ar<\/a>.<\/p>\n<p><strong>Se trata de una pol\u00edtica del Gobierno bonaerense destinada no s\u00f3lo al disfrute de los j\u00f3venes sino a extender la temporada entre febrero y abril para ayudar al sector tur\u00edstico, uno de los m\u00e1s afectados por la pandemia de coronavirus.<\/strong><\/p>\n<p>La propuesta -que\u00a0<strong>cubre los traslados, la hoteler\u00eda, las excursiones y la gastronom\u00eda por un monto de hasta 30.000 pesos<\/strong>&#8211; busca, adem\u00e1s, promover destinos bonaerenses fuera de la \u00e9poca estival.<\/p>\n<p>Los viajes de fin de curso comprendidos en el programa, que durar\u00e1n 4 d\u00edas y 3 noches, contar\u00e1n con dos excursiones diarias, todos los gastos incluidos y a distintos destinos tur\u00edsticos bonaerenses, tanto playas como sierras, lagos, lagunas o entornos rurales, lo que permitir\u00e1 promover actividades culturales y comerciales en distintos municipios.<\/p>\n<p><strong>El programa contempla la bonificaci\u00f3n del viaje para un padre o una madre como acompa\u00f1ante cada veinte estudiantes,<\/strong>\u00a0y la posibilidad de unificar viajes en caso de cursos peque\u00f1os.<\/p>\n<\/div>\n<\/div>\n<\/div>\n<\/div>\n<\/div>\n<\/div>\n<\/div>\n","protected":false},"excerpt":{"rendered":"<p>Los viajes de fin de curso comprendidos en el programa, que durar\u00e1n 4 d\u00edas y 3 noches, contar\u00e1n con dos excursiones diarias, todos los gastos incluidos y ser\u00e1n en distintos destinos tur\u00edsticos bonaerenses, tanto playas como sierras, lagos, lagunas o entornos rurales.<\/p>\n","protected":false},"author":3,"featured_media":0,"comment_status":"closed","ping_status":"closed","sticky":false,"template":"","format":"standard","meta":{"footnotes":""},"categories":[1],"tags":[],"class_list":["post-68129","post","type-post","status-publish","format-standard","hentry","category-sin-categoria"],"yoast_head":"<!-- This site is optimized with the Yoast SEO plugin v25.9 - https:\/\/yoast.com\/wordpress\/plugins\/seo\/ -->\n<title>Quedan pocos d\u00edas para anotarse a los viajes de egresados gratuitos - Noticias Radio Reflejos<\/title>\n<meta name=\"robots\" content=\"index, follow, max-snippet:-1, max-image-preview:large, max-video-preview:-1\" \/>\n<link rel=\"canonical\" href=\"https:\/\/www.noticiasradioreflejos.com.ar\/2021\/quedan-pocos-dias-para-anotarse-a-los-viajes-de-egresados-gratuitos\/\" \/>\n<meta property=\"og:locale\" content=\"es_ES\" \/>\n<meta property=\"og:type\" content=\"article\" \/>\n<meta property=\"og:title\" content=\"Quedan pocos d\u00edas para anotarse a los viajes de egresados gratuitos - Noticias Radio Reflejos\" \/>\n<meta property=\"og:description\" content=\"Los viajes de fin de curso comprendidos en el programa, que durar\u00e1n 4 d\u00edas y 3 noches, contar\u00e1n con dos excursiones diarias, todos los gastos incluidos y ser\u00e1n en distintos destinos tur\u00edsticos bonaerenses, tanto playas como sierras, lagos, lagunas o entornos rurales.\" \/>\n<meta property=\"og:url\" content=\"https:\/\/www.noticiasradioreflejos.com.ar\/2021\/quedan-pocos-dias-para-anotarse-a-los-viajes-de-egresados-gratuitos\/\" \/>\n<meta property=\"og:site_name\" content=\"Noticias Radio Reflejos\" \/>\n<meta property=\"article:published_time\" content=\"2022-02-10T17:17:38+00:00\" \/>\n<meta property=\"og:image\" content=\"https:\/\/www.telam.com.ar\/thumbs\/bluesteel\/advf\/imagenes\/2021\/11\/6194ead5429ed_900.jpg\" \/>\n<meta name=\"author\" content=\"Arnaldo Botto\" \/>\n<meta name=\"twitter:card\" content=\"summary_large_image\" \/>\n<script type=\"application\/ld+json\" class=\"yoast-schema-graph\">{\"@context\":\"https:\/\/schema.org\",\"@graph\":[{\"@type\":\"WebPage\",\"@id\":\"https:\/\/www.noticiasradioreflejos.com.ar\/2021\/quedan-pocos-dias-para-anotarse-a-los-viajes-de-egresados-gratuitos\/\",\"url\":\"https:\/\/www.noticiasradioreflejos.com.ar\/2021\/quedan-pocos-dias-para-anotarse-a-los-viajes-de-egresados-gratuitos\/\",\"name\":\"Quedan pocos d\u00edas para anotarse a los viajes de egresados gratuitos - Noticias Radio Reflejos\",\"isPartOf\":{\"@id\":\"https:\/\/www.noticiasradioreflejos.com.ar\/2021\/#website\"},\"primaryImageOfPage\":{\"@id\":\"https:\/\/www.noticiasradioreflejos.com.ar\/2021\/quedan-pocos-dias-para-anotarse-a-los-viajes-de-egresados-gratuitos\/#primaryimage\"},\"image\":{\"@id\":\"https:\/\/www.noticiasradioreflejos.com.ar\/2021\/quedan-pocos-dias-para-anotarse-a-los-viajes-de-egresados-gratuitos\/#primaryimage\"},\"thumbnailUrl\":\"https:\/\/www.telam.com.ar\/thumbs\/bluesteel\/advf\/imagenes\/2021\/11\/6194ead5429ed_900.jpg\",\"datePublished\":\"2022-02-10T17:17:38+00:00\",\"author\":{\"@id\":\"https:\/\/www.noticiasradioreflejos.com.ar\/2021\/#\/schema\/person\/ad82545263dcc5ec0996818884fd5fb1\"},\"breadcrumb\":{\"@id\":\"https:\/\/www.noticiasradioreflejos.com.ar\/2021\/quedan-pocos-dias-para-anotarse-a-los-viajes-de-egresados-gratuitos\/#breadcrumb\"},\"inLanguage\":\"es\",\"potentialAction\":[{\"@type\":\"ReadAction\",\"target\":[\"https:\/\/www.noticiasradioreflejos.com.ar\/2021\/quedan-pocos-dias-para-anotarse-a-los-viajes-de-egresados-gratuitos\/\"]}]},{\"@type\":\"ImageObject\",\"inLanguage\":\"es\",\"@id\":\"https:\/\/www.noticiasradioreflejos.com.ar\/2021\/quedan-pocos-dias-para-anotarse-a-los-viajes-de-egresados-gratuitos\/#primaryimage\",\"url\":\"https:\/\/www.telam.com.ar\/thumbs\/bluesteel\/advf\/imagenes\/2021\/11\/6194ead5429ed_900.jpg\",\"contentUrl\":\"https:\/\/www.telam.com.ar\/thumbs\/bluesteel\/advf\/imagenes\/2021\/11\/6194ead5429ed_900.jpg\"},{\"@type\":\"BreadcrumbList\",\"@id\":\"https:\/\/www.noticiasradioreflejos.com.ar\/2021\/quedan-pocos-dias-para-anotarse-a-los-viajes-de-egresados-gratuitos\/#breadcrumb\",\"itemListElement\":[{\"@type\":\"ListItem\",\"position\":1,\"name\":\"Portada\",\"item\":\"https:\/\/www.noticiasradioreflejos.com.ar\/2021\/\"},{\"@type\":\"ListItem\",\"position\":2,\"name\":\"Quedan pocos d\u00edas para anotarse a los viajes de egresados gratuitos\"}]},{\"@type\":\"WebSite\",\"@id\":\"https:\/\/www.noticiasradioreflejos.com.ar\/2021\/#website\",\"url\":\"https:\/\/www.noticiasradioreflejos.com.ar\/2021\/\",\"name\":\"Noticias Radio Reflejos\",\"description\":\"Las noticias de mi comarca\",\"potentialAction\":[{\"@type\":\"SearchAction\",\"target\":{\"@type\":\"EntryPoint\",\"urlTemplate\":\"https:\/\/www.noticiasradioreflejos.com.ar\/2021\/?s={search_term_string}\"},\"query-input\":{\"@type\":\"PropertyValueSpecification\",\"valueRequired\":true,\"valueName\":\"search_term_string\"}}],\"inLanguage\":\"es\"},{\"@type\":\"Person\",\"@id\":\"https:\/\/www.noticiasradioreflejos.com.ar\/2021\/#\/schema\/person\/ad82545263dcc5ec0996818884fd5fb1\",\"name\":\"Arnaldo Botto\",\"image\":{\"@type\":\"ImageObject\",\"inLanguage\":\"es\",\"@id\":\"https:\/\/www.noticiasradioreflejos.com.ar\/2021\/#\/schema\/person\/image\/\",\"url\":\"https:\/\/secure.gravatar.com\/avatar\/55cb5e37c1efa326397366e6974cb338056df65cb50e7d64d1cf314e87504837?s=96&d=mm&r=g\",\"contentUrl\":\"https:\/\/secure.gravatar.com\/avatar\/55cb5e37c1efa326397366e6974cb338056df65cb50e7d64d1cf314e87504837?s=96&d=mm&r=g\",\"caption\":\"Arnaldo Botto\"},\"url\":\"https:\/\/www.noticiasradioreflejos.com.ar\/2021\/author\/arnaldo\/\"}]}<\/script>\n<!-- \/ Yoast SEO plugin. -->","yoast_head_json":{"title":"Quedan pocos d\u00edas para anotarse a los viajes de egresados gratuitos - Noticias Radio Reflejos","robots":{"index":"index","follow":"follow","max-snippet":"max-snippet:-1","max-image-preview":"max-image-preview:large","max-video-preview":"max-video-preview:-1"},"canonical":"https:\/\/www.noticiasradioreflejos.com.ar\/2021\/quedan-pocos-dias-para-anotarse-a-los-viajes-de-egresados-gratuitos\/","og_locale":"es_ES","og_type":"article","og_title":"Quedan pocos d\u00edas para anotarse a los viajes de egresados gratuitos - Noticias Radio Reflejos","og_description":"Los viajes de fin de curso comprendidos en el programa, que durar\u00e1n 4 d\u00edas y 3 noches, contar\u00e1n con dos excursiones diarias, todos los gastos incluidos y ser\u00e1n en distintos destinos tur\u00edsticos bonaerenses, tanto playas como sierras, lagos, lagunas o entornos rurales.","og_url":"https:\/\/www.noticiasradioreflejos.com.ar\/2021\/quedan-pocos-dias-para-anotarse-a-los-viajes-de-egresados-gratuitos\/","og_site_name":"Noticias Radio Reflejos","article_published_time":"2022-02-10T17:17:38+00:00","og_image":[{"url":"https:\/\/www.telam.com.ar\/thumbs\/bluesteel\/advf\/imagenes\/2021\/11\/6194ead5429ed_900.jpg","type":"","width":"","height":""}],"author":"Arnaldo Botto","twitter_card":"summary_large_image","schema":{"@context":"https:\/\/schema.org","@graph":[{"@type":"WebPage","@id":"https:\/\/www.noticiasradioreflejos.com.ar\/2021\/quedan-pocos-dias-para-anotarse-a-los-viajes-de-egresados-gratuitos\/","url":"https:\/\/www.noticiasradioreflejos.com.ar\/2021\/quedan-pocos-dias-para-anotarse-a-los-viajes-de-egresados-gratuitos\/","name":"Quedan pocos d\u00edas para anotarse a los viajes de egresados gratuitos - Noticias Radio Reflejos","isPartOf":{"@id":"https:\/\/www.noticiasradioreflejos.com.ar\/2021\/#website"},"primaryImageOfPage":{"@id":"https:\/\/www.noticiasradioreflejos.com.ar\/2021\/quedan-pocos-dias-para-anotarse-a-los-viajes-de-egresados-gratuitos\/#primaryimage"},"image":{"@id":"https:\/\/www.noticiasradioreflejos.com.ar\/2021\/quedan-pocos-dias-para-anotarse-a-los-viajes-de-egresados-gratuitos\/#primaryimage"},"thumbnailUrl":"https:\/\/www.telam.com.ar\/thumbs\/bluesteel\/advf\/imagenes\/2021\/11\/6194ead5429ed_900.jpg","datePublished":"2022-02-10T17:17:38+00:00","author":{"@id":"https:\/\/www.noticiasradioreflejos.com.ar\/2021\/#\/schema\/person\/ad82545263dcc5ec0996818884fd5fb1"},"breadcrumb":{"@id":"https:\/\/www.noticiasradioreflejos.com.ar\/2021\/quedan-pocos-dias-para-anotarse-a-los-viajes-de-egresados-gratuitos\/#breadcrumb"},"inLanguage":"es","potentialAction":[{"@type":"ReadAction","target":["https:\/\/www.noticiasradioreflejos.com.ar\/2021\/quedan-pocos-dias-para-anotarse-a-los-viajes-de-egresados-gratuitos\/"]}]},{"@type":"ImageObject","inLanguage":"es","@id":"https:\/\/www.noticiasradioreflejos.com.ar\/2021\/quedan-pocos-dias-para-anotarse-a-los-viajes-de-egresados-gratuitos\/#primaryimage","url":"https:\/\/www.telam.com.ar\/thumbs\/bluesteel\/advf\/imagenes\/2021\/11\/6194ead5429ed_900.jpg","contentUrl":"https:\/\/www.telam.com.ar\/thumbs\/bluesteel\/advf\/imagenes\/2021\/11\/6194ead5429ed_900.jpg"},{"@type":"BreadcrumbList","@id":"https:\/\/www.noticiasradioreflejos.com.ar\/2021\/quedan-pocos-dias-para-anotarse-a-los-viajes-de-egresados-gratuitos\/#breadcrumb","itemListElement":[{"@type":"ListItem","position":1,"name":"Portada","item":"https:\/\/www.noticiasradioreflejos.com.ar\/2021\/"},{"@type":"ListItem","position":2,"name":"Quedan pocos d\u00edas para anotarse a los viajes de egresados gratuitos"}]},{"@type":"WebSite","@id":"https:\/\/www.noticiasradioreflejos.com.ar\/2021\/#website","url":"https:\/\/www.noticiasradioreflejos.com.ar\/2021\/","name":"Noticias Radio Reflejos","description":"Las noticias de mi comarca","potentialAction":[{"@type":"SearchAction","target":{"@type":"EntryPoint","urlTemplate":"https:\/\/www.noticiasradioreflejos.com.ar\/2021\/?s={search_term_string}"},"query-input":{"@type":"PropertyValueSpecification","valueRequired":true,"valueName":"search_term_string"}}],"inLanguage":"es"},{"@type":"Person","@id":"https:\/\/www.noticiasradioreflejos.com.ar\/2021\/#\/schema\/person\/ad82545263dcc5ec0996818884fd5fb1","name":"Arnaldo Botto","image":{"@type":"ImageObject","inLanguage":"es","@id":"https:\/\/www.noticiasradioreflejos.com.ar\/2021\/#\/schema\/person\/image\/","url":"https:\/\/secure.gravatar.com\/avatar\/55cb5e37c1efa326397366e6974cb338056df65cb50e7d64d1cf314e87504837?s=96&d=mm&r=g","contentUrl":"https:\/\/secure.gravatar.com\/avatar\/55cb5e37c1efa326397366e6974cb338056df65cb50e7d64d1cf314e87504837?s=96&d=mm&r=g","caption":"Arnaldo Botto"},"url":"https:\/\/www.noticiasradioreflejos.com.ar\/2021\/author\/arnaldo\/"}]}},"_links":{"self":[{"href":"https:\/\/www.noticiasradioreflejos.com.ar\/2021\/wp-json\/wp\/v2\/posts\/68129","targetHints":{"allow":["GET"]}}],"collection":[{"href":"https:\/\/www.noticiasradioreflejos.com.ar\/2021\/wp-json\/wp\/v2\/posts"}],"about":[{"href":"https:\/\/www.noticiasradioreflejos.com.ar\/2021\/wp-json\/wp\/v2\/types\/post"}],"author":[{"embeddable":true,"href":"https:\/\/www.noticiasradioreflejos.com.ar\/2021\/wp-json\/wp\/v2\/users\/3"}],"replies":[{"embeddable":true,"href":"https:\/\/www.noticiasradioreflejos.com.ar\/2021\/wp-json\/wp\/v2\/comments?post=68129"}],"version-history":[{"count":1,"href":"https:\/\/www.noticiasradioreflejos.com.ar\/2021\/wp-json\/wp\/v2\/posts\/68129\/revisions"}],"predecessor-version":[{"id":68131,"href":"https:\/\/www.noticiasradioreflejos.com.ar\/2021\/wp-json\/wp\/v2\/posts\/68129\/revisions\/68131"}],"wp:attachment":[{"href":"https:\/\/www.noticiasradioreflejos.com.ar\/2021\/wp-json\/wp\/v2\/media?parent=68129"}],"wp:term":[{"taxonomy":"category","embeddable":true,"href":"https:\/\/www.noticiasradioreflejos.com.ar\/2021\/wp-json\/wp\/v2\/categories?post=68129"},{"taxonomy":"post_tag","embeddable":true,"href":"https:\/\/www.noticiasradioreflejos.com.ar\/2021\/wp-json\/wp\/v2\/tags?post=68129"}],"curies":[{"name":"wp","href":"https:\/\/api.w.org\/{rel}","templated":true}]}}