{"id":68119,"date":"2022-02-10T14:04:05","date_gmt":"2022-02-10T14:04:05","guid":{"rendered":"http:\/\/www.noticiasradioreflejos.com.ar\/2021\/?p=68119"},"modified":"2022-02-10T14:04:05","modified_gmt":"2022-02-10T14:04:05","slug":"conducir-en-ojotas-que-tan-peligroso-puede-ser","status":"publish","type":"post","link":"https:\/\/www.noticiasradioreflejos.com.ar\/2021\/conducir-en-ojotas-que-tan-peligroso-puede-ser\/","title":{"rendered":"Conducir en ojotas: \u00bfqu\u00e9 tan peligroso puede ser?"},"content":{"rendered":"<p>El calzado a la hora de conducir es fundamental. Generalmente se eligen ojotas o sandalias con tacos en verano, o botas con plataformas en invierno. \u00bfSabemos si hay calzados prohibidos para conducir? \u00bfSomos conscientes de que un calzado inadecuado puede provocar una mala conducci\u00f3n? \u00bfQu\u00e9 dice la ley de tr\u00e1nsito?<\/p>\n<p>Para saber el nivel de conocimiento sobre el calzado en la conducci\u00f3n, el Observatorio Vial de CECAITRA, la C\u00e1mara que nuclea a las empresas productoras de software vial, realiz\u00f3 un sondeo telef\u00f3nico en m\u00e1s de mil hogares del AMBA.<\/p>\n<p>En primer lugar, se pregunt\u00f3: \u201cEn su opini\u00f3n y seg\u00fan la ley nacional de tr\u00e1nsito, \u00bfest\u00e1<\/p>\n<p>prohibido conducir veh\u00edculos descalzos o con ojotas?\u201d. All\u00ed, el 62,9% contest\u00f3 que s\u00ed y el 17,1% eligi\u00f3 la opci\u00f3n no. Solamente el 3,8% dijo correctamente que \u201cdepende la provincia\u201d y el 16,2%, dijo no saber la respuesta.<\/p>\n<p>Seguidamente se consult\u00f3: \u201c\u00bfEn cu\u00e1l de las siguientes provincias o ciudades se encuentra espec\u00edficamente prohibido conducir descalzo o con ojotas?\u201d y solo el 4,1% contest\u00f3 de manera correcta que es Mendoza la provincia que contiene en su normativa, especificaciones sobre el calzado. El resto opt\u00f3 por la provincia de Buenos Aires (31,7%); CABA (14,9%); Tucum\u00e1n (2,8%); y el 46,5% dijo no saber la respuesta.<\/p>\n<p>En Argentina, \u00fanicamente la provincia de Mendoza plantea en su legislaci\u00f3n la exigencia del \u201cuso de calzado apropiado para el manejo y control total de los pedales de embrague, freno y acelerador del veh\u00edculo a su mando\u201d. La normativa entiende por calzado apropiado \u201caquellos de tipo cerrado o que, siendo abiertos, sujeten la parte anat\u00f3mica dorsal, plantar y lateral, con suela antideslizante que permita la sujeci\u00f3n a los pedales\u201d.<\/p>\n<p>\u201cEs muy importante que se conozca la normativa vial cuando se conduce. Que la mayor\u00eda tenga una idea err\u00f3nea acerca de la prohibici\u00f3n o el permiso para usar cierto tipo de calzado, es un dato que debe alertarnos. Manejar con ojotas, tacos o plataformas, puede ser peligroso, ya que no son del todo c\u00f3modos e impactan en la sensibilidad necesaria y requerida para<\/p>\n<p>presionar los pedales, disminuyendo las habilidades para la utilizaci\u00f3n de los mismos\u201d, sostuvo el vocero del Observatorio Vial de CECAITRA, Facundo Jaime.<\/p>\n<p>La ley nacional (24.449) no establece aspectos relacionados con el calzado. Sin embargo, la Agencia Nacional de Seguridad Vial aconseja a los conductores sobre los efectos de conducir con calzado inadecuado. En un informe expresa que \u201cla conducci\u00f3n con zapatos de tacos impacta en la sensibilidad necesaria y requerida para presionar los pedales y disminuye las<\/p>\n<p>&nbsp;<\/p>\n<p>habilidades para la utilizaci\u00f3n de los mismos. Los zapatos con plataforma son a\u00fan m\u00e1s peligrosos porque combinan el taco alto y una suela muy gruesa\u201d.<\/p>\n<p>Por \u00faltimo, se quiso conocer que se pensaba acerca del uso de un calzado inadecuado. Se<\/p>\n<p>pregunt\u00f3: \u201cEn su opini\u00f3n, \u00bfconducir descalzo o con ojotas es m\u00e1s peligroso que hacerlo con un calzado de tipo cerrado?\u201d. All\u00ed, 7 de cada 10 (73,5%) contest\u00f3 que lo consideraba m\u00e1s peligroso; un 14,6% sostuvo que era igual de peligroso; y un 11,9% contest\u00f3 no saber.<\/p>\n<p>\u201cDebemos tener en cuenta que la conducci\u00f3n de veh\u00edculos con ojotas o descalzos incrementa los riesgos de sufrir un siniestro vial o incrementar la gravedad de estos. La mayor\u00eda de los siniestros viales suceden por responsabilidad de los conductores. Por eso, as\u00ed como es necesario estar 100% atentos durante la conducci\u00f3n, es imprescindible estar c\u00f3modos para hacerlo\u201d, finaliz\u00f3 Jaime.<\/p>\n<p>&nbsp;<\/p>\n<p><a href=\"https:\/\/www.cecaitra.org.ar\/observatorio\"><strong>Observatorio Vial de CECAITRA<\/strong><\/a><\/p>\n","protected":false},"excerpt":{"rendered":"<p>El calzado a la hora de conducir es fundamental. Generalmente se eligen ojotas o sandalias con tacos en verano, o botas con plataformas en invierno. \u00bfSabemos si hay calzados prohibidos para conducir? \u00bfSomos conscientes de que un calzado inadecuado puede provocar una mala conducci\u00f3n? \u00bfQu\u00e9 dice la ley de tr\u00e1nsito? Para saber el nivel de [&hellip;]<\/p>\n","protected":false},"author":3,"featured_media":0,"comment_status":"closed","ping_status":"closed","sticky":false,"template":"","format":"standard","meta":{"footnotes":""},"categories":[46,30,26],"tags":[],"class_list":["post-68119","post","type-post","status-publish","format-standard","hentry","category-ciencia-y-tecnologia","category-salud","category-sociedad"],"yoast_head":"<!-- This site is optimized with the Yoast SEO plugin v25.9 - https:\/\/yoast.com\/wordpress\/plugins\/seo\/ -->\n<title>Conducir en ojotas: \u00bfqu\u00e9 tan peligroso puede ser? - Noticias Radio Reflejos<\/title>\n<meta name=\"robots\" content=\"index, follow, max-snippet:-1, max-image-preview:large, max-video-preview:-1\" \/>\n<link rel=\"canonical\" href=\"https:\/\/www.noticiasradioreflejos.com.ar\/2021\/conducir-en-ojotas-que-tan-peligroso-puede-ser\/\" \/>\n<meta property=\"og:locale\" content=\"es_ES\" \/>\n<meta property=\"og:type\" content=\"article\" \/>\n<meta property=\"og:title\" content=\"Conducir en ojotas: \u00bfqu\u00e9 tan peligroso puede ser? - Noticias Radio Reflejos\" \/>\n<meta property=\"og:description\" content=\"El calzado a la hora de conducir es fundamental. Generalmente se eligen ojotas o sandalias con tacos en verano, o botas con plataformas en invierno. \u00bfSabemos si hay calzados prohibidos para conducir? \u00bfSomos conscientes de que un calzado inadecuado puede provocar una mala conducci\u00f3n? \u00bfQu\u00e9 dice la ley de tr\u00e1nsito? Para saber el nivel de [&hellip;]\" \/>\n<meta property=\"og:url\" content=\"https:\/\/www.noticiasradioreflejos.com.ar\/2021\/conducir-en-ojotas-que-tan-peligroso-puede-ser\/\" \/>\n<meta property=\"og:site_name\" content=\"Noticias Radio Reflejos\" \/>\n<meta property=\"article:published_time\" content=\"2022-02-10T14:04:05+00:00\" \/>\n<meta property=\"og:image\" content=\"https:\/\/www.noticiasradioreflejos.com.ar\/2021\/wp-content\/uploads\/2021\/07\/logosol300x200.png\" \/>\n\t<meta property=\"og:image:width\" content=\"300\" \/>\n\t<meta property=\"og:image:height\" content=\"200\" \/>\n\t<meta property=\"og:image:type\" content=\"image\/png\" \/>\n<meta name=\"author\" content=\"Arnaldo Botto\" \/>\n<meta name=\"twitter:card\" content=\"summary_large_image\" \/>\n<script type=\"application\/ld+json\" class=\"yoast-schema-graph\">{\"@context\":\"https:\/\/schema.org\",\"@graph\":[{\"@type\":\"WebPage\",\"@id\":\"https:\/\/www.noticiasradioreflejos.com.ar\/2021\/conducir-en-ojotas-que-tan-peligroso-puede-ser\/\",\"url\":\"https:\/\/www.noticiasradioreflejos.com.ar\/2021\/conducir-en-ojotas-que-tan-peligroso-puede-ser\/\",\"name\":\"Conducir en ojotas: \u00bfqu\u00e9 tan peligroso puede ser? - Noticias Radio Reflejos\",\"isPartOf\":{\"@id\":\"https:\/\/www.noticiasradioreflejos.com.ar\/2021\/#website\"},\"datePublished\":\"2022-02-10T14:04:05+00:00\",\"author\":{\"@id\":\"https:\/\/www.noticiasradioreflejos.com.ar\/2021\/#\/schema\/person\/ad82545263dcc5ec0996818884fd5fb1\"},\"breadcrumb\":{\"@id\":\"https:\/\/www.noticiasradioreflejos.com.ar\/2021\/conducir-en-ojotas-que-tan-peligroso-puede-ser\/#breadcrumb\"},\"inLanguage\":\"es\",\"potentialAction\":[{\"@type\":\"ReadAction\",\"target\":[\"https:\/\/www.noticiasradioreflejos.com.ar\/2021\/conducir-en-ojotas-que-tan-peligroso-puede-ser\/\"]}]},{\"@type\":\"BreadcrumbList\",\"@id\":\"https:\/\/www.noticiasradioreflejos.com.ar\/2021\/conducir-en-ojotas-que-tan-peligroso-puede-ser\/#breadcrumb\",\"itemListElement\":[{\"@type\":\"ListItem\",\"position\":1,\"name\":\"Portada\",\"item\":\"https:\/\/www.noticiasradioreflejos.com.ar\/2021\/\"},{\"@type\":\"ListItem\",\"position\":2,\"name\":\"Conducir en ojotas: \u00bfqu\u00e9 tan peligroso puede ser?\"}]},{\"@type\":\"WebSite\",\"@id\":\"https:\/\/www.noticiasradioreflejos.com.ar\/2021\/#website\",\"url\":\"https:\/\/www.noticiasradioreflejos.com.ar\/2021\/\",\"name\":\"Noticias Radio Reflejos\",\"description\":\"Las noticias de mi comarca\",\"potentialAction\":[{\"@type\":\"SearchAction\",\"target\":{\"@type\":\"EntryPoint\",\"urlTemplate\":\"https:\/\/www.noticiasradioreflejos.com.ar\/2021\/?s={search_term_string}\"},\"query-input\":{\"@type\":\"PropertyValueSpecification\",\"valueRequired\":true,\"valueName\":\"search_term_string\"}}],\"inLanguage\":\"es\"},{\"@type\":\"Person\",\"@id\":\"https:\/\/www.noticiasradioreflejos.com.ar\/2021\/#\/schema\/person\/ad82545263dcc5ec0996818884fd5fb1\",\"name\":\"Arnaldo Botto\",\"image\":{\"@type\":\"ImageObject\",\"inLanguage\":\"es\",\"@id\":\"https:\/\/www.noticiasradioreflejos.com.ar\/2021\/#\/schema\/person\/image\/\",\"url\":\"https:\/\/secure.gravatar.com\/avatar\/55cb5e37c1efa326397366e6974cb338056df65cb50e7d64d1cf314e87504837?s=96&d=mm&r=g\",\"contentUrl\":\"https:\/\/secure.gravatar.com\/avatar\/55cb5e37c1efa326397366e6974cb338056df65cb50e7d64d1cf314e87504837?s=96&d=mm&r=g\",\"caption\":\"Arnaldo Botto\"},\"url\":\"https:\/\/www.noticiasradioreflejos.com.ar\/2021\/author\/arnaldo\/\"}]}<\/script>\n<!-- \/ Yoast SEO plugin. -->","yoast_head_json":{"title":"Conducir en ojotas: \u00bfqu\u00e9 tan peligroso puede ser? - Noticias Radio Reflejos","robots":{"index":"index","follow":"follow","max-snippet":"max-snippet:-1","max-image-preview":"max-image-preview:large","max-video-preview":"max-video-preview:-1"},"canonical":"https:\/\/www.noticiasradioreflejos.com.ar\/2021\/conducir-en-ojotas-que-tan-peligroso-puede-ser\/","og_locale":"es_ES","og_type":"article","og_title":"Conducir en ojotas: \u00bfqu\u00e9 tan peligroso puede ser? - Noticias Radio Reflejos","og_description":"El calzado a la hora de conducir es fundamental. Generalmente se eligen ojotas o sandalias con tacos en verano, o botas con plataformas en invierno. \u00bfSabemos si hay calzados prohibidos para conducir? \u00bfSomos conscientes de que un calzado inadecuado puede provocar una mala conducci\u00f3n? \u00bfQu\u00e9 dice la ley de tr\u00e1nsito? Para saber el nivel de [&hellip;]","og_url":"https:\/\/www.noticiasradioreflejos.com.ar\/2021\/conducir-en-ojotas-que-tan-peligroso-puede-ser\/","og_site_name":"Noticias Radio Reflejos","article_published_time":"2022-02-10T14:04:05+00:00","og_image":[{"width":300,"height":200,"url":"https:\/\/www.noticiasradioreflejos.com.ar\/2021\/wp-content\/uploads\/2021\/07\/logosol300x200.png","type":"image\/png"}],"author":"Arnaldo Botto","twitter_card":"summary_large_image","schema":{"@context":"https:\/\/schema.org","@graph":[{"@type":"WebPage","@id":"https:\/\/www.noticiasradioreflejos.com.ar\/2021\/conducir-en-ojotas-que-tan-peligroso-puede-ser\/","url":"https:\/\/www.noticiasradioreflejos.com.ar\/2021\/conducir-en-ojotas-que-tan-peligroso-puede-ser\/","name":"Conducir en ojotas: \u00bfqu\u00e9 tan peligroso puede ser? - Noticias Radio Reflejos","isPartOf":{"@id":"https:\/\/www.noticiasradioreflejos.com.ar\/2021\/#website"},"datePublished":"2022-02-10T14:04:05+00:00","author":{"@id":"https:\/\/www.noticiasradioreflejos.com.ar\/2021\/#\/schema\/person\/ad82545263dcc5ec0996818884fd5fb1"},"breadcrumb":{"@id":"https:\/\/www.noticiasradioreflejos.com.ar\/2021\/conducir-en-ojotas-que-tan-peligroso-puede-ser\/#breadcrumb"},"inLanguage":"es","potentialAction":[{"@type":"ReadAction","target":["https:\/\/www.noticiasradioreflejos.com.ar\/2021\/conducir-en-ojotas-que-tan-peligroso-puede-ser\/"]}]},{"@type":"BreadcrumbList","@id":"https:\/\/www.noticiasradioreflejos.com.ar\/2021\/conducir-en-ojotas-que-tan-peligroso-puede-ser\/#breadcrumb","itemListElement":[{"@type":"ListItem","position":1,"name":"Portada","item":"https:\/\/www.noticiasradioreflejos.com.ar\/2021\/"},{"@type":"ListItem","position":2,"name":"Conducir en ojotas: \u00bfqu\u00e9 tan peligroso puede ser?"}]},{"@type":"WebSite","@id":"https:\/\/www.noticiasradioreflejos.com.ar\/2021\/#website","url":"https:\/\/www.noticiasradioreflejos.com.ar\/2021\/","name":"Noticias Radio Reflejos","description":"Las noticias de mi comarca","potentialAction":[{"@type":"SearchAction","target":{"@type":"EntryPoint","urlTemplate":"https:\/\/www.noticiasradioreflejos.com.ar\/2021\/?s={search_term_string}"},"query-input":{"@type":"PropertyValueSpecification","valueRequired":true,"valueName":"search_term_string"}}],"inLanguage":"es"},{"@type":"Person","@id":"https:\/\/www.noticiasradioreflejos.com.ar\/2021\/#\/schema\/person\/ad82545263dcc5ec0996818884fd5fb1","name":"Arnaldo Botto","image":{"@type":"ImageObject","inLanguage":"es","@id":"https:\/\/www.noticiasradioreflejos.com.ar\/2021\/#\/schema\/person\/image\/","url":"https:\/\/secure.gravatar.com\/avatar\/55cb5e37c1efa326397366e6974cb338056df65cb50e7d64d1cf314e87504837?s=96&d=mm&r=g","contentUrl":"https:\/\/secure.gravatar.com\/avatar\/55cb5e37c1efa326397366e6974cb338056df65cb50e7d64d1cf314e87504837?s=96&d=mm&r=g","caption":"Arnaldo Botto"},"url":"https:\/\/www.noticiasradioreflejos.com.ar\/2021\/author\/arnaldo\/"}]}},"_links":{"self":[{"href":"https:\/\/www.noticiasradioreflejos.com.ar\/2021\/wp-json\/wp\/v2\/posts\/68119","targetHints":{"allow":["GET"]}}],"collection":[{"href":"https:\/\/www.noticiasradioreflejos.com.ar\/2021\/wp-json\/wp\/v2\/posts"}],"about":[{"href":"https:\/\/www.noticiasradioreflejos.com.ar\/2021\/wp-json\/wp\/v2\/types\/post"}],"author":[{"embeddable":true,"href":"https:\/\/www.noticiasradioreflejos.com.ar\/2021\/wp-json\/wp\/v2\/users\/3"}],"replies":[{"embeddable":true,"href":"https:\/\/www.noticiasradioreflejos.com.ar\/2021\/wp-json\/wp\/v2\/comments?post=68119"}],"version-history":[{"count":1,"href":"https:\/\/www.noticiasradioreflejos.com.ar\/2021\/wp-json\/wp\/v2\/posts\/68119\/revisions"}],"predecessor-version":[{"id":68121,"href":"https:\/\/www.noticiasradioreflejos.com.ar\/2021\/wp-json\/wp\/v2\/posts\/68119\/revisions\/68121"}],"wp:attachment":[{"href":"https:\/\/www.noticiasradioreflejos.com.ar\/2021\/wp-json\/wp\/v2\/media?parent=68119"}],"wp:term":[{"taxonomy":"category","embeddable":true,"href":"https:\/\/www.noticiasradioreflejos.com.ar\/2021\/wp-json\/wp\/v2\/categories?post=68119"},{"taxonomy":"post_tag","embeddable":true,"href":"https:\/\/www.noticiasradioreflejos.com.ar\/2021\/wp-json\/wp\/v2\/tags?post=68119"}],"curies":[{"name":"wp","href":"https:\/\/api.w.org\/{rel}","templated":true}]}}