{"id":68106,"date":"2022-02-10T11:37:41","date_gmt":"2022-02-10T11:37:41","guid":{"rendered":"http:\/\/www.noticiasradioreflejos.com.ar\/2021\/?p=68106"},"modified":"2022-02-10T11:37:41","modified_gmt":"2022-02-10T11:37:41","slug":"la-afip-podra-embargar-billeteras-virtuales","status":"publish","type":"post","link":"https:\/\/www.noticiasradioreflejos.com.ar\/2021\/la-afip-podra-embargar-billeteras-virtuales\/","title":{"rendered":"La AFIP podr\u00e1 embargar billeteras virtuales"},"content":{"rendered":"<div class=\"section-2-col article-header\">\n<div class=\"col 2-col\">\n<p>El organismo pretende asegurar as\u00ed el cobro de unos 24.000 millones de pesos en impuestos adeudados por estos contribuyentes.<\/p>\n<\/div>\n<\/div>\n<p><!--more--><\/p>\n<div class=\"section-2-col article-main-image\">\n<div class=\"col 2-col\">\n<div class=\"article-main-media-image__container\">\n<div class=\"image-wrapper\">\n<figure>\n<figure class=\"object-fit-block--contain intrinsic-container intrinsic-container-3x2\"><img decoding=\"async\" class=\"  \" src=\"https:\/\/images.pagina12.com.ar\/styles\/focal_3_2_960x640\/public\/2022-02\/340857-11-20a.jpeg?itok=vj3S4Zfm\" alt=\"Las billeteras virtuales en la mira de AFIP.\" \/><\/figure><figcaption>Las billeteras virtuales en la mira de AFIP.<\/figcaption><\/figure>\n<\/div>\n<\/div>\n<\/div>\n<\/div>\n<div class=\"section-2-col article-main-content\">\n<div class=\"col 1-col\"><\/div>\n<div class=\"col 2-col\">\n<div class=\"article-main-content article-text \">\n<p>La AFIP incorpor\u00f3 a las\u00a0<b>billeteras virtuales<\/b>\u00a0al listado de<b>\u00a0activos sobre los cuales trabar embargos\u00a0<\/b>para cobrar las deudas acumuladas por contribuyentes morosos.\u00a0Ya identific\u00f3 un universo de\u00a0<b>9800 contribuyentes morosos<\/b>\u00a0para los que solicitar\u00e1 a la justicia que trabe embargos sobre sus billeteras virtuales. El organismo pretende asegurar as\u00ed el\u00a0<b>cobro de unos 24.000 millones de pesos en impuestos adeudados<\/b>\u00a0por estos contribuyentes.<\/p>\n<p>La decisi\u00f3n ampl\u00eda la capacidad del organismo para garantizar el cumplimiento de las obligaciones tributarias. Hasta ahora los embargos sobre contribuyentes morosos que la AFIP requiere a la justicia se concretaban sobre cuentas bancarias, bienes muebles, inmuebles y cr\u00e9ditos, entre otros. El desarrollo de los medios electr\u00f3nicos de pago y su extendido uso explica la decisi\u00f3n del organismo de incluir las cuentas digitales en el listado de activos pasibles de ser embargados para cobrar deudas.<\/p>\n<p>Para determinar sobre qu\u00e9 cuentas solicitar la traba de embargos la AFIP se abastece del r\u00e9gimen informativo que, como sucede con las entidades financieras, obliga a las empresas del sector a reportar informaci\u00f3n referida a las cuentas de sus clientes.<\/p>\n<p>La normativa de la AFIP no establece un orden sobre qu\u00e9 activos se debe avanzar primero a la hora de solicitar la traba de un embargo para cobrar deudas. No obstante, la pr\u00e1ctica muestra que las medidas comienzan con los activos m\u00e1s l\u00edquidos, como las cuentas bancarias. Cuando el saldo disponible es insuficiente o los contribuyentes no poseen ese tipo de colocaciones se procede a solicitar embargos sobre otros activos.<\/p>\n<p>Las ejecuciones de las deudas fiscales con la AFIP, el paso posterior a la traba de embargos, estuvieron suspendidas durante 19 meses como parte de las herramientas implementadas para amortiguar los efectos econ\u00f3micos de la pandemia. A lo largo de ese per\u00edodo, el organismo puso distintas herramientas a disposici\u00f3n de los contribuyentes que permitieron avanzar en la regularizaci\u00f3n de pasivos acumulados.<\/p>\n<p>&nbsp;<\/p>\n<p>El organismo retom\u00f3 en febrero las ejecuciones fiscales de contribuyentes morosos.\u00a0Para regularizar deudas vencidas, el organismo sac\u00f3 la\u00a0<b>moratoria-Ley de Alivio Fiscal<\/b>\u00a0que\u00a0permite regularizar obligaciones tributarias, aduaneras y de la seguridad social vencidas al 31 de agosto de 2021, as\u00ed como las infracciones relacionadas a dichas deudas. La moratoria ofrece la posibilidad de cancelar las deudas en hasta 120 cuotas. La adhesi\u00f3n est\u00e1 habilitada hasta el 15 de marzo de 2022. Tambi\u00e9n un\u00a0<b>plan de facilidades de pago permanente<\/b>\u00a0para regularizar las obligaciones tributarias, aduaneras y de la seguridad social\u00a0<b>vencidas con posterioridad al 31 de agosto de 2021.<\/b>\u00a0El plan contempla un m\u00e1ximo de 8 cuotas y la posibilidad de que cada contribuyente elabore 6 planes.<\/p>\n<\/div>\n<\/div>\n<\/div>\n<p>&nbsp;<\/p>\n<p><strong>Fuente P\u00e1gina 12<\/strong><\/p>\n","protected":false},"excerpt":{"rendered":"<p>El organismo pretende asegurar as\u00ed el cobro de unos 24.000 millones de pesos en impuestos adeudados por estos contribuyentes.<\/p>\n","protected":false},"author":3,"featured_media":0,"comment_status":"closed","ping_status":"closed","sticky":false,"template":"","format":"standard","meta":{"footnotes":""},"categories":[24,26],"tags":[],"class_list":["post-68106","post","type-post","status-publish","format-standard","hentry","category-politica","category-sociedad"],"yoast_head":"<!-- This site is optimized with the Yoast SEO plugin v25.9 - https:\/\/yoast.com\/wordpress\/plugins\/seo\/ -->\n<title>La AFIP podr\u00e1 embargar billeteras virtuales - Noticias Radio Reflejos<\/title>\n<meta name=\"robots\" content=\"index, follow, max-snippet:-1, max-image-preview:large, max-video-preview:-1\" \/>\n<link rel=\"canonical\" href=\"https:\/\/www.noticiasradioreflejos.com.ar\/2021\/la-afip-podra-embargar-billeteras-virtuales\/\" \/>\n<meta property=\"og:locale\" content=\"es_ES\" \/>\n<meta property=\"og:type\" content=\"article\" \/>\n<meta property=\"og:title\" content=\"La AFIP podr\u00e1 embargar billeteras virtuales - Noticias Radio Reflejos\" \/>\n<meta property=\"og:description\" content=\"El organismo pretende asegurar as\u00ed el cobro de unos 24.000 millones de pesos en impuestos adeudados por estos contribuyentes.\" \/>\n<meta property=\"og:url\" content=\"https:\/\/www.noticiasradioreflejos.com.ar\/2021\/la-afip-podra-embargar-billeteras-virtuales\/\" \/>\n<meta property=\"og:site_name\" content=\"Noticias Radio Reflejos\" \/>\n<meta property=\"article:published_time\" content=\"2022-02-10T11:37:41+00:00\" \/>\n<meta property=\"og:image\" content=\"https:\/\/images.pagina12.com.ar\/styles\/focal_3_2_960x640\/public\/2022-02\/340857-11-20a.jpeg?itok=vj3S4Zfm\" \/>\n<meta name=\"author\" content=\"Arnaldo Botto\" \/>\n<meta name=\"twitter:card\" content=\"summary_large_image\" \/>\n<script type=\"application\/ld+json\" class=\"yoast-schema-graph\">{\"@context\":\"https:\/\/schema.org\",\"@graph\":[{\"@type\":\"WebPage\",\"@id\":\"https:\/\/www.noticiasradioreflejos.com.ar\/2021\/la-afip-podra-embargar-billeteras-virtuales\/\",\"url\":\"https:\/\/www.noticiasradioreflejos.com.ar\/2021\/la-afip-podra-embargar-billeteras-virtuales\/\",\"name\":\"La AFIP podr\u00e1 embargar billeteras virtuales - Noticias Radio Reflejos\",\"isPartOf\":{\"@id\":\"https:\/\/www.noticiasradioreflejos.com.ar\/2021\/#website\"},\"primaryImageOfPage\":{\"@id\":\"https:\/\/www.noticiasradioreflejos.com.ar\/2021\/la-afip-podra-embargar-billeteras-virtuales\/#primaryimage\"},\"image\":{\"@id\":\"https:\/\/www.noticiasradioreflejos.com.ar\/2021\/la-afip-podra-embargar-billeteras-virtuales\/#primaryimage\"},\"thumbnailUrl\":\"https:\/\/images.pagina12.com.ar\/styles\/focal_3_2_960x640\/public\/2022-02\/340857-11-20a.jpeg?itok=vj3S4Zfm\",\"datePublished\":\"2022-02-10T11:37:41+00:00\",\"author\":{\"@id\":\"https:\/\/www.noticiasradioreflejos.com.ar\/2021\/#\/schema\/person\/ad82545263dcc5ec0996818884fd5fb1\"},\"breadcrumb\":{\"@id\":\"https:\/\/www.noticiasradioreflejos.com.ar\/2021\/la-afip-podra-embargar-billeteras-virtuales\/#breadcrumb\"},\"inLanguage\":\"es\",\"potentialAction\":[{\"@type\":\"ReadAction\",\"target\":[\"https:\/\/www.noticiasradioreflejos.com.ar\/2021\/la-afip-podra-embargar-billeteras-virtuales\/\"]}]},{\"@type\":\"ImageObject\",\"inLanguage\":\"es\",\"@id\":\"https:\/\/www.noticiasradioreflejos.com.ar\/2021\/la-afip-podra-embargar-billeteras-virtuales\/#primaryimage\",\"url\":\"https:\/\/images.pagina12.com.ar\/styles\/focal_3_2_960x640\/public\/2022-02\/340857-11-20a.jpeg?itok=vj3S4Zfm\",\"contentUrl\":\"https:\/\/images.pagina12.com.ar\/styles\/focal_3_2_960x640\/public\/2022-02\/340857-11-20a.jpeg?itok=vj3S4Zfm\"},{\"@type\":\"BreadcrumbList\",\"@id\":\"https:\/\/www.noticiasradioreflejos.com.ar\/2021\/la-afip-podra-embargar-billeteras-virtuales\/#breadcrumb\",\"itemListElement\":[{\"@type\":\"ListItem\",\"position\":1,\"name\":\"Portada\",\"item\":\"https:\/\/www.noticiasradioreflejos.com.ar\/2021\/\"},{\"@type\":\"ListItem\",\"position\":2,\"name\":\"La AFIP podr\u00e1 embargar billeteras virtuales\"}]},{\"@type\":\"WebSite\",\"@id\":\"https:\/\/www.noticiasradioreflejos.com.ar\/2021\/#website\",\"url\":\"https:\/\/www.noticiasradioreflejos.com.ar\/2021\/\",\"name\":\"Noticias Radio Reflejos\",\"description\":\"Las noticias de mi comarca\",\"potentialAction\":[{\"@type\":\"SearchAction\",\"target\":{\"@type\":\"EntryPoint\",\"urlTemplate\":\"https:\/\/www.noticiasradioreflejos.com.ar\/2021\/?s={search_term_string}\"},\"query-input\":{\"@type\":\"PropertyValueSpecification\",\"valueRequired\":true,\"valueName\":\"search_term_string\"}}],\"inLanguage\":\"es\"},{\"@type\":\"Person\",\"@id\":\"https:\/\/www.noticiasradioreflejos.com.ar\/2021\/#\/schema\/person\/ad82545263dcc5ec0996818884fd5fb1\",\"name\":\"Arnaldo Botto\",\"image\":{\"@type\":\"ImageObject\",\"inLanguage\":\"es\",\"@id\":\"https:\/\/www.noticiasradioreflejos.com.ar\/2021\/#\/schema\/person\/image\/\",\"url\":\"https:\/\/secure.gravatar.com\/avatar\/55cb5e37c1efa326397366e6974cb338056df65cb50e7d64d1cf314e87504837?s=96&d=mm&r=g\",\"contentUrl\":\"https:\/\/secure.gravatar.com\/avatar\/55cb5e37c1efa326397366e6974cb338056df65cb50e7d64d1cf314e87504837?s=96&d=mm&r=g\",\"caption\":\"Arnaldo Botto\"},\"url\":\"https:\/\/www.noticiasradioreflejos.com.ar\/2021\/author\/arnaldo\/\"}]}<\/script>\n<!-- \/ Yoast SEO plugin. -->","yoast_head_json":{"title":"La AFIP podr\u00e1 embargar billeteras virtuales - Noticias Radio Reflejos","robots":{"index":"index","follow":"follow","max-snippet":"max-snippet:-1","max-image-preview":"max-image-preview:large","max-video-preview":"max-video-preview:-1"},"canonical":"https:\/\/www.noticiasradioreflejos.com.ar\/2021\/la-afip-podra-embargar-billeteras-virtuales\/","og_locale":"es_ES","og_type":"article","og_title":"La AFIP podr\u00e1 embargar billeteras virtuales - Noticias Radio Reflejos","og_description":"El organismo pretende asegurar as\u00ed el cobro de unos 24.000 millones de pesos en impuestos adeudados por estos contribuyentes.","og_url":"https:\/\/www.noticiasradioreflejos.com.ar\/2021\/la-afip-podra-embargar-billeteras-virtuales\/","og_site_name":"Noticias Radio Reflejos","article_published_time":"2022-02-10T11:37:41+00:00","og_image":[{"url":"https:\/\/images.pagina12.com.ar\/styles\/focal_3_2_960x640\/public\/2022-02\/340857-11-20a.jpeg?itok=vj3S4Zfm","type":"","width":"","height":""}],"author":"Arnaldo Botto","twitter_card":"summary_large_image","schema":{"@context":"https:\/\/schema.org","@graph":[{"@type":"WebPage","@id":"https:\/\/www.noticiasradioreflejos.com.ar\/2021\/la-afip-podra-embargar-billeteras-virtuales\/","url":"https:\/\/www.noticiasradioreflejos.com.ar\/2021\/la-afip-podra-embargar-billeteras-virtuales\/","name":"La AFIP podr\u00e1 embargar billeteras virtuales - Noticias Radio Reflejos","isPartOf":{"@id":"https:\/\/www.noticiasradioreflejos.com.ar\/2021\/#website"},"primaryImageOfPage":{"@id":"https:\/\/www.noticiasradioreflejos.com.ar\/2021\/la-afip-podra-embargar-billeteras-virtuales\/#primaryimage"},"image":{"@id":"https:\/\/www.noticiasradioreflejos.com.ar\/2021\/la-afip-podra-embargar-billeteras-virtuales\/#primaryimage"},"thumbnailUrl":"https:\/\/images.pagina12.com.ar\/styles\/focal_3_2_960x640\/public\/2022-02\/340857-11-20a.jpeg?itok=vj3S4Zfm","datePublished":"2022-02-10T11:37:41+00:00","author":{"@id":"https:\/\/www.noticiasradioreflejos.com.ar\/2021\/#\/schema\/person\/ad82545263dcc5ec0996818884fd5fb1"},"breadcrumb":{"@id":"https:\/\/www.noticiasradioreflejos.com.ar\/2021\/la-afip-podra-embargar-billeteras-virtuales\/#breadcrumb"},"inLanguage":"es","potentialAction":[{"@type":"ReadAction","target":["https:\/\/www.noticiasradioreflejos.com.ar\/2021\/la-afip-podra-embargar-billeteras-virtuales\/"]}]},{"@type":"ImageObject","inLanguage":"es","@id":"https:\/\/www.noticiasradioreflejos.com.ar\/2021\/la-afip-podra-embargar-billeteras-virtuales\/#primaryimage","url":"https:\/\/images.pagina12.com.ar\/styles\/focal_3_2_960x640\/public\/2022-02\/340857-11-20a.jpeg?itok=vj3S4Zfm","contentUrl":"https:\/\/images.pagina12.com.ar\/styles\/focal_3_2_960x640\/public\/2022-02\/340857-11-20a.jpeg?itok=vj3S4Zfm"},{"@type":"BreadcrumbList","@id":"https:\/\/www.noticiasradioreflejos.com.ar\/2021\/la-afip-podra-embargar-billeteras-virtuales\/#breadcrumb","itemListElement":[{"@type":"ListItem","position":1,"name":"Portada","item":"https:\/\/www.noticiasradioreflejos.com.ar\/2021\/"},{"@type":"ListItem","position":2,"name":"La AFIP podr\u00e1 embargar billeteras virtuales"}]},{"@type":"WebSite","@id":"https:\/\/www.noticiasradioreflejos.com.ar\/2021\/#website","url":"https:\/\/www.noticiasradioreflejos.com.ar\/2021\/","name":"Noticias Radio Reflejos","description":"Las noticias de mi comarca","potentialAction":[{"@type":"SearchAction","target":{"@type":"EntryPoint","urlTemplate":"https:\/\/www.noticiasradioreflejos.com.ar\/2021\/?s={search_term_string}"},"query-input":{"@type":"PropertyValueSpecification","valueRequired":true,"valueName":"search_term_string"}}],"inLanguage":"es"},{"@type":"Person","@id":"https:\/\/www.noticiasradioreflejos.com.ar\/2021\/#\/schema\/person\/ad82545263dcc5ec0996818884fd5fb1","name":"Arnaldo Botto","image":{"@type":"ImageObject","inLanguage":"es","@id":"https:\/\/www.noticiasradioreflejos.com.ar\/2021\/#\/schema\/person\/image\/","url":"https:\/\/secure.gravatar.com\/avatar\/55cb5e37c1efa326397366e6974cb338056df65cb50e7d64d1cf314e87504837?s=96&d=mm&r=g","contentUrl":"https:\/\/secure.gravatar.com\/avatar\/55cb5e37c1efa326397366e6974cb338056df65cb50e7d64d1cf314e87504837?s=96&d=mm&r=g","caption":"Arnaldo Botto"},"url":"https:\/\/www.noticiasradioreflejos.com.ar\/2021\/author\/arnaldo\/"}]}},"_links":{"self":[{"href":"https:\/\/www.noticiasradioreflejos.com.ar\/2021\/wp-json\/wp\/v2\/posts\/68106","targetHints":{"allow":["GET"]}}],"collection":[{"href":"https:\/\/www.noticiasradioreflejos.com.ar\/2021\/wp-json\/wp\/v2\/posts"}],"about":[{"href":"https:\/\/www.noticiasradioreflejos.com.ar\/2021\/wp-json\/wp\/v2\/types\/post"}],"author":[{"embeddable":true,"href":"https:\/\/www.noticiasradioreflejos.com.ar\/2021\/wp-json\/wp\/v2\/users\/3"}],"replies":[{"embeddable":true,"href":"https:\/\/www.noticiasradioreflejos.com.ar\/2021\/wp-json\/wp\/v2\/comments?post=68106"}],"version-history":[{"count":1,"href":"https:\/\/www.noticiasradioreflejos.com.ar\/2021\/wp-json\/wp\/v2\/posts\/68106\/revisions"}],"predecessor-version":[{"id":68108,"href":"https:\/\/www.noticiasradioreflejos.com.ar\/2021\/wp-json\/wp\/v2\/posts\/68106\/revisions\/68108"}],"wp:attachment":[{"href":"https:\/\/www.noticiasradioreflejos.com.ar\/2021\/wp-json\/wp\/v2\/media?parent=68106"}],"wp:term":[{"taxonomy":"category","embeddable":true,"href":"https:\/\/www.noticiasradioreflejos.com.ar\/2021\/wp-json\/wp\/v2\/categories?post=68106"},{"taxonomy":"post_tag","embeddable":true,"href":"https:\/\/www.noticiasradioreflejos.com.ar\/2021\/wp-json\/wp\/v2\/tags?post=68106"}],"curies":[{"name":"wp","href":"https:\/\/api.w.org\/{rel}","templated":true}]}}