{"id":68102,"date":"2022-02-10T10:42:21","date_gmt":"2022-02-10T10:42:21","guid":{"rendered":"http:\/\/www.noticiasradioreflejos.com.ar\/2021\/?p=68102"},"modified":"2022-02-10T10:42:21","modified_gmt":"2022-02-10T10:42:21","slug":"como-es-el-protocolo-aula-segura-para-la-vuelta-a-clases","status":"publish","type":"post","link":"https:\/\/www.noticiasradioreflejos.com.ar\/2021\/como-es-el-protocolo-aula-segura-para-la-vuelta-a-clases\/","title":{"rendered":"C\u00f3mo es el protocolo Aula Segura para la vuelta a clases"},"content":{"rendered":"<p>El Presidente Alberto Fern\u00e1ndez cerrar\u00e1 este jueves la reuni\u00f3n de los Consejos Federales de Salud y de Educaci\u00f3n en la que se analizar\u00e1n los pilares del plan para el retorno a las aulas: asistencia cuidada, vacunaci\u00f3n, uso de barbijo, ventilaci\u00f3n, higiene y limpieza, y distancia.<!--more--><\/p>\n<div>\n<div class=\"wrapper-editable-content\">\n<div>\n<div class=\"container-md\">\n<div class=\"row\">\n<div class=\"col-md-12 speak\">\n<div class=\"paragraph\">\n<figure class=\"mb-3\"><img decoding=\"async\" src=\"https:\/\/www.telam.com.ar\/thumbs\/bluesteel\/advf\/imagenes\/2022\/01\/61f44f9c473f0_900.jpg\" alt=\"Foto Emilio Rapetti\" width=\"100%\" height=\"100%\" \/><\/figure>\n<\/div>\n<\/div>\n<\/div>\n<\/div>\n<\/div>\n<\/div>\n<\/div>\n<div class=\"media-icons\"><\/div>\n<p>(Foto: Emilio Rapetti).<\/p>\n<p>El presidente\u00a0<strong>Alberto Fern\u00e1ndez<\/strong>\u00a0participar\u00e1 este jueves al mediod\u00eda, en el Museo del Bicentenario de la Casa Rosada, del cierre de una reuni\u00f3n conjunta de los Consejos Federales de Salud (Cofesa) y de Educaci\u00f3n (CFE) en la que se analizar\u00e1 el\u00a0<strong>nuevo protocolo Aula Segura de cara al inicio del pr\u00f3ximo ciclo lectivo en el contexto de la pandemia de coronavirus<\/strong>.<\/p>\n<p>El encuentro, del que participar\u00e1n la ministra de Salud, Carla Vizzotti; su par de Educaci\u00f3n, Jaime Perczyk, y representantes de ambas \u00e1reas de las 24 jurisdicciones del pa\u00eds, \u00abbusca\u00a0<strong>definir las nuevas pautas en funci\u00f3n de los consensos alcanzados con la participaci\u00f3n de la Organizaci\u00f3n Panamericana de la Salud<\/strong>\u00a0(OPS),\u00a0<strong>Unicef<\/strong>,\u00a0<strong>Unesco<\/strong>, la\u00a0<strong>Sociedad Argentina de Pediatr\u00eda<\/strong>, la\u00a0<strong>Defensor\u00eda de los Derechos de las Ni\u00f1as, Ni\u00f1os y Adolescentes<\/strong>, y los diferentes gremios docentes\u00bb, explicaron a trav\u00e9s de un comunicado de prensa.<\/p>\n<p>Seg\u00fan inform\u00f3 el Ministerio de Salud, la propuesta del protocolo\u00a0<strong>Aula Segura<\/strong>\u00a0para la vuelta a las clases presenciales en los niveles inicial, primario y secundario consta de\u00a0<strong>seis pilares: asistencia cuidada, vacunaci\u00f3n, uso de barbijo, ventilaci\u00f3n, higiene y limpieza, y distancia.<\/strong><\/p>\n<p>Las pautas definidas en las reuniones previas de ambos Consejos\u00a0<strong>\u00abbuscan ser sencillas, posibles y tendientes a garantizar la presencialidad plena en condiciones de pandemia para que docentes y estudiantes puedan recuperar espacios de aprendizaje, expresi\u00f3n y disfrute\u00bb<\/strong>, se agreg\u00f3.<\/p>\n<blockquote class=\"\"><p>La propuesta de protocolo Aula Segura consta de seis pilares:\u00a0asistencia cuidada, vacunaci\u00f3n, uso de barbijo, ventilaci\u00f3n, higiene y limpieza, y distancia<\/p><\/blockquote>\n<p>Por \u00faltimo, se inform\u00f3 que \u00abla implementaci\u00f3n de un nuevo protocolo es posible por el\u00a0<strong>impacto del avance de la Campa\u00f1a de Vacunaci\u00f3n tanto en docentes como en ni\u00f1os y ni\u00f1as de entre 3 y 11 a\u00f1os de edad<\/strong>\u00ab.<\/p>\n<h2 class=\"\">\u00abGarantizar un ciclo lectivo continuo y virtuoso\u00bb<\/h2>\n<p>El ministro de Educaci\u00f3n,\u00a0<strong>Jaime Perczyk<\/strong>, ratific\u00f3 que se trabajar\u00e1 para \u00abgarantizar un ciclo lectivo continuo y virtuoso\u00bb, con clases presenciales y apunt\u00f3 que, adem\u00e1s de la vacunaci\u00f3n anticovid, cuando empiecen las clases<strong>\u00a0\u00abtenemos que ventilar las aulas, usar barbijo desde primer grado y lavarnos bien las manos\u00bb<\/strong>.<\/p>\n<p>\u00abQueremos un ciclo continuo que sea reparador, que empiece el 2 de marzo vacunados, con libros, con notebooks y con la discusi\u00f3n salarial saldada\u00bb, afirm\u00f3 en declaraciones que realiz\u00f3 desde la Casa Rosada a canales de televisi\u00f3n de Santa Fe, Rosario y Tucum\u00e1n.<\/p>\n<figure class=\"mb-3\"><img decoding=\"async\" src=\"https:\/\/www.telam.com.ar\/thumbs\/bluesteel\/advf\/imagenes\/2022\/01\/61f44f5776af4_900.jpg\" alt=\"Foto Emilio Rapetti\" width=\"100%\" height=\"100%\" \/><\/p>\n<div class=\"media-icons\"><\/div><figcaption>(Foto: Emilio Rapetti).<\/figcaption><\/figure>\n<p>Perczyk adelant\u00f3 que \u00abma\u00f1ana (por el jueves) nos reuniremos el Consejo Federal de Salud y el de Educaci\u00f3n integrado por todos los ministros de esas carteras del pa\u00eds para\u00a0<strong>definir, c\u00f3mo el 2 de marzo todos los chicos y chicas estar\u00e1n aprendiendo en las aulas y los maestros ense\u00f1ando en las escuelas<\/strong>\u00ab.<\/p>\n<p><strong>\u00abLa propuesta es que se cumpla un calendario de 190 d\u00edas de clases\u00bb<\/strong>, remarc\u00f3.<\/p>\n<p>Y, apunt\u00f3 que \u00abla ciudad de Buenos Aires y la provincia de Mendoza empiezan el 21 pero el 2 de marzo comenzar\u00e1n en todo el pa\u00eds las escuelas con una serie de recomendaciones condensadas en un protocolo para trabajar en un ciclo lectivo cuidado, seguro y continuo\u00bb.<\/p>\n<figure class=\"mb-3\"><img decoding=\"async\" src=\"https:\/\/www.telam.com.ar\/thumbs\/bluesteel\/advf\/imagenes\/2022\/02\/6202b0fdaa42b_900.jpg\" alt=\"Foto Ramiro Gmez\" width=\"100%\" height=\"100%\" \/><\/p>\n<div class=\"media-icons\"><\/div><figcaption>(Foto: Ramiro G\u00f3mez).<\/figcaption><\/figure>\n<p>Asimismo, en declaraciones que hizo por la ma\u00f1ana a radio 10, el funcionario y docente dijo que estaban\u00a0<strong>\u00abtrabajando para que est\u00e9 todo listo, vamos a estar con los protocolos y recomendaciones vigentes, con la discusi\u00f3n salarial y con libros en las escuelas\u00bb<\/strong>.<\/p>\n<p>\u00abHay que vacunarse contra el Covid-19, completar el calendario de vacunas obligatorias, desde la primaria usar barbijo y usarlo bien, en espacios cerrados, lavarse permanentemente las manos y ventilar las aulas\u00bb, repas\u00f3 el ministro.<\/p>\n<p>Asimismo, record\u00f3 que\u00a0<strong>el uso de barbijos \u00aben los espacios abiertos no es obligatorio, pero puede pasar que alguno se lo quiera dejar\u00bb<\/strong>.<\/p>\n<p>En ese sentido, insisti\u00f3 con que el nuevo ciclo lectivo \u00abtendr\u00e1\u00a0<strong>caracter\u00edsticas muy simples, no tiene burbujas, solo habr\u00e1 aislamiento de los chicos que sean positivos\u00bb y que ser\u00e1 de \u00absiete d\u00edas para los vacunados y diez d\u00edas para los no vacunados\u00bb<\/strong>.<\/p>\n<p>Perczyk remarc\u00f3 que \u00abse est\u00e1 llevando a cabo una campa\u00f1a de vacunaci\u00f3n muy intensa en todo el pa\u00eds que para los docentes y los j\u00f3venes arroja datos muy importantes y alentadores ya que el pueblo argentino entero ha tomado la vacunaci\u00f3n con mucho compromiso\u00bb.<\/p>\n<blockquote class=\"\"><p>\u00a0\u00abQueremos un ciclo continuo que sea reparador, que empiece el 2 de marzo vacunados, con libros, con notebooks y con la discusi\u00f3n salarial saldada\u00bb<cite class=\"author\">\u00a0Jaime Perczyk<\/cite><\/p><\/blockquote>\n<p>\u00abAlentamos la vacunaci\u00f3n de hecho estamos trabajando en todas las provincias y hemos avanzado en la vacunaci\u00f3n en las escuelas y en aquellos lugares el nivel de convocatoria y de \u00e9xito es enorme\u00bb, destac\u00f3.<\/p>\n<p>Por otra parte, se\u00f1al\u00f3: \u00abYa tuvimos reuniones paritarias con los gremios nacionales y el Consejo Federal de Educaci\u00f3n, adem\u00e1s\u00a0<strong>el gobierno nacional se comprometi\u00f3 a que los docentes recuperen poder adquisitivo y le ganen por unos puntos a la inflaci\u00f3n<\/strong>\u00ab.<\/p>\n<figure class=\"mb-3\"><img decoding=\"async\" src=\"https:\/\/www.telam.com.ar\/thumbs\/bluesteel\/advf\/imagenes\/2020\/08\/5f3d8ed3c4b9c_900.jpg\" alt=\"Habr un protocolo seguro en las aulas\" width=\"100%\" height=\"100%\" \/><\/p>\n<div class=\"media-icons\"><\/div><figcaption>Habr\u00e1 un protocolo seguro en las aulas.<\/figcaption><\/figure>\n<p>\u00abEst\u00e1n previstas m\u00e1s inversiones en Educaci\u00f3n, hay una inversi\u00f3n muy grande en edificios que se est\u00e1n realizando de hecho ma\u00f1ana la Universidad Nacional de Rosario firmar\u00e1 la financiaci\u00f3n de dos edificios nuevos\u00bb, acot\u00f3 y dijo que \u00abhubo un aporte muy importante para obras menores de infraestructuras, financiamos becas Progresar y Becas Estrat\u00e9gicas Manuel Belgrano y seguiremos trabajando en ampliar el presupuesto universitario porque creemos que son pilares para el desarrollo de la Argentina que viene\u00bb.<\/p>\n<p>El ministro resalt\u00f3 que<strong>\u00a0\u00abtenemos un sistema que es eminentemente presencial que indica que los chicos vayan todos los d\u00edas a la escuela y vamos a recuperar eso\u00bb<\/strong>\u00a0pero \u00abtenemos que tener la inteligencia y capacidad de incorporar la tecnolog\u00eda en la presencialidad y producir material para que la virtualidad y la educaci\u00f3n a distancia se complementen\u00bb.<\/p>\n<p>Cuando empiecen las clases, insisti\u00f3, \u00abtenemos que vacunarnos, ventilar las aulas, usar barbijo desde primer grado y lavarnos bien las manos. Eso para que la escuela funcione y podamos ir todos los d\u00edas a la escuela para reencontrarnos con los amigos, los maestros, los profesores y reencontrarnos con el conocimiento\u00bb.<\/p>\n<p>Tras mencionar que\u00a0<strong>se repirtar\u00e1n \u00ab8.200.000 libros de texto, los manuales de lengua y matem\u00e1ticas para trabajar en la escuela, para aprender, para leer en la casa\u00bb, Perczyk confi\u00f3 en lograr \u00abun a\u00f1o que sea reparador despu\u00e9s de dos a\u00f1os muy dif\u00edciles que tuvimos todos los argentinos\u00bb por la pandemia de coronavirus.<\/strong><\/p>\n","protected":false},"excerpt":{"rendered":"<p>El Presidente Alberto Fern\u00e1ndez cerrar\u00e1 este jueves la reuni\u00f3n de los Consejos Federales de Salud y de Educaci\u00f3n en la que se analizar\u00e1n los pilares del plan para el retorno a las aulas: asistencia cuidada, vacunaci\u00f3n, uso de barbijo, ventilaci\u00f3n, higiene y limpieza, y distancia.<\/p>\n","protected":false},"author":3,"featured_media":0,"comment_status":"closed","ping_status":"closed","sticky":false,"template":"","format":"standard","meta":{"footnotes":""},"categories":[34,24,30],"tags":[],"class_list":["post-68102","post","type-post","status-publish","format-standard","hentry","category-educacion","category-politica","category-salud"],"yoast_head":"<!-- This site is optimized with the Yoast SEO plugin v25.9 - https:\/\/yoast.com\/wordpress\/plugins\/seo\/ -->\n<title>C\u00f3mo es el protocolo Aula Segura para la vuelta a clases - Noticias Radio Reflejos<\/title>\n<meta name=\"robots\" content=\"index, follow, max-snippet:-1, max-image-preview:large, max-video-preview:-1\" \/>\n<link rel=\"canonical\" href=\"https:\/\/www.noticiasradioreflejos.com.ar\/2021\/como-es-el-protocolo-aula-segura-para-la-vuelta-a-clases\/\" \/>\n<meta property=\"og:locale\" content=\"es_ES\" \/>\n<meta property=\"og:type\" content=\"article\" \/>\n<meta property=\"og:title\" content=\"C\u00f3mo es el protocolo Aula Segura para la vuelta a clases - Noticias Radio Reflejos\" \/>\n<meta property=\"og:description\" content=\"El Presidente Alberto Fern\u00e1ndez cerrar\u00e1 este jueves la reuni\u00f3n de los Consejos Federales de Salud y de Educaci\u00f3n en la que se analizar\u00e1n los pilares del plan para el retorno a las aulas: asistencia cuidada, vacunaci\u00f3n, uso de barbijo, ventilaci\u00f3n, higiene y limpieza, y distancia.\" \/>\n<meta property=\"og:url\" content=\"https:\/\/www.noticiasradioreflejos.com.ar\/2021\/como-es-el-protocolo-aula-segura-para-la-vuelta-a-clases\/\" \/>\n<meta property=\"og:site_name\" content=\"Noticias Radio Reflejos\" \/>\n<meta property=\"article:published_time\" content=\"2022-02-10T10:42:21+00:00\" \/>\n<meta property=\"og:image\" content=\"https:\/\/www.telam.com.ar\/thumbs\/bluesteel\/advf\/imagenes\/2022\/01\/61f44f9c473f0_900.jpg\" \/>\n<meta name=\"author\" content=\"Arnaldo Botto\" \/>\n<meta name=\"twitter:card\" content=\"summary_large_image\" \/>\n<script type=\"application\/ld+json\" class=\"yoast-schema-graph\">{\"@context\":\"https:\/\/schema.org\",\"@graph\":[{\"@type\":\"WebPage\",\"@id\":\"https:\/\/www.noticiasradioreflejos.com.ar\/2021\/como-es-el-protocolo-aula-segura-para-la-vuelta-a-clases\/\",\"url\":\"https:\/\/www.noticiasradioreflejos.com.ar\/2021\/como-es-el-protocolo-aula-segura-para-la-vuelta-a-clases\/\",\"name\":\"C\u00f3mo es el protocolo Aula Segura para la vuelta a clases - Noticias Radio Reflejos\",\"isPartOf\":{\"@id\":\"https:\/\/www.noticiasradioreflejos.com.ar\/2021\/#website\"},\"primaryImageOfPage\":{\"@id\":\"https:\/\/www.noticiasradioreflejos.com.ar\/2021\/como-es-el-protocolo-aula-segura-para-la-vuelta-a-clases\/#primaryimage\"},\"image\":{\"@id\":\"https:\/\/www.noticiasradioreflejos.com.ar\/2021\/como-es-el-protocolo-aula-segura-para-la-vuelta-a-clases\/#primaryimage\"},\"thumbnailUrl\":\"https:\/\/www.telam.com.ar\/thumbs\/bluesteel\/advf\/imagenes\/2022\/01\/61f44f9c473f0_900.jpg\",\"datePublished\":\"2022-02-10T10:42:21+00:00\",\"author\":{\"@id\":\"https:\/\/www.noticiasradioreflejos.com.ar\/2021\/#\/schema\/person\/ad82545263dcc5ec0996818884fd5fb1\"},\"breadcrumb\":{\"@id\":\"https:\/\/www.noticiasradioreflejos.com.ar\/2021\/como-es-el-protocolo-aula-segura-para-la-vuelta-a-clases\/#breadcrumb\"},\"inLanguage\":\"es\",\"potentialAction\":[{\"@type\":\"ReadAction\",\"target\":[\"https:\/\/www.noticiasradioreflejos.com.ar\/2021\/como-es-el-protocolo-aula-segura-para-la-vuelta-a-clases\/\"]}]},{\"@type\":\"ImageObject\",\"inLanguage\":\"es\",\"@id\":\"https:\/\/www.noticiasradioreflejos.com.ar\/2021\/como-es-el-protocolo-aula-segura-para-la-vuelta-a-clases\/#primaryimage\",\"url\":\"https:\/\/www.telam.com.ar\/thumbs\/bluesteel\/advf\/imagenes\/2022\/01\/61f44f9c473f0_900.jpg\",\"contentUrl\":\"https:\/\/www.telam.com.ar\/thumbs\/bluesteel\/advf\/imagenes\/2022\/01\/61f44f9c473f0_900.jpg\"},{\"@type\":\"BreadcrumbList\",\"@id\":\"https:\/\/www.noticiasradioreflejos.com.ar\/2021\/como-es-el-protocolo-aula-segura-para-la-vuelta-a-clases\/#breadcrumb\",\"itemListElement\":[{\"@type\":\"ListItem\",\"position\":1,\"name\":\"Portada\",\"item\":\"https:\/\/www.noticiasradioreflejos.com.ar\/2021\/\"},{\"@type\":\"ListItem\",\"position\":2,\"name\":\"C\u00f3mo es el protocolo Aula Segura para la vuelta a clases\"}]},{\"@type\":\"WebSite\",\"@id\":\"https:\/\/www.noticiasradioreflejos.com.ar\/2021\/#website\",\"url\":\"https:\/\/www.noticiasradioreflejos.com.ar\/2021\/\",\"name\":\"Noticias Radio Reflejos\",\"description\":\"Las noticias de mi comarca\",\"potentialAction\":[{\"@type\":\"SearchAction\",\"target\":{\"@type\":\"EntryPoint\",\"urlTemplate\":\"https:\/\/www.noticiasradioreflejos.com.ar\/2021\/?s={search_term_string}\"},\"query-input\":{\"@type\":\"PropertyValueSpecification\",\"valueRequired\":true,\"valueName\":\"search_term_string\"}}],\"inLanguage\":\"es\"},{\"@type\":\"Person\",\"@id\":\"https:\/\/www.noticiasradioreflejos.com.ar\/2021\/#\/schema\/person\/ad82545263dcc5ec0996818884fd5fb1\",\"name\":\"Arnaldo Botto\",\"image\":{\"@type\":\"ImageObject\",\"inLanguage\":\"es\",\"@id\":\"https:\/\/www.noticiasradioreflejos.com.ar\/2021\/#\/schema\/person\/image\/\",\"url\":\"https:\/\/secure.gravatar.com\/avatar\/55cb5e37c1efa326397366e6974cb338056df65cb50e7d64d1cf314e87504837?s=96&d=mm&r=g\",\"contentUrl\":\"https:\/\/secure.gravatar.com\/avatar\/55cb5e37c1efa326397366e6974cb338056df65cb50e7d64d1cf314e87504837?s=96&d=mm&r=g\",\"caption\":\"Arnaldo Botto\"},\"url\":\"https:\/\/www.noticiasradioreflejos.com.ar\/2021\/author\/arnaldo\/\"}]}<\/script>\n<!-- \/ Yoast SEO plugin. -->","yoast_head_json":{"title":"C\u00f3mo es el protocolo Aula Segura para la vuelta a clases - Noticias Radio Reflejos","robots":{"index":"index","follow":"follow","max-snippet":"max-snippet:-1","max-image-preview":"max-image-preview:large","max-video-preview":"max-video-preview:-1"},"canonical":"https:\/\/www.noticiasradioreflejos.com.ar\/2021\/como-es-el-protocolo-aula-segura-para-la-vuelta-a-clases\/","og_locale":"es_ES","og_type":"article","og_title":"C\u00f3mo es el protocolo Aula Segura para la vuelta a clases - Noticias Radio Reflejos","og_description":"El Presidente Alberto Fern\u00e1ndez cerrar\u00e1 este jueves la reuni\u00f3n de los Consejos Federales de Salud y de Educaci\u00f3n en la que se analizar\u00e1n los pilares del plan para el retorno a las aulas: asistencia cuidada, vacunaci\u00f3n, uso de barbijo, ventilaci\u00f3n, higiene y limpieza, y distancia.","og_url":"https:\/\/www.noticiasradioreflejos.com.ar\/2021\/como-es-el-protocolo-aula-segura-para-la-vuelta-a-clases\/","og_site_name":"Noticias Radio Reflejos","article_published_time":"2022-02-10T10:42:21+00:00","og_image":[{"url":"https:\/\/www.telam.com.ar\/thumbs\/bluesteel\/advf\/imagenes\/2022\/01\/61f44f9c473f0_900.jpg","type":"","width":"","height":""}],"author":"Arnaldo Botto","twitter_card":"summary_large_image","schema":{"@context":"https:\/\/schema.org","@graph":[{"@type":"WebPage","@id":"https:\/\/www.noticiasradioreflejos.com.ar\/2021\/como-es-el-protocolo-aula-segura-para-la-vuelta-a-clases\/","url":"https:\/\/www.noticiasradioreflejos.com.ar\/2021\/como-es-el-protocolo-aula-segura-para-la-vuelta-a-clases\/","name":"C\u00f3mo es el protocolo Aula Segura para la vuelta a clases - Noticias Radio Reflejos","isPartOf":{"@id":"https:\/\/www.noticiasradioreflejos.com.ar\/2021\/#website"},"primaryImageOfPage":{"@id":"https:\/\/www.noticiasradioreflejos.com.ar\/2021\/como-es-el-protocolo-aula-segura-para-la-vuelta-a-clases\/#primaryimage"},"image":{"@id":"https:\/\/www.noticiasradioreflejos.com.ar\/2021\/como-es-el-protocolo-aula-segura-para-la-vuelta-a-clases\/#primaryimage"},"thumbnailUrl":"https:\/\/www.telam.com.ar\/thumbs\/bluesteel\/advf\/imagenes\/2022\/01\/61f44f9c473f0_900.jpg","datePublished":"2022-02-10T10:42:21+00:00","author":{"@id":"https:\/\/www.noticiasradioreflejos.com.ar\/2021\/#\/schema\/person\/ad82545263dcc5ec0996818884fd5fb1"},"breadcrumb":{"@id":"https:\/\/www.noticiasradioreflejos.com.ar\/2021\/como-es-el-protocolo-aula-segura-para-la-vuelta-a-clases\/#breadcrumb"},"inLanguage":"es","potentialAction":[{"@type":"ReadAction","target":["https:\/\/www.noticiasradioreflejos.com.ar\/2021\/como-es-el-protocolo-aula-segura-para-la-vuelta-a-clases\/"]}]},{"@type":"ImageObject","inLanguage":"es","@id":"https:\/\/www.noticiasradioreflejos.com.ar\/2021\/como-es-el-protocolo-aula-segura-para-la-vuelta-a-clases\/#primaryimage","url":"https:\/\/www.telam.com.ar\/thumbs\/bluesteel\/advf\/imagenes\/2022\/01\/61f44f9c473f0_900.jpg","contentUrl":"https:\/\/www.telam.com.ar\/thumbs\/bluesteel\/advf\/imagenes\/2022\/01\/61f44f9c473f0_900.jpg"},{"@type":"BreadcrumbList","@id":"https:\/\/www.noticiasradioreflejos.com.ar\/2021\/como-es-el-protocolo-aula-segura-para-la-vuelta-a-clases\/#breadcrumb","itemListElement":[{"@type":"ListItem","position":1,"name":"Portada","item":"https:\/\/www.noticiasradioreflejos.com.ar\/2021\/"},{"@type":"ListItem","position":2,"name":"C\u00f3mo es el protocolo Aula Segura para la vuelta a clases"}]},{"@type":"WebSite","@id":"https:\/\/www.noticiasradioreflejos.com.ar\/2021\/#website","url":"https:\/\/www.noticiasradioreflejos.com.ar\/2021\/","name":"Noticias Radio Reflejos","description":"Las noticias de mi comarca","potentialAction":[{"@type":"SearchAction","target":{"@type":"EntryPoint","urlTemplate":"https:\/\/www.noticiasradioreflejos.com.ar\/2021\/?s={search_term_string}"},"query-input":{"@type":"PropertyValueSpecification","valueRequired":true,"valueName":"search_term_string"}}],"inLanguage":"es"},{"@type":"Person","@id":"https:\/\/www.noticiasradioreflejos.com.ar\/2021\/#\/schema\/person\/ad82545263dcc5ec0996818884fd5fb1","name":"Arnaldo Botto","image":{"@type":"ImageObject","inLanguage":"es","@id":"https:\/\/www.noticiasradioreflejos.com.ar\/2021\/#\/schema\/person\/image\/","url":"https:\/\/secure.gravatar.com\/avatar\/55cb5e37c1efa326397366e6974cb338056df65cb50e7d64d1cf314e87504837?s=96&d=mm&r=g","contentUrl":"https:\/\/secure.gravatar.com\/avatar\/55cb5e37c1efa326397366e6974cb338056df65cb50e7d64d1cf314e87504837?s=96&d=mm&r=g","caption":"Arnaldo Botto"},"url":"https:\/\/www.noticiasradioreflejos.com.ar\/2021\/author\/arnaldo\/"}]}},"_links":{"self":[{"href":"https:\/\/www.noticiasradioreflejos.com.ar\/2021\/wp-json\/wp\/v2\/posts\/68102","targetHints":{"allow":["GET"]}}],"collection":[{"href":"https:\/\/www.noticiasradioreflejos.com.ar\/2021\/wp-json\/wp\/v2\/posts"}],"about":[{"href":"https:\/\/www.noticiasradioreflejos.com.ar\/2021\/wp-json\/wp\/v2\/types\/post"}],"author":[{"embeddable":true,"href":"https:\/\/www.noticiasradioreflejos.com.ar\/2021\/wp-json\/wp\/v2\/users\/3"}],"replies":[{"embeddable":true,"href":"https:\/\/www.noticiasradioreflejos.com.ar\/2021\/wp-json\/wp\/v2\/comments?post=68102"}],"version-history":[{"count":1,"href":"https:\/\/www.noticiasradioreflejos.com.ar\/2021\/wp-json\/wp\/v2\/posts\/68102\/revisions"}],"predecessor-version":[{"id":68104,"href":"https:\/\/www.noticiasradioreflejos.com.ar\/2021\/wp-json\/wp\/v2\/posts\/68102\/revisions\/68104"}],"wp:attachment":[{"href":"https:\/\/www.noticiasradioreflejos.com.ar\/2021\/wp-json\/wp\/v2\/media?parent=68102"}],"wp:term":[{"taxonomy":"category","embeddable":true,"href":"https:\/\/www.noticiasradioreflejos.com.ar\/2021\/wp-json\/wp\/v2\/categories?post=68102"},{"taxonomy":"post_tag","embeddable":true,"href":"https:\/\/www.noticiasradioreflejos.com.ar\/2021\/wp-json\/wp\/v2\/tags?post=68102"}],"curies":[{"name":"wp","href":"https:\/\/api.w.org\/{rel}","templated":true}]}}