{"id":68096,"date":"2022-02-10T00:07:40","date_gmt":"2022-02-10T00:07:40","guid":{"rendered":"http:\/\/www.noticiasradioreflejos.com.ar\/2021\/?p=68096"},"modified":"2022-02-10T00:07:40","modified_gmt":"2022-02-10T00:07:40","slug":"el-honorable-concejo-deliberante-mantuvo-una-reunion-con-el-director-forestal-de-la-provincia-de-buenos-aires","status":"publish","type":"post","link":"https:\/\/www.noticiasradioreflejos.com.ar\/2021\/el-honorable-concejo-deliberante-mantuvo-una-reunion-con-el-director-forestal-de-la-provincia-de-buenos-aires\/","title":{"rendered":"El Honorable Concejo Deliberante mantuvo una reuni\u00f3n con el Director Forestal de la Provincia de Buenos Aires"},"content":{"rendered":"<p>El Honorable Concejo Deliberante mantuvo una reuni\u00f3n con el Director Forestal de la Provincia de Buenos Aires, <strong>Ing. Agr. Emiliano Cucciufo<\/strong>. En la misma particip\u00f3 el Secretario de Gobierno y Seguridad, Ezequiel Gabella junto a la Ing. Agr\u00f3noma con incumbencia Forestal, Lucila Heit, quien se har\u00e1 cargo del \u00c1rea de Arbolado P\u00fablico del Municipio de Tornquist.<!--more--><\/p>\n<div>\n<div class=\"l9j0dhe7\">\n<div class=\"l9j0dhe7\">\n<div class=\"ni8dbmo4 stjgntxs pmk7jnqg\">\n<div class=\"n00je7tq arfg74bv qs9ysxi8 k77z8yql i09qtzwb n7fi1qx3 b5wmifdl hzruof5a pmk7jnqg j9ispegn kr520xx4 c5ndavph art1omkt ot9fgl3s\" data-visualcompletion=\"ignore\"><\/div>\n<\/div>\n<div class=\"ni8dbmo4 stjgntxs pmk7jnqg\">\n<div class=\"stjgntxs ni8dbmo4\">\n<div class=\"do00u71z ni8dbmo4 stjgntxs l9j0dhe7\">\n<div class=\"pmk7jnqg kr520xx4\"><img decoding=\"async\" class=\"i09qtzwb n7fi1qx3 datstx6m pmk7jnqg j9ispegn kr520xx4 k4urcfbm\" src=\"https:\/\/scontent.fcsz3-1.fna.fbcdn.net\/v\/t39.30808-6\/272963055_253273536987440_7401592194118469328_n.jpg?stp=dst-jpg_s600x600&amp;_nc_cat=102&amp;ccb=1-5&amp;_nc_sid=8bfeb9&amp;_nc_eui2=AeGd10pOq4mueGGwQFA1T1X_1vX-LQdWrBXW9f4tB1asFQiEMzXgua9idJz9Jg4G1x8&amp;_nc_ohc=FGdEc6mLl4oAX9P709m&amp;_nc_ht=scontent.fcsz3-1.fna&amp;oh=00_AT8aszNcFU-YV1sLIVSqA-V5ToVDJRZ-ENrEnzeFvmbV_Q&amp;oe=620911F6\" alt=\"\" \/><\/div>\n<\/div>\n<div class=\"kr520xx4 j9ispegn pmk7jnqg hzruof5a n7fi1qx3 rq0escxv i09qtzwb opwvks06 linmgsc8\"><\/div>\n<\/div>\n<div class=\"n00je7tq arfg74bv qs9ysxi8 k77z8yql i09qtzwb n7fi1qx3 b5wmifdl hzruof5a pmk7jnqg j9ispegn kr520xx4 c5ndavph art1omkt ot9fgl3s\" data-visualcompletion=\"ignore\"><\/div>\n<\/div>\n<div class=\"ni8dbmo4 stjgntxs pmk7jnqg\">\n<div class=\"stjgntxs ni8dbmo4\">\n<div class=\"do00u71z ni8dbmo4 stjgntxs l9j0dhe7\">\n<div class=\"pmk7jnqg kr520xx4\"><img decoding=\"async\" class=\"i09qtzwb n7fi1qx3 datstx6m pmk7jnqg j9ispegn kr520xx4 k4urcfbm\" src=\"https:\/\/scontent.fcsz3-1.fna.fbcdn.net\/v\/t39.30808-6\/s600x600\/273011622_253273580320769_5125746542678794063_n.jpg?_nc_cat=106&amp;ccb=1-5&amp;_nc_sid=8bfeb9&amp;_nc_eui2=AeFWLf0NHulMHfeY3D4tYnpSxJTdi4AvHJnElN2LgC8cmbr_MJwbgX40LSWB5XUkI-w&amp;_nc_ohc=dtzcm_Ea46gAX8A-3wC&amp;_nc_ht=scontent.fcsz3-1.fna&amp;oh=00_AT_GyVlUOkrkxs833_-f2etUAhrURsjdGp6fNJKm-HuWYQ&amp;oe=620A3D24\" alt=\"\" \/><\/div>\n<\/div>\n<div class=\"kr520xx4 j9ispegn pmk7jnqg hzruof5a n7fi1qx3 rq0escxv i09qtzwb opwvks06 linmgsc8\"><\/div>\n<\/div>\n<\/div>\n<\/div>\n<\/div>\n<\/div>\n<p><!--more--><\/p>\n","protected":false},"excerpt":{"rendered":"<p>El Honorable Concejo Deliberante mantuvo una reuni\u00f3n con el Director Forestal de la Provincia de Buenos Aires, Ing. Agr. Emiliano Cucciufo. En la misma particip\u00f3 el Secretario de Gobierno y Seguridad, Ezequiel Gabella junto a la Ing. Agr\u00f3noma con incumbencia Forestal, Lucila Heit, quien se har\u00e1 cargo del \u00c1rea de Arbolado P\u00fablico del Municipio de [&hellip;]<\/p>\n","protected":false},"author":3,"featured_media":0,"comment_status":"closed","ping_status":"closed","sticky":false,"template":"","format":"standard","meta":{"footnotes":""},"categories":[28],"tags":[],"class_list":["post-68096","post","type-post","status-publish","format-standard","hentry","category-municipales"],"yoast_head":"<!-- This site is optimized with the Yoast SEO plugin v25.9 - https:\/\/yoast.com\/wordpress\/plugins\/seo\/ -->\n<title>El Honorable Concejo Deliberante mantuvo una reuni\u00f3n con el Director Forestal de la Provincia de Buenos Aires - Noticias Radio Reflejos<\/title>\n<meta name=\"robots\" content=\"index, follow, max-snippet:-1, max-image-preview:large, max-video-preview:-1\" \/>\n<link rel=\"canonical\" href=\"https:\/\/www.noticiasradioreflejos.com.ar\/2021\/el-honorable-concejo-deliberante-mantuvo-una-reunion-con-el-director-forestal-de-la-provincia-de-buenos-aires\/\" \/>\n<meta property=\"og:locale\" content=\"es_ES\" \/>\n<meta property=\"og:type\" content=\"article\" \/>\n<meta property=\"og:title\" content=\"El Honorable Concejo Deliberante mantuvo una reuni\u00f3n con el Director Forestal de la Provincia de Buenos Aires - Noticias Radio Reflejos\" \/>\n<meta property=\"og:description\" content=\"El Honorable Concejo Deliberante mantuvo una reuni\u00f3n con el Director Forestal de la Provincia de Buenos Aires, Ing. Agr. Emiliano Cucciufo. En la misma particip\u00f3 el Secretario de Gobierno y Seguridad, Ezequiel Gabella junto a la Ing. Agr\u00f3noma con incumbencia Forestal, Lucila Heit, quien se har\u00e1 cargo del \u00c1rea de Arbolado P\u00fablico del Municipio de [&hellip;]\" \/>\n<meta property=\"og:url\" content=\"https:\/\/www.noticiasradioreflejos.com.ar\/2021\/el-honorable-concejo-deliberante-mantuvo-una-reunion-con-el-director-forestal-de-la-provincia-de-buenos-aires\/\" \/>\n<meta property=\"og:site_name\" content=\"Noticias Radio Reflejos\" \/>\n<meta property=\"article:published_time\" content=\"2022-02-10T00:07:40+00:00\" \/>\n<meta property=\"og:image\" content=\"https:\/\/scontent.fcsz3-1.fna.fbcdn.net\/v\/t39.30808-6\/272963055_253273536987440_7401592194118469328_n.jpg?stp=dst-jpg_s600x600&amp;_nc_cat=102&amp;ccb=1-5&amp;_nc_sid=8bfeb9&amp;_nc_eui2=AeGd10pOq4mueGGwQFA1T1X_1vX-LQdWrBXW9f4tB1asFQiEMzXgua9idJz9Jg4G1x8&amp;_nc_ohc=FGdEc6mLl4oAX9P709m&amp;_nc_ht=scontent.fcsz3-1.fna&amp;oh=00_AT8aszNcFU-YV1sLIVSqA-V5ToVDJRZ-ENrEnzeFvmbV_Q&amp;oe=620911F6\" \/>\n<meta name=\"author\" content=\"Arnaldo Botto\" \/>\n<meta name=\"twitter:card\" content=\"summary_large_image\" \/>\n<script type=\"application\/ld+json\" class=\"yoast-schema-graph\">{\"@context\":\"https:\/\/schema.org\",\"@graph\":[{\"@type\":\"WebPage\",\"@id\":\"https:\/\/www.noticiasradioreflejos.com.ar\/2021\/el-honorable-concejo-deliberante-mantuvo-una-reunion-con-el-director-forestal-de-la-provincia-de-buenos-aires\/\",\"url\":\"https:\/\/www.noticiasradioreflejos.com.ar\/2021\/el-honorable-concejo-deliberante-mantuvo-una-reunion-con-el-director-forestal-de-la-provincia-de-buenos-aires\/\",\"name\":\"El Honorable Concejo Deliberante mantuvo una reuni\u00f3n con el Director Forestal de la Provincia de Buenos Aires - Noticias Radio Reflejos\",\"isPartOf\":{\"@id\":\"https:\/\/www.noticiasradioreflejos.com.ar\/2021\/#website\"},\"primaryImageOfPage\":{\"@id\":\"https:\/\/www.noticiasradioreflejos.com.ar\/2021\/el-honorable-concejo-deliberante-mantuvo-una-reunion-con-el-director-forestal-de-la-provincia-de-buenos-aires\/#primaryimage\"},\"image\":{\"@id\":\"https:\/\/www.noticiasradioreflejos.com.ar\/2021\/el-honorable-concejo-deliberante-mantuvo-una-reunion-con-el-director-forestal-de-la-provincia-de-buenos-aires\/#primaryimage\"},\"thumbnailUrl\":\"https:\/\/scontent.fcsz3-1.fna.fbcdn.net\/v\/t39.30808-6\/272963055_253273536987440_7401592194118469328_n.jpg?stp=dst-jpg_s600x600&amp;_nc_cat=102&amp;ccb=1-5&amp;_nc_sid=8bfeb9&amp;_nc_eui2=AeGd10pOq4mueGGwQFA1T1X_1vX-LQdWrBXW9f4tB1asFQiEMzXgua9idJz9Jg4G1x8&amp;_nc_ohc=FGdEc6mLl4oAX9P709m&amp;_nc_ht=scontent.fcsz3-1.fna&amp;oh=00_AT8aszNcFU-YV1sLIVSqA-V5ToVDJRZ-ENrEnzeFvmbV_Q&amp;oe=620911F6\",\"datePublished\":\"2022-02-10T00:07:40+00:00\",\"author\":{\"@id\":\"https:\/\/www.noticiasradioreflejos.com.ar\/2021\/#\/schema\/person\/ad82545263dcc5ec0996818884fd5fb1\"},\"breadcrumb\":{\"@id\":\"https:\/\/www.noticiasradioreflejos.com.ar\/2021\/el-honorable-concejo-deliberante-mantuvo-una-reunion-con-el-director-forestal-de-la-provincia-de-buenos-aires\/#breadcrumb\"},\"inLanguage\":\"es\",\"potentialAction\":[{\"@type\":\"ReadAction\",\"target\":[\"https:\/\/www.noticiasradioreflejos.com.ar\/2021\/el-honorable-concejo-deliberante-mantuvo-una-reunion-con-el-director-forestal-de-la-provincia-de-buenos-aires\/\"]}]},{\"@type\":\"ImageObject\",\"inLanguage\":\"es\",\"@id\":\"https:\/\/www.noticiasradioreflejos.com.ar\/2021\/el-honorable-concejo-deliberante-mantuvo-una-reunion-con-el-director-forestal-de-la-provincia-de-buenos-aires\/#primaryimage\",\"url\":\"https:\/\/scontent.fcsz3-1.fna.fbcdn.net\/v\/t39.30808-6\/272963055_253273536987440_7401592194118469328_n.jpg?stp=dst-jpg_s600x600&amp;_nc_cat=102&amp;ccb=1-5&amp;_nc_sid=8bfeb9&amp;_nc_eui2=AeGd10pOq4mueGGwQFA1T1X_1vX-LQdWrBXW9f4tB1asFQiEMzXgua9idJz9Jg4G1x8&amp;_nc_ohc=FGdEc6mLl4oAX9P709m&amp;_nc_ht=scontent.fcsz3-1.fna&amp;oh=00_AT8aszNcFU-YV1sLIVSqA-V5ToVDJRZ-ENrEnzeFvmbV_Q&amp;oe=620911F6\",\"contentUrl\":\"https:\/\/scontent.fcsz3-1.fna.fbcdn.net\/v\/t39.30808-6\/272963055_253273536987440_7401592194118469328_n.jpg?stp=dst-jpg_s600x600&amp;_nc_cat=102&amp;ccb=1-5&amp;_nc_sid=8bfeb9&amp;_nc_eui2=AeGd10pOq4mueGGwQFA1T1X_1vX-LQdWrBXW9f4tB1asFQiEMzXgua9idJz9Jg4G1x8&amp;_nc_ohc=FGdEc6mLl4oAX9P709m&amp;_nc_ht=scontent.fcsz3-1.fna&amp;oh=00_AT8aszNcFU-YV1sLIVSqA-V5ToVDJRZ-ENrEnzeFvmbV_Q&amp;oe=620911F6\"},{\"@type\":\"BreadcrumbList\",\"@id\":\"https:\/\/www.noticiasradioreflejos.com.ar\/2021\/el-honorable-concejo-deliberante-mantuvo-una-reunion-con-el-director-forestal-de-la-provincia-de-buenos-aires\/#breadcrumb\",\"itemListElement\":[{\"@type\":\"ListItem\",\"position\":1,\"name\":\"Portada\",\"item\":\"https:\/\/www.noticiasradioreflejos.com.ar\/2021\/\"},{\"@type\":\"ListItem\",\"position\":2,\"name\":\"El Honorable Concejo Deliberante mantuvo una reuni\u00f3n con el Director Forestal de la Provincia de Buenos Aires\"}]},{\"@type\":\"WebSite\",\"@id\":\"https:\/\/www.noticiasradioreflejos.com.ar\/2021\/#website\",\"url\":\"https:\/\/www.noticiasradioreflejos.com.ar\/2021\/\",\"name\":\"Noticias Radio Reflejos\",\"description\":\"Las noticias de mi comarca\",\"potentialAction\":[{\"@type\":\"SearchAction\",\"target\":{\"@type\":\"EntryPoint\",\"urlTemplate\":\"https:\/\/www.noticiasradioreflejos.com.ar\/2021\/?s={search_term_string}\"},\"query-input\":{\"@type\":\"PropertyValueSpecification\",\"valueRequired\":true,\"valueName\":\"search_term_string\"}}],\"inLanguage\":\"es\"},{\"@type\":\"Person\",\"@id\":\"https:\/\/www.noticiasradioreflejos.com.ar\/2021\/#\/schema\/person\/ad82545263dcc5ec0996818884fd5fb1\",\"name\":\"Arnaldo Botto\",\"image\":{\"@type\":\"ImageObject\",\"inLanguage\":\"es\",\"@id\":\"https:\/\/www.noticiasradioreflejos.com.ar\/2021\/#\/schema\/person\/image\/\",\"url\":\"https:\/\/secure.gravatar.com\/avatar\/55cb5e37c1efa326397366e6974cb338056df65cb50e7d64d1cf314e87504837?s=96&d=mm&r=g\",\"contentUrl\":\"https:\/\/secure.gravatar.com\/avatar\/55cb5e37c1efa326397366e6974cb338056df65cb50e7d64d1cf314e87504837?s=96&d=mm&r=g\",\"caption\":\"Arnaldo Botto\"},\"url\":\"https:\/\/www.noticiasradioreflejos.com.ar\/2021\/author\/arnaldo\/\"}]}<\/script>\n<!-- \/ Yoast SEO plugin. -->","yoast_head_json":{"title":"El Honorable Concejo Deliberante mantuvo una reuni\u00f3n con el Director Forestal de la Provincia de Buenos Aires - Noticias Radio Reflejos","robots":{"index":"index","follow":"follow","max-snippet":"max-snippet:-1","max-image-preview":"max-image-preview:large","max-video-preview":"max-video-preview:-1"},"canonical":"https:\/\/www.noticiasradioreflejos.com.ar\/2021\/el-honorable-concejo-deliberante-mantuvo-una-reunion-con-el-director-forestal-de-la-provincia-de-buenos-aires\/","og_locale":"es_ES","og_type":"article","og_title":"El Honorable Concejo Deliberante mantuvo una reuni\u00f3n con el Director Forestal de la Provincia de Buenos Aires - Noticias Radio Reflejos","og_description":"El Honorable Concejo Deliberante mantuvo una reuni\u00f3n con el Director Forestal de la Provincia de Buenos Aires, Ing. Agr. Emiliano Cucciufo. En la misma particip\u00f3 el Secretario de Gobierno y Seguridad, Ezequiel Gabella junto a la Ing. Agr\u00f3noma con incumbencia Forestal, Lucila Heit, quien se har\u00e1 cargo del \u00c1rea de Arbolado P\u00fablico del Municipio de [&hellip;]","og_url":"https:\/\/www.noticiasradioreflejos.com.ar\/2021\/el-honorable-concejo-deliberante-mantuvo-una-reunion-con-el-director-forestal-de-la-provincia-de-buenos-aires\/","og_site_name":"Noticias Radio Reflejos","article_published_time":"2022-02-10T00:07:40+00:00","og_image":[{"url":"https:\/\/scontent.fcsz3-1.fna.fbcdn.net\/v\/t39.30808-6\/272963055_253273536987440_7401592194118469328_n.jpg?stp=dst-jpg_s600x600&amp;_nc_cat=102&amp;ccb=1-5&amp;_nc_sid=8bfeb9&amp;_nc_eui2=AeGd10pOq4mueGGwQFA1T1X_1vX-LQdWrBXW9f4tB1asFQiEMzXgua9idJz9Jg4G1x8&amp;_nc_ohc=FGdEc6mLl4oAX9P709m&amp;_nc_ht=scontent.fcsz3-1.fna&amp;oh=00_AT8aszNcFU-YV1sLIVSqA-V5ToVDJRZ-ENrEnzeFvmbV_Q&amp;oe=620911F6","type":"","width":"","height":""}],"author":"Arnaldo Botto","twitter_card":"summary_large_image","schema":{"@context":"https:\/\/schema.org","@graph":[{"@type":"WebPage","@id":"https:\/\/www.noticiasradioreflejos.com.ar\/2021\/el-honorable-concejo-deliberante-mantuvo-una-reunion-con-el-director-forestal-de-la-provincia-de-buenos-aires\/","url":"https:\/\/www.noticiasradioreflejos.com.ar\/2021\/el-honorable-concejo-deliberante-mantuvo-una-reunion-con-el-director-forestal-de-la-provincia-de-buenos-aires\/","name":"El Honorable Concejo Deliberante mantuvo una reuni\u00f3n con el Director Forestal de la Provincia de Buenos Aires - Noticias Radio Reflejos","isPartOf":{"@id":"https:\/\/www.noticiasradioreflejos.com.ar\/2021\/#website"},"primaryImageOfPage":{"@id":"https:\/\/www.noticiasradioreflejos.com.ar\/2021\/el-honorable-concejo-deliberante-mantuvo-una-reunion-con-el-director-forestal-de-la-provincia-de-buenos-aires\/#primaryimage"},"image":{"@id":"https:\/\/www.noticiasradioreflejos.com.ar\/2021\/el-honorable-concejo-deliberante-mantuvo-una-reunion-con-el-director-forestal-de-la-provincia-de-buenos-aires\/#primaryimage"},"thumbnailUrl":"https:\/\/scontent.fcsz3-1.fna.fbcdn.net\/v\/t39.30808-6\/272963055_253273536987440_7401592194118469328_n.jpg?stp=dst-jpg_s600x600&amp;_nc_cat=102&amp;ccb=1-5&amp;_nc_sid=8bfeb9&amp;_nc_eui2=AeGd10pOq4mueGGwQFA1T1X_1vX-LQdWrBXW9f4tB1asFQiEMzXgua9idJz9Jg4G1x8&amp;_nc_ohc=FGdEc6mLl4oAX9P709m&amp;_nc_ht=scontent.fcsz3-1.fna&amp;oh=00_AT8aszNcFU-YV1sLIVSqA-V5ToVDJRZ-ENrEnzeFvmbV_Q&amp;oe=620911F6","datePublished":"2022-02-10T00:07:40+00:00","author":{"@id":"https:\/\/www.noticiasradioreflejos.com.ar\/2021\/#\/schema\/person\/ad82545263dcc5ec0996818884fd5fb1"},"breadcrumb":{"@id":"https:\/\/www.noticiasradioreflejos.com.ar\/2021\/el-honorable-concejo-deliberante-mantuvo-una-reunion-con-el-director-forestal-de-la-provincia-de-buenos-aires\/#breadcrumb"},"inLanguage":"es","potentialAction":[{"@type":"ReadAction","target":["https:\/\/www.noticiasradioreflejos.com.ar\/2021\/el-honorable-concejo-deliberante-mantuvo-una-reunion-con-el-director-forestal-de-la-provincia-de-buenos-aires\/"]}]},{"@type":"ImageObject","inLanguage":"es","@id":"https:\/\/www.noticiasradioreflejos.com.ar\/2021\/el-honorable-concejo-deliberante-mantuvo-una-reunion-con-el-director-forestal-de-la-provincia-de-buenos-aires\/#primaryimage","url":"https:\/\/scontent.fcsz3-1.fna.fbcdn.net\/v\/t39.30808-6\/272963055_253273536987440_7401592194118469328_n.jpg?stp=dst-jpg_s600x600&amp;_nc_cat=102&amp;ccb=1-5&amp;_nc_sid=8bfeb9&amp;_nc_eui2=AeGd10pOq4mueGGwQFA1T1X_1vX-LQdWrBXW9f4tB1asFQiEMzXgua9idJz9Jg4G1x8&amp;_nc_ohc=FGdEc6mLl4oAX9P709m&amp;_nc_ht=scontent.fcsz3-1.fna&amp;oh=00_AT8aszNcFU-YV1sLIVSqA-V5ToVDJRZ-ENrEnzeFvmbV_Q&amp;oe=620911F6","contentUrl":"https:\/\/scontent.fcsz3-1.fna.fbcdn.net\/v\/t39.30808-6\/272963055_253273536987440_7401592194118469328_n.jpg?stp=dst-jpg_s600x600&amp;_nc_cat=102&amp;ccb=1-5&amp;_nc_sid=8bfeb9&amp;_nc_eui2=AeGd10pOq4mueGGwQFA1T1X_1vX-LQdWrBXW9f4tB1asFQiEMzXgua9idJz9Jg4G1x8&amp;_nc_ohc=FGdEc6mLl4oAX9P709m&amp;_nc_ht=scontent.fcsz3-1.fna&amp;oh=00_AT8aszNcFU-YV1sLIVSqA-V5ToVDJRZ-ENrEnzeFvmbV_Q&amp;oe=620911F6"},{"@type":"BreadcrumbList","@id":"https:\/\/www.noticiasradioreflejos.com.ar\/2021\/el-honorable-concejo-deliberante-mantuvo-una-reunion-con-el-director-forestal-de-la-provincia-de-buenos-aires\/#breadcrumb","itemListElement":[{"@type":"ListItem","position":1,"name":"Portada","item":"https:\/\/www.noticiasradioreflejos.com.ar\/2021\/"},{"@type":"ListItem","position":2,"name":"El Honorable Concejo Deliberante mantuvo una reuni\u00f3n con el Director Forestal de la Provincia de Buenos Aires"}]},{"@type":"WebSite","@id":"https:\/\/www.noticiasradioreflejos.com.ar\/2021\/#website","url":"https:\/\/www.noticiasradioreflejos.com.ar\/2021\/","name":"Noticias Radio Reflejos","description":"Las noticias de mi comarca","potentialAction":[{"@type":"SearchAction","target":{"@type":"EntryPoint","urlTemplate":"https:\/\/www.noticiasradioreflejos.com.ar\/2021\/?s={search_term_string}"},"query-input":{"@type":"PropertyValueSpecification","valueRequired":true,"valueName":"search_term_string"}}],"inLanguage":"es"},{"@type":"Person","@id":"https:\/\/www.noticiasradioreflejos.com.ar\/2021\/#\/schema\/person\/ad82545263dcc5ec0996818884fd5fb1","name":"Arnaldo Botto","image":{"@type":"ImageObject","inLanguage":"es","@id":"https:\/\/www.noticiasradioreflejos.com.ar\/2021\/#\/schema\/person\/image\/","url":"https:\/\/secure.gravatar.com\/avatar\/55cb5e37c1efa326397366e6974cb338056df65cb50e7d64d1cf314e87504837?s=96&d=mm&r=g","contentUrl":"https:\/\/secure.gravatar.com\/avatar\/55cb5e37c1efa326397366e6974cb338056df65cb50e7d64d1cf314e87504837?s=96&d=mm&r=g","caption":"Arnaldo Botto"},"url":"https:\/\/www.noticiasradioreflejos.com.ar\/2021\/author\/arnaldo\/"}]}},"_links":{"self":[{"href":"https:\/\/www.noticiasradioreflejos.com.ar\/2021\/wp-json\/wp\/v2\/posts\/68096","targetHints":{"allow":["GET"]}}],"collection":[{"href":"https:\/\/www.noticiasradioreflejos.com.ar\/2021\/wp-json\/wp\/v2\/posts"}],"about":[{"href":"https:\/\/www.noticiasradioreflejos.com.ar\/2021\/wp-json\/wp\/v2\/types\/post"}],"author":[{"embeddable":true,"href":"https:\/\/www.noticiasradioreflejos.com.ar\/2021\/wp-json\/wp\/v2\/users\/3"}],"replies":[{"embeddable":true,"href":"https:\/\/www.noticiasradioreflejos.com.ar\/2021\/wp-json\/wp\/v2\/comments?post=68096"}],"version-history":[{"count":1,"href":"https:\/\/www.noticiasradioreflejos.com.ar\/2021\/wp-json\/wp\/v2\/posts\/68096\/revisions"}],"predecessor-version":[{"id":68098,"href":"https:\/\/www.noticiasradioreflejos.com.ar\/2021\/wp-json\/wp\/v2\/posts\/68096\/revisions\/68098"}],"wp:attachment":[{"href":"https:\/\/www.noticiasradioreflejos.com.ar\/2021\/wp-json\/wp\/v2\/media?parent=68096"}],"wp:term":[{"taxonomy":"category","embeddable":true,"href":"https:\/\/www.noticiasradioreflejos.com.ar\/2021\/wp-json\/wp\/v2\/categories?post=68096"},{"taxonomy":"post_tag","embeddable":true,"href":"https:\/\/www.noticiasradioreflejos.com.ar\/2021\/wp-json\/wp\/v2\/tags?post=68096"}],"curies":[{"name":"wp","href":"https:\/\/api.w.org\/{rel}","templated":true}]}}