{"id":68093,"date":"2022-02-10T00:01:29","date_gmt":"2022-02-10T00:01:29","guid":{"rendered":"http:\/\/www.noticiasradioreflejos.com.ar\/2021\/?p=68093"},"modified":"2022-02-10T00:01:29","modified_gmt":"2022-02-10T00:01:29","slug":"arbolado-publico-visito-el-distrito-un-funcionario-provincial-y-fue-presentada-la-nueva-profesional-a-cargo-del-area-en-tornquist","status":"publish","type":"post","link":"https:\/\/www.noticiasradioreflejos.com.ar\/2021\/arbolado-publico-visito-el-distrito-un-funcionario-provincial-y-fue-presentada-la-nueva-profesional-a-cargo-del-area-en-tornquist\/","title":{"rendered":"Arbolado p\u00fablico: Visit\u00f3 el distrito un funcionario provincial y fue presentada la nueva profesional a cargo del \u00e1rea en Tornquist"},"content":{"rendered":"<p>Este mi\u00e9rcoles por la tarde, visit\u00f3 Tornquist el Director Forestal del Ministerio de Desarrollo Agrario de la Provincia de Buenos Aires, Ing. Agr. Emiliano Cucciufo, con el fin de recorrer espacios p\u00fablicos de la ciudad cabecera y evaluar acciones de intervenci\u00f3n del arbolado.<!--more--><\/p>\n<p><a title=\"Visita Cucciufo (4)\" href=\"https:\/\/www.flickr.com\/photos\/182279889@N02\/51872498426\/in\/dateposted-public\/\" data-flickr-embed=\"true\"><img loading=\"lazy\" decoding=\"async\" src=\"https:\/\/live.staticflickr.com\/65535\/51872498426_cce21c8d20_z.jpg\" alt=\"Visita Cucciufo (4)\" width=\"640\" height=\"427\" \/><\/a><script async src=\"\/\/embedr.flickr.com\/assets\/client-code.js\" charset=\"utf-8\"><\/script><\/p>\n<p>El funcionario fue recibido por el intendente Sergio Bordoni, el Secretario de Gobierno y Seguridad, Ezequiel Gabella; el Secretario de Hacienda interino, Lic. Bruno Zacconi; el Secretario de Producci\u00f3n, Victor Ant\u00f3n; el Secretario de Desarrollo, Dr. Gonzalo Iparraguirre; la Directora de Medio Ambiente, Lic. Melisa Herrada; y los concejales Viviana Montibeller y Claudio Iribarren.<\/p>\n<p><a title=\"Visita Cucciufo (3)\" href=\"https:\/\/www.flickr.com\/photos\/182279889@N02\/51873142980\/in\/dateposted-public\/\" data-flickr-embed=\"true\"><img loading=\"lazy\" decoding=\"async\" src=\"https:\/\/live.staticflickr.com\/65535\/51873142980_6d20923e05_z.jpg\" alt=\"Visita Cucciufo (3)\" width=\"640\" height=\"480\" \/><\/a><script async src=\"\/\/embedr.flickr.com\/assets\/client-code.js\" charset=\"utf-8\"><\/script><\/p>\n<p>Durante la jornada, las autoridades mantuvieron una reuni\u00f3n en el despacho del jefe comunal y luego recorrieron el Parque Lineal, el predio del Club Papelero y las avenidas que rodean a la Plaza \u2018Ernesto Tornquist\u2019, que se encuentran seriamente deterioradas por el avance de las ra\u00edces de los pinos tosqueros de los bulevares.<\/p>\n<p>Al respecto, entre sus conceptos, Cucciufo resalt\u00f3 la importancia de que el municipio haya comenzado a llevar adelante acciones \u201cpara tener un arbolado seguro y sano\u201d, con la creaci\u00f3n de un \u00e1rea espec\u00edfica en la comuna.<\/p>\n<p>En ese sentido, fue presentada la Ingeniera Agr\u00f3noma con incumbencia forestal Lucila Heit, quien ser\u00e1 la profesional a cargo y quien trabajar\u00e1 para impulsar un plan regulador del arbolado p\u00fablico y un plan de manejo del riesgo.<\/p>\n<p><a title=\"Visita Cucciufo (10)\" href=\"https:\/\/www.flickr.com\/photos\/182279889@N02\/51872818394\/in\/dateposted-public\/\" data-flickr-embed=\"true\"><img loading=\"lazy\" decoding=\"async\" src=\"https:\/\/live.staticflickr.com\/65535\/51872818394_da04078155_z.jpg\" alt=\"Visita Cucciufo (10)\" width=\"640\" height=\"427\" \/><\/a><script async src=\"\/\/embedr.flickr.com\/assets\/client-code.js\" charset=\"utf-8\"><\/script><\/p>\n<p><a title=\"Visita Cucciufo (12)\" href=\"https:\/\/www.flickr.com\/photos\/182279889@N02\/51872498466\/in\/dateposted-public\/\" data-flickr-embed=\"true\"><img loading=\"lazy\" decoding=\"async\" src=\"https:\/\/live.staticflickr.com\/65535\/51872498466_25cff979a2_z.jpg\" alt=\"Visita Cucciufo (12)\" width=\"640\" height=\"427\" \/><\/a><script async src=\"\/\/embedr.flickr.com\/assets\/client-code.js\" charset=\"utf-8\"><\/script><\/p>\n<p><a title=\"Visita Cucciufo (1)\" href=\"https:\/\/www.flickr.com\/photos\/182279889@N02\/51872818409\/in\/dateposted-public\/\" data-flickr-embed=\"true\"><img loading=\"lazy\" decoding=\"async\" src=\"https:\/\/live.staticflickr.com\/65535\/51872818409_8a9ca3ec0e_z.jpg\" alt=\"Visita Cucciufo (1)\" width=\"640\" height=\"480\" \/><\/a><script async src=\"\/\/embedr.flickr.com\/assets\/client-code.js\" charset=\"utf-8\"><\/script><\/p>\n","protected":false},"excerpt":{"rendered":"<p>Este mi\u00e9rcoles por la tarde, visit\u00f3 Tornquist el Director Forestal del Ministerio de Desarrollo Agrario de la Provincia de Buenos Aires, Ing. Agr. Emiliano Cucciufo, con el fin de recorrer espacios p\u00fablicos de la ciudad cabecera y evaluar acciones de intervenci\u00f3n del arbolado.<\/p>\n","protected":false},"author":3,"featured_media":0,"comment_status":"closed","ping_status":"closed","sticky":false,"template":"","format":"standard","meta":{"footnotes":""},"categories":[28],"tags":[],"class_list":["post-68093","post","type-post","status-publish","format-standard","hentry","category-municipales"],"yoast_head":"<!-- This site is optimized with the Yoast SEO plugin v25.9 - https:\/\/yoast.com\/wordpress\/plugins\/seo\/ -->\n<title>Arbolado p\u00fablico: Visit\u00f3 el distrito un funcionario provincial y fue presentada la nueva profesional a cargo del \u00e1rea en Tornquist - Noticias Radio Reflejos<\/title>\n<meta name=\"robots\" content=\"index, follow, max-snippet:-1, max-image-preview:large, max-video-preview:-1\" \/>\n<link rel=\"canonical\" href=\"https:\/\/www.noticiasradioreflejos.com.ar\/2021\/arbolado-publico-visito-el-distrito-un-funcionario-provincial-y-fue-presentada-la-nueva-profesional-a-cargo-del-area-en-tornquist\/\" \/>\n<meta property=\"og:locale\" content=\"es_ES\" \/>\n<meta property=\"og:type\" content=\"article\" \/>\n<meta property=\"og:title\" content=\"Arbolado p\u00fablico: Visit\u00f3 el distrito un funcionario provincial y fue presentada la nueva profesional a cargo del \u00e1rea en Tornquist - Noticias Radio Reflejos\" \/>\n<meta property=\"og:description\" content=\"Este mi\u00e9rcoles por la tarde, visit\u00f3 Tornquist el Director Forestal del Ministerio de Desarrollo Agrario de la Provincia de Buenos Aires, Ing. Agr. Emiliano Cucciufo, con el fin de recorrer espacios p\u00fablicos de la ciudad cabecera y evaluar acciones de intervenci\u00f3n del arbolado.\" \/>\n<meta property=\"og:url\" content=\"https:\/\/www.noticiasradioreflejos.com.ar\/2021\/arbolado-publico-visito-el-distrito-un-funcionario-provincial-y-fue-presentada-la-nueva-profesional-a-cargo-del-area-en-tornquist\/\" \/>\n<meta property=\"og:site_name\" content=\"Noticias Radio Reflejos\" \/>\n<meta property=\"article:published_time\" content=\"2022-02-10T00:01:29+00:00\" \/>\n<meta property=\"og:image\" content=\"https:\/\/live.staticflickr.com\/65535\/51872498426_cce21c8d20_z.jpg\" \/>\n<meta name=\"author\" content=\"Arnaldo Botto\" \/>\n<meta name=\"twitter:card\" content=\"summary_large_image\" \/>\n<script type=\"application\/ld+json\" class=\"yoast-schema-graph\">{\"@context\":\"https:\/\/schema.org\",\"@graph\":[{\"@type\":\"WebPage\",\"@id\":\"https:\/\/www.noticiasradioreflejos.com.ar\/2021\/arbolado-publico-visito-el-distrito-un-funcionario-provincial-y-fue-presentada-la-nueva-profesional-a-cargo-del-area-en-tornquist\/\",\"url\":\"https:\/\/www.noticiasradioreflejos.com.ar\/2021\/arbolado-publico-visito-el-distrito-un-funcionario-provincial-y-fue-presentada-la-nueva-profesional-a-cargo-del-area-en-tornquist\/\",\"name\":\"Arbolado p\u00fablico: Visit\u00f3 el distrito un funcionario provincial y fue presentada la nueva profesional a cargo del \u00e1rea en Tornquist - Noticias Radio Reflejos\",\"isPartOf\":{\"@id\":\"https:\/\/www.noticiasradioreflejos.com.ar\/2021\/#website\"},\"primaryImageOfPage\":{\"@id\":\"https:\/\/www.noticiasradioreflejos.com.ar\/2021\/arbolado-publico-visito-el-distrito-un-funcionario-provincial-y-fue-presentada-la-nueva-profesional-a-cargo-del-area-en-tornquist\/#primaryimage\"},\"image\":{\"@id\":\"https:\/\/www.noticiasradioreflejos.com.ar\/2021\/arbolado-publico-visito-el-distrito-un-funcionario-provincial-y-fue-presentada-la-nueva-profesional-a-cargo-del-area-en-tornquist\/#primaryimage\"},\"thumbnailUrl\":\"https:\/\/live.staticflickr.com\/65535\/51872498426_cce21c8d20_z.jpg\",\"datePublished\":\"2022-02-10T00:01:29+00:00\",\"author\":{\"@id\":\"https:\/\/www.noticiasradioreflejos.com.ar\/2021\/#\/schema\/person\/ad82545263dcc5ec0996818884fd5fb1\"},\"breadcrumb\":{\"@id\":\"https:\/\/www.noticiasradioreflejos.com.ar\/2021\/arbolado-publico-visito-el-distrito-un-funcionario-provincial-y-fue-presentada-la-nueva-profesional-a-cargo-del-area-en-tornquist\/#breadcrumb\"},\"inLanguage\":\"es\",\"potentialAction\":[{\"@type\":\"ReadAction\",\"target\":[\"https:\/\/www.noticiasradioreflejos.com.ar\/2021\/arbolado-publico-visito-el-distrito-un-funcionario-provincial-y-fue-presentada-la-nueva-profesional-a-cargo-del-area-en-tornquist\/\"]}]},{\"@type\":\"ImageObject\",\"inLanguage\":\"es\",\"@id\":\"https:\/\/www.noticiasradioreflejos.com.ar\/2021\/arbolado-publico-visito-el-distrito-un-funcionario-provincial-y-fue-presentada-la-nueva-profesional-a-cargo-del-area-en-tornquist\/#primaryimage\",\"url\":\"https:\/\/live.staticflickr.com\/65535\/51872498426_cce21c8d20_z.jpg\",\"contentUrl\":\"https:\/\/live.staticflickr.com\/65535\/51872498426_cce21c8d20_z.jpg\"},{\"@type\":\"BreadcrumbList\",\"@id\":\"https:\/\/www.noticiasradioreflejos.com.ar\/2021\/arbolado-publico-visito-el-distrito-un-funcionario-provincial-y-fue-presentada-la-nueva-profesional-a-cargo-del-area-en-tornquist\/#breadcrumb\",\"itemListElement\":[{\"@type\":\"ListItem\",\"position\":1,\"name\":\"Portada\",\"item\":\"https:\/\/www.noticiasradioreflejos.com.ar\/2021\/\"},{\"@type\":\"ListItem\",\"position\":2,\"name\":\"Arbolado p\u00fablico: Visit\u00f3 el distrito un funcionario provincial y fue presentada la nueva profesional a cargo del \u00e1rea en Tornquist\"}]},{\"@type\":\"WebSite\",\"@id\":\"https:\/\/www.noticiasradioreflejos.com.ar\/2021\/#website\",\"url\":\"https:\/\/www.noticiasradioreflejos.com.ar\/2021\/\",\"name\":\"Noticias Radio Reflejos\",\"description\":\"Las noticias de mi comarca\",\"potentialAction\":[{\"@type\":\"SearchAction\",\"target\":{\"@type\":\"EntryPoint\",\"urlTemplate\":\"https:\/\/www.noticiasradioreflejos.com.ar\/2021\/?s={search_term_string}\"},\"query-input\":{\"@type\":\"PropertyValueSpecification\",\"valueRequired\":true,\"valueName\":\"search_term_string\"}}],\"inLanguage\":\"es\"},{\"@type\":\"Person\",\"@id\":\"https:\/\/www.noticiasradioreflejos.com.ar\/2021\/#\/schema\/person\/ad82545263dcc5ec0996818884fd5fb1\",\"name\":\"Arnaldo Botto\",\"image\":{\"@type\":\"ImageObject\",\"inLanguage\":\"es\",\"@id\":\"https:\/\/www.noticiasradioreflejos.com.ar\/2021\/#\/schema\/person\/image\/\",\"url\":\"https:\/\/secure.gravatar.com\/avatar\/55cb5e37c1efa326397366e6974cb338056df65cb50e7d64d1cf314e87504837?s=96&d=mm&r=g\",\"contentUrl\":\"https:\/\/secure.gravatar.com\/avatar\/55cb5e37c1efa326397366e6974cb338056df65cb50e7d64d1cf314e87504837?s=96&d=mm&r=g\",\"caption\":\"Arnaldo Botto\"},\"url\":\"https:\/\/www.noticiasradioreflejos.com.ar\/2021\/author\/arnaldo\/\"}]}<\/script>\n<!-- \/ Yoast SEO plugin. -->","yoast_head_json":{"title":"Arbolado p\u00fablico: Visit\u00f3 el distrito un funcionario provincial y fue presentada la nueva profesional a cargo del \u00e1rea en Tornquist - Noticias Radio Reflejos","robots":{"index":"index","follow":"follow","max-snippet":"max-snippet:-1","max-image-preview":"max-image-preview:large","max-video-preview":"max-video-preview:-1"},"canonical":"https:\/\/www.noticiasradioreflejos.com.ar\/2021\/arbolado-publico-visito-el-distrito-un-funcionario-provincial-y-fue-presentada-la-nueva-profesional-a-cargo-del-area-en-tornquist\/","og_locale":"es_ES","og_type":"article","og_title":"Arbolado p\u00fablico: Visit\u00f3 el distrito un funcionario provincial y fue presentada la nueva profesional a cargo del \u00e1rea en Tornquist - Noticias Radio Reflejos","og_description":"Este mi\u00e9rcoles por la tarde, visit\u00f3 Tornquist el Director Forestal del Ministerio de Desarrollo Agrario de la Provincia de Buenos Aires, Ing. Agr. Emiliano Cucciufo, con el fin de recorrer espacios p\u00fablicos de la ciudad cabecera y evaluar acciones de intervenci\u00f3n del arbolado.","og_url":"https:\/\/www.noticiasradioreflejos.com.ar\/2021\/arbolado-publico-visito-el-distrito-un-funcionario-provincial-y-fue-presentada-la-nueva-profesional-a-cargo-del-area-en-tornquist\/","og_site_name":"Noticias Radio Reflejos","article_published_time":"2022-02-10T00:01:29+00:00","og_image":[{"url":"https:\/\/live.staticflickr.com\/65535\/51872498426_cce21c8d20_z.jpg","type":"","width":"","height":""}],"author":"Arnaldo Botto","twitter_card":"summary_large_image","schema":{"@context":"https:\/\/schema.org","@graph":[{"@type":"WebPage","@id":"https:\/\/www.noticiasradioreflejos.com.ar\/2021\/arbolado-publico-visito-el-distrito-un-funcionario-provincial-y-fue-presentada-la-nueva-profesional-a-cargo-del-area-en-tornquist\/","url":"https:\/\/www.noticiasradioreflejos.com.ar\/2021\/arbolado-publico-visito-el-distrito-un-funcionario-provincial-y-fue-presentada-la-nueva-profesional-a-cargo-del-area-en-tornquist\/","name":"Arbolado p\u00fablico: Visit\u00f3 el distrito un funcionario provincial y fue presentada la nueva profesional a cargo del \u00e1rea en Tornquist - Noticias Radio Reflejos","isPartOf":{"@id":"https:\/\/www.noticiasradioreflejos.com.ar\/2021\/#website"},"primaryImageOfPage":{"@id":"https:\/\/www.noticiasradioreflejos.com.ar\/2021\/arbolado-publico-visito-el-distrito-un-funcionario-provincial-y-fue-presentada-la-nueva-profesional-a-cargo-del-area-en-tornquist\/#primaryimage"},"image":{"@id":"https:\/\/www.noticiasradioreflejos.com.ar\/2021\/arbolado-publico-visito-el-distrito-un-funcionario-provincial-y-fue-presentada-la-nueva-profesional-a-cargo-del-area-en-tornquist\/#primaryimage"},"thumbnailUrl":"https:\/\/live.staticflickr.com\/65535\/51872498426_cce21c8d20_z.jpg","datePublished":"2022-02-10T00:01:29+00:00","author":{"@id":"https:\/\/www.noticiasradioreflejos.com.ar\/2021\/#\/schema\/person\/ad82545263dcc5ec0996818884fd5fb1"},"breadcrumb":{"@id":"https:\/\/www.noticiasradioreflejos.com.ar\/2021\/arbolado-publico-visito-el-distrito-un-funcionario-provincial-y-fue-presentada-la-nueva-profesional-a-cargo-del-area-en-tornquist\/#breadcrumb"},"inLanguage":"es","potentialAction":[{"@type":"ReadAction","target":["https:\/\/www.noticiasradioreflejos.com.ar\/2021\/arbolado-publico-visito-el-distrito-un-funcionario-provincial-y-fue-presentada-la-nueva-profesional-a-cargo-del-area-en-tornquist\/"]}]},{"@type":"ImageObject","inLanguage":"es","@id":"https:\/\/www.noticiasradioreflejos.com.ar\/2021\/arbolado-publico-visito-el-distrito-un-funcionario-provincial-y-fue-presentada-la-nueva-profesional-a-cargo-del-area-en-tornquist\/#primaryimage","url":"https:\/\/live.staticflickr.com\/65535\/51872498426_cce21c8d20_z.jpg","contentUrl":"https:\/\/live.staticflickr.com\/65535\/51872498426_cce21c8d20_z.jpg"},{"@type":"BreadcrumbList","@id":"https:\/\/www.noticiasradioreflejos.com.ar\/2021\/arbolado-publico-visito-el-distrito-un-funcionario-provincial-y-fue-presentada-la-nueva-profesional-a-cargo-del-area-en-tornquist\/#breadcrumb","itemListElement":[{"@type":"ListItem","position":1,"name":"Portada","item":"https:\/\/www.noticiasradioreflejos.com.ar\/2021\/"},{"@type":"ListItem","position":2,"name":"Arbolado p\u00fablico: Visit\u00f3 el distrito un funcionario provincial y fue presentada la nueva profesional a cargo del \u00e1rea en Tornquist"}]},{"@type":"WebSite","@id":"https:\/\/www.noticiasradioreflejos.com.ar\/2021\/#website","url":"https:\/\/www.noticiasradioreflejos.com.ar\/2021\/","name":"Noticias Radio Reflejos","description":"Las noticias de mi comarca","potentialAction":[{"@type":"SearchAction","target":{"@type":"EntryPoint","urlTemplate":"https:\/\/www.noticiasradioreflejos.com.ar\/2021\/?s={search_term_string}"},"query-input":{"@type":"PropertyValueSpecification","valueRequired":true,"valueName":"search_term_string"}}],"inLanguage":"es"},{"@type":"Person","@id":"https:\/\/www.noticiasradioreflejos.com.ar\/2021\/#\/schema\/person\/ad82545263dcc5ec0996818884fd5fb1","name":"Arnaldo Botto","image":{"@type":"ImageObject","inLanguage":"es","@id":"https:\/\/www.noticiasradioreflejos.com.ar\/2021\/#\/schema\/person\/image\/","url":"https:\/\/secure.gravatar.com\/avatar\/55cb5e37c1efa326397366e6974cb338056df65cb50e7d64d1cf314e87504837?s=96&d=mm&r=g","contentUrl":"https:\/\/secure.gravatar.com\/avatar\/55cb5e37c1efa326397366e6974cb338056df65cb50e7d64d1cf314e87504837?s=96&d=mm&r=g","caption":"Arnaldo Botto"},"url":"https:\/\/www.noticiasradioreflejos.com.ar\/2021\/author\/arnaldo\/"}]}},"_links":{"self":[{"href":"https:\/\/www.noticiasradioreflejos.com.ar\/2021\/wp-json\/wp\/v2\/posts\/68093","targetHints":{"allow":["GET"]}}],"collection":[{"href":"https:\/\/www.noticiasradioreflejos.com.ar\/2021\/wp-json\/wp\/v2\/posts"}],"about":[{"href":"https:\/\/www.noticiasradioreflejos.com.ar\/2021\/wp-json\/wp\/v2\/types\/post"}],"author":[{"embeddable":true,"href":"https:\/\/www.noticiasradioreflejos.com.ar\/2021\/wp-json\/wp\/v2\/users\/3"}],"replies":[{"embeddable":true,"href":"https:\/\/www.noticiasradioreflejos.com.ar\/2021\/wp-json\/wp\/v2\/comments?post=68093"}],"version-history":[{"count":1,"href":"https:\/\/www.noticiasradioreflejos.com.ar\/2021\/wp-json\/wp\/v2\/posts\/68093\/revisions"}],"predecessor-version":[{"id":68095,"href":"https:\/\/www.noticiasradioreflejos.com.ar\/2021\/wp-json\/wp\/v2\/posts\/68093\/revisions\/68095"}],"wp:attachment":[{"href":"https:\/\/www.noticiasradioreflejos.com.ar\/2021\/wp-json\/wp\/v2\/media?parent=68093"}],"wp:term":[{"taxonomy":"category","embeddable":true,"href":"https:\/\/www.noticiasradioreflejos.com.ar\/2021\/wp-json\/wp\/v2\/categories?post=68093"},{"taxonomy":"post_tag","embeddable":true,"href":"https:\/\/www.noticiasradioreflejos.com.ar\/2021\/wp-json\/wp\/v2\/tags?post=68093"}],"curies":[{"name":"wp","href":"https:\/\/api.w.org\/{rel}","templated":true}]}}