{"id":68079,"date":"2022-02-09T18:07:17","date_gmt":"2022-02-09T18:07:17","guid":{"rendered":"http:\/\/www.noticiasradioreflejos.com.ar\/2021\/?p=68079"},"modified":"2022-02-10T11:14:04","modified_gmt":"2022-02-10T11:14:04","slug":"beneficiados-en-el-sorteo-estadias-rct-para-usuarios-que-estan-al-dia","status":"publish","type":"post","link":"https:\/\/www.noticiasradioreflejos.com.ar\/2021\/beneficiados-en-el-sorteo-estadias-rct-para-usuarios-que-estan-al-dia\/","title":{"rendered":"Beneficiados en el sorteo estad\u00edas RCT para usuarios que est\u00e1n al d\u00eda"},"content":{"rendered":"<p>En el d\u00eda de hoy se efectu\u00f3 en instalaciones de Coopersive el sorteo de las estad\u00edas en el Complejo vacacional RCT para aquellos usuarios que se encuentran con todos sus servicios al d\u00eda (el resultado del mismo tambi\u00e9n fue publicado en nuestro perfil de Facebook Coopersive Ltda.).<!--more--><\/p>\n<p><a title=\"Sorteo Coopersive Febrero\" href=\"https:\/\/www.flickr.com\/photos\/182279889@N02\/51872243482\/in\/dateposted-public\/\" data-flickr-embed=\"true\"><img loading=\"lazy\" decoding=\"async\" src=\"https:\/\/live.staticflickr.com\/65535\/51872243482_8933b049aa_z.jpg\" alt=\"Sorteo Coopersive Febrero\" width=\"586\" height=\"215\" \/><\/a><script async src=\"\/\/embedr.flickr.com\/assets\/client-code.js\" charset=\"utf-8\"><\/script><\/p>\n<p>En la pr\u00f3xima semana nos estaremos comunicando con los ganadores para coordinar todo lo relacionado con la adjudicaci\u00f3n del premio, que consta de una estad\u00eda por 4 d\u00edas y 3 noches para hasta 6 personas en dicho Complejo sito en la localidad de Chapadmalal.<\/p>\n<p>&nbsp;<\/p>\n<p>&nbsp;<\/p>\n<p>Consejo de Administraci\u00f3n<\/p>\n<p>09-feb-2021<\/p>\n<p>&nbsp;<\/p>\n","protected":false},"excerpt":{"rendered":"<p>En el d\u00eda de hoy se efectu\u00f3 en instalaciones de Coopersive el sorteo de las estad\u00edas en el Complejo vacacional RCT para aquellos usuarios que se encuentran con todos sus servicios al d\u00eda (el resultado del mismo tambi\u00e9n fue publicado en nuestro perfil de Facebook Coopersive Ltda.).<\/p>\n","protected":false},"author":3,"featured_media":0,"comment_status":"closed","ping_status":"closed","sticky":false,"template":"","format":"standard","meta":{"footnotes":""},"categories":[26],"tags":[],"class_list":["post-68079","post","type-post","status-publish","format-standard","hentry","category-sociedad"],"yoast_head":"<!-- This site is optimized with the Yoast SEO plugin v25.9 - https:\/\/yoast.com\/wordpress\/plugins\/seo\/ -->\n<title>Beneficiados en el sorteo estad\u00edas RCT para usuarios que est\u00e1n al d\u00eda - Noticias Radio Reflejos<\/title>\n<meta name=\"robots\" content=\"index, follow, max-snippet:-1, max-image-preview:large, max-video-preview:-1\" \/>\n<link rel=\"canonical\" href=\"https:\/\/www.noticiasradioreflejos.com.ar\/2021\/beneficiados-en-el-sorteo-estadias-rct-para-usuarios-que-estan-al-dia\/\" \/>\n<meta property=\"og:locale\" content=\"es_ES\" \/>\n<meta property=\"og:type\" content=\"article\" \/>\n<meta property=\"og:title\" content=\"Beneficiados en el sorteo estad\u00edas RCT para usuarios que est\u00e1n al d\u00eda - Noticias Radio Reflejos\" \/>\n<meta property=\"og:description\" content=\"En el d\u00eda de hoy se efectu\u00f3 en instalaciones de Coopersive el sorteo de las estad\u00edas en el Complejo vacacional RCT para aquellos usuarios que se encuentran con todos sus servicios al d\u00eda (el resultado del mismo tambi\u00e9n fue publicado en nuestro perfil de Facebook Coopersive Ltda.).\" \/>\n<meta property=\"og:url\" content=\"https:\/\/www.noticiasradioreflejos.com.ar\/2021\/beneficiados-en-el-sorteo-estadias-rct-para-usuarios-que-estan-al-dia\/\" \/>\n<meta property=\"og:site_name\" content=\"Noticias Radio Reflejos\" \/>\n<meta property=\"article:published_time\" content=\"2022-02-09T18:07:17+00:00\" \/>\n<meta property=\"article:modified_time\" content=\"2022-02-10T11:14:04+00:00\" \/>\n<meta property=\"og:image\" content=\"https:\/\/www.noticiasradioreflejos.com.ar\/2021\/wp-content\/uploads\/2020\/03\/Coopersive-web.png\" \/>\n\t<meta property=\"og:image:width\" content=\"573\" \/>\n\t<meta property=\"og:image:height\" content=\"385\" \/>\n\t<meta property=\"og:image:type\" content=\"image\/png\" \/>\n<meta name=\"author\" content=\"Arnaldo Botto\" \/>\n<meta name=\"twitter:card\" content=\"summary_large_image\" \/>\n<script type=\"application\/ld+json\" class=\"yoast-schema-graph\">{\"@context\":\"https:\/\/schema.org\",\"@graph\":[{\"@type\":\"WebPage\",\"@id\":\"https:\/\/www.noticiasradioreflejos.com.ar\/2021\/beneficiados-en-el-sorteo-estadias-rct-para-usuarios-que-estan-al-dia\/\",\"url\":\"https:\/\/www.noticiasradioreflejos.com.ar\/2021\/beneficiados-en-el-sorteo-estadias-rct-para-usuarios-que-estan-al-dia\/\",\"name\":\"Beneficiados en el sorteo estad\u00edas RCT para usuarios que est\u00e1n al d\u00eda - Noticias Radio Reflejos\",\"isPartOf\":{\"@id\":\"https:\/\/www.noticiasradioreflejos.com.ar\/2021\/#website\"},\"primaryImageOfPage\":{\"@id\":\"https:\/\/www.noticiasradioreflejos.com.ar\/2021\/beneficiados-en-el-sorteo-estadias-rct-para-usuarios-que-estan-al-dia\/#primaryimage\"},\"image\":{\"@id\":\"https:\/\/www.noticiasradioreflejos.com.ar\/2021\/beneficiados-en-el-sorteo-estadias-rct-para-usuarios-que-estan-al-dia\/#primaryimage\"},\"thumbnailUrl\":\"https:\/\/live.staticflickr.com\/65535\/51872243482_8933b049aa_z.jpg\",\"datePublished\":\"2022-02-09T18:07:17+00:00\",\"dateModified\":\"2022-02-10T11:14:04+00:00\",\"author\":{\"@id\":\"https:\/\/www.noticiasradioreflejos.com.ar\/2021\/#\/schema\/person\/ad82545263dcc5ec0996818884fd5fb1\"},\"breadcrumb\":{\"@id\":\"https:\/\/www.noticiasradioreflejos.com.ar\/2021\/beneficiados-en-el-sorteo-estadias-rct-para-usuarios-que-estan-al-dia\/#breadcrumb\"},\"inLanguage\":\"es\",\"potentialAction\":[{\"@type\":\"ReadAction\",\"target\":[\"https:\/\/www.noticiasradioreflejos.com.ar\/2021\/beneficiados-en-el-sorteo-estadias-rct-para-usuarios-que-estan-al-dia\/\"]}]},{\"@type\":\"ImageObject\",\"inLanguage\":\"es\",\"@id\":\"https:\/\/www.noticiasradioreflejos.com.ar\/2021\/beneficiados-en-el-sorteo-estadias-rct-para-usuarios-que-estan-al-dia\/#primaryimage\",\"url\":\"https:\/\/live.staticflickr.com\/65535\/51872243482_8933b049aa_z.jpg\",\"contentUrl\":\"https:\/\/live.staticflickr.com\/65535\/51872243482_8933b049aa_z.jpg\"},{\"@type\":\"BreadcrumbList\",\"@id\":\"https:\/\/www.noticiasradioreflejos.com.ar\/2021\/beneficiados-en-el-sorteo-estadias-rct-para-usuarios-que-estan-al-dia\/#breadcrumb\",\"itemListElement\":[{\"@type\":\"ListItem\",\"position\":1,\"name\":\"Portada\",\"item\":\"https:\/\/www.noticiasradioreflejos.com.ar\/2021\/\"},{\"@type\":\"ListItem\",\"position\":2,\"name\":\"Beneficiados en el sorteo estad\u00edas RCT para usuarios que est\u00e1n al d\u00eda\"}]},{\"@type\":\"WebSite\",\"@id\":\"https:\/\/www.noticiasradioreflejos.com.ar\/2021\/#website\",\"url\":\"https:\/\/www.noticiasradioreflejos.com.ar\/2021\/\",\"name\":\"Noticias Radio Reflejos\",\"description\":\"Las noticias de mi comarca\",\"potentialAction\":[{\"@type\":\"SearchAction\",\"target\":{\"@type\":\"EntryPoint\",\"urlTemplate\":\"https:\/\/www.noticiasradioreflejos.com.ar\/2021\/?s={search_term_string}\"},\"query-input\":{\"@type\":\"PropertyValueSpecification\",\"valueRequired\":true,\"valueName\":\"search_term_string\"}}],\"inLanguage\":\"es\"},{\"@type\":\"Person\",\"@id\":\"https:\/\/www.noticiasradioreflejos.com.ar\/2021\/#\/schema\/person\/ad82545263dcc5ec0996818884fd5fb1\",\"name\":\"Arnaldo Botto\",\"image\":{\"@type\":\"ImageObject\",\"inLanguage\":\"es\",\"@id\":\"https:\/\/www.noticiasradioreflejos.com.ar\/2021\/#\/schema\/person\/image\/\",\"url\":\"https:\/\/secure.gravatar.com\/avatar\/55cb5e37c1efa326397366e6974cb338056df65cb50e7d64d1cf314e87504837?s=96&d=mm&r=g\",\"contentUrl\":\"https:\/\/secure.gravatar.com\/avatar\/55cb5e37c1efa326397366e6974cb338056df65cb50e7d64d1cf314e87504837?s=96&d=mm&r=g\",\"caption\":\"Arnaldo Botto\"},\"url\":\"https:\/\/www.noticiasradioreflejos.com.ar\/2021\/author\/arnaldo\/\"}]}<\/script>\n<!-- \/ Yoast SEO plugin. -->","yoast_head_json":{"title":"Beneficiados en el sorteo estad\u00edas RCT para usuarios que est\u00e1n al d\u00eda - Noticias Radio Reflejos","robots":{"index":"index","follow":"follow","max-snippet":"max-snippet:-1","max-image-preview":"max-image-preview:large","max-video-preview":"max-video-preview:-1"},"canonical":"https:\/\/www.noticiasradioreflejos.com.ar\/2021\/beneficiados-en-el-sorteo-estadias-rct-para-usuarios-que-estan-al-dia\/","og_locale":"es_ES","og_type":"article","og_title":"Beneficiados en el sorteo estad\u00edas RCT para usuarios que est\u00e1n al d\u00eda - Noticias Radio Reflejos","og_description":"En el d\u00eda de hoy se efectu\u00f3 en instalaciones de Coopersive el sorteo de las estad\u00edas en el Complejo vacacional RCT para aquellos usuarios que se encuentran con todos sus servicios al d\u00eda (el resultado del mismo tambi\u00e9n fue publicado en nuestro perfil de Facebook Coopersive Ltda.).","og_url":"https:\/\/www.noticiasradioreflejos.com.ar\/2021\/beneficiados-en-el-sorteo-estadias-rct-para-usuarios-que-estan-al-dia\/","og_site_name":"Noticias Radio Reflejos","article_published_time":"2022-02-09T18:07:17+00:00","article_modified_time":"2022-02-10T11:14:04+00:00","og_image":[{"width":573,"height":385,"url":"https:\/\/www.noticiasradioreflejos.com.ar\/2021\/wp-content\/uploads\/2020\/03\/Coopersive-web.png","type":"image\/png"}],"author":"Arnaldo Botto","twitter_card":"summary_large_image","schema":{"@context":"https:\/\/schema.org","@graph":[{"@type":"WebPage","@id":"https:\/\/www.noticiasradioreflejos.com.ar\/2021\/beneficiados-en-el-sorteo-estadias-rct-para-usuarios-que-estan-al-dia\/","url":"https:\/\/www.noticiasradioreflejos.com.ar\/2021\/beneficiados-en-el-sorteo-estadias-rct-para-usuarios-que-estan-al-dia\/","name":"Beneficiados en el sorteo estad\u00edas RCT para usuarios que est\u00e1n al d\u00eda - Noticias Radio Reflejos","isPartOf":{"@id":"https:\/\/www.noticiasradioreflejos.com.ar\/2021\/#website"},"primaryImageOfPage":{"@id":"https:\/\/www.noticiasradioreflejos.com.ar\/2021\/beneficiados-en-el-sorteo-estadias-rct-para-usuarios-que-estan-al-dia\/#primaryimage"},"image":{"@id":"https:\/\/www.noticiasradioreflejos.com.ar\/2021\/beneficiados-en-el-sorteo-estadias-rct-para-usuarios-que-estan-al-dia\/#primaryimage"},"thumbnailUrl":"https:\/\/live.staticflickr.com\/65535\/51872243482_8933b049aa_z.jpg","datePublished":"2022-02-09T18:07:17+00:00","dateModified":"2022-02-10T11:14:04+00:00","author":{"@id":"https:\/\/www.noticiasradioreflejos.com.ar\/2021\/#\/schema\/person\/ad82545263dcc5ec0996818884fd5fb1"},"breadcrumb":{"@id":"https:\/\/www.noticiasradioreflejos.com.ar\/2021\/beneficiados-en-el-sorteo-estadias-rct-para-usuarios-que-estan-al-dia\/#breadcrumb"},"inLanguage":"es","potentialAction":[{"@type":"ReadAction","target":["https:\/\/www.noticiasradioreflejos.com.ar\/2021\/beneficiados-en-el-sorteo-estadias-rct-para-usuarios-que-estan-al-dia\/"]}]},{"@type":"ImageObject","inLanguage":"es","@id":"https:\/\/www.noticiasradioreflejos.com.ar\/2021\/beneficiados-en-el-sorteo-estadias-rct-para-usuarios-que-estan-al-dia\/#primaryimage","url":"https:\/\/live.staticflickr.com\/65535\/51872243482_8933b049aa_z.jpg","contentUrl":"https:\/\/live.staticflickr.com\/65535\/51872243482_8933b049aa_z.jpg"},{"@type":"BreadcrumbList","@id":"https:\/\/www.noticiasradioreflejos.com.ar\/2021\/beneficiados-en-el-sorteo-estadias-rct-para-usuarios-que-estan-al-dia\/#breadcrumb","itemListElement":[{"@type":"ListItem","position":1,"name":"Portada","item":"https:\/\/www.noticiasradioreflejos.com.ar\/2021\/"},{"@type":"ListItem","position":2,"name":"Beneficiados en el sorteo estad\u00edas RCT para usuarios que est\u00e1n al d\u00eda"}]},{"@type":"WebSite","@id":"https:\/\/www.noticiasradioreflejos.com.ar\/2021\/#website","url":"https:\/\/www.noticiasradioreflejos.com.ar\/2021\/","name":"Noticias Radio Reflejos","description":"Las noticias de mi comarca","potentialAction":[{"@type":"SearchAction","target":{"@type":"EntryPoint","urlTemplate":"https:\/\/www.noticiasradioreflejos.com.ar\/2021\/?s={search_term_string}"},"query-input":{"@type":"PropertyValueSpecification","valueRequired":true,"valueName":"search_term_string"}}],"inLanguage":"es"},{"@type":"Person","@id":"https:\/\/www.noticiasradioreflejos.com.ar\/2021\/#\/schema\/person\/ad82545263dcc5ec0996818884fd5fb1","name":"Arnaldo Botto","image":{"@type":"ImageObject","inLanguage":"es","@id":"https:\/\/www.noticiasradioreflejos.com.ar\/2021\/#\/schema\/person\/image\/","url":"https:\/\/secure.gravatar.com\/avatar\/55cb5e37c1efa326397366e6974cb338056df65cb50e7d64d1cf314e87504837?s=96&d=mm&r=g","contentUrl":"https:\/\/secure.gravatar.com\/avatar\/55cb5e37c1efa326397366e6974cb338056df65cb50e7d64d1cf314e87504837?s=96&d=mm&r=g","caption":"Arnaldo Botto"},"url":"https:\/\/www.noticiasradioreflejos.com.ar\/2021\/author\/arnaldo\/"}]}},"_links":{"self":[{"href":"https:\/\/www.noticiasradioreflejos.com.ar\/2021\/wp-json\/wp\/v2\/posts\/68079","targetHints":{"allow":["GET"]}}],"collection":[{"href":"https:\/\/www.noticiasradioreflejos.com.ar\/2021\/wp-json\/wp\/v2\/posts"}],"about":[{"href":"https:\/\/www.noticiasradioreflejos.com.ar\/2021\/wp-json\/wp\/v2\/types\/post"}],"author":[{"embeddable":true,"href":"https:\/\/www.noticiasradioreflejos.com.ar\/2021\/wp-json\/wp\/v2\/users\/3"}],"replies":[{"embeddable":true,"href":"https:\/\/www.noticiasradioreflejos.com.ar\/2021\/wp-json\/wp\/v2\/comments?post=68079"}],"version-history":[{"count":2,"href":"https:\/\/www.noticiasradioreflejos.com.ar\/2021\/wp-json\/wp\/v2\/posts\/68079\/revisions"}],"predecessor-version":[{"id":68105,"href":"https:\/\/www.noticiasradioreflejos.com.ar\/2021\/wp-json\/wp\/v2\/posts\/68079\/revisions\/68105"}],"wp:attachment":[{"href":"https:\/\/www.noticiasradioreflejos.com.ar\/2021\/wp-json\/wp\/v2\/media?parent=68079"}],"wp:term":[{"taxonomy":"category","embeddable":true,"href":"https:\/\/www.noticiasradioreflejos.com.ar\/2021\/wp-json\/wp\/v2\/categories?post=68079"},{"taxonomy":"post_tag","embeddable":true,"href":"https:\/\/www.noticiasradioreflejos.com.ar\/2021\/wp-json\/wp\/v2\/tags?post=68079"}],"curies":[{"name":"wp","href":"https:\/\/api.w.org\/{rel}","templated":true}]}}