{"id":68071,"date":"2022-02-09T18:25:02","date_gmt":"2022-02-09T18:25:02","guid":{"rendered":"http:\/\/www.noticiasradioreflejos.com.ar\/2021\/?p=68071"},"modified":"2022-02-09T21:19:10","modified_gmt":"2022-02-09T21:19:10","slug":"vecinos-del-barrio-cerro-ceferino-sufren-por-carencias-en-servicios","status":"publish","type":"post","link":"https:\/\/www.noticiasradioreflejos.com.ar\/2021\/vecinos-del-barrio-cerro-ceferino-sufren-por-carencias-en-servicios\/","title":{"rendered":"Vecinos del Barrio Cerro Ceferino sufren por carencias en servicios."},"content":{"rendered":"<p>Esta ma\u00f1ana, conversamos con <strong>Hector Chiche Cabral y Abel Keil<\/strong>, presidente y vice presidente de la <strong>Asociaci\u00f3n de Fomento del Barrio Ceferino<\/strong> de Villa Arcadia. En esta nota, nos transmiten graves problem\u00e1ticas en relaci\u00f3n al agua y otros servicios para quienes adquirieron sus terrenos en el lugar ubicado en Villa la Arcadia, del partido de Cnel Suarez<!--more--><\/p>\n<p>\u00abEstamos ac\u00e1 con Chiche siempre lidiando con las problem\u00e1ticas que tenemos en el barrio, con el riego de las calles que no lo logramos, con el tema basura, etc.\u00bb expresa Abel al comenzar la nota. Agreg\u00f3 que carecen de estos servicios debido a que los camiones regadores ni siquiera pasan por las calles del barrio. \u00abTienen una mirada antigua, de cuando Villa Arcadia era chiquito\u00bb sostiene Chiche en relaci\u00f3n a esto.<\/p>\n<p>Chiche comenta haber tenido una entrevista con <strong>Moccero<\/strong>, el intendente de Cnel.. Su\u00e1rez, donde desde la asociaci\u00f3n le presentaron un proyecto tur\u00edstico que contemple aprovechar el agua del r\u00edo, aprovechar la sombra, la ladera del arroyo para que el turista pueda circular, y tambi\u00e9n los fogones. \u00abYa est\u00e1n 10 plateas constituidas con fogones y mesas. Tambi\u00e9n los ba\u00f1os\u00bb inform\u00f3 Chiche. Continu\u00f3 explicando que el municipio actu\u00f3 largando una ordenanza que obligaba a tener este proyecto en cuenta. \u00abHay un proyecto para un patio de comidas que se est\u00e1 trabajando\u00bb comunic\u00f3 el presidente de la Fomento.<\/p>\n<p>\u00abOtro problema que tenemos es el agua\u00bb present\u00f3 Abel. Menciona que, con el turismo, ha aumentado la cantidad de usuarios y, por lo tanto, la demanda de agua. \u00abEstamos en la pelea de qui\u00e9n se hace cargo de esto. Esto ya es una zona urbana, dej\u00f3 de ser rural. En ese sentido, estamos exigiendo que el papeler\u00edo se ordene como corresponde\u00bb menciona Chiche, haciendo alusi\u00f3n a que no hay ning\u00fan ente que se est\u00e9 encargando de trabajar para terminar con la escasez de agua en el barrio. Los entrevistados sostienen que deber\u00eda ser el municipio quien proponga un proyecto que satisfaga esta necesidad del Ceferino.<\/p>\n<p>\u00abYo quiero que el turista venga y se sienta c\u00f3modo. Lo tenemos que atraer\u00bb expres\u00f3 finalmente Chiche.<\/p>\n<p>Nota completa a continuaci\u00f3n:<br \/>\n<iframe loading=\"lazy\" src=\"https:\/\/w.soundcloud.com\/player\/?url=https%3A\/\/api.soundcloud.com\/tracks\/1212703636&amp;color=%23ff5500&amp;auto_play=false&amp;hide_related=false&amp;show_comments=true&amp;show_user=true&amp;show_reposts=false&amp;show_teaser=true\" width=\"100%\" height=\"166\" frameborder=\"no\" scrolling=\"no\"><\/iframe><\/p>\n<div style=\"font-size: 10px; color: #cccccc; line-break: anywhere; word-break: normal; overflow: hidden; white-space: nowrap; text-overflow: ellipsis; font-family: Interstate,Lucida Grande,Lucida Sans Unicode,Lucida Sans,Garuda,Verdana,Tahoma,sans-serif; font-weight: 100;\"><a style=\"color: #cccccc; text-decoration: none;\" title=\"fmreflejos 103.7\" href=\"https:\/\/soundcloud.com\/fmreflejos-103-7\" target=\"_blank\" rel=\"noopener\">fmreflejos 103.7<\/a> \u00b7 <a style=\"color: #cccccc; text-decoration: none;\" title=\"Asociacion De Fomento Barrio Ceferino\" href=\"https:\/\/soundcloud.com\/fmreflejos-103-7\/asociacion-de-fomento-barrio-ceferino\" target=\"_blank\" rel=\"noopener\">Asociacion De Fomento Barrio Ceferino<\/a><\/div>\n","protected":false},"excerpt":{"rendered":"<p>Esta ma\u00f1ana, conversamos con Hector Chiche Cabral y Abel Keil, presidente y vice presidente de la Asociaci\u00f3n de Fomento del Barrio Ceferino de Villa Arcadia. En esta nota, nos transmiten graves problem\u00e1ticas en relaci\u00f3n al agua y otros servicios para quienes adquirieron sus terrenos en el lugar ubicado en Villa la Arcadia, del partido de [&hellip;]<\/p>\n","protected":false},"author":3,"featured_media":0,"comment_status":"closed","ping_status":"closed","sticky":false,"template":"","format":"standard","meta":{"footnotes":""},"categories":[26],"tags":[48],"class_list":["post-68071","post","type-post","status-publish","format-standard","hentry","category-sociedad","tag-destacada"],"yoast_head":"<!-- This site is optimized with the Yoast SEO plugin v25.9 - https:\/\/yoast.com\/wordpress\/plugins\/seo\/ -->\n<title>Vecinos del Barrio Cerro Ceferino sufren por carencias en servicios. - Noticias Radio Reflejos<\/title>\n<meta name=\"robots\" content=\"index, follow, max-snippet:-1, max-image-preview:large, max-video-preview:-1\" \/>\n<link rel=\"canonical\" href=\"https:\/\/www.noticiasradioreflejos.com.ar\/2021\/vecinos-del-barrio-cerro-ceferino-sufren-por-carencias-en-servicios\/\" \/>\n<meta property=\"og:locale\" content=\"es_ES\" \/>\n<meta property=\"og:type\" content=\"article\" \/>\n<meta property=\"og:title\" content=\"Vecinos del Barrio Cerro Ceferino sufren por carencias en servicios. - Noticias Radio Reflejos\" \/>\n<meta property=\"og:description\" content=\"Esta ma\u00f1ana, conversamos con Hector Chiche Cabral y Abel Keil, presidente y vice presidente de la Asociaci\u00f3n de Fomento del Barrio Ceferino de Villa Arcadia. En esta nota, nos transmiten graves problem\u00e1ticas en relaci\u00f3n al agua y otros servicios para quienes adquirieron sus terrenos en el lugar ubicado en Villa la Arcadia, del partido de [&hellip;]\" \/>\n<meta property=\"og:url\" content=\"https:\/\/www.noticiasradioreflejos.com.ar\/2021\/vecinos-del-barrio-cerro-ceferino-sufren-por-carencias-en-servicios\/\" \/>\n<meta property=\"og:site_name\" content=\"Noticias Radio Reflejos\" \/>\n<meta property=\"article:published_time\" content=\"2022-02-09T18:25:02+00:00\" \/>\n<meta property=\"article:modified_time\" content=\"2022-02-09T21:19:10+00:00\" \/>\n<meta property=\"og:image\" content=\"https:\/\/www.noticiasradioreflejos.com.ar\/2021\/wp-content\/uploads\/2021\/07\/logosol300x200.png\" \/>\n\t<meta property=\"og:image:width\" content=\"300\" \/>\n\t<meta property=\"og:image:height\" content=\"200\" \/>\n\t<meta property=\"og:image:type\" content=\"image\/png\" \/>\n<meta name=\"author\" content=\"Arnaldo Botto\" \/>\n<meta name=\"twitter:card\" content=\"summary_large_image\" \/>\n<script type=\"application\/ld+json\" class=\"yoast-schema-graph\">{\"@context\":\"https:\/\/schema.org\",\"@graph\":[{\"@type\":\"WebPage\",\"@id\":\"https:\/\/www.noticiasradioreflejos.com.ar\/2021\/vecinos-del-barrio-cerro-ceferino-sufren-por-carencias-en-servicios\/\",\"url\":\"https:\/\/www.noticiasradioreflejos.com.ar\/2021\/vecinos-del-barrio-cerro-ceferino-sufren-por-carencias-en-servicios\/\",\"name\":\"Vecinos del Barrio Cerro Ceferino sufren por carencias en servicios. - Noticias Radio Reflejos\",\"isPartOf\":{\"@id\":\"https:\/\/www.noticiasradioreflejos.com.ar\/2021\/#website\"},\"datePublished\":\"2022-02-09T18:25:02+00:00\",\"dateModified\":\"2022-02-09T21:19:10+00:00\",\"author\":{\"@id\":\"https:\/\/www.noticiasradioreflejos.com.ar\/2021\/#\/schema\/person\/ad82545263dcc5ec0996818884fd5fb1\"},\"breadcrumb\":{\"@id\":\"https:\/\/www.noticiasradioreflejos.com.ar\/2021\/vecinos-del-barrio-cerro-ceferino-sufren-por-carencias-en-servicios\/#breadcrumb\"},\"inLanguage\":\"es\",\"potentialAction\":[{\"@type\":\"ReadAction\",\"target\":[\"https:\/\/www.noticiasradioreflejos.com.ar\/2021\/vecinos-del-barrio-cerro-ceferino-sufren-por-carencias-en-servicios\/\"]}]},{\"@type\":\"BreadcrumbList\",\"@id\":\"https:\/\/www.noticiasradioreflejos.com.ar\/2021\/vecinos-del-barrio-cerro-ceferino-sufren-por-carencias-en-servicios\/#breadcrumb\",\"itemListElement\":[{\"@type\":\"ListItem\",\"position\":1,\"name\":\"Portada\",\"item\":\"https:\/\/www.noticiasradioreflejos.com.ar\/2021\/\"},{\"@type\":\"ListItem\",\"position\":2,\"name\":\"Vecinos del Barrio Cerro Ceferino sufren por carencias en servicios.\"}]},{\"@type\":\"WebSite\",\"@id\":\"https:\/\/www.noticiasradioreflejos.com.ar\/2021\/#website\",\"url\":\"https:\/\/www.noticiasradioreflejos.com.ar\/2021\/\",\"name\":\"Noticias Radio Reflejos\",\"description\":\"Las noticias de mi comarca\",\"potentialAction\":[{\"@type\":\"SearchAction\",\"target\":{\"@type\":\"EntryPoint\",\"urlTemplate\":\"https:\/\/www.noticiasradioreflejos.com.ar\/2021\/?s={search_term_string}\"},\"query-input\":{\"@type\":\"PropertyValueSpecification\",\"valueRequired\":true,\"valueName\":\"search_term_string\"}}],\"inLanguage\":\"es\"},{\"@type\":\"Person\",\"@id\":\"https:\/\/www.noticiasradioreflejos.com.ar\/2021\/#\/schema\/person\/ad82545263dcc5ec0996818884fd5fb1\",\"name\":\"Arnaldo Botto\",\"image\":{\"@type\":\"ImageObject\",\"inLanguage\":\"es\",\"@id\":\"https:\/\/www.noticiasradioreflejos.com.ar\/2021\/#\/schema\/person\/image\/\",\"url\":\"https:\/\/secure.gravatar.com\/avatar\/55cb5e37c1efa326397366e6974cb338056df65cb50e7d64d1cf314e87504837?s=96&d=mm&r=g\",\"contentUrl\":\"https:\/\/secure.gravatar.com\/avatar\/55cb5e37c1efa326397366e6974cb338056df65cb50e7d64d1cf314e87504837?s=96&d=mm&r=g\",\"caption\":\"Arnaldo Botto\"},\"url\":\"https:\/\/www.noticiasradioreflejos.com.ar\/2021\/author\/arnaldo\/\"}]}<\/script>\n<!-- \/ Yoast SEO plugin. -->","yoast_head_json":{"title":"Vecinos del Barrio Cerro Ceferino sufren por carencias en servicios. - Noticias Radio Reflejos","robots":{"index":"index","follow":"follow","max-snippet":"max-snippet:-1","max-image-preview":"max-image-preview:large","max-video-preview":"max-video-preview:-1"},"canonical":"https:\/\/www.noticiasradioreflejos.com.ar\/2021\/vecinos-del-barrio-cerro-ceferino-sufren-por-carencias-en-servicios\/","og_locale":"es_ES","og_type":"article","og_title":"Vecinos del Barrio Cerro Ceferino sufren por carencias en servicios. - Noticias Radio Reflejos","og_description":"Esta ma\u00f1ana, conversamos con Hector Chiche Cabral y Abel Keil, presidente y vice presidente de la Asociaci\u00f3n de Fomento del Barrio Ceferino de Villa Arcadia. En esta nota, nos transmiten graves problem\u00e1ticas en relaci\u00f3n al agua y otros servicios para quienes adquirieron sus terrenos en el lugar ubicado en Villa la Arcadia, del partido de [&hellip;]","og_url":"https:\/\/www.noticiasradioreflejos.com.ar\/2021\/vecinos-del-barrio-cerro-ceferino-sufren-por-carencias-en-servicios\/","og_site_name":"Noticias Radio Reflejos","article_published_time":"2022-02-09T18:25:02+00:00","article_modified_time":"2022-02-09T21:19:10+00:00","og_image":[{"width":300,"height":200,"url":"https:\/\/www.noticiasradioreflejos.com.ar\/2021\/wp-content\/uploads\/2021\/07\/logosol300x200.png","type":"image\/png"}],"author":"Arnaldo Botto","twitter_card":"summary_large_image","schema":{"@context":"https:\/\/schema.org","@graph":[{"@type":"WebPage","@id":"https:\/\/www.noticiasradioreflejos.com.ar\/2021\/vecinos-del-barrio-cerro-ceferino-sufren-por-carencias-en-servicios\/","url":"https:\/\/www.noticiasradioreflejos.com.ar\/2021\/vecinos-del-barrio-cerro-ceferino-sufren-por-carencias-en-servicios\/","name":"Vecinos del Barrio Cerro Ceferino sufren por carencias en servicios. - Noticias Radio Reflejos","isPartOf":{"@id":"https:\/\/www.noticiasradioreflejos.com.ar\/2021\/#website"},"datePublished":"2022-02-09T18:25:02+00:00","dateModified":"2022-02-09T21:19:10+00:00","author":{"@id":"https:\/\/www.noticiasradioreflejos.com.ar\/2021\/#\/schema\/person\/ad82545263dcc5ec0996818884fd5fb1"},"breadcrumb":{"@id":"https:\/\/www.noticiasradioreflejos.com.ar\/2021\/vecinos-del-barrio-cerro-ceferino-sufren-por-carencias-en-servicios\/#breadcrumb"},"inLanguage":"es","potentialAction":[{"@type":"ReadAction","target":["https:\/\/www.noticiasradioreflejos.com.ar\/2021\/vecinos-del-barrio-cerro-ceferino-sufren-por-carencias-en-servicios\/"]}]},{"@type":"BreadcrumbList","@id":"https:\/\/www.noticiasradioreflejos.com.ar\/2021\/vecinos-del-barrio-cerro-ceferino-sufren-por-carencias-en-servicios\/#breadcrumb","itemListElement":[{"@type":"ListItem","position":1,"name":"Portada","item":"https:\/\/www.noticiasradioreflejos.com.ar\/2021\/"},{"@type":"ListItem","position":2,"name":"Vecinos del Barrio Cerro Ceferino sufren por carencias en servicios."}]},{"@type":"WebSite","@id":"https:\/\/www.noticiasradioreflejos.com.ar\/2021\/#website","url":"https:\/\/www.noticiasradioreflejos.com.ar\/2021\/","name":"Noticias Radio Reflejos","description":"Las noticias de mi comarca","potentialAction":[{"@type":"SearchAction","target":{"@type":"EntryPoint","urlTemplate":"https:\/\/www.noticiasradioreflejos.com.ar\/2021\/?s={search_term_string}"},"query-input":{"@type":"PropertyValueSpecification","valueRequired":true,"valueName":"search_term_string"}}],"inLanguage":"es"},{"@type":"Person","@id":"https:\/\/www.noticiasradioreflejos.com.ar\/2021\/#\/schema\/person\/ad82545263dcc5ec0996818884fd5fb1","name":"Arnaldo Botto","image":{"@type":"ImageObject","inLanguage":"es","@id":"https:\/\/www.noticiasradioreflejos.com.ar\/2021\/#\/schema\/person\/image\/","url":"https:\/\/secure.gravatar.com\/avatar\/55cb5e37c1efa326397366e6974cb338056df65cb50e7d64d1cf314e87504837?s=96&d=mm&r=g","contentUrl":"https:\/\/secure.gravatar.com\/avatar\/55cb5e37c1efa326397366e6974cb338056df65cb50e7d64d1cf314e87504837?s=96&d=mm&r=g","caption":"Arnaldo Botto"},"url":"https:\/\/www.noticiasradioreflejos.com.ar\/2021\/author\/arnaldo\/"}]}},"_links":{"self":[{"href":"https:\/\/www.noticiasradioreflejos.com.ar\/2021\/wp-json\/wp\/v2\/posts\/68071","targetHints":{"allow":["GET"]}}],"collection":[{"href":"https:\/\/www.noticiasradioreflejos.com.ar\/2021\/wp-json\/wp\/v2\/posts"}],"about":[{"href":"https:\/\/www.noticiasradioreflejos.com.ar\/2021\/wp-json\/wp\/v2\/types\/post"}],"author":[{"embeddable":true,"href":"https:\/\/www.noticiasradioreflejos.com.ar\/2021\/wp-json\/wp\/v2\/users\/3"}],"replies":[{"embeddable":true,"href":"https:\/\/www.noticiasradioreflejos.com.ar\/2021\/wp-json\/wp\/v2\/comments?post=68071"}],"version-history":[{"count":3,"href":"https:\/\/www.noticiasradioreflejos.com.ar\/2021\/wp-json\/wp\/v2\/posts\/68071\/revisions"}],"predecessor-version":[{"id":68088,"href":"https:\/\/www.noticiasradioreflejos.com.ar\/2021\/wp-json\/wp\/v2\/posts\/68071\/revisions\/68088"}],"wp:attachment":[{"href":"https:\/\/www.noticiasradioreflejos.com.ar\/2021\/wp-json\/wp\/v2\/media?parent=68071"}],"wp:term":[{"taxonomy":"category","embeddable":true,"href":"https:\/\/www.noticiasradioreflejos.com.ar\/2021\/wp-json\/wp\/v2\/categories?post=68071"},{"taxonomy":"post_tag","embeddable":true,"href":"https:\/\/www.noticiasradioreflejos.com.ar\/2021\/wp-json\/wp\/v2\/tags?post=68071"}],"curies":[{"name":"wp","href":"https:\/\/api.w.org\/{rel}","templated":true}]}}