{"id":68056,"date":"2022-02-09T13:02:37","date_gmt":"2022-02-09T13:02:37","guid":{"rendered":"http:\/\/www.noticiasradioreflejos.com.ar\/2021\/?p=68056"},"modified":"2022-02-09T13:02:37","modified_gmt":"2022-02-09T13:02:37","slug":"la-biblioteca-de-villa-ventana-celebra-su-20-aniversario-este-jueves-con-muchas-actividades","status":"publish","type":"post","link":"https:\/\/www.noticiasradioreflejos.com.ar\/2021\/la-biblioteca-de-villa-ventana-celebra-su-20-aniversario-este-jueves-con-muchas-actividades\/","title":{"rendered":"La Biblioteca de Villa Ventana celebra su 20\u00b0 aniversario este jueves con muchas actividades."},"content":{"rendered":"<p>Este jueves 18 de febrero desde las 18 hs., la Biblioteca Popular Macedonio Fernandez celebra los 20 a\u00f1os de su fundaci\u00f3n con un variado programa de actividades para todas las edades, donde no faltar\u00e1 la m\u00fasica, baile, y la torta con velitas.<!--more--><\/p>\n<p><a title=\"273306600_4886727844740787_4036116392975721237_n - copia\" href=\"https:\/\/www.flickr.com\/photos\/182279889@N02\/51872145250\/in\/dateposted-public\/\" data-flickr-embed=\"true\"><img loading=\"lazy\" decoding=\"async\" src=\"https:\/\/live.staticflickr.com\/65535\/51872145250_6d331a5bb5_z.jpg\" alt=\"273306600_4886727844740787_4036116392975721237_n - copia\" width=\"511\" height=\"640\" \/><\/a><script async src=\"\/\/embedr.flickr.com\/assets\/client-code.js\" charset=\"utf-8\"><\/script><\/p>\n","protected":false},"excerpt":{"rendered":"<p>Este jueves 18 de febrero desde las 18 hs., la Biblioteca Popular Macedonio Fernandez celebra los 20 a\u00f1os de su fundaci\u00f3n con un variado programa de actividades para todas las edades, donde no faltar\u00e1 la m\u00fasica, baile, y la torta con velitas.<\/p>\n","protected":false},"author":3,"featured_media":56876,"comment_status":"closed","ping_status":"closed","sticky":false,"template":"","format":"standard","meta":{"footnotes":""},"categories":[35],"tags":[],"class_list":["post-68056","post","type-post","status-publish","format-standard","has-post-thumbnail","hentry","category-cultura"],"yoast_head":"<!-- This site is optimized with the Yoast SEO plugin v25.9 - https:\/\/yoast.com\/wordpress\/plugins\/seo\/ -->\n<title>La Biblioteca de Villa Ventana celebra su 20\u00b0 aniversario este jueves con muchas actividades. - Noticias Radio Reflejos<\/title>\n<meta name=\"robots\" content=\"index, follow, max-snippet:-1, max-image-preview:large, max-video-preview:-1\" \/>\n<link rel=\"canonical\" href=\"https:\/\/www.noticiasradioreflejos.com.ar\/2021\/la-biblioteca-de-villa-ventana-celebra-su-20-aniversario-este-jueves-con-muchas-actividades\/\" \/>\n<meta property=\"og:locale\" content=\"es_ES\" \/>\n<meta property=\"og:type\" content=\"article\" \/>\n<meta property=\"og:title\" content=\"La Biblioteca de Villa Ventana celebra su 20\u00b0 aniversario este jueves con muchas actividades. - Noticias Radio Reflejos\" \/>\n<meta property=\"og:description\" content=\"Este jueves 18 de febrero desde las 18 hs., la Biblioteca Popular Macedonio Fernandez celebra los 20 a\u00f1os de su fundaci\u00f3n con un variado programa de actividades para todas las edades, donde no faltar\u00e1 la m\u00fasica, baile, y la torta con velitas.\" \/>\n<meta property=\"og:url\" content=\"https:\/\/www.noticiasradioreflejos.com.ar\/2021\/la-biblioteca-de-villa-ventana-celebra-su-20-aniversario-este-jueves-con-muchas-actividades\/\" \/>\n<meta property=\"og:site_name\" content=\"Noticias Radio Reflejos\" \/>\n<meta property=\"article:published_time\" content=\"2022-02-09T13:02:37+00:00\" \/>\n<meta property=\"og:image\" content=\"https:\/\/www.noticiasradioreflejos.com.ar\/2021\/wp-content\/uploads\/2021\/05\/bibliotecaMacedonioFernandez.jpg\" \/>\n\t<meta property=\"og:image:width\" content=\"400\" \/>\n\t<meta property=\"og:image:height\" content=\"268\" \/>\n\t<meta property=\"og:image:type\" content=\"image\/jpeg\" \/>\n<meta name=\"author\" content=\"Arnaldo Botto\" \/>\n<meta name=\"twitter:card\" content=\"summary_large_image\" \/>\n<script type=\"application\/ld+json\" class=\"yoast-schema-graph\">{\"@context\":\"https:\/\/schema.org\",\"@graph\":[{\"@type\":\"WebPage\",\"@id\":\"https:\/\/www.noticiasradioreflejos.com.ar\/2021\/la-biblioteca-de-villa-ventana-celebra-su-20-aniversario-este-jueves-con-muchas-actividades\/\",\"url\":\"https:\/\/www.noticiasradioreflejos.com.ar\/2021\/la-biblioteca-de-villa-ventana-celebra-su-20-aniversario-este-jueves-con-muchas-actividades\/\",\"name\":\"La Biblioteca de Villa Ventana celebra su 20\u00b0 aniversario este jueves con muchas actividades. - Noticias Radio Reflejos\",\"isPartOf\":{\"@id\":\"https:\/\/www.noticiasradioreflejos.com.ar\/2021\/#website\"},\"primaryImageOfPage\":{\"@id\":\"https:\/\/www.noticiasradioreflejos.com.ar\/2021\/la-biblioteca-de-villa-ventana-celebra-su-20-aniversario-este-jueves-con-muchas-actividades\/#primaryimage\"},\"image\":{\"@id\":\"https:\/\/www.noticiasradioreflejos.com.ar\/2021\/la-biblioteca-de-villa-ventana-celebra-su-20-aniversario-este-jueves-con-muchas-actividades\/#primaryimage\"},\"thumbnailUrl\":\"https:\/\/www.noticiasradioreflejos.com.ar\/2021\/wp-content\/uploads\/2021\/05\/bibliotecaMacedonioFernandez.jpg\",\"datePublished\":\"2022-02-09T13:02:37+00:00\",\"author\":{\"@id\":\"https:\/\/www.noticiasradioreflejos.com.ar\/2021\/#\/schema\/person\/ad82545263dcc5ec0996818884fd5fb1\"},\"breadcrumb\":{\"@id\":\"https:\/\/www.noticiasradioreflejos.com.ar\/2021\/la-biblioteca-de-villa-ventana-celebra-su-20-aniversario-este-jueves-con-muchas-actividades\/#breadcrumb\"},\"inLanguage\":\"es\",\"potentialAction\":[{\"@type\":\"ReadAction\",\"target\":[\"https:\/\/www.noticiasradioreflejos.com.ar\/2021\/la-biblioteca-de-villa-ventana-celebra-su-20-aniversario-este-jueves-con-muchas-actividades\/\"]}]},{\"@type\":\"ImageObject\",\"inLanguage\":\"es\",\"@id\":\"https:\/\/www.noticiasradioreflejos.com.ar\/2021\/la-biblioteca-de-villa-ventana-celebra-su-20-aniversario-este-jueves-con-muchas-actividades\/#primaryimage\",\"url\":\"https:\/\/www.noticiasradioreflejos.com.ar\/2021\/wp-content\/uploads\/2021\/05\/bibliotecaMacedonioFernandez.jpg\",\"contentUrl\":\"https:\/\/www.noticiasradioreflejos.com.ar\/2021\/wp-content\/uploads\/2021\/05\/bibliotecaMacedonioFernandez.jpg\",\"width\":400,\"height\":268},{\"@type\":\"BreadcrumbList\",\"@id\":\"https:\/\/www.noticiasradioreflejos.com.ar\/2021\/la-biblioteca-de-villa-ventana-celebra-su-20-aniversario-este-jueves-con-muchas-actividades\/#breadcrumb\",\"itemListElement\":[{\"@type\":\"ListItem\",\"position\":1,\"name\":\"Portada\",\"item\":\"https:\/\/www.noticiasradioreflejos.com.ar\/2021\/\"},{\"@type\":\"ListItem\",\"position\":2,\"name\":\"La Biblioteca de Villa Ventana celebra su 20\u00b0 aniversario este jueves con muchas actividades.\"}]},{\"@type\":\"WebSite\",\"@id\":\"https:\/\/www.noticiasradioreflejos.com.ar\/2021\/#website\",\"url\":\"https:\/\/www.noticiasradioreflejos.com.ar\/2021\/\",\"name\":\"Noticias Radio Reflejos\",\"description\":\"Las noticias de mi comarca\",\"potentialAction\":[{\"@type\":\"SearchAction\",\"target\":{\"@type\":\"EntryPoint\",\"urlTemplate\":\"https:\/\/www.noticiasradioreflejos.com.ar\/2021\/?s={search_term_string}\"},\"query-input\":{\"@type\":\"PropertyValueSpecification\",\"valueRequired\":true,\"valueName\":\"search_term_string\"}}],\"inLanguage\":\"es\"},{\"@type\":\"Person\",\"@id\":\"https:\/\/www.noticiasradioreflejos.com.ar\/2021\/#\/schema\/person\/ad82545263dcc5ec0996818884fd5fb1\",\"name\":\"Arnaldo Botto\",\"image\":{\"@type\":\"ImageObject\",\"inLanguage\":\"es\",\"@id\":\"https:\/\/www.noticiasradioreflejos.com.ar\/2021\/#\/schema\/person\/image\/\",\"url\":\"https:\/\/secure.gravatar.com\/avatar\/55cb5e37c1efa326397366e6974cb338056df65cb50e7d64d1cf314e87504837?s=96&d=mm&r=g\",\"contentUrl\":\"https:\/\/secure.gravatar.com\/avatar\/55cb5e37c1efa326397366e6974cb338056df65cb50e7d64d1cf314e87504837?s=96&d=mm&r=g\",\"caption\":\"Arnaldo Botto\"},\"url\":\"https:\/\/www.noticiasradioreflejos.com.ar\/2021\/author\/arnaldo\/\"}]}<\/script>\n<!-- \/ Yoast SEO plugin. -->","yoast_head_json":{"title":"La Biblioteca de Villa Ventana celebra su 20\u00b0 aniversario este jueves con muchas actividades. - Noticias Radio Reflejos","robots":{"index":"index","follow":"follow","max-snippet":"max-snippet:-1","max-image-preview":"max-image-preview:large","max-video-preview":"max-video-preview:-1"},"canonical":"https:\/\/www.noticiasradioreflejos.com.ar\/2021\/la-biblioteca-de-villa-ventana-celebra-su-20-aniversario-este-jueves-con-muchas-actividades\/","og_locale":"es_ES","og_type":"article","og_title":"La Biblioteca de Villa Ventana celebra su 20\u00b0 aniversario este jueves con muchas actividades. - Noticias Radio Reflejos","og_description":"Este jueves 18 de febrero desde las 18 hs., la Biblioteca Popular Macedonio Fernandez celebra los 20 a\u00f1os de su fundaci\u00f3n con un variado programa de actividades para todas las edades, donde no faltar\u00e1 la m\u00fasica, baile, y la torta con velitas.","og_url":"https:\/\/www.noticiasradioreflejos.com.ar\/2021\/la-biblioteca-de-villa-ventana-celebra-su-20-aniversario-este-jueves-con-muchas-actividades\/","og_site_name":"Noticias Radio Reflejos","article_published_time":"2022-02-09T13:02:37+00:00","og_image":[{"width":400,"height":268,"url":"https:\/\/www.noticiasradioreflejos.com.ar\/2021\/wp-content\/uploads\/2021\/05\/bibliotecaMacedonioFernandez.jpg","type":"image\/jpeg"}],"author":"Arnaldo Botto","twitter_card":"summary_large_image","schema":{"@context":"https:\/\/schema.org","@graph":[{"@type":"WebPage","@id":"https:\/\/www.noticiasradioreflejos.com.ar\/2021\/la-biblioteca-de-villa-ventana-celebra-su-20-aniversario-este-jueves-con-muchas-actividades\/","url":"https:\/\/www.noticiasradioreflejos.com.ar\/2021\/la-biblioteca-de-villa-ventana-celebra-su-20-aniversario-este-jueves-con-muchas-actividades\/","name":"La Biblioteca de Villa Ventana celebra su 20\u00b0 aniversario este jueves con muchas actividades. - Noticias Radio Reflejos","isPartOf":{"@id":"https:\/\/www.noticiasradioreflejos.com.ar\/2021\/#website"},"primaryImageOfPage":{"@id":"https:\/\/www.noticiasradioreflejos.com.ar\/2021\/la-biblioteca-de-villa-ventana-celebra-su-20-aniversario-este-jueves-con-muchas-actividades\/#primaryimage"},"image":{"@id":"https:\/\/www.noticiasradioreflejos.com.ar\/2021\/la-biblioteca-de-villa-ventana-celebra-su-20-aniversario-este-jueves-con-muchas-actividades\/#primaryimage"},"thumbnailUrl":"https:\/\/www.noticiasradioreflejos.com.ar\/2021\/wp-content\/uploads\/2021\/05\/bibliotecaMacedonioFernandez.jpg","datePublished":"2022-02-09T13:02:37+00:00","author":{"@id":"https:\/\/www.noticiasradioreflejos.com.ar\/2021\/#\/schema\/person\/ad82545263dcc5ec0996818884fd5fb1"},"breadcrumb":{"@id":"https:\/\/www.noticiasradioreflejos.com.ar\/2021\/la-biblioteca-de-villa-ventana-celebra-su-20-aniversario-este-jueves-con-muchas-actividades\/#breadcrumb"},"inLanguage":"es","potentialAction":[{"@type":"ReadAction","target":["https:\/\/www.noticiasradioreflejos.com.ar\/2021\/la-biblioteca-de-villa-ventana-celebra-su-20-aniversario-este-jueves-con-muchas-actividades\/"]}]},{"@type":"ImageObject","inLanguage":"es","@id":"https:\/\/www.noticiasradioreflejos.com.ar\/2021\/la-biblioteca-de-villa-ventana-celebra-su-20-aniversario-este-jueves-con-muchas-actividades\/#primaryimage","url":"https:\/\/www.noticiasradioreflejos.com.ar\/2021\/wp-content\/uploads\/2021\/05\/bibliotecaMacedonioFernandez.jpg","contentUrl":"https:\/\/www.noticiasradioreflejos.com.ar\/2021\/wp-content\/uploads\/2021\/05\/bibliotecaMacedonioFernandez.jpg","width":400,"height":268},{"@type":"BreadcrumbList","@id":"https:\/\/www.noticiasradioreflejos.com.ar\/2021\/la-biblioteca-de-villa-ventana-celebra-su-20-aniversario-este-jueves-con-muchas-actividades\/#breadcrumb","itemListElement":[{"@type":"ListItem","position":1,"name":"Portada","item":"https:\/\/www.noticiasradioreflejos.com.ar\/2021\/"},{"@type":"ListItem","position":2,"name":"La Biblioteca de Villa Ventana celebra su 20\u00b0 aniversario este jueves con muchas actividades."}]},{"@type":"WebSite","@id":"https:\/\/www.noticiasradioreflejos.com.ar\/2021\/#website","url":"https:\/\/www.noticiasradioreflejos.com.ar\/2021\/","name":"Noticias Radio Reflejos","description":"Las noticias de mi comarca","potentialAction":[{"@type":"SearchAction","target":{"@type":"EntryPoint","urlTemplate":"https:\/\/www.noticiasradioreflejos.com.ar\/2021\/?s={search_term_string}"},"query-input":{"@type":"PropertyValueSpecification","valueRequired":true,"valueName":"search_term_string"}}],"inLanguage":"es"},{"@type":"Person","@id":"https:\/\/www.noticiasradioreflejos.com.ar\/2021\/#\/schema\/person\/ad82545263dcc5ec0996818884fd5fb1","name":"Arnaldo Botto","image":{"@type":"ImageObject","inLanguage":"es","@id":"https:\/\/www.noticiasradioreflejos.com.ar\/2021\/#\/schema\/person\/image\/","url":"https:\/\/secure.gravatar.com\/avatar\/55cb5e37c1efa326397366e6974cb338056df65cb50e7d64d1cf314e87504837?s=96&d=mm&r=g","contentUrl":"https:\/\/secure.gravatar.com\/avatar\/55cb5e37c1efa326397366e6974cb338056df65cb50e7d64d1cf314e87504837?s=96&d=mm&r=g","caption":"Arnaldo Botto"},"url":"https:\/\/www.noticiasradioreflejos.com.ar\/2021\/author\/arnaldo\/"}]}},"_links":{"self":[{"href":"https:\/\/www.noticiasradioreflejos.com.ar\/2021\/wp-json\/wp\/v2\/posts\/68056","targetHints":{"allow":["GET"]}}],"collection":[{"href":"https:\/\/www.noticiasradioreflejos.com.ar\/2021\/wp-json\/wp\/v2\/posts"}],"about":[{"href":"https:\/\/www.noticiasradioreflejos.com.ar\/2021\/wp-json\/wp\/v2\/types\/post"}],"author":[{"embeddable":true,"href":"https:\/\/www.noticiasradioreflejos.com.ar\/2021\/wp-json\/wp\/v2\/users\/3"}],"replies":[{"embeddable":true,"href":"https:\/\/www.noticiasradioreflejos.com.ar\/2021\/wp-json\/wp\/v2\/comments?post=68056"}],"version-history":[{"count":1,"href":"https:\/\/www.noticiasradioreflejos.com.ar\/2021\/wp-json\/wp\/v2\/posts\/68056\/revisions"}],"predecessor-version":[{"id":68058,"href":"https:\/\/www.noticiasradioreflejos.com.ar\/2021\/wp-json\/wp\/v2\/posts\/68056\/revisions\/68058"}],"wp:featuredmedia":[{"embeddable":true,"href":"https:\/\/www.noticiasradioreflejos.com.ar\/2021\/wp-json\/wp\/v2\/media\/56876"}],"wp:attachment":[{"href":"https:\/\/www.noticiasradioreflejos.com.ar\/2021\/wp-json\/wp\/v2\/media?parent=68056"}],"wp:term":[{"taxonomy":"category","embeddable":true,"href":"https:\/\/www.noticiasradioreflejos.com.ar\/2021\/wp-json\/wp\/v2\/categories?post=68056"},{"taxonomy":"post_tag","embeddable":true,"href":"https:\/\/www.noticiasradioreflejos.com.ar\/2021\/wp-json\/wp\/v2\/tags?post=68056"}],"curies":[{"name":"wp","href":"https:\/\/api.w.org\/{rel}","templated":true}]}}