{"id":68049,"date":"2022-02-09T10:48:00","date_gmt":"2022-02-09T10:48:00","guid":{"rendered":"http:\/\/www.noticiasradioreflejos.com.ar\/2021\/?p=68049"},"modified":"2022-02-09T10:48:00","modified_gmt":"2022-02-09T10:48:00","slug":"dos-camiones-chocaron-en-la-ruta-51-y-volcaron-parte-de-su-carga","status":"publish","type":"post","link":"https:\/\/www.noticiasradioreflejos.com.ar\/2021\/dos-camiones-chocaron-en-la-ruta-51-y-volcaron-parte-de-su-carga\/","title":{"rendered":"Dos camiones chocaron en la Ruta 51 y volcaron parte de su carga"},"content":{"rendered":"<header id=\"mvp-post-head\" class=\"left relative\">Los servidores p\u00fablicos debieron trabajar por m\u00e1s de cuatro horas para liberar el camino.<\/p>\n<\/header>\n<p><!--more--><\/p>\n<div class=\"mvp-post-main-out left relative\">\n<div class=\"mvp-post-main-in\">\n<div id=\"mvp-post-content\" class=\"left relative\">\n<div id=\"mvp-post-feat-img\" class=\"left relative mvp-post-feat-img-wide2\"><img loading=\"lazy\" decoding=\"async\" class=\"attachment- size- wp-post-image\" src=\"https:\/\/www.labrujula24.com\/wp-content\/uploads\/2022\/02\/Untitled-1-23.jpg\" sizes=\"auto, (max-width: 1200px) 100vw, 1200px\" srcset=\"https:\/\/www.labrujula24.com\/wp-content\/uploads\/2022\/02\/Untitled-1-23.jpg 1200w, https:\/\/www.labrujula24.com\/wp-content\/uploads\/2022\/02\/Untitled-1-23-768x461.jpg 768w, https:\/\/www.labrujula24.com\/wp-content\/uploads\/2022\/02\/Untitled-1-23-1000x600.jpg 1000w, https:\/\/www.labrujula24.com\/wp-content\/uploads\/2022\/02\/Untitled-1-23-590x354.jpg 590w, https:\/\/www.labrujula24.com\/wp-content\/uploads\/2022\/02\/Untitled-1-23-400x240.jpg 400w\" alt=\"\" width=\"1200\" height=\"720\" \/><\/div>\n<div id=\"mvp-content-wrap\" class=\"left relative\">\n<div class=\"mvp-post-soc-out right relative\">\n<div class=\"mvp-post-soc-in\">\n<div id=\"mvp-content-body\" class=\"left relative\">\n<div id=\"mvp-content-body-top\" class=\"left relative\">\n<div id=\"mvp-content-main\" class=\"left relative\">\n<div id=\"textbody\">\n<div class=\"code-block code-block-2\">\n<div class=\"at-above-post\" data-url=\"https:\/\/www.labrujula24.com\/notas\/2022\/02\/09\/dos-camiones-chocaron-en-la-ruta-51-y-volcaron-parte-de-su-carga-n191681\/\" data-title=\"Dos camiones chocaron en la Ruta 51 y volcaron parte de su carga\" data-description=\"Los servidores p\u00fablicos debieron trabajar por m\u00e1s de cuatro horas para liberar el camino. \">\n<div id=\"atstbx\" class=\"at-resp-share-element at-style-responsive addthis-smartlayers addthis-animated at4-show\" role=\"region\" aria-labelledby=\"at-5264ba9d-23be-481d-8bf4-de2a38377297\"><span id=\"at-5264ba9d-23be-481d-8bf4-de2a38377297\" class=\"at4-visually-hidden\"><\/span><\/p>\n<div class=\"at-share-btn-elements\"><\/div>\n<\/div>\n<\/div>\n<\/div>\n<p>Dos camiones protagonizaron un choque pasada la una y media de la madrugada de hoy, en el kil\u00f3metro 689 de la Ruta 51.<\/p>\n<figure class=\"wp-block-image size-full\"><img loading=\"lazy\" decoding=\"async\" class=\"wp-image-191683\" src=\"https:\/\/www.labrujula24.com\/wp-content\/uploads\/2022\/02\/3891b068-4f24-415f-aff3-7f2b38e8e845.jpg\" sizes=\"auto, (max-width: 1152px) 100vw, 1152px\" srcset=\"https:\/\/www.labrujula24.com\/wp-content\/uploads\/2022\/02\/3891b068-4f24-415f-aff3-7f2b38e8e845.jpg 1152w, https:\/\/www.labrujula24.com\/wp-content\/uploads\/2022\/02\/3891b068-4f24-415f-aff3-7f2b38e8e845-768x576.jpg 768w\" alt=\"\" width=\"1152\" height=\"864\" \/><\/figure>\n<p>Seg\u00fan indicaron fuentes oficiales a la redacci\u00f3n de\u00a0<strong>La Br\u00fajula 24<\/strong>, un Volvo conducido por Norberto Perio, de 50 a\u00f1os, fue el que colision\u00f3 con la parte trasera de un Mercedes Benz en el que viajaba Humberto Piano, de 31. Seg\u00fan indic\u00f3 el camionero, no lleg\u00f3 a verlo, y cuando not\u00f3 su presencia, ya no pudo evitar el accidente.<\/p>\n<div class=\"code-block code-block-11\"><\/div>\n<div class=\"wp-block-image\">\n<figure class=\"aligncenter size-full is-resized\"><img loading=\"lazy\" decoding=\"async\" class=\"wp-image-191684\" src=\"https:\/\/www.labrujula24.com\/wp-content\/uploads\/2022\/02\/5e8cc9ee-38a7-461d-90c1-32674e95d574.jpg\" sizes=\"auto, (max-width: 432px) 100vw, 432px\" srcset=\"https:\/\/www.labrujula24.com\/wp-content\/uploads\/2022\/02\/5e8cc9ee-38a7-461d-90c1-32674e95d574.jpg 864w, https:\/\/www.labrujula24.com\/wp-content\/uploads\/2022\/02\/5e8cc9ee-38a7-461d-90c1-32674e95d574-768x1024.jpg 768w\" alt=\"\" width=\"432\" height=\"576\" \/><\/figure>\n<\/div>\n<p>El primero de los veh\u00edculos de carga transportaba bebidas, mientras que el otro llevaba cereal, y debido al impacto, gran parte de la carga termin\u00f3 volcada en la cinta asf\u00e1ltica. Personal de la guardia de Defensa Civil, bomberos de Cabildo, adem\u00e1s de polic\u00eda vial y de la vecina localidad, debieron trabajar durante m\u00e1s de cuatro horas para liberar el camino.\u00a0<strong>A pesar de ello, se sugiere transitar con precauci\u00f3n.<\/strong><\/p>\n<p>Los choferes fueron atendidos por personal de una ambulancia de Cabildo, aunque no sufrieron lesiones.<\/p>\n<\/div>\n<\/div>\n<\/div>\n<\/div>\n<\/div>\n<\/div>\n<\/div>\n<\/div>\n<\/div>\n<\/div>\n","protected":false},"excerpt":{"rendered":"<p>Los servidores p\u00fablicos debieron trabajar por m\u00e1s de cuatro horas para liberar el camino.<\/p>\n","protected":false},"author":3,"featured_media":0,"comment_status":"closed","ping_status":"closed","sticky":false,"template":"","format":"standard","meta":{"footnotes":""},"categories":[29],"tags":[],"class_list":["post-68049","post","type-post","status-publish","format-standard","hentry","category-policiales"],"yoast_head":"<!-- This site is optimized with the Yoast SEO plugin v25.9 - https:\/\/yoast.com\/wordpress\/plugins\/seo\/ -->\n<title>Dos camiones chocaron en la Ruta 51 y volcaron parte de su carga - Noticias Radio Reflejos<\/title>\n<meta name=\"robots\" content=\"index, follow, max-snippet:-1, max-image-preview:large, max-video-preview:-1\" \/>\n<link rel=\"canonical\" href=\"https:\/\/www.noticiasradioreflejos.com.ar\/2021\/dos-camiones-chocaron-en-la-ruta-51-y-volcaron-parte-de-su-carga\/\" \/>\n<meta property=\"og:locale\" content=\"es_ES\" \/>\n<meta property=\"og:type\" content=\"article\" \/>\n<meta property=\"og:title\" content=\"Dos camiones chocaron en la Ruta 51 y volcaron parte de su carga - Noticias Radio Reflejos\" \/>\n<meta property=\"og:description\" content=\"Los servidores p\u00fablicos debieron trabajar por m\u00e1s de cuatro horas para liberar el camino.\" \/>\n<meta property=\"og:url\" content=\"https:\/\/www.noticiasradioreflejos.com.ar\/2021\/dos-camiones-chocaron-en-la-ruta-51-y-volcaron-parte-de-su-carga\/\" \/>\n<meta property=\"og:site_name\" content=\"Noticias Radio Reflejos\" \/>\n<meta property=\"article:published_time\" content=\"2022-02-09T10:48:00+00:00\" \/>\n<meta property=\"og:image\" content=\"https:\/\/www.labrujula24.com\/wp-content\/uploads\/2022\/02\/Untitled-1-23.jpg\" \/>\n<meta name=\"author\" content=\"Arnaldo Botto\" \/>\n<meta name=\"twitter:card\" content=\"summary_large_image\" \/>\n<script type=\"application\/ld+json\" class=\"yoast-schema-graph\">{\"@context\":\"https:\/\/schema.org\",\"@graph\":[{\"@type\":\"WebPage\",\"@id\":\"https:\/\/www.noticiasradioreflejos.com.ar\/2021\/dos-camiones-chocaron-en-la-ruta-51-y-volcaron-parte-de-su-carga\/\",\"url\":\"https:\/\/www.noticiasradioreflejos.com.ar\/2021\/dos-camiones-chocaron-en-la-ruta-51-y-volcaron-parte-de-su-carga\/\",\"name\":\"Dos camiones chocaron en la Ruta 51 y volcaron parte de su carga - Noticias Radio Reflejos\",\"isPartOf\":{\"@id\":\"https:\/\/www.noticiasradioreflejos.com.ar\/2021\/#website\"},\"primaryImageOfPage\":{\"@id\":\"https:\/\/www.noticiasradioreflejos.com.ar\/2021\/dos-camiones-chocaron-en-la-ruta-51-y-volcaron-parte-de-su-carga\/#primaryimage\"},\"image\":{\"@id\":\"https:\/\/www.noticiasradioreflejos.com.ar\/2021\/dos-camiones-chocaron-en-la-ruta-51-y-volcaron-parte-de-su-carga\/#primaryimage\"},\"thumbnailUrl\":\"https:\/\/www.labrujula24.com\/wp-content\/uploads\/2022\/02\/Untitled-1-23.jpg\",\"datePublished\":\"2022-02-09T10:48:00+00:00\",\"author\":{\"@id\":\"https:\/\/www.noticiasradioreflejos.com.ar\/2021\/#\/schema\/person\/ad82545263dcc5ec0996818884fd5fb1\"},\"breadcrumb\":{\"@id\":\"https:\/\/www.noticiasradioreflejos.com.ar\/2021\/dos-camiones-chocaron-en-la-ruta-51-y-volcaron-parte-de-su-carga\/#breadcrumb\"},\"inLanguage\":\"es\",\"potentialAction\":[{\"@type\":\"ReadAction\",\"target\":[\"https:\/\/www.noticiasradioreflejos.com.ar\/2021\/dos-camiones-chocaron-en-la-ruta-51-y-volcaron-parte-de-su-carga\/\"]}]},{\"@type\":\"ImageObject\",\"inLanguage\":\"es\",\"@id\":\"https:\/\/www.noticiasradioreflejos.com.ar\/2021\/dos-camiones-chocaron-en-la-ruta-51-y-volcaron-parte-de-su-carga\/#primaryimage\",\"url\":\"https:\/\/www.labrujula24.com\/wp-content\/uploads\/2022\/02\/Untitled-1-23.jpg\",\"contentUrl\":\"https:\/\/www.labrujula24.com\/wp-content\/uploads\/2022\/02\/Untitled-1-23.jpg\"},{\"@type\":\"BreadcrumbList\",\"@id\":\"https:\/\/www.noticiasradioreflejos.com.ar\/2021\/dos-camiones-chocaron-en-la-ruta-51-y-volcaron-parte-de-su-carga\/#breadcrumb\",\"itemListElement\":[{\"@type\":\"ListItem\",\"position\":1,\"name\":\"Portada\",\"item\":\"https:\/\/www.noticiasradioreflejos.com.ar\/2021\/\"},{\"@type\":\"ListItem\",\"position\":2,\"name\":\"Dos camiones chocaron en la Ruta 51 y volcaron parte de su carga\"}]},{\"@type\":\"WebSite\",\"@id\":\"https:\/\/www.noticiasradioreflejos.com.ar\/2021\/#website\",\"url\":\"https:\/\/www.noticiasradioreflejos.com.ar\/2021\/\",\"name\":\"Noticias Radio Reflejos\",\"description\":\"Las noticias de mi comarca\",\"potentialAction\":[{\"@type\":\"SearchAction\",\"target\":{\"@type\":\"EntryPoint\",\"urlTemplate\":\"https:\/\/www.noticiasradioreflejos.com.ar\/2021\/?s={search_term_string}\"},\"query-input\":{\"@type\":\"PropertyValueSpecification\",\"valueRequired\":true,\"valueName\":\"search_term_string\"}}],\"inLanguage\":\"es\"},{\"@type\":\"Person\",\"@id\":\"https:\/\/www.noticiasradioreflejos.com.ar\/2021\/#\/schema\/person\/ad82545263dcc5ec0996818884fd5fb1\",\"name\":\"Arnaldo Botto\",\"image\":{\"@type\":\"ImageObject\",\"inLanguage\":\"es\",\"@id\":\"https:\/\/www.noticiasradioreflejos.com.ar\/2021\/#\/schema\/person\/image\/\",\"url\":\"https:\/\/secure.gravatar.com\/avatar\/55cb5e37c1efa326397366e6974cb338056df65cb50e7d64d1cf314e87504837?s=96&d=mm&r=g\",\"contentUrl\":\"https:\/\/secure.gravatar.com\/avatar\/55cb5e37c1efa326397366e6974cb338056df65cb50e7d64d1cf314e87504837?s=96&d=mm&r=g\",\"caption\":\"Arnaldo Botto\"},\"url\":\"https:\/\/www.noticiasradioreflejos.com.ar\/2021\/author\/arnaldo\/\"}]}<\/script>\n<!-- \/ Yoast SEO plugin. -->","yoast_head_json":{"title":"Dos camiones chocaron en la Ruta 51 y volcaron parte de su carga - Noticias Radio Reflejos","robots":{"index":"index","follow":"follow","max-snippet":"max-snippet:-1","max-image-preview":"max-image-preview:large","max-video-preview":"max-video-preview:-1"},"canonical":"https:\/\/www.noticiasradioreflejos.com.ar\/2021\/dos-camiones-chocaron-en-la-ruta-51-y-volcaron-parte-de-su-carga\/","og_locale":"es_ES","og_type":"article","og_title":"Dos camiones chocaron en la Ruta 51 y volcaron parte de su carga - Noticias Radio Reflejos","og_description":"Los servidores p\u00fablicos debieron trabajar por m\u00e1s de cuatro horas para liberar el camino.","og_url":"https:\/\/www.noticiasradioreflejos.com.ar\/2021\/dos-camiones-chocaron-en-la-ruta-51-y-volcaron-parte-de-su-carga\/","og_site_name":"Noticias Radio Reflejos","article_published_time":"2022-02-09T10:48:00+00:00","og_image":[{"url":"https:\/\/www.labrujula24.com\/wp-content\/uploads\/2022\/02\/Untitled-1-23.jpg","type":"","width":"","height":""}],"author":"Arnaldo Botto","twitter_card":"summary_large_image","schema":{"@context":"https:\/\/schema.org","@graph":[{"@type":"WebPage","@id":"https:\/\/www.noticiasradioreflejos.com.ar\/2021\/dos-camiones-chocaron-en-la-ruta-51-y-volcaron-parte-de-su-carga\/","url":"https:\/\/www.noticiasradioreflejos.com.ar\/2021\/dos-camiones-chocaron-en-la-ruta-51-y-volcaron-parte-de-su-carga\/","name":"Dos camiones chocaron en la Ruta 51 y volcaron parte de su carga - Noticias Radio Reflejos","isPartOf":{"@id":"https:\/\/www.noticiasradioreflejos.com.ar\/2021\/#website"},"primaryImageOfPage":{"@id":"https:\/\/www.noticiasradioreflejos.com.ar\/2021\/dos-camiones-chocaron-en-la-ruta-51-y-volcaron-parte-de-su-carga\/#primaryimage"},"image":{"@id":"https:\/\/www.noticiasradioreflejos.com.ar\/2021\/dos-camiones-chocaron-en-la-ruta-51-y-volcaron-parte-de-su-carga\/#primaryimage"},"thumbnailUrl":"https:\/\/www.labrujula24.com\/wp-content\/uploads\/2022\/02\/Untitled-1-23.jpg","datePublished":"2022-02-09T10:48:00+00:00","author":{"@id":"https:\/\/www.noticiasradioreflejos.com.ar\/2021\/#\/schema\/person\/ad82545263dcc5ec0996818884fd5fb1"},"breadcrumb":{"@id":"https:\/\/www.noticiasradioreflejos.com.ar\/2021\/dos-camiones-chocaron-en-la-ruta-51-y-volcaron-parte-de-su-carga\/#breadcrumb"},"inLanguage":"es","potentialAction":[{"@type":"ReadAction","target":["https:\/\/www.noticiasradioreflejos.com.ar\/2021\/dos-camiones-chocaron-en-la-ruta-51-y-volcaron-parte-de-su-carga\/"]}]},{"@type":"ImageObject","inLanguage":"es","@id":"https:\/\/www.noticiasradioreflejos.com.ar\/2021\/dos-camiones-chocaron-en-la-ruta-51-y-volcaron-parte-de-su-carga\/#primaryimage","url":"https:\/\/www.labrujula24.com\/wp-content\/uploads\/2022\/02\/Untitled-1-23.jpg","contentUrl":"https:\/\/www.labrujula24.com\/wp-content\/uploads\/2022\/02\/Untitled-1-23.jpg"},{"@type":"BreadcrumbList","@id":"https:\/\/www.noticiasradioreflejos.com.ar\/2021\/dos-camiones-chocaron-en-la-ruta-51-y-volcaron-parte-de-su-carga\/#breadcrumb","itemListElement":[{"@type":"ListItem","position":1,"name":"Portada","item":"https:\/\/www.noticiasradioreflejos.com.ar\/2021\/"},{"@type":"ListItem","position":2,"name":"Dos camiones chocaron en la Ruta 51 y volcaron parte de su carga"}]},{"@type":"WebSite","@id":"https:\/\/www.noticiasradioreflejos.com.ar\/2021\/#website","url":"https:\/\/www.noticiasradioreflejos.com.ar\/2021\/","name":"Noticias Radio Reflejos","description":"Las noticias de mi comarca","potentialAction":[{"@type":"SearchAction","target":{"@type":"EntryPoint","urlTemplate":"https:\/\/www.noticiasradioreflejos.com.ar\/2021\/?s={search_term_string}"},"query-input":{"@type":"PropertyValueSpecification","valueRequired":true,"valueName":"search_term_string"}}],"inLanguage":"es"},{"@type":"Person","@id":"https:\/\/www.noticiasradioreflejos.com.ar\/2021\/#\/schema\/person\/ad82545263dcc5ec0996818884fd5fb1","name":"Arnaldo Botto","image":{"@type":"ImageObject","inLanguage":"es","@id":"https:\/\/www.noticiasradioreflejos.com.ar\/2021\/#\/schema\/person\/image\/","url":"https:\/\/secure.gravatar.com\/avatar\/55cb5e37c1efa326397366e6974cb338056df65cb50e7d64d1cf314e87504837?s=96&d=mm&r=g","contentUrl":"https:\/\/secure.gravatar.com\/avatar\/55cb5e37c1efa326397366e6974cb338056df65cb50e7d64d1cf314e87504837?s=96&d=mm&r=g","caption":"Arnaldo Botto"},"url":"https:\/\/www.noticiasradioreflejos.com.ar\/2021\/author\/arnaldo\/"}]}},"_links":{"self":[{"href":"https:\/\/www.noticiasradioreflejos.com.ar\/2021\/wp-json\/wp\/v2\/posts\/68049","targetHints":{"allow":["GET"]}}],"collection":[{"href":"https:\/\/www.noticiasradioreflejos.com.ar\/2021\/wp-json\/wp\/v2\/posts"}],"about":[{"href":"https:\/\/www.noticiasradioreflejos.com.ar\/2021\/wp-json\/wp\/v2\/types\/post"}],"author":[{"embeddable":true,"href":"https:\/\/www.noticiasradioreflejos.com.ar\/2021\/wp-json\/wp\/v2\/users\/3"}],"replies":[{"embeddable":true,"href":"https:\/\/www.noticiasradioreflejos.com.ar\/2021\/wp-json\/wp\/v2\/comments?post=68049"}],"version-history":[{"count":1,"href":"https:\/\/www.noticiasradioreflejos.com.ar\/2021\/wp-json\/wp\/v2\/posts\/68049\/revisions"}],"predecessor-version":[{"id":68051,"href":"https:\/\/www.noticiasradioreflejos.com.ar\/2021\/wp-json\/wp\/v2\/posts\/68049\/revisions\/68051"}],"wp:attachment":[{"href":"https:\/\/www.noticiasradioreflejos.com.ar\/2021\/wp-json\/wp\/v2\/media?parent=68049"}],"wp:term":[{"taxonomy":"category","embeddable":true,"href":"https:\/\/www.noticiasradioreflejos.com.ar\/2021\/wp-json\/wp\/v2\/categories?post=68049"},{"taxonomy":"post_tag","embeddable":true,"href":"https:\/\/www.noticiasradioreflejos.com.ar\/2021\/wp-json\/wp\/v2\/tags?post=68049"}],"curies":[{"name":"wp","href":"https:\/\/api.w.org\/{rel}","templated":true}]}}