{"id":68025,"date":"2022-02-08T20:02:15","date_gmt":"2022-02-08T20:02:15","guid":{"rendered":"http:\/\/www.noticiasradioreflejos.com.ar\/2021\/?p=68025"},"modified":"2022-02-08T22:15:23","modified_gmt":"2022-02-08T22:15:23","slug":"un-chico-de-la-comarca-que-va-con-ilusion-por-el-lugar-donde-jugo-pupi-zanetti-en-el-club-banfield","status":"publish","type":"post","link":"https:\/\/www.noticiasradioreflejos.com.ar\/2021\/un-chico-de-la-comarca-que-va-con-ilusion-por-el-lugar-donde-jugo-pupi-zanetti-en-el-club-banfield\/","title":{"rendered":"Un chico de la comarca que va con ilusi\u00f3n por el lugar donde jug\u00f3 \u00abPupi\u00bb Zanetti en el Club Banfield."},"content":{"rendered":"<p>El jugador de <strong>Automoto<\/strong> <strong>Club Deportivo de Tornquist<\/strong> de 15 a\u00f1os, esta tarde comienza sus entrenamientos en el Taladro.\u00a0 estuvimos conversando con \u00abRafa\u00bb en nuestro programa radial coment\u00e1ndonos c\u00f3mo est\u00e1 viviendo la experiencia y c\u00f3mo es que lleg\u00f3 a ficharse en el reconocido club argentino.<!--more--><\/p>\n<p><a title=\"Molinero\" href=\"https:\/\/www.flickr.com\/photos\/182279889@N02\/51870613113\/in\/dateposted-public\/\" data-flickr-embed=\"true\"><img loading=\"lazy\" decoding=\"async\" src=\"https:\/\/live.staticflickr.com\/65535\/51870613113_7906f19880_z.jpg\" alt=\"Molinero\" width=\"640\" height=\"640\" \/><\/a><script async src=\"\/\/embedr.flickr.com\/assets\/client-code.js\" charset=\"utf-8\"><\/script><\/p>\n<p>En su primer entrenamiento en el Taladro con la <strong>camiseta ADN Banfile\u00f1o<\/strong><\/p>\n<p>\u00abEl a\u00f1o pasado yo quer\u00eda probarme en clubes y Carlos Grassi, el pap\u00e1 de \u00c1ngelo, le pas\u00f3 el n\u00famero del coordinador a mi hermano. Mi hermano le quiso pasar un video m\u00edo jugando y le dijo que no, que directamente vaya a probarme. Estuve una semana entrenando y me ficharon\u00bb coment\u00f3 Rafael c\u00f3mo fue que lleg\u00f3 a Banfield.<\/p>\n<p><img loading=\"lazy\" decoding=\"async\" class=\"aligncenter size-full wp-image-68036\" src=\"http:\/\/www.noticiasradioreflejos.com.ar\/2021\/wp-content\/uploads\/2022\/02\/Rafa-Molinero-2.jpeg\" alt=\"\" width=\"568\" height=\"406\" \/><\/p>\n<p>Rafael arranc\u00f3 a jugar al f\u00fatbol a los 3 a\u00f1os, donde su primer profesor fue Mauricio Kugler, quien lo acompa\u00f1\u00f3 hasta sus \u00faltimos pasos en el Club Automoto. Rafael se desempe\u00f1a como marcador lateral derecho, una banda de juego donde se destacaron grandes jugadores como<strong> Jorge Carrascosa y Javier Zanetti<\/strong>, ambos llegaron a la selecci\u00f3n nacional y nacieron deportivamente en el \u00abTaladro\u00bb.<\/p>\n<p><a title=\"Rafa Molinero (3)\" href=\"https:\/\/www.flickr.com\/photos\/182279889@N02\/51870336801\/in\/dateposted-public\/\" data-flickr-embed=\"true\"><img loading=\"lazy\" decoding=\"async\" src=\"https:\/\/live.staticflickr.com\/65535\/51870336801_baa3ce6f74_z.jpg\" alt=\"Rafa Molinero (3)\" width=\"640\" height=\"631\" \/><\/a><script async src=\"\/\/embedr.flickr.com\/assets\/client-code.js\" charset=\"utf-8\"><\/script><\/p>\n<p>\u00abHoy arrancamos a entrenar a las 16hs. Ya recorr\u00ed todo el predio, es un lugar tranquilo\u00bb mencion\u00f3 sobre el predio de Luis Guill\u00f3n\u00a0 donde se ubica Ciudad Deportiva de Banfield. \u00abSeguramente la escuela va a ser una que est\u00e1 ac\u00e1 cerca\u00bb inform\u00f3 Rafael, resaltando que lo que siempre le recalcan en su familia es el estudio antes que el deporte.<\/p>\n<p>Nota completa a continuaci\u00f3n:<br \/>\n<iframe loading=\"lazy\" src=\"https:\/\/w.soundcloud.com\/player\/?url=https%3A\/\/api.soundcloud.com\/tracks\/1212154366&amp;color=%23ff5500&amp;auto_play=false&amp;hide_related=false&amp;show_comments=true&amp;show_user=true&amp;show_reposts=false&amp;show_teaser=true\" width=\"100%\" height=\"166\" frameborder=\"no\" scrolling=\"no\"><\/iframe><\/p>\n<div style=\"font-size: 10px; color: #cccccc; line-break: anywhere; word-break: normal; overflow: hidden; white-space: nowrap; text-overflow: ellipsis; font-family: Interstate,Lucida Grande,Lucida Sans Unicode,Lucida Sans,Garuda,Verdana,Tahoma,sans-serif; font-weight: 100;\"><a style=\"color: #cccccc; text-decoration: none;\" title=\"fmreflejos 103.7\" href=\"https:\/\/soundcloud.com\/fmreflejos-103-7\" target=\"_blank\" rel=\"noopener\">fmreflejos 103.7<\/a> \u00b7 <a style=\"color: #cccccc; text-decoration: none;\" title=\"Rafael Molinero\" href=\"https:\/\/soundcloud.com\/fmreflejos-103-7\/rafael-molinero\" target=\"_blank\" rel=\"noopener\">Rafael Molinero<\/a><\/div>\n<p><a title=\"Rafa Molinero (1)\" href=\"https:\/\/www.flickr.com\/photos\/182279889@N02\/51870987820\/in\/dateposted-public\/\" data-flickr-embed=\"true\"><img loading=\"lazy\" decoding=\"async\" src=\"https:\/\/live.staticflickr.com\/65535\/51870987820_10850fd2d4_o.jpg\" alt=\"Rafa Molinero (1)\" width=\"620\" height=\"475\" \/><\/a><script async src=\"\/\/embedr.flickr.com\/assets\/client-code.js\" charset=\"utf-8\"><\/script><\/p>\n","protected":false},"excerpt":{"rendered":"<p>El jugador de Automoto Club Deportivo de Tornquist de 15 a\u00f1os, esta tarde comienza sus entrenamientos en el Taladro.\u00a0 estuvimos conversando con \u00abRafa\u00bb en nuestro programa radial coment\u00e1ndonos c\u00f3mo est\u00e1 viviendo la experiencia y c\u00f3mo es que lleg\u00f3 a ficharse en el reconocido club argentino.<\/p>\n","protected":false},"author":3,"featured_media":68044,"comment_status":"closed","ping_status":"closed","sticky":false,"template":"","format":"standard","meta":{"footnotes":""},"categories":[27],"tags":[48],"class_list":["post-68025","post","type-post","status-publish","format-standard","has-post-thumbnail","hentry","category-deportes","tag-destacada"],"yoast_head":"<!-- This site is optimized with the Yoast SEO plugin v25.9 - https:\/\/yoast.com\/wordpress\/plugins\/seo\/ -->\n<title>Un chico de la comarca que va con ilusi\u00f3n por el lugar donde jug\u00f3 &quot;Pupi&quot; Zanetti en el Club Banfield. - Noticias Radio Reflejos<\/title>\n<meta name=\"robots\" content=\"index, follow, max-snippet:-1, max-image-preview:large, max-video-preview:-1\" \/>\n<link rel=\"canonical\" href=\"https:\/\/www.noticiasradioreflejos.com.ar\/2021\/un-chico-de-la-comarca-que-va-con-ilusion-por-el-lugar-donde-jugo-pupi-zanetti-en-el-club-banfield\/\" \/>\n<meta property=\"og:locale\" content=\"es_ES\" \/>\n<meta property=\"og:type\" content=\"article\" \/>\n<meta property=\"og:title\" content=\"Un chico de la comarca que va con ilusi\u00f3n por el lugar donde jug\u00f3 &quot;Pupi&quot; Zanetti en el Club Banfield. - Noticias Radio Reflejos\" \/>\n<meta property=\"og:description\" content=\"El jugador de Automoto Club Deportivo de Tornquist de 15 a\u00f1os, esta tarde comienza sus entrenamientos en el Taladro.\u00a0 estuvimos conversando con \u00abRafa\u00bb en nuestro programa radial coment\u00e1ndonos c\u00f3mo est\u00e1 viviendo la experiencia y c\u00f3mo es que lleg\u00f3 a ficharse en el reconocido club argentino.\" \/>\n<meta property=\"og:url\" content=\"https:\/\/www.noticiasradioreflejos.com.ar\/2021\/un-chico-de-la-comarca-que-va-con-ilusion-por-el-lugar-donde-jugo-pupi-zanetti-en-el-club-banfield\/\" \/>\n<meta property=\"og:site_name\" content=\"Noticias Radio Reflejos\" \/>\n<meta property=\"article:published_time\" content=\"2022-02-08T20:02:15+00:00\" \/>\n<meta property=\"article:modified_time\" content=\"2022-02-08T22:15:23+00:00\" \/>\n<meta property=\"og:image\" content=\"https:\/\/www.noticiasradioreflejos.com.ar\/2021\/wp-content\/uploads\/2022\/02\/Molinero.jpeg\" \/>\n\t<meta property=\"og:image:width\" content=\"1512\" \/>\n\t<meta property=\"og:image:height\" content=\"1512\" \/>\n\t<meta property=\"og:image:type\" content=\"image\/jpeg\" \/>\n<meta name=\"author\" content=\"Arnaldo Botto\" \/>\n<meta name=\"twitter:card\" content=\"summary_large_image\" \/>\n<script type=\"application\/ld+json\" class=\"yoast-schema-graph\">{\"@context\":\"https:\/\/schema.org\",\"@graph\":[{\"@type\":\"WebPage\",\"@id\":\"https:\/\/www.noticiasradioreflejos.com.ar\/2021\/un-chico-de-la-comarca-que-va-con-ilusion-por-el-lugar-donde-jugo-pupi-zanetti-en-el-club-banfield\/\",\"url\":\"https:\/\/www.noticiasradioreflejos.com.ar\/2021\/un-chico-de-la-comarca-que-va-con-ilusion-por-el-lugar-donde-jugo-pupi-zanetti-en-el-club-banfield\/\",\"name\":\"Un chico de la comarca que va con ilusi\u00f3n por el lugar donde jug\u00f3 \\\"Pupi\\\" Zanetti en el Club Banfield. - Noticias Radio Reflejos\",\"isPartOf\":{\"@id\":\"https:\/\/www.noticiasradioreflejos.com.ar\/2021\/#website\"},\"primaryImageOfPage\":{\"@id\":\"https:\/\/www.noticiasradioreflejos.com.ar\/2021\/un-chico-de-la-comarca-que-va-con-ilusion-por-el-lugar-donde-jugo-pupi-zanetti-en-el-club-banfield\/#primaryimage\"},\"image\":{\"@id\":\"https:\/\/www.noticiasradioreflejos.com.ar\/2021\/un-chico-de-la-comarca-que-va-con-ilusion-por-el-lugar-donde-jugo-pupi-zanetti-en-el-club-banfield\/#primaryimage\"},\"thumbnailUrl\":\"https:\/\/www.noticiasradioreflejos.com.ar\/2021\/wp-content\/uploads\/2022\/02\/Molinero.jpeg\",\"datePublished\":\"2022-02-08T20:02:15+00:00\",\"dateModified\":\"2022-02-08T22:15:23+00:00\",\"author\":{\"@id\":\"https:\/\/www.noticiasradioreflejos.com.ar\/2021\/#\/schema\/person\/ad82545263dcc5ec0996818884fd5fb1\"},\"breadcrumb\":{\"@id\":\"https:\/\/www.noticiasradioreflejos.com.ar\/2021\/un-chico-de-la-comarca-que-va-con-ilusion-por-el-lugar-donde-jugo-pupi-zanetti-en-el-club-banfield\/#breadcrumb\"},\"inLanguage\":\"es\",\"potentialAction\":[{\"@type\":\"ReadAction\",\"target\":[\"https:\/\/www.noticiasradioreflejos.com.ar\/2021\/un-chico-de-la-comarca-que-va-con-ilusion-por-el-lugar-donde-jugo-pupi-zanetti-en-el-club-banfield\/\"]}]},{\"@type\":\"ImageObject\",\"inLanguage\":\"es\",\"@id\":\"https:\/\/www.noticiasradioreflejos.com.ar\/2021\/un-chico-de-la-comarca-que-va-con-ilusion-por-el-lugar-donde-jugo-pupi-zanetti-en-el-club-banfield\/#primaryimage\",\"url\":\"https:\/\/www.noticiasradioreflejos.com.ar\/2021\/wp-content\/uploads\/2022\/02\/Molinero.jpeg\",\"contentUrl\":\"https:\/\/www.noticiasradioreflejos.com.ar\/2021\/wp-content\/uploads\/2022\/02\/Molinero.jpeg\",\"width\":1512,\"height\":1512},{\"@type\":\"BreadcrumbList\",\"@id\":\"https:\/\/www.noticiasradioreflejos.com.ar\/2021\/un-chico-de-la-comarca-que-va-con-ilusion-por-el-lugar-donde-jugo-pupi-zanetti-en-el-club-banfield\/#breadcrumb\",\"itemListElement\":[{\"@type\":\"ListItem\",\"position\":1,\"name\":\"Portada\",\"item\":\"https:\/\/www.noticiasradioreflejos.com.ar\/2021\/\"},{\"@type\":\"ListItem\",\"position\":2,\"name\":\"Un chico de la comarca que va con ilusi\u00f3n por el lugar donde jug\u00f3 \u00abPupi\u00bb Zanetti en el Club Banfield.\"}]},{\"@type\":\"WebSite\",\"@id\":\"https:\/\/www.noticiasradioreflejos.com.ar\/2021\/#website\",\"url\":\"https:\/\/www.noticiasradioreflejos.com.ar\/2021\/\",\"name\":\"Noticias Radio Reflejos\",\"description\":\"Las noticias de mi comarca\",\"potentialAction\":[{\"@type\":\"SearchAction\",\"target\":{\"@type\":\"EntryPoint\",\"urlTemplate\":\"https:\/\/www.noticiasradioreflejos.com.ar\/2021\/?s={search_term_string}\"},\"query-input\":{\"@type\":\"PropertyValueSpecification\",\"valueRequired\":true,\"valueName\":\"search_term_string\"}}],\"inLanguage\":\"es\"},{\"@type\":\"Person\",\"@id\":\"https:\/\/www.noticiasradioreflejos.com.ar\/2021\/#\/schema\/person\/ad82545263dcc5ec0996818884fd5fb1\",\"name\":\"Arnaldo Botto\",\"image\":{\"@type\":\"ImageObject\",\"inLanguage\":\"es\",\"@id\":\"https:\/\/www.noticiasradioreflejos.com.ar\/2021\/#\/schema\/person\/image\/\",\"url\":\"https:\/\/secure.gravatar.com\/avatar\/55cb5e37c1efa326397366e6974cb338056df65cb50e7d64d1cf314e87504837?s=96&d=mm&r=g\",\"contentUrl\":\"https:\/\/secure.gravatar.com\/avatar\/55cb5e37c1efa326397366e6974cb338056df65cb50e7d64d1cf314e87504837?s=96&d=mm&r=g\",\"caption\":\"Arnaldo Botto\"},\"url\":\"https:\/\/www.noticiasradioreflejos.com.ar\/2021\/author\/arnaldo\/\"}]}<\/script>\n<!-- \/ Yoast SEO plugin. -->","yoast_head_json":{"title":"Un chico de la comarca que va con ilusi\u00f3n por el lugar donde jug\u00f3 \"Pupi\" Zanetti en el Club Banfield. - Noticias Radio Reflejos","robots":{"index":"index","follow":"follow","max-snippet":"max-snippet:-1","max-image-preview":"max-image-preview:large","max-video-preview":"max-video-preview:-1"},"canonical":"https:\/\/www.noticiasradioreflejos.com.ar\/2021\/un-chico-de-la-comarca-que-va-con-ilusion-por-el-lugar-donde-jugo-pupi-zanetti-en-el-club-banfield\/","og_locale":"es_ES","og_type":"article","og_title":"Un chico de la comarca que va con ilusi\u00f3n por el lugar donde jug\u00f3 \"Pupi\" Zanetti en el Club Banfield. - Noticias Radio Reflejos","og_description":"El jugador de Automoto Club Deportivo de Tornquist de 15 a\u00f1os, esta tarde comienza sus entrenamientos en el Taladro.\u00a0 estuvimos conversando con \u00abRafa\u00bb en nuestro programa radial coment\u00e1ndonos c\u00f3mo est\u00e1 viviendo la experiencia y c\u00f3mo es que lleg\u00f3 a ficharse en el reconocido club argentino.","og_url":"https:\/\/www.noticiasradioreflejos.com.ar\/2021\/un-chico-de-la-comarca-que-va-con-ilusion-por-el-lugar-donde-jugo-pupi-zanetti-en-el-club-banfield\/","og_site_name":"Noticias Radio Reflejos","article_published_time":"2022-02-08T20:02:15+00:00","article_modified_time":"2022-02-08T22:15:23+00:00","og_image":[{"width":1512,"height":1512,"url":"https:\/\/www.noticiasradioreflejos.com.ar\/2021\/wp-content\/uploads\/2022\/02\/Molinero.jpeg","type":"image\/jpeg"}],"author":"Arnaldo Botto","twitter_card":"summary_large_image","schema":{"@context":"https:\/\/schema.org","@graph":[{"@type":"WebPage","@id":"https:\/\/www.noticiasradioreflejos.com.ar\/2021\/un-chico-de-la-comarca-que-va-con-ilusion-por-el-lugar-donde-jugo-pupi-zanetti-en-el-club-banfield\/","url":"https:\/\/www.noticiasradioreflejos.com.ar\/2021\/un-chico-de-la-comarca-que-va-con-ilusion-por-el-lugar-donde-jugo-pupi-zanetti-en-el-club-banfield\/","name":"Un chico de la comarca que va con ilusi\u00f3n por el lugar donde jug\u00f3 \"Pupi\" Zanetti en el Club Banfield. - Noticias Radio Reflejos","isPartOf":{"@id":"https:\/\/www.noticiasradioreflejos.com.ar\/2021\/#website"},"primaryImageOfPage":{"@id":"https:\/\/www.noticiasradioreflejos.com.ar\/2021\/un-chico-de-la-comarca-que-va-con-ilusion-por-el-lugar-donde-jugo-pupi-zanetti-en-el-club-banfield\/#primaryimage"},"image":{"@id":"https:\/\/www.noticiasradioreflejos.com.ar\/2021\/un-chico-de-la-comarca-que-va-con-ilusion-por-el-lugar-donde-jugo-pupi-zanetti-en-el-club-banfield\/#primaryimage"},"thumbnailUrl":"https:\/\/www.noticiasradioreflejos.com.ar\/2021\/wp-content\/uploads\/2022\/02\/Molinero.jpeg","datePublished":"2022-02-08T20:02:15+00:00","dateModified":"2022-02-08T22:15:23+00:00","author":{"@id":"https:\/\/www.noticiasradioreflejos.com.ar\/2021\/#\/schema\/person\/ad82545263dcc5ec0996818884fd5fb1"},"breadcrumb":{"@id":"https:\/\/www.noticiasradioreflejos.com.ar\/2021\/un-chico-de-la-comarca-que-va-con-ilusion-por-el-lugar-donde-jugo-pupi-zanetti-en-el-club-banfield\/#breadcrumb"},"inLanguage":"es","potentialAction":[{"@type":"ReadAction","target":["https:\/\/www.noticiasradioreflejos.com.ar\/2021\/un-chico-de-la-comarca-que-va-con-ilusion-por-el-lugar-donde-jugo-pupi-zanetti-en-el-club-banfield\/"]}]},{"@type":"ImageObject","inLanguage":"es","@id":"https:\/\/www.noticiasradioreflejos.com.ar\/2021\/un-chico-de-la-comarca-que-va-con-ilusion-por-el-lugar-donde-jugo-pupi-zanetti-en-el-club-banfield\/#primaryimage","url":"https:\/\/www.noticiasradioreflejos.com.ar\/2021\/wp-content\/uploads\/2022\/02\/Molinero.jpeg","contentUrl":"https:\/\/www.noticiasradioreflejos.com.ar\/2021\/wp-content\/uploads\/2022\/02\/Molinero.jpeg","width":1512,"height":1512},{"@type":"BreadcrumbList","@id":"https:\/\/www.noticiasradioreflejos.com.ar\/2021\/un-chico-de-la-comarca-que-va-con-ilusion-por-el-lugar-donde-jugo-pupi-zanetti-en-el-club-banfield\/#breadcrumb","itemListElement":[{"@type":"ListItem","position":1,"name":"Portada","item":"https:\/\/www.noticiasradioreflejos.com.ar\/2021\/"},{"@type":"ListItem","position":2,"name":"Un chico de la comarca que va con ilusi\u00f3n por el lugar donde jug\u00f3 \u00abPupi\u00bb Zanetti en el Club Banfield."}]},{"@type":"WebSite","@id":"https:\/\/www.noticiasradioreflejos.com.ar\/2021\/#website","url":"https:\/\/www.noticiasradioreflejos.com.ar\/2021\/","name":"Noticias Radio Reflejos","description":"Las noticias de mi comarca","potentialAction":[{"@type":"SearchAction","target":{"@type":"EntryPoint","urlTemplate":"https:\/\/www.noticiasradioreflejos.com.ar\/2021\/?s={search_term_string}"},"query-input":{"@type":"PropertyValueSpecification","valueRequired":true,"valueName":"search_term_string"}}],"inLanguage":"es"},{"@type":"Person","@id":"https:\/\/www.noticiasradioreflejos.com.ar\/2021\/#\/schema\/person\/ad82545263dcc5ec0996818884fd5fb1","name":"Arnaldo Botto","image":{"@type":"ImageObject","inLanguage":"es","@id":"https:\/\/www.noticiasradioreflejos.com.ar\/2021\/#\/schema\/person\/image\/","url":"https:\/\/secure.gravatar.com\/avatar\/55cb5e37c1efa326397366e6974cb338056df65cb50e7d64d1cf314e87504837?s=96&d=mm&r=g","contentUrl":"https:\/\/secure.gravatar.com\/avatar\/55cb5e37c1efa326397366e6974cb338056df65cb50e7d64d1cf314e87504837?s=96&d=mm&r=g","caption":"Arnaldo Botto"},"url":"https:\/\/www.noticiasradioreflejos.com.ar\/2021\/author\/arnaldo\/"}]}},"_links":{"self":[{"href":"https:\/\/www.noticiasradioreflejos.com.ar\/2021\/wp-json\/wp\/v2\/posts\/68025","targetHints":{"allow":["GET"]}}],"collection":[{"href":"https:\/\/www.noticiasradioreflejos.com.ar\/2021\/wp-json\/wp\/v2\/posts"}],"about":[{"href":"https:\/\/www.noticiasradioreflejos.com.ar\/2021\/wp-json\/wp\/v2\/types\/post"}],"author":[{"embeddable":true,"href":"https:\/\/www.noticiasradioreflejos.com.ar\/2021\/wp-json\/wp\/v2\/users\/3"}],"replies":[{"embeddable":true,"href":"https:\/\/www.noticiasradioreflejos.com.ar\/2021\/wp-json\/wp\/v2\/comments?post=68025"}],"version-history":[{"count":5,"href":"https:\/\/www.noticiasradioreflejos.com.ar\/2021\/wp-json\/wp\/v2\/posts\/68025\/revisions"}],"predecessor-version":[{"id":68046,"href":"https:\/\/www.noticiasradioreflejos.com.ar\/2021\/wp-json\/wp\/v2\/posts\/68025\/revisions\/68046"}],"wp:featuredmedia":[{"embeddable":true,"href":"https:\/\/www.noticiasradioreflejos.com.ar\/2021\/wp-json\/wp\/v2\/media\/68044"}],"wp:attachment":[{"href":"https:\/\/www.noticiasradioreflejos.com.ar\/2021\/wp-json\/wp\/v2\/media?parent=68025"}],"wp:term":[{"taxonomy":"category","embeddable":true,"href":"https:\/\/www.noticiasradioreflejos.com.ar\/2021\/wp-json\/wp\/v2\/categories?post=68025"},{"taxonomy":"post_tag","embeddable":true,"href":"https:\/\/www.noticiasradioreflejos.com.ar\/2021\/wp-json\/wp\/v2\/tags?post=68025"}],"curies":[{"name":"wp","href":"https:\/\/api.w.org\/{rel}","templated":true}]}}